{"id":2364,"date":"2013-10-21T00:00:00","date_gmt":"2013-10-21T00:00:00","guid":{"rendered":"http:\/\/psol50.org.br\/arquivo\/2013\/10\/21\/militancia-de-sao-paulo-participa-do-iv-congresso-estadual-e-reelege-paulo-bufalo-como-presidente-do-psol-sp\/"},"modified":"2013-10-21T00:00:00","modified_gmt":"2013-10-21T00:00:00","slug":"militancia-de-sao-paulo-participa-do-iv-congresso-estadual-e-reelege-paulo-bufalo-como-presidente-do-psol-sp","status":"publish","type":"post","link":"https:\/\/psol50.org.br\/militancia-de-sao-paulo-participa-do-iv-congresso-estadual-e-reelege-paulo-bufalo-como-presidente-do-psol-sp\/","title":{"rendered":"Milit\u00e2ncia de S\u00e3o Paulo participa do IV Congresso Estadual e reelege Paulo Bufalo como presidente do PSOL-SP"},"content":{"rendered":"<div style=\"text-align: justify;\">\n\t<em>Desafio da nova gest\u00e3o \u00e9 a pol\u00edtica interna de finan\u00e7as<\/em><\/p>\n<p>\tNeste domingo (20) o PSOL de S\u00e3o Paulo promoveu o seu IV Congresso Estadual, com a presen\u00e7a de 410 delegados, representando 170 munic\u00edpios do interior, litoral, capital e a Grande S\u00e3o Paulo. Entre as delibera\u00e7\u00f5es do congresso se destaca a reelei\u00e7\u00e3o do vereador Paulo Bufalo como presidente do partido no Estado.<br \/>\n\t&nbsp;<br \/>\n\t\u201cReunir esses militantes no IV Congresso e atualizar o conte\u00fado program\u00e1tico do partido \u00e9 uma forma de prepar\u00e1-los para ouvir as ruas, o que vem das mobiliza\u00e7\u00f5es sociais e sobre o processo eleitoral de 2014\u201d, destaca o presidente. Para Bufalo, o partido tem novos desafios, como implementar a pol\u00edtica de finan\u00e7as na milit\u00e2ncia.<br \/>\n\t&nbsp;<br \/>\n\tO IV Congresso Estadual aprovou 15 resolu\u00e7\u00f5es dos setoriais de educa\u00e7\u00e3o, sa\u00fade, mulheres, negros e negras, sindical, direitos humanos, entre outros, al\u00e9m da conjuntura e balan\u00e7o do governo federal, elei\u00e7\u00f5es 2014 e pol\u00edtica de alian\u00e7as. A necessidade de o PSOL ter candidatura pr\u00f3pria para o governo do Estado foi uma das defesas mais presentes nas interven\u00e7\u00f5es dos militantes durante o Congresso Estadual, segundo explicou o presidente reeleito.<br \/>\n\t&nbsp;<br \/>\n\tO encontro contou com a presen\u00e7a do presidente nacional do PSOL, deputado federal Ivan Valente (SP), deputado estadual, Carlos Gianazzi e do mais recente filiado, professor de filosofia da Universidade de S\u00e3o Paulo, Vladimir Safatle.<br \/>\n\t&nbsp;<br \/>\n\tAs resolu\u00e7\u00f5es de S\u00e3o Paulo, assim como de outros estados, ser\u00e3o apresentadas durante o IV Congresso Nacional do PSOL, que ocorre de 29 de novembro a 1\u00ba de dezembro, em Bras\u00edlia.<br \/>\n\t&nbsp;<br \/>\n\t<strong>Desafios<\/strong><br \/>\n\tUm dos principais desafios para o pr\u00f3ximo per\u00edodo do PSOL-SP, na organiza\u00e7\u00e3o interna, apontados por Paulo Bufalo \u00e9 implementar a pol\u00edtica de finan\u00e7as. \u201cO partido depende de contribui\u00e7\u00e3o militante, por isso \u00e9 essencial organizar essa situa\u00e7\u00e3o\u201d, afirma.<br \/>\n\t&nbsp;<br \/>\n\tEntre outras medidas, o PSOL-SP pretende ampliar a presen\u00e7a da dire\u00e7\u00e3o no interior do estado para criar uma rela\u00e7\u00e3o direta com a base; contribuir no enfrentamento de quest\u00f5es pol\u00edticas peculiares dos munic\u00edpios e no combate a corrup\u00e7\u00e3o.<br \/>\n\t&nbsp;<br \/>\n\t\u201cPara a pol\u00edtica externa, vamos reafirmar nossa posi\u00e7\u00e3o contra as privatiza\u00e7\u00f5es da sa\u00fade e educa\u00e7\u00e3o que vem ocorrendo no estado, buscar identidade com os movimentos e apoiar a realiza\u00e7\u00e3o da reforma pol\u00edtica\u201d, explica.<br \/>\n\t&nbsp;<br \/>\n\tNo balan\u00e7o de sua gest\u00e3o (2011\/2013), Paulo Bufalo diz que o partido cresceu no estado. \u201cEstamos ocupando mais espa\u00e7os institucionais e nos movimentos sociais, por termos consolidado a organiza\u00e7\u00e3o interna. O partido deu um salto na quest\u00e3o da organiza\u00e7\u00e3o nos munic\u00edpios, mas precisamos avan\u00e7ar mais e trazer outros lutadores sociais para o PSOL\u201d, avalia.<\/div>\n","protected":false},"excerpt":{"rendered":"<p>Desafio da nova gest\u00e3o \u00e9 a pol\u00edtica interna de finan\u00e7as Neste domingo (20) o PSOL de S\u00e3o Paulo promoveu o seu IV Congresso Estadual, com a presen\u00e7a de 410 delegados, representando 170 munic\u00edpios do interior, litoral, capital e a Grande S\u00e3o Paulo. Entre as delibera\u00e7\u00f5es do congresso se destaca a reelei\u00e7\u00e3o do vereador Paulo Bufalo [&hellip;]<\/p>\n","protected":false},"author":2,"featured_media":0,"comment_status":"open","ping_status":"open","sticky":false,"template":"","format":"standard","meta":{"_acf_changed":false,"footnotes":""},"categories":[4766,6],"tags":[22],"class_list":{"0":"post-2364","1":"post","2":"type-post","3":"status-publish","4":"format-standard","6":"category-arquivo","7":"category-noticias","8":"tag-psol"},"acf":[],"yoast_head":"<!-- This site is optimized with the Yoast SEO plugin v26.5 - https:\/\/yoast.com\/wordpress\/plugins\/seo\/ -->\n<title>Milit\u00e2ncia de S\u00e3o Paulo participa do IV Congresso Estadual e reelege Paulo Bufalo como presidente do PSOL-SP - PSOL 50<\/title>\n<meta name=\"robots\" content=\"index, follow, max-snippet:-1, max-image-preview:large, max-video-preview:-1\" \/>\n<link rel=\"canonical\" href=\"https:\/\/psol50.org.br\/militancia-de-sao-paulo-participa-do-iv-congresso-estadual-e-reelege-paulo-bufalo-como-presidente-do-psol-sp\/\" \/>\n<meta property=\"og:locale\" content=\"pt_BR\" \/>\n<meta property=\"og:type\" content=\"article\" \/>\n<meta property=\"og:title\" content=\"Milit\u00e2ncia de S\u00e3o Paulo participa do IV Congresso Estadual e reelege Paulo Bufalo como presidente do PSOL-SP - PSOL 50\" \/>\n<meta property=\"og:description\" content=\"Desafio da nova gest\u00e3o \u00e9 a pol\u00edtica interna de finan\u00e7as Neste domingo (20) o PSOL de S\u00e3o Paulo promoveu o seu IV Congresso Estadual, com a presen\u00e7a de 410 delegados, representando 170 munic\u00edpios do interior, litoral, capital e a Grande S\u00e3o Paulo. Entre as delibera\u00e7\u00f5es do congresso se destaca a reelei\u00e7\u00e3o do vereador Paulo Bufalo [&hellip;]\" \/>\n<meta property=\"og:url\" content=\"https:\/\/psol50.org.br\/militancia-de-sao-paulo-participa-do-iv-congresso-estadual-e-reelege-paulo-bufalo-como-presidente-do-psol-sp\/\" \/>\n<meta property=\"og:site_name\" content=\"PSOL 50\" \/>\n<meta property=\"article:publisher\" content=\"https:\/\/www.facebook.com\/psol50\" \/>\n<meta property=\"article:published_time\" content=\"2013-10-21T00:00:00+00:00\" \/>\n<meta property=\"og:image\" content=\"https:\/\/psol50.org.br\/inc\/uploads\/2018\/07\/capa.png\" \/>\n\t<meta property=\"og:image:width\" content=\"1350\" \/>\n\t<meta property=\"og:image:height\" content=\"900\" \/>\n\t<meta property=\"og:image:type\" content=\"image\/png\" \/>\n<meta name=\"author\" content=\"Comunica\u00e7\u00e3o PSOL\" \/>\n<meta name=\"twitter:card\" content=\"summary_large_image\" \/>\n<meta name=\"twitter:creator\" content=\"@psol50\" \/>\n<meta name=\"twitter:site\" content=\"@psol50\" \/>\n<meta name=\"twitter:label1\" content=\"Escrito por\" \/>\n\t<meta name=\"twitter:data1\" content=\"Comunica\u00e7\u00e3o PSOL\" \/>\n\t<meta name=\"twitter:label2\" content=\"Est. tempo de leitura\" \/>\n\t<meta name=\"twitter:data2\" content=\"2 minutos\" \/>\n<script type=\"application\/ld+json\" class=\"yoast-schema-graph\">{\"@context\":\"https:\/\/schema.org\",\"@graph\":[{\"@type\":\"Article\",\"@id\":\"https:\/\/psol50.org.br\/militancia-de-sao-paulo-participa-do-iv-congresso-estadual-e-reelege-paulo-bufalo-como-presidente-do-psol-sp\/#article\",\"isPartOf\":{\"@id\":\"https:\/\/psol50.org.br\/militancia-de-sao-paulo-participa-do-iv-congresso-estadual-e-reelege-paulo-bufalo-como-presidente-do-psol-sp\/\"},\"author\":{\"name\":\"Comunica\u00e7\u00e3o PSOL\",\"@id\":\"https:\/\/psol50.org.br\/#\/schema\/person\/475dfa57d0b815993c714c2e96491fcd\"},\"headline\":\"Milit\u00e2ncia de S\u00e3o Paulo participa do IV Congresso Estadual e reelege Paulo Bufalo como presidente do PSOL-SP\",\"datePublished\":\"2013-10-21T00:00:00+00:00\",\"mainEntityOfPage\":{\"@id\":\"https:\/\/psol50.org.br\/militancia-de-sao-paulo-participa-do-iv-congresso-estadual-e-reelege-paulo-bufalo-como-presidente-do-psol-sp\/\"},\"wordCount\":484,\"commentCount\":0,\"publisher\":{\"@id\":\"https:\/\/psol50.org.br\/#organization\"},\"keywords\":[\"PSOL\"],\"articleSection\":[\"Arquivo\",\"Not\u00edcias\"],\"inLanguage\":\"pt-BR\",\"potentialAction\":[{\"@type\":\"CommentAction\",\"name\":\"Comment\",\"target\":[\"https:\/\/psol50.org.br\/militancia-de-sao-paulo-participa-do-iv-congresso-estadual-e-reelege-paulo-bufalo-como-presidente-do-psol-sp\/#respond\"]}]},{\"@type\":\"WebPage\",\"@id\":\"https:\/\/psol50.org.br\/militancia-de-sao-paulo-participa-do-iv-congresso-estadual-e-reelege-paulo-bufalo-como-presidente-do-psol-sp\/\",\"url\":\"https:\/\/psol50.org.br\/militancia-de-sao-paulo-participa-do-iv-congresso-estadual-e-reelege-paulo-bufalo-como-presidente-do-psol-sp\/\",\"name\":\"Milit\u00e2ncia de S\u00e3o Paulo participa do IV Congresso Estadual e reelege Paulo Bufalo como presidente do PSOL-SP - PSOL 50\",\"isPartOf\":{\"@id\":\"https:\/\/psol50.org.br\/#website\"},\"datePublished\":\"2013-10-21T00:00:00+00:00\",\"breadcrumb\":{\"@id\":\"https:\/\/psol50.org.br\/militancia-de-sao-paulo-participa-do-iv-congresso-estadual-e-reelege-paulo-bufalo-como-presidente-do-psol-sp\/#breadcrumb\"},\"inLanguage\":\"pt-BR\",\"potentialAction\":[{\"@type\":\"ReadAction\",\"target\":[\"https:\/\/psol50.org.br\/militancia-de-sao-paulo-participa-do-iv-congresso-estadual-e-reelege-paulo-bufalo-como-presidente-do-psol-sp\/\"]}]},{\"@type\":\"BreadcrumbList\",\"@id\":\"https:\/\/psol50.org.br\/militancia-de-sao-paulo-participa-do-iv-congresso-estadual-e-reelege-paulo-bufalo-como-presidente-do-psol-sp\/#breadcrumb\",\"itemListElement\":[{\"@type\":\"ListItem\",\"position\":1,\"name\":\"In\u00edcio\",\"item\":\"https:\/\/psol50.org.br\/\"},{\"@type\":\"ListItem\",\"position\":2,\"name\":\"Milit\u00e2ncia de S\u00e3o Paulo participa do IV Congresso Estadual e reelege Paulo Bufalo como presidente do PSOL-SP\"}]},{\"@type\":\"WebSite\",\"@id\":\"https:\/\/psol50.org.br\/#website\",\"url\":\"https:\/\/psol50.org.br\/\",\"name\":\"PSOL 50\",\"description\":\"Site oficial do Partido Socialismo e Liberdade\",\"publisher\":{\"@id\":\"https:\/\/psol50.org.br\/#organization\"},\"alternateName\":\"PSOL50\",\"potentialAction\":[{\"@type\":\"SearchAction\",\"target\":{\"@type\":\"EntryPoint\",\"urlTemplate\":\"https:\/\/psol50.org.br\/?s={search_term_string}\"},\"query-input\":{\"@type\":\"PropertyValueSpecification\",\"valueRequired\":true,\"valueName\":\"search_term_string\"}}],\"inLanguage\":\"pt-BR\"},{\"@type\":\"Organization\",\"@id\":\"https:\/\/psol50.org.br\/#organization\",\"name\":\"PSOL 50\",\"alternateName\":\"PSOL 50\",\"url\":\"https:\/\/psol50.org.br\/\",\"logo\":{\"@type\":\"ImageObject\",\"inLanguage\":\"pt-BR\",\"@id\":\"https:\/\/psol50.org.br\/#\/schema\/logo\/image\/\",\"url\":\"https:\/\/psol50.org.br\/inc\/uploads\/2018\/07\/capa.png\",\"contentUrl\":\"https:\/\/psol50.org.br\/inc\/uploads\/2018\/07\/capa.png\",\"width\":1350,\"height\":900,\"caption\":\"PSOL 50\"},\"image\":{\"@id\":\"https:\/\/psol50.org.br\/#\/schema\/logo\/image\/\"},\"sameAs\":[\"https:\/\/www.facebook.com\/psol50\",\"https:\/\/x.com\/psol50\",\"https:\/\/www.instagram.com\/psol50\/\",\"https:\/\/www.youtube.com\/channel\/UC7SnJS5o1os7a6CaiNabzcg\"]},{\"@type\":\"Person\",\"@id\":\"https:\/\/psol50.org.br\/#\/schema\/person\/475dfa57d0b815993c714c2e96491fcd\",\"name\":\"Comunica\u00e7\u00e3o PSOL\",\"image\":{\"@type\":\"ImageObject\",\"inLanguage\":\"pt-BR\",\"@id\":\"https:\/\/psol50.org.br\/#\/schema\/person\/image\/\",\"url\":\"https:\/\/secure.gravatar.com\/avatar\/b34fc4f4e468a4e51785917065a3db57b841f5c95dba6ad8c73aaf8f66f8f9bf?s=96&d=mm&r=g\",\"contentUrl\":\"https:\/\/secure.gravatar.com\/avatar\/b34fc4f4e468a4e51785917065a3db57b841f5c95dba6ad8c73aaf8f66f8f9bf?s=96&d=mm&r=g\",\"caption\":\"Comunica\u00e7\u00e3o PSOL\"}}]}<\/script>\n<!-- \/ Yoast SEO plugin. -->","yoast_head_json":{"title":"Milit\u00e2ncia de S\u00e3o Paulo participa do IV Congresso Estadual e reelege Paulo Bufalo como presidente do PSOL-SP - PSOL 50","robots":{"index":"index","follow":"follow","max-snippet":"max-snippet:-1","max-image-preview":"max-image-preview:large","max-video-preview":"max-video-preview:-1"},"canonical":"https:\/\/psol50.org.br\/militancia-de-sao-paulo-participa-do-iv-congresso-estadual-e-reelege-paulo-bufalo-como-presidente-do-psol-sp\/","og_locale":"pt_BR","og_type":"article","og_title":"Milit\u00e2ncia de S\u00e3o Paulo participa do IV Congresso Estadual e reelege Paulo Bufalo como presidente do PSOL-SP - PSOL 50","og_description":"Desafio da nova gest\u00e3o \u00e9 a pol\u00edtica interna de finan\u00e7as Neste domingo (20) o PSOL de S\u00e3o Paulo promoveu o seu IV Congresso Estadual, com a presen\u00e7a de 410 delegados, representando 170 munic\u00edpios do interior, litoral, capital e a Grande S\u00e3o Paulo. Entre as delibera\u00e7\u00f5es do congresso se destaca a reelei\u00e7\u00e3o do vereador Paulo Bufalo [&hellip;]","og_url":"https:\/\/psol50.org.br\/militancia-de-sao-paulo-participa-do-iv-congresso-estadual-e-reelege-paulo-bufalo-como-presidente-do-psol-sp\/","og_site_name":"PSOL 50","article_publisher":"https:\/\/www.facebook.com\/psol50","article_published_time":"2013-10-21T00:00:00+00:00","og_image":[{"width":1350,"height":900,"url":"https:\/\/psol50.org.br\/inc\/uploads\/2018\/07\/capa.png","type":"image\/png"}],"author":"Comunica\u00e7\u00e3o PSOL","twitter_card":"summary_large_image","twitter_creator":"@psol50","twitter_site":"@psol50","twitter_misc":{"Escrito por":"Comunica\u00e7\u00e3o PSOL","Est. tempo de leitura":"2 minutos"},"schema":{"@context":"https:\/\/schema.org","@graph":[{"@type":"Article","@id":"https:\/\/psol50.org.br\/militancia-de-sao-paulo-participa-do-iv-congresso-estadual-e-reelege-paulo-bufalo-como-presidente-do-psol-sp\/#article","isPartOf":{"@id":"https:\/\/psol50.org.br\/militancia-de-sao-paulo-participa-do-iv-congresso-estadual-e-reelege-paulo-bufalo-como-presidente-do-psol-sp\/"},"author":{"name":"Comunica\u00e7\u00e3o PSOL","@id":"https:\/\/psol50.org.br\/#\/schema\/person\/475dfa57d0b815993c714c2e96491fcd"},"headline":"Milit\u00e2ncia de S\u00e3o Paulo participa do IV Congresso Estadual e reelege Paulo Bufalo como presidente do PSOL-SP","datePublished":"2013-10-21T00:00:00+00:00","mainEntityOfPage":{"@id":"https:\/\/psol50.org.br\/militancia-de-sao-paulo-participa-do-iv-congresso-estadual-e-reelege-paulo-bufalo-como-presidente-do-psol-sp\/"},"wordCount":484,"commentCount":0,"publisher":{"@id":"https:\/\/psol50.org.br\/#organization"},"keywords":["PSOL"],"articleSection":["Arquivo","Not\u00edcias"],"inLanguage":"pt-BR","potentialAction":[{"@type":"CommentAction","name":"Comment","target":["https:\/\/psol50.org.br\/militancia-de-sao-paulo-participa-do-iv-congresso-estadual-e-reelege-paulo-bufalo-como-presidente-do-psol-sp\/#respond"]}]},{"@type":"WebPage","@id":"https:\/\/psol50.org.br\/militancia-de-sao-paulo-participa-do-iv-congresso-estadual-e-reelege-paulo-bufalo-como-presidente-do-psol-sp\/","url":"https:\/\/psol50.org.br\/militancia-de-sao-paulo-participa-do-iv-congresso-estadual-e-reelege-paulo-bufalo-como-presidente-do-psol-sp\/","name":"Milit\u00e2ncia de S\u00e3o Paulo participa do IV Congresso Estadual e reelege Paulo Bufalo como presidente do PSOL-SP - PSOL 50","isPartOf":{"@id":"https:\/\/psol50.org.br\/#website"},"datePublished":"2013-10-21T00:00:00+00:00","breadcrumb":{"@id":"https:\/\/psol50.org.br\/militancia-de-sao-paulo-participa-do-iv-congresso-estadual-e-reelege-paulo-bufalo-como-presidente-do-psol-sp\/#breadcrumb"},"inLanguage":"pt-BR","potentialAction":[{"@type":"ReadAction","target":["https:\/\/psol50.org.br\/militancia-de-sao-paulo-participa-do-iv-congresso-estadual-e-reelege-paulo-bufalo-como-presidente-do-psol-sp\/"]}]},{"@type":"BreadcrumbList","@id":"https:\/\/psol50.org.br\/militancia-de-sao-paulo-participa-do-iv-congresso-estadual-e-reelege-paulo-bufalo-como-presidente-do-psol-sp\/#breadcrumb","itemListElement":[{"@type":"ListItem","position":1,"name":"In\u00edcio","item":"https:\/\/psol50.org.br\/"},{"@type":"ListItem","position":2,"name":"Milit\u00e2ncia de S\u00e3o Paulo participa do IV Congresso Estadual e reelege Paulo Bufalo como presidente do PSOL-SP"}]},{"@type":"WebSite","@id":"https:\/\/psol50.org.br\/#website","url":"https:\/\/psol50.org.br\/","name":"PSOL 50","description":"Site oficial do Partido Socialismo e Liberdade","publisher":{"@id":"https:\/\/psol50.org.br\/#organization"},"alternateName":"PSOL50","potentialAction":[{"@type":"SearchAction","target":{"@type":"EntryPoint","urlTemplate":"https:\/\/psol50.org.br\/?s={search_term_string}"},"query-input":{"@type":"PropertyValueSpecification","valueRequired":true,"valueName":"search_term_string"}}],"inLanguage":"pt-BR"},{"@type":"Organization","@id":"https:\/\/psol50.org.br\/#organization","name":"PSOL 50","alternateName":"PSOL 50","url":"https:\/\/psol50.org.br\/","logo":{"@type":"ImageObject","inLanguage":"pt-BR","@id":"https:\/\/psol50.org.br\/#\/schema\/logo\/image\/","url":"https:\/\/psol50.org.br\/inc\/uploads\/2018\/07\/capa.png","contentUrl":"https:\/\/psol50.org.br\/inc\/uploads\/2018\/07\/capa.png","width":1350,"height":900,"caption":"PSOL 50"},"image":{"@id":"https:\/\/psol50.org.br\/#\/schema\/logo\/image\/"},"sameAs":["https:\/\/www.facebook.com\/psol50","https:\/\/x.com\/psol50","https:\/\/www.instagram.com\/psol50\/","https:\/\/www.youtube.com\/channel\/UC7SnJS5o1os7a6CaiNabzcg"]},{"@type":"Person","@id":"https:\/\/psol50.org.br\/#\/schema\/person\/475dfa57d0b815993c714c2e96491fcd","name":"Comunica\u00e7\u00e3o PSOL","image":{"@type":"ImageObject","inLanguage":"pt-BR","@id":"https:\/\/psol50.org.br\/#\/schema\/person\/image\/","url":"https:\/\/secure.gravatar.com\/avatar\/b34fc4f4e468a4e51785917065a3db57b841f5c95dba6ad8c73aaf8f66f8f9bf?s=96&d=mm&r=g","contentUrl":"https:\/\/secure.gravatar.com\/avatar\/b34fc4f4e468a4e51785917065a3db57b841f5c95dba6ad8c73aaf8f66f8f9bf?s=96&d=mm&r=g","caption":"Comunica\u00e7\u00e3o PSOL"}}]}},"_links":{"self":[{"href":"https:\/\/psol50.org.br\/rest\/wp\/v2\/posts\/2364","targetHints":{"allow":["GET"]}}],"collection":[{"href":"https:\/\/psol50.org.br\/rest\/wp\/v2\/posts"}],"about":[{"href":"https:\/\/psol50.org.br\/rest\/wp\/v2\/types\/post"}],"author":[{"embeddable":true,"href":"https:\/\/psol50.org.br\/rest\/wp\/v2\/users\/2"}],"replies":[{"embeddable":true,"href":"https:\/\/psol50.org.br\/rest\/wp\/v2\/comments?post=2364"}],"version-history":[{"count":0,"href":"https:\/\/psol50.org.br\/rest\/wp\/v2\/posts\/2364\/revisions"}],"wp:attachment":[{"href":"https:\/\/psol50.org.br\/rest\/wp\/v2\/media?parent=2364"}],"wp:term":[{"taxonomy":"category","embeddable":true,"href":"https:\/\/psol50.org.br\/rest\/wp\/v2\/categories?post=2364"},{"taxonomy":"post_tag","embeddable":true,"href":"https:\/\/psol50.org.br\/rest\/wp\/v2\/tags?post=2364"}],"curies":[{"name":"wp","href":"https:\/\/api.w.org\/{rel}","templated":true}]}}