{"id":2368,"date":"2013-10-22T00:00:00","date_gmt":"2013-10-22T00:00:00","guid":{"rendered":"http:\/\/psol50.org.br\/arquivo\/2013\/10\/22\/protestos-contra-leilao-de-libra-sao-duramente-reprimidos-por-forcas-militarizadas\/"},"modified":"2013-10-22T00:00:00","modified_gmt":"2013-10-22T00:00:00","slug":"protestos-contra-leilao-de-libra-sao-duramente-reprimidos-por-forcas-militarizadas","status":"publish","type":"post","link":"https:\/\/psol50.org.br\/protestos-contra-leilao-de-libra-sao-duramente-reprimidos-por-forcas-militarizadas\/","title":{"rendered":"Protestos contra leil\u00e3o de Libra s\u00e3o duramente reprimidos por for\u00e7as militarizadas"},"content":{"rendered":"<p style=\"text-align: justify;\">\n\t<em>Cerca de 1.100 integrantes das for\u00e7as de seguran\u00e7a p\u00fablica atuaram no local do leil\u00e3o, todos com m\u00e1scaras de g\u00e1s, capacetes e roupas semelhantes a armaduras<\/em><br \/>\n\t&nbsp;<br \/>\n\tEm pleno feriado do Dia do Com\u00e9rcio, a maior reserva de petr\u00f3leo e g\u00e1s do pr\u00e9-sal j\u00e1 encontrada no pa\u00eds foi objeto de neg\u00f3cios na tarde desta quinta-feira (21) no Hotel Windsor, na orla da Barra da Tijuca, zona oeste do Rio de Janeiro. Contr\u00e1rios \u00e0 privatiza\u00e7\u00e3o do Campo de Libra, manifestantes foram duramente reprimidos. Pelo menos seis pessoas ficaram feridas.<br \/>\n\t&nbsp;<br \/>\n\tO protesto reunia cerca de 500 pessoas, entre integrantes de sindicatos, organiza\u00e7\u00f5es e movimentos sociais. \u00c0s 10h45, oficiais lan\u00e7aram as primeiras bombas de g\u00e1s lacrimog\u00eanio e atiraram com escopetas de balas de borracha. \u201cEles j\u00e1 tinham usado spray de pimenta nos manifestantes quando as grades que impediam a passagem ca\u00edram. Imediatamente, os oficiais come\u00e7aram a jogar as bombas e tacar balas de borracha para tudo quanto foi lado. Logo j\u00e1 vi duas pessoas muito machucadas, sangrando na cabe\u00e7a e no peito\u201d, conta Marcelo Dur\u00e3o, do Movimento dos Trabalhadores Rurais Sem Terra (MST).<br \/>\n\t&nbsp;<br \/>\n\tA partir da\u00ed foram v\u00e1rios momentos tensos durante o protesto. Helic\u00f3pteros da pol\u00edcia deram rasantes mais baixos que os pr\u00e9dios de quatro andares. Ap\u00f3s cada momento de viol\u00eancia, os manifestantes se afastavam e voltavam a se reagrupar. Parte deles, que ocultava o rosto com m\u00e1scaras e blusas, utilizou tapumes de metal que isolavam obras pr\u00f3ximas para proteger a manifesta\u00e7\u00e3o. Revoltados, promoveram quebra-quebra, queimaram lixeiras e fizeram picha\u00e7\u00f5es cr\u00edticas ao leil\u00e3o de Libra. Tamb\u00e9m reagiram com cocos e pedras.<br \/>\n\t&nbsp;<br \/>\n\tCerca de 1.100 integrantes das For\u00e7as Armadas, da For\u00e7a Nacional de Seguran\u00e7a, do Batalh\u00e3o de Choque, entre outras inst\u00e2ncias de seguran\u00e7a p\u00fablica, foram deslocados para o local. Todos com m\u00e1scaras de g\u00e1s, capacetes e roupas semelhantes a armaduras.<br \/>\n\t&nbsp;<br \/>\n\t\u201cEles tentaram impedir a gente de fazer a manifesta\u00e7\u00e3o de todo jeito. J\u00e1 bem cedo, por volta das 7h, n\u00e3o queriam deixar o carro de som encostar. Depois, fecharam as ruas todas e dificultando a chegada dos \u00f4nibus com manifestantes\u201d, reclamou Edson Munhoz, do Sindicato dos Petroleiros do Rio de Janeiro (Sindipetro-RJ).<br \/>\n\t&nbsp;<br \/>\n\t<strong>Resist\u00eancia durou mais de quatro horas<\/strong><br \/>\n\t\u201cEu estava na linha de frente da barreira de escudos. O objetivo era avan\u00e7ar um pouco mais e a gente tamb\u00e9m quis se proteger. Eu vim de Minas Gerais para o protesto e vejo essa viol\u00eancia aqui no Rio. \u00c9 nosso dever atuar na luta pol\u00edtica contra esse roubo que \u00e9 o leil\u00e3o\u201d, disse Glauber Ata\u00edde, do Sindicato dos Trabalhadores em Inform\u00e1tica e Processamento de Dados (Sindados).<br \/>\n\t&nbsp;<br \/>\n\tGlauber foi atingido por uma bomba que causou queimaduras no peito e bra\u00e7o, sendo atendido por socorristas que davam apoio ao protesto. O sol forte e a falta de locais para comprar \u00e1gua fez com que muitos passassem mal, principalmente idosos. Um frei franciscano, de mais de 80 anos e com dificuldades de andar, teve que ser resgatado em meio ao g\u00e1s, que irrita os olhos e provoca falta de ar.<br \/>\n\t&nbsp;<br \/>\n\t<strong>Abusos de poder<\/strong><br \/>\n\tA manifesta\u00e7\u00e3o realizada na Barra se encerrou por volta das 15h. A maioria dos manifestantes j\u00e1 tinha partido quando um banheiro p\u00fablico foi incendiado. Bem afastado do fogo, Edson dos Santos, de 61 anos, foi cercado por tr\u00eas soldados da For\u00e7a Nacional, que o revistaram e o levaram \u201cpara trabalho preventivo\u201d.<br \/>\n\t&nbsp;<br \/>\n\t\u201cApertaram meu bra\u00e7o e colocaram para tr\u00e1s. O capit\u00e3o disse que ele me ouviu dizendo que ia tacar o fogo, mas como? Ele estava t\u00e3o longe de mim. Eu fui levado pelos soldados \u00e0 presen\u00e7a dele. Falei que ele estava colocando palavras na minha boca. Eu estava gritando que n\u00e3o ia ter Copa do Mundo, s\u00f3 isso. Acho que foi preconceito, porque os negros n\u00e3o t\u00eam oportunidade\u201d, disse Edson, que integra a Frente Insternacionalista dos Sem-Teto (Fist).<br \/>\n\t&nbsp;<br \/>\n\tPouco depois das 16h, mais bombas foram lan\u00e7adas na praia em meio aos banhistas. \u201cSoltaram tr\u00eas e todo mundo correu. Fiquei com muito medo\u201d, disse Auric\u00e9lio Ferreira, morador de Rio das Pedras. Ele, que tem dificuldades motoras do lado direito, apenas tinha ido dar uma volta na orla com seu triciclo adaptado.<br \/>\n\t&nbsp;<br \/>\n\t\u201cN\u00e3o estava acontecendo nada demais. S\u00f3 uma pessoa tava gritando contra o leil\u00e3o. Outras pessoas tamb\u00e9m falaram, porque n\u00e3o est\u00e3o contentes com essa entrega do petr\u00f3leo. A\u00ed eles tacaram bombas e dois deles mandaram mais bala de borracha\u201d, disse o artista pl\u00e1stico Jo\u00e3o Adn\u00e9. Adolescentes que jogavam bola na areia tamb\u00e9m foram atingidos. \u201cA pol\u00edcia chegou de bobeira aqui. Atirou em todo mundo, quase me machucou. Eu fiquei sem conseguir respirar, foi horr\u00edvel. Ardeu meu nariz. Eles ficam o tempo inteiro no quartel e quando chegam aqui querem atirar. Maior vacilo!\u201d, concluiu o morador da Barra Pedro Gonzaga, de 14 anos.<br \/>\n\t&nbsp;<br \/>\n\t<strong>Bandeira do Brasil<\/strong><br \/>\n\tPor volta das 14h25, o engenheiro Luiz Carlos Ramos Cruz conseguiu furar o bloqueio das For\u00e7as Armadas e chegar ao sal\u00e3o onde dentro de meia hora come\u00e7aria o leil\u00e3o de Libra. De terno escuro, \u00f3culos e bengala, o militante da campanha &#8220;O Petr\u00f3leo Tem que Ser Nosso&#8221; e diretor do Sindicato dos Engenheiros gritou em alto e bom som: \u201cO petr\u00f3leo tem que ser nosso, leiloar Libra \u00e9 crime\u201d. A cena foi filmada pela TV Globo, mas n\u00e3o foi colocada ao vivo no ar.<br \/>\n\t&nbsp;<br \/>\n\tLuiz Carlos carregava uma vela preta, em sinal de luto, e uma bandeira do Brasil, que estendeu diante dos compradores estrangeiros. Bastante emocionado, ele foi retirado do local do leil\u00e3o por um delegado da Pol\u00edcia Federal e escolta. Passou pela entrada do pr\u00e9dio, diante do I Pelot\u00e3o, em meio a um conflito entre soldados e manifestantes, que se defendiam com pedras.<\/p>\n<p>\tO engenheiro foi entrevistado por v\u00e1rias emissoras de TV, dentre elas a Web TV Petroleira, que divulgar\u00e1 seu depoimento na \u00edntegra relatando a experi\u00eancia e como conseguiu furar todo o aparato militar.&nbsp;<\/p>\n","protected":false},"excerpt":{"rendered":"<p>Cerca de 1.100 integrantes das for\u00e7as de seguran\u00e7a p\u00fablica atuaram no local do leil\u00e3o, todos com m\u00e1scaras de g\u00e1s, capacetes e roupas semelhantes a armaduras &nbsp; Em pleno feriado do Dia do Com\u00e9rcio, a maior reserva de petr\u00f3leo e g\u00e1s do pr\u00e9-sal j\u00e1 encontrada no pa\u00eds foi objeto de neg\u00f3cios na tarde desta quinta-feira (21) [&hellip;]<\/p>\n","protected":false},"author":2,"featured_media":0,"comment_status":"open","ping_status":"open","sticky":false,"template":"","format":"standard","meta":{"_acf_changed":false,"footnotes":""},"categories":[4766,6],"tags":[],"class_list":{"0":"post-2368","1":"post","2":"type-post","3":"status-publish","4":"format-standard","6":"category-arquivo","7":"category-noticias"},"acf":[],"yoast_head":"<!-- This site is optimized with the Yoast SEO plugin v26.5 - https:\/\/yoast.com\/wordpress\/plugins\/seo\/ -->\n<title>Protestos contra leil\u00e3o de Libra s\u00e3o duramente reprimidos por for\u00e7as militarizadas - PSOL 50<\/title>\n<meta name=\"robots\" content=\"index, follow, max-snippet:-1, max-image-preview:large, max-video-preview:-1\" \/>\n<link rel=\"canonical\" href=\"https:\/\/psol50.org.br\/protestos-contra-leilao-de-libra-sao-duramente-reprimidos-por-forcas-militarizadas\/\" \/>\n<meta property=\"og:locale\" content=\"pt_BR\" \/>\n<meta property=\"og:type\" content=\"article\" \/>\n<meta property=\"og:title\" content=\"Protestos contra leil\u00e3o de Libra s\u00e3o duramente reprimidos por for\u00e7as militarizadas - PSOL 50\" \/>\n<meta property=\"og:description\" content=\"Cerca de 1.100 integrantes das for\u00e7as de seguran\u00e7a p\u00fablica atuaram no local do leil\u00e3o, todos com m\u00e1scaras de g\u00e1s, capacetes e roupas semelhantes a armaduras &nbsp; Em pleno feriado do Dia do Com\u00e9rcio, a maior reserva de petr\u00f3leo e g\u00e1s do pr\u00e9-sal j\u00e1 encontrada no pa\u00eds foi objeto de neg\u00f3cios na tarde desta quinta-feira (21) [&hellip;]\" \/>\n<meta property=\"og:url\" content=\"https:\/\/psol50.org.br\/protestos-contra-leilao-de-libra-sao-duramente-reprimidos-por-forcas-militarizadas\/\" \/>\n<meta property=\"og:site_name\" content=\"PSOL 50\" \/>\n<meta property=\"article:publisher\" content=\"https:\/\/www.facebook.com\/psol50\" \/>\n<meta property=\"article:published_time\" content=\"2013-10-22T00:00:00+00:00\" \/>\n<meta property=\"og:image\" content=\"https:\/\/psol50.org.br\/inc\/uploads\/2018\/07\/capa.png\" \/>\n\t<meta property=\"og:image:width\" content=\"1350\" \/>\n\t<meta property=\"og:image:height\" content=\"900\" \/>\n\t<meta property=\"og:image:type\" content=\"image\/png\" \/>\n<meta name=\"author\" content=\"Comunica\u00e7\u00e3o PSOL\" \/>\n<meta name=\"twitter:card\" content=\"summary_large_image\" \/>\n<meta name=\"twitter:creator\" content=\"@psol50\" \/>\n<meta name=\"twitter:site\" content=\"@psol50\" \/>\n<meta name=\"twitter:label1\" content=\"Escrito por\" \/>\n\t<meta name=\"twitter:data1\" content=\"Comunica\u00e7\u00e3o PSOL\" \/>\n\t<meta name=\"twitter:label2\" content=\"Est. tempo de leitura\" \/>\n\t<meta name=\"twitter:data2\" content=\"5 minutos\" \/>\n<script type=\"application\/ld+json\" class=\"yoast-schema-graph\">{\"@context\":\"https:\/\/schema.org\",\"@graph\":[{\"@type\":\"Article\",\"@id\":\"https:\/\/psol50.org.br\/protestos-contra-leilao-de-libra-sao-duramente-reprimidos-por-forcas-militarizadas\/#article\",\"isPartOf\":{\"@id\":\"https:\/\/psol50.org.br\/protestos-contra-leilao-de-libra-sao-duramente-reprimidos-por-forcas-militarizadas\/\"},\"author\":{\"name\":\"Comunica\u00e7\u00e3o PSOL\",\"@id\":\"https:\/\/psol50.org.br\/#\/schema\/person\/475dfa57d0b815993c714c2e96491fcd\"},\"headline\":\"Protestos contra leil\u00e3o de Libra s\u00e3o duramente reprimidos por for\u00e7as militarizadas\",\"datePublished\":\"2013-10-22T00:00:00+00:00\",\"mainEntityOfPage\":{\"@id\":\"https:\/\/psol50.org.br\/protestos-contra-leilao-de-libra-sao-duramente-reprimidos-por-forcas-militarizadas\/\"},\"wordCount\":1065,\"commentCount\":0,\"publisher\":{\"@id\":\"https:\/\/psol50.org.br\/#organization\"},\"articleSection\":[\"Arquivo\",\"Not\u00edcias\"],\"inLanguage\":\"pt-BR\",\"potentialAction\":[{\"@type\":\"CommentAction\",\"name\":\"Comment\",\"target\":[\"https:\/\/psol50.org.br\/protestos-contra-leilao-de-libra-sao-duramente-reprimidos-por-forcas-militarizadas\/#respond\"]}]},{\"@type\":\"WebPage\",\"@id\":\"https:\/\/psol50.org.br\/protestos-contra-leilao-de-libra-sao-duramente-reprimidos-por-forcas-militarizadas\/\",\"url\":\"https:\/\/psol50.org.br\/protestos-contra-leilao-de-libra-sao-duramente-reprimidos-por-forcas-militarizadas\/\",\"name\":\"Protestos contra leil\u00e3o de Libra s\u00e3o duramente reprimidos por for\u00e7as militarizadas - PSOL 50\",\"isPartOf\":{\"@id\":\"https:\/\/psol50.org.br\/#website\"},\"datePublished\":\"2013-10-22T00:00:00+00:00\",\"breadcrumb\":{\"@id\":\"https:\/\/psol50.org.br\/protestos-contra-leilao-de-libra-sao-duramente-reprimidos-por-forcas-militarizadas\/#breadcrumb\"},\"inLanguage\":\"pt-BR\",\"potentialAction\":[{\"@type\":\"ReadAction\",\"target\":[\"https:\/\/psol50.org.br\/protestos-contra-leilao-de-libra-sao-duramente-reprimidos-por-forcas-militarizadas\/\"]}]},{\"@type\":\"BreadcrumbList\",\"@id\":\"https:\/\/psol50.org.br\/protestos-contra-leilao-de-libra-sao-duramente-reprimidos-por-forcas-militarizadas\/#breadcrumb\",\"itemListElement\":[{\"@type\":\"ListItem\",\"position\":1,\"name\":\"In\u00edcio\",\"item\":\"https:\/\/psol50.org.br\/\"},{\"@type\":\"ListItem\",\"position\":2,\"name\":\"Protestos contra leil\u00e3o de Libra s\u00e3o duramente reprimidos por for\u00e7as militarizadas\"}]},{\"@type\":\"WebSite\",\"@id\":\"https:\/\/psol50.org.br\/#website\",\"url\":\"https:\/\/psol50.org.br\/\",\"name\":\"PSOL 50\",\"description\":\"Site oficial do Partido Socialismo e Liberdade\",\"publisher\":{\"@id\":\"https:\/\/psol50.org.br\/#organization\"},\"alternateName\":\"PSOL50\",\"potentialAction\":[{\"@type\":\"SearchAction\",\"target\":{\"@type\":\"EntryPoint\",\"urlTemplate\":\"https:\/\/psol50.org.br\/?s={search_term_string}\"},\"query-input\":{\"@type\":\"PropertyValueSpecification\",\"valueRequired\":true,\"valueName\":\"search_term_string\"}}],\"inLanguage\":\"pt-BR\"},{\"@type\":\"Organization\",\"@id\":\"https:\/\/psol50.org.br\/#organization\",\"name\":\"PSOL 50\",\"alternateName\":\"PSOL 50\",\"url\":\"https:\/\/psol50.org.br\/\",\"logo\":{\"@type\":\"ImageObject\",\"inLanguage\":\"pt-BR\",\"@id\":\"https:\/\/psol50.org.br\/#\/schema\/logo\/image\/\",\"url\":\"https:\/\/psol50.org.br\/inc\/uploads\/2018\/07\/capa.png\",\"contentUrl\":\"https:\/\/psol50.org.br\/inc\/uploads\/2018\/07\/capa.png\",\"width\":1350,\"height\":900,\"caption\":\"PSOL 50\"},\"image\":{\"@id\":\"https:\/\/psol50.org.br\/#\/schema\/logo\/image\/\"},\"sameAs\":[\"https:\/\/www.facebook.com\/psol50\",\"https:\/\/x.com\/psol50\",\"https:\/\/www.instagram.com\/psol50\/\",\"https:\/\/www.youtube.com\/channel\/UC7SnJS5o1os7a6CaiNabzcg\"]},{\"@type\":\"Person\",\"@id\":\"https:\/\/psol50.org.br\/#\/schema\/person\/475dfa57d0b815993c714c2e96491fcd\",\"name\":\"Comunica\u00e7\u00e3o PSOL\",\"image\":{\"@type\":\"ImageObject\",\"inLanguage\":\"pt-BR\",\"@id\":\"https:\/\/psol50.org.br\/#\/schema\/person\/image\/\",\"url\":\"https:\/\/secure.gravatar.com\/avatar\/b34fc4f4e468a4e51785917065a3db57b841f5c95dba6ad8c73aaf8f66f8f9bf?s=96&d=mm&r=g\",\"contentUrl\":\"https:\/\/secure.gravatar.com\/avatar\/b34fc4f4e468a4e51785917065a3db57b841f5c95dba6ad8c73aaf8f66f8f9bf?s=96&d=mm&r=g\",\"caption\":\"Comunica\u00e7\u00e3o PSOL\"}}]}<\/script>\n<!-- \/ Yoast SEO plugin. -->","yoast_head_json":{"title":"Protestos contra leil\u00e3o de Libra s\u00e3o duramente reprimidos por for\u00e7as militarizadas - PSOL 50","robots":{"index":"index","follow":"follow","max-snippet":"max-snippet:-1","max-image-preview":"max-image-preview:large","max-video-preview":"max-video-preview:-1"},"canonical":"https:\/\/psol50.org.br\/protestos-contra-leilao-de-libra-sao-duramente-reprimidos-por-forcas-militarizadas\/","og_locale":"pt_BR","og_type":"article","og_title":"Protestos contra leil\u00e3o de Libra s\u00e3o duramente reprimidos por for\u00e7as militarizadas - PSOL 50","og_description":"Cerca de 1.100 integrantes das for\u00e7as de seguran\u00e7a p\u00fablica atuaram no local do leil\u00e3o, todos com m\u00e1scaras de g\u00e1s, capacetes e roupas semelhantes a armaduras &nbsp; Em pleno feriado do Dia do Com\u00e9rcio, a maior reserva de petr\u00f3leo e g\u00e1s do pr\u00e9-sal j\u00e1 encontrada no pa\u00eds foi objeto de neg\u00f3cios na tarde desta quinta-feira (21) [&hellip;]","og_url":"https:\/\/psol50.org.br\/protestos-contra-leilao-de-libra-sao-duramente-reprimidos-por-forcas-militarizadas\/","og_site_name":"PSOL 50","article_publisher":"https:\/\/www.facebook.com\/psol50","article_published_time":"2013-10-22T00:00:00+00:00","og_image":[{"width":1350,"height":900,"url":"https:\/\/psol50.org.br\/inc\/uploads\/2018\/07\/capa.png","type":"image\/png"}],"author":"Comunica\u00e7\u00e3o PSOL","twitter_card":"summary_large_image","twitter_creator":"@psol50","twitter_site":"@psol50","twitter_misc":{"Escrito por":"Comunica\u00e7\u00e3o PSOL","Est. tempo de leitura":"5 minutos"},"schema":{"@context":"https:\/\/schema.org","@graph":[{"@type":"Article","@id":"https:\/\/psol50.org.br\/protestos-contra-leilao-de-libra-sao-duramente-reprimidos-por-forcas-militarizadas\/#article","isPartOf":{"@id":"https:\/\/psol50.org.br\/protestos-contra-leilao-de-libra-sao-duramente-reprimidos-por-forcas-militarizadas\/"},"author":{"name":"Comunica\u00e7\u00e3o PSOL","@id":"https:\/\/psol50.org.br\/#\/schema\/person\/475dfa57d0b815993c714c2e96491fcd"},"headline":"Protestos contra leil\u00e3o de Libra s\u00e3o duramente reprimidos por for\u00e7as militarizadas","datePublished":"2013-10-22T00:00:00+00:00","mainEntityOfPage":{"@id":"https:\/\/psol50.org.br\/protestos-contra-leilao-de-libra-sao-duramente-reprimidos-por-forcas-militarizadas\/"},"wordCount":1065,"commentCount":0,"publisher":{"@id":"https:\/\/psol50.org.br\/#organization"},"articleSection":["Arquivo","Not\u00edcias"],"inLanguage":"pt-BR","potentialAction":[{"@type":"CommentAction","name":"Comment","target":["https:\/\/psol50.org.br\/protestos-contra-leilao-de-libra-sao-duramente-reprimidos-por-forcas-militarizadas\/#respond"]}]},{"@type":"WebPage","@id":"https:\/\/psol50.org.br\/protestos-contra-leilao-de-libra-sao-duramente-reprimidos-por-forcas-militarizadas\/","url":"https:\/\/psol50.org.br\/protestos-contra-leilao-de-libra-sao-duramente-reprimidos-por-forcas-militarizadas\/","name":"Protestos contra leil\u00e3o de Libra s\u00e3o duramente reprimidos por for\u00e7as militarizadas - PSOL 50","isPartOf":{"@id":"https:\/\/psol50.org.br\/#website"},"datePublished":"2013-10-22T00:00:00+00:00","breadcrumb":{"@id":"https:\/\/psol50.org.br\/protestos-contra-leilao-de-libra-sao-duramente-reprimidos-por-forcas-militarizadas\/#breadcrumb"},"inLanguage":"pt-BR","potentialAction":[{"@type":"ReadAction","target":["https:\/\/psol50.org.br\/protestos-contra-leilao-de-libra-sao-duramente-reprimidos-por-forcas-militarizadas\/"]}]},{"@type":"BreadcrumbList","@id":"https:\/\/psol50.org.br\/protestos-contra-leilao-de-libra-sao-duramente-reprimidos-por-forcas-militarizadas\/#breadcrumb","itemListElement":[{"@type":"ListItem","position":1,"name":"In\u00edcio","item":"https:\/\/psol50.org.br\/"},{"@type":"ListItem","position":2,"name":"Protestos contra leil\u00e3o de Libra s\u00e3o duramente reprimidos por for\u00e7as militarizadas"}]},{"@type":"WebSite","@id":"https:\/\/psol50.org.br\/#website","url":"https:\/\/psol50.org.br\/","name":"PSOL 50","description":"Site oficial do Partido Socialismo e Liberdade","publisher":{"@id":"https:\/\/psol50.org.br\/#organization"},"alternateName":"PSOL50","potentialAction":[{"@type":"SearchAction","target":{"@type":"EntryPoint","urlTemplate":"https:\/\/psol50.org.br\/?s={search_term_string}"},"query-input":{"@type":"PropertyValueSpecification","valueRequired":true,"valueName":"search_term_string"}}],"inLanguage":"pt-BR"},{"@type":"Organization","@id":"https:\/\/psol50.org.br\/#organization","name":"PSOL 50","alternateName":"PSOL 50","url":"https:\/\/psol50.org.br\/","logo":{"@type":"ImageObject","inLanguage":"pt-BR","@id":"https:\/\/psol50.org.br\/#\/schema\/logo\/image\/","url":"https:\/\/psol50.org.br\/inc\/uploads\/2018\/07\/capa.png","contentUrl":"https:\/\/psol50.org.br\/inc\/uploads\/2018\/07\/capa.png","width":1350,"height":900,"caption":"PSOL 50"},"image":{"@id":"https:\/\/psol50.org.br\/#\/schema\/logo\/image\/"},"sameAs":["https:\/\/www.facebook.com\/psol50","https:\/\/x.com\/psol50","https:\/\/www.instagram.com\/psol50\/","https:\/\/www.youtube.com\/channel\/UC7SnJS5o1os7a6CaiNabzcg"]},{"@type":"Person","@id":"https:\/\/psol50.org.br\/#\/schema\/person\/475dfa57d0b815993c714c2e96491fcd","name":"Comunica\u00e7\u00e3o PSOL","image":{"@type":"ImageObject","inLanguage":"pt-BR","@id":"https:\/\/psol50.org.br\/#\/schema\/person\/image\/","url":"https:\/\/secure.gravatar.com\/avatar\/b34fc4f4e468a4e51785917065a3db57b841f5c95dba6ad8c73aaf8f66f8f9bf?s=96&d=mm&r=g","contentUrl":"https:\/\/secure.gravatar.com\/avatar\/b34fc4f4e468a4e51785917065a3db57b841f5c95dba6ad8c73aaf8f66f8f9bf?s=96&d=mm&r=g","caption":"Comunica\u00e7\u00e3o PSOL"}}]}},"_links":{"self":[{"href":"https:\/\/psol50.org.br\/rest\/wp\/v2\/posts\/2368","targetHints":{"allow":["GET"]}}],"collection":[{"href":"https:\/\/psol50.org.br\/rest\/wp\/v2\/posts"}],"about":[{"href":"https:\/\/psol50.org.br\/rest\/wp\/v2\/types\/post"}],"author":[{"embeddable":true,"href":"https:\/\/psol50.org.br\/rest\/wp\/v2\/users\/2"}],"replies":[{"embeddable":true,"href":"https:\/\/psol50.org.br\/rest\/wp\/v2\/comments?post=2368"}],"version-history":[{"count":0,"href":"https:\/\/psol50.org.br\/rest\/wp\/v2\/posts\/2368\/revisions"}],"wp:attachment":[{"href":"https:\/\/psol50.org.br\/rest\/wp\/v2\/media?parent=2368"}],"wp:term":[{"taxonomy":"category","embeddable":true,"href":"https:\/\/psol50.org.br\/rest\/wp\/v2\/categories?post=2368"},{"taxonomy":"post_tag","embeddable":true,"href":"https:\/\/psol50.org.br\/rest\/wp\/v2\/tags?post=2368"}],"curies":[{"name":"wp","href":"https:\/\/api.w.org\/{rel}","templated":true}]}}