{"id":237,"date":"2012-07-23T00:00:00","date_gmt":"2012-07-23T00:00:00","guid":{"rendered":"http:\/\/psol50.org.br\/arquivo\/2012\/07\/23\/freixo-comora-o-segundo-lugar-na-preferencia-do-eleitorado-carioca\/"},"modified":"2012-07-23T00:00:00","modified_gmt":"2012-07-23T00:00:00","slug":"freixo-comora-o-segundo-lugar-na-preferencia-do-eleitorado-carioca","status":"publish","type":"post","link":"https:\/\/psol50.org.br\/freixo-comora-o-segundo-lugar-na-preferencia-do-eleitorado-carioca\/","title":{"rendered":"Freixo comora o segundo lugar na prefer\u00eancia do eleitorado carioca"},"content":{"rendered":"<p>O candidato do PSOL \u00e0 prefeitura da Rio, Marcelo Freixo, comemorou o resultado da pesquisa Datafolha, divulgada dia 21 de julho, durante caminhada realizada no \u00faltimo s\u00e1bado no Cal\u00e7ad\u00e3o de Bangu (Zona Oeste). \u201cSe j\u00e1 estamos com 10% agora e ainda temos praticamente toda a campanha pela frente h\u00e1 muitas chances de crescermos mais. E vamos crescer. Al\u00e9m do nosso trabalho nas ruas e nas redes sociais, a cobertura di\u00e1ria das TVs vai compensar o pouco tempo de programa eleitoral, de 1 minuto e 33 segundos. Tudo isso vai contribuir para nos levar ao segundo turno\u201d.<\/p>\n<p>Durante a atividade de corpo a corpo em Bangu, uma das \u00e1reas de mil\u00edcias da cidade, Freixo foi abordado por v\u00e1rios moradores que, com medo de sofrer repres\u00e1lias dos milicianos, preferiram n\u00e3o se identificar. Ex-presidente da CPI das Mil\u00edcias, o candidato ouviu dos moradores muitas queixas em rela\u00e7\u00e3o \u00e0 Sa\u00fade e Educa\u00e7\u00e3o do munic\u00edpio.<\/p>\n<p>Morador de Padre Miguel, um t\u00e9cnico de enfermagem de 53 anos contou que sua irm\u00e3 teve dengue h\u00e1 duas semanas e n\u00e3o conseguiu atendimento no Posto de Atendimento M\u00e9dico (PAM) de Bangu porque n\u00e3o havia m\u00e9dico. Ela teve que recorrer ao posto de sa\u00fade de Sulacap. \u201cAs Cl\u00ednicas de Fam\u00edlia existem, mas n\u00e3o d\u00e3o conta. A situa\u00e7\u00e3o da sa\u00fade p\u00fablica exige mudan\u00e7a porque o atendimento \u00e9 muito prec\u00e1rio\u201d, afirmou o t\u00e9cnico de enfermagem.<\/p>\n<p>Um professor de 60 anos foi outro que reclamou das unidades de sa\u00fade e revelou indigna\u00e7\u00e3o com a qualidade da educa\u00e7\u00e3o oferecida aos estudantes da rede municipal de ensino. \u201c\u00c9 preciso fazer alguma coisa, mexer mesmo na educa\u00e7\u00e3o e na sa\u00fade. N\u00e3o aguentamos mais isso\u201d, disse ele.<\/p>\n<p>O programa de governo do PSOL trata Sa\u00fade e Educa\u00e7\u00e3o como prioridades para tornar a cidade um lugar mais justo para o carioca. Levantamento do Minist\u00e9rio da Sa\u00fade aponta que o Rio oferece o pior atendimento entre todas as capitais do pa\u00eds. Freixo prop\u00f5e mudan\u00e7as profundas na gest\u00e3o da rede de sa\u00fade que buscam resolver o problema na fonte: investir na qualidade do atendimento e na valoriza\u00e7\u00e3o dos profissionais; equipar as UPAs e as Cl\u00ednicas das Fam\u00edlias para que elas possam funcionar dignamente; convocar concurso p\u00fablico e elaborar um Plano de Cargos e Sal\u00e1rios para suprir a falta de m\u00e9dicos; criar leitos de terapia intensiva e melhorar a distribui\u00e7\u00e3o das vagas nos hospitais para acabar com a fila de macas e atendimento nos corredores.<\/p>\n<p>A Educa\u00e7\u00e3o voltar\u00e1 a ser feita e planejada em parceria com a comunidade escolar. Entre as principais propostas para a \u00e1rea: elaborar um plano de carreira unificado para professores e funcion\u00e1rios; convocar concurso p\u00fablico e aumentar os sal\u00e1rios dos funcion\u00e1rios da \u00e1rea; aplicar o m\u00ednimo constitucional de 25% de verbas municipais e preparar a rede e os profissionais para o funcionamento das escolas em hor\u00e1rio integral.<\/p>\n<p>Ainda na caminhada, Freixo teve a oportunidade de conversar com agentes da Guarda Municipal, que receberam bem a proposta do candidato de que a GM seja comandada por um dos seus agentes. Marcelo Freixo defende a desmilitariza\u00e7\u00e3o da Guarda Municipal.<\/p>\n<p><em>Do site\u00a0<a href=\"http:\/\/www.marcelofreixo50.com.br\/\">www.marcelofreixo50.com.br<\/a><\/em><\/p>\n","protected":false},"excerpt":{"rendered":"<p>O candidato do PSOL \u00e0 prefeitura da Rio, Marcelo Freixo, comemorou o resultado da pesquisa Datafolha, divulgada dia 21 de julho, durante caminhada realizada no \u00faltimo s\u00e1bado no Cal\u00e7ad\u00e3o de Bangu (Zona Oeste). \u201cSe j\u00e1 estamos com 10% agora e ainda temos praticamente toda a campanha pela frente h\u00e1 muitas chances de crescermos mais. E [&hellip;]<\/p>\n","protected":false},"author":2,"featured_media":0,"comment_status":"open","ping_status":"open","sticky":false,"template":"","format":"standard","meta":{"_acf_changed":false,"footnotes":""},"categories":[4766,4974],"tags":[4975],"class_list":{"0":"post-237","1":"post","2":"type-post","3":"status-publish","4":"format-standard","6":"category-arquivo","7":"category-eleicoes-2012","8":"tag-eleicoes-2012"},"acf":[],"yoast_head":"<!-- This site is optimized with the Yoast SEO plugin v26.5 - https:\/\/yoast.com\/wordpress\/plugins\/seo\/ -->\n<title>Freixo comora o segundo lugar na prefer\u00eancia do eleitorado carioca - PSOL 50<\/title>\n<meta name=\"robots\" content=\"index, follow, max-snippet:-1, max-image-preview:large, max-video-preview:-1\" \/>\n<link rel=\"canonical\" href=\"https:\/\/psol50.org.br\/freixo-comora-o-segundo-lugar-na-preferencia-do-eleitorado-carioca\/\" \/>\n<meta property=\"og:locale\" content=\"pt_BR\" \/>\n<meta property=\"og:type\" content=\"article\" \/>\n<meta property=\"og:title\" content=\"Freixo comora o segundo lugar na prefer\u00eancia do eleitorado carioca - PSOL 50\" \/>\n<meta property=\"og:description\" content=\"O candidato do PSOL \u00e0 prefeitura da Rio, Marcelo Freixo, comemorou o resultado da pesquisa Datafolha, divulgada dia 21 de julho, durante caminhada realizada no \u00faltimo s\u00e1bado no Cal\u00e7ad\u00e3o de Bangu (Zona Oeste). \u201cSe j\u00e1 estamos com 10% agora e ainda temos praticamente toda a campanha pela frente h\u00e1 muitas chances de crescermos mais. E [&hellip;]\" \/>\n<meta property=\"og:url\" content=\"https:\/\/psol50.org.br\/freixo-comora-o-segundo-lugar-na-preferencia-do-eleitorado-carioca\/\" \/>\n<meta property=\"og:site_name\" content=\"PSOL 50\" \/>\n<meta property=\"article:publisher\" content=\"https:\/\/www.facebook.com\/psol50\" \/>\n<meta property=\"article:published_time\" content=\"2012-07-23T00:00:00+00:00\" \/>\n<meta property=\"og:image\" content=\"https:\/\/psol50.org.br\/inc\/uploads\/2018\/07\/capa.png\" \/>\n\t<meta property=\"og:image:width\" content=\"1350\" \/>\n\t<meta property=\"og:image:height\" content=\"900\" \/>\n\t<meta property=\"og:image:type\" content=\"image\/png\" \/>\n<meta name=\"author\" content=\"Comunica\u00e7\u00e3o PSOL\" \/>\n<meta name=\"twitter:card\" content=\"summary_large_image\" \/>\n<meta name=\"twitter:creator\" content=\"@psol50\" \/>\n<meta name=\"twitter:site\" content=\"@psol50\" \/>\n<meta name=\"twitter:label1\" content=\"Escrito por\" \/>\n\t<meta name=\"twitter:data1\" content=\"Comunica\u00e7\u00e3o PSOL\" \/>\n\t<meta name=\"twitter:label2\" content=\"Est. tempo de leitura\" \/>\n\t<meta name=\"twitter:data2\" content=\"3 minutos\" \/>\n<script type=\"application\/ld+json\" class=\"yoast-schema-graph\">{\"@context\":\"https:\/\/schema.org\",\"@graph\":[{\"@type\":\"Article\",\"@id\":\"https:\/\/psol50.org.br\/freixo-comora-o-segundo-lugar-na-preferencia-do-eleitorado-carioca\/#article\",\"isPartOf\":{\"@id\":\"https:\/\/psol50.org.br\/freixo-comora-o-segundo-lugar-na-preferencia-do-eleitorado-carioca\/\"},\"author\":{\"name\":\"Comunica\u00e7\u00e3o PSOL\",\"@id\":\"https:\/\/psol50.org.br\/#\/schema\/person\/475dfa57d0b815993c714c2e96491fcd\"},\"headline\":\"Freixo comora o segundo lugar na prefer\u00eancia do eleitorado carioca\",\"datePublished\":\"2012-07-23T00:00:00+00:00\",\"mainEntityOfPage\":{\"@id\":\"https:\/\/psol50.org.br\/freixo-comora-o-segundo-lugar-na-preferencia-do-eleitorado-carioca\/\"},\"wordCount\":566,\"commentCount\":0,\"publisher\":{\"@id\":\"https:\/\/psol50.org.br\/#organization\"},\"keywords\":[\"Elei\u00e7\u00f5es 2012\"],\"articleSection\":[\"Arquivo\",\"ELEI\u00c7\u00d5ES 2012\"],\"inLanguage\":\"pt-BR\",\"potentialAction\":[{\"@type\":\"CommentAction\",\"name\":\"Comment\",\"target\":[\"https:\/\/psol50.org.br\/freixo-comora-o-segundo-lugar-na-preferencia-do-eleitorado-carioca\/#respond\"]}]},{\"@type\":\"WebPage\",\"@id\":\"https:\/\/psol50.org.br\/freixo-comora-o-segundo-lugar-na-preferencia-do-eleitorado-carioca\/\",\"url\":\"https:\/\/psol50.org.br\/freixo-comora-o-segundo-lugar-na-preferencia-do-eleitorado-carioca\/\",\"name\":\"Freixo comora o segundo lugar na prefer\u00eancia do eleitorado carioca - PSOL 50\",\"isPartOf\":{\"@id\":\"https:\/\/psol50.org.br\/#website\"},\"datePublished\":\"2012-07-23T00:00:00+00:00\",\"breadcrumb\":{\"@id\":\"https:\/\/psol50.org.br\/freixo-comora-o-segundo-lugar-na-preferencia-do-eleitorado-carioca\/#breadcrumb\"},\"inLanguage\":\"pt-BR\",\"potentialAction\":[{\"@type\":\"ReadAction\",\"target\":[\"https:\/\/psol50.org.br\/freixo-comora-o-segundo-lugar-na-preferencia-do-eleitorado-carioca\/\"]}]},{\"@type\":\"BreadcrumbList\",\"@id\":\"https:\/\/psol50.org.br\/freixo-comora-o-segundo-lugar-na-preferencia-do-eleitorado-carioca\/#breadcrumb\",\"itemListElement\":[{\"@type\":\"ListItem\",\"position\":1,\"name\":\"In\u00edcio\",\"item\":\"https:\/\/psol50.org.br\/\"},{\"@type\":\"ListItem\",\"position\":2,\"name\":\"Freixo comora o segundo lugar na prefer\u00eancia do eleitorado carioca\"}]},{\"@type\":\"WebSite\",\"@id\":\"https:\/\/psol50.org.br\/#website\",\"url\":\"https:\/\/psol50.org.br\/\",\"name\":\"PSOL 50\",\"description\":\"Site oficial do Partido Socialismo e Liberdade\",\"publisher\":{\"@id\":\"https:\/\/psol50.org.br\/#organization\"},\"alternateName\":\"PSOL50\",\"potentialAction\":[{\"@type\":\"SearchAction\",\"target\":{\"@type\":\"EntryPoint\",\"urlTemplate\":\"https:\/\/psol50.org.br\/?s={search_term_string}\"},\"query-input\":{\"@type\":\"PropertyValueSpecification\",\"valueRequired\":true,\"valueName\":\"search_term_string\"}}],\"inLanguage\":\"pt-BR\"},{\"@type\":\"Organization\",\"@id\":\"https:\/\/psol50.org.br\/#organization\",\"name\":\"PSOL 50\",\"alternateName\":\"PSOL 50\",\"url\":\"https:\/\/psol50.org.br\/\",\"logo\":{\"@type\":\"ImageObject\",\"inLanguage\":\"pt-BR\",\"@id\":\"https:\/\/psol50.org.br\/#\/schema\/logo\/image\/\",\"url\":\"https:\/\/psol50.org.br\/inc\/uploads\/2018\/07\/capa.png\",\"contentUrl\":\"https:\/\/psol50.org.br\/inc\/uploads\/2018\/07\/capa.png\",\"width\":1350,\"height\":900,\"caption\":\"PSOL 50\"},\"image\":{\"@id\":\"https:\/\/psol50.org.br\/#\/schema\/logo\/image\/\"},\"sameAs\":[\"https:\/\/www.facebook.com\/psol50\",\"https:\/\/x.com\/psol50\",\"https:\/\/www.instagram.com\/psol50\/\",\"https:\/\/www.youtube.com\/channel\/UC7SnJS5o1os7a6CaiNabzcg\"]},{\"@type\":\"Person\",\"@id\":\"https:\/\/psol50.org.br\/#\/schema\/person\/475dfa57d0b815993c714c2e96491fcd\",\"name\":\"Comunica\u00e7\u00e3o PSOL\",\"image\":{\"@type\":\"ImageObject\",\"inLanguage\":\"pt-BR\",\"@id\":\"https:\/\/psol50.org.br\/#\/schema\/person\/image\/\",\"url\":\"https:\/\/secure.gravatar.com\/avatar\/b34fc4f4e468a4e51785917065a3db57b841f5c95dba6ad8c73aaf8f66f8f9bf?s=96&d=mm&r=g\",\"contentUrl\":\"https:\/\/secure.gravatar.com\/avatar\/b34fc4f4e468a4e51785917065a3db57b841f5c95dba6ad8c73aaf8f66f8f9bf?s=96&d=mm&r=g\",\"caption\":\"Comunica\u00e7\u00e3o PSOL\"}}]}<\/script>\n<!-- \/ Yoast SEO plugin. -->","yoast_head_json":{"title":"Freixo comora o segundo lugar na prefer\u00eancia do eleitorado carioca - PSOL 50","robots":{"index":"index","follow":"follow","max-snippet":"max-snippet:-1","max-image-preview":"max-image-preview:large","max-video-preview":"max-video-preview:-1"},"canonical":"https:\/\/psol50.org.br\/freixo-comora-o-segundo-lugar-na-preferencia-do-eleitorado-carioca\/","og_locale":"pt_BR","og_type":"article","og_title":"Freixo comora o segundo lugar na prefer\u00eancia do eleitorado carioca - PSOL 50","og_description":"O candidato do PSOL \u00e0 prefeitura da Rio, Marcelo Freixo, comemorou o resultado da pesquisa Datafolha, divulgada dia 21 de julho, durante caminhada realizada no \u00faltimo s\u00e1bado no Cal\u00e7ad\u00e3o de Bangu (Zona Oeste). \u201cSe j\u00e1 estamos com 10% agora e ainda temos praticamente toda a campanha pela frente h\u00e1 muitas chances de crescermos mais. E [&hellip;]","og_url":"https:\/\/psol50.org.br\/freixo-comora-o-segundo-lugar-na-preferencia-do-eleitorado-carioca\/","og_site_name":"PSOL 50","article_publisher":"https:\/\/www.facebook.com\/psol50","article_published_time":"2012-07-23T00:00:00+00:00","og_image":[{"width":1350,"height":900,"url":"https:\/\/psol50.org.br\/inc\/uploads\/2018\/07\/capa.png","type":"image\/png"}],"author":"Comunica\u00e7\u00e3o PSOL","twitter_card":"summary_large_image","twitter_creator":"@psol50","twitter_site":"@psol50","twitter_misc":{"Escrito por":"Comunica\u00e7\u00e3o PSOL","Est. tempo de leitura":"3 minutos"},"schema":{"@context":"https:\/\/schema.org","@graph":[{"@type":"Article","@id":"https:\/\/psol50.org.br\/freixo-comora-o-segundo-lugar-na-preferencia-do-eleitorado-carioca\/#article","isPartOf":{"@id":"https:\/\/psol50.org.br\/freixo-comora-o-segundo-lugar-na-preferencia-do-eleitorado-carioca\/"},"author":{"name":"Comunica\u00e7\u00e3o PSOL","@id":"https:\/\/psol50.org.br\/#\/schema\/person\/475dfa57d0b815993c714c2e96491fcd"},"headline":"Freixo comora o segundo lugar na prefer\u00eancia do eleitorado carioca","datePublished":"2012-07-23T00:00:00+00:00","mainEntityOfPage":{"@id":"https:\/\/psol50.org.br\/freixo-comora-o-segundo-lugar-na-preferencia-do-eleitorado-carioca\/"},"wordCount":566,"commentCount":0,"publisher":{"@id":"https:\/\/psol50.org.br\/#organization"},"keywords":["Elei\u00e7\u00f5es 2012"],"articleSection":["Arquivo","ELEI\u00c7\u00d5ES 2012"],"inLanguage":"pt-BR","potentialAction":[{"@type":"CommentAction","name":"Comment","target":["https:\/\/psol50.org.br\/freixo-comora-o-segundo-lugar-na-preferencia-do-eleitorado-carioca\/#respond"]}]},{"@type":"WebPage","@id":"https:\/\/psol50.org.br\/freixo-comora-o-segundo-lugar-na-preferencia-do-eleitorado-carioca\/","url":"https:\/\/psol50.org.br\/freixo-comora-o-segundo-lugar-na-preferencia-do-eleitorado-carioca\/","name":"Freixo comora o segundo lugar na prefer\u00eancia do eleitorado carioca - PSOL 50","isPartOf":{"@id":"https:\/\/psol50.org.br\/#website"},"datePublished":"2012-07-23T00:00:00+00:00","breadcrumb":{"@id":"https:\/\/psol50.org.br\/freixo-comora-o-segundo-lugar-na-preferencia-do-eleitorado-carioca\/#breadcrumb"},"inLanguage":"pt-BR","potentialAction":[{"@type":"ReadAction","target":["https:\/\/psol50.org.br\/freixo-comora-o-segundo-lugar-na-preferencia-do-eleitorado-carioca\/"]}]},{"@type":"BreadcrumbList","@id":"https:\/\/psol50.org.br\/freixo-comora-o-segundo-lugar-na-preferencia-do-eleitorado-carioca\/#breadcrumb","itemListElement":[{"@type":"ListItem","position":1,"name":"In\u00edcio","item":"https:\/\/psol50.org.br\/"},{"@type":"ListItem","position":2,"name":"Freixo comora o segundo lugar na prefer\u00eancia do eleitorado carioca"}]},{"@type":"WebSite","@id":"https:\/\/psol50.org.br\/#website","url":"https:\/\/psol50.org.br\/","name":"PSOL 50","description":"Site oficial do Partido Socialismo e Liberdade","publisher":{"@id":"https:\/\/psol50.org.br\/#organization"},"alternateName":"PSOL50","potentialAction":[{"@type":"SearchAction","target":{"@type":"EntryPoint","urlTemplate":"https:\/\/psol50.org.br\/?s={search_term_string}"},"query-input":{"@type":"PropertyValueSpecification","valueRequired":true,"valueName":"search_term_string"}}],"inLanguage":"pt-BR"},{"@type":"Organization","@id":"https:\/\/psol50.org.br\/#organization","name":"PSOL 50","alternateName":"PSOL 50","url":"https:\/\/psol50.org.br\/","logo":{"@type":"ImageObject","inLanguage":"pt-BR","@id":"https:\/\/psol50.org.br\/#\/schema\/logo\/image\/","url":"https:\/\/psol50.org.br\/inc\/uploads\/2018\/07\/capa.png","contentUrl":"https:\/\/psol50.org.br\/inc\/uploads\/2018\/07\/capa.png","width":1350,"height":900,"caption":"PSOL 50"},"image":{"@id":"https:\/\/psol50.org.br\/#\/schema\/logo\/image\/"},"sameAs":["https:\/\/www.facebook.com\/psol50","https:\/\/x.com\/psol50","https:\/\/www.instagram.com\/psol50\/","https:\/\/www.youtube.com\/channel\/UC7SnJS5o1os7a6CaiNabzcg"]},{"@type":"Person","@id":"https:\/\/psol50.org.br\/#\/schema\/person\/475dfa57d0b815993c714c2e96491fcd","name":"Comunica\u00e7\u00e3o PSOL","image":{"@type":"ImageObject","inLanguage":"pt-BR","@id":"https:\/\/psol50.org.br\/#\/schema\/person\/image\/","url":"https:\/\/secure.gravatar.com\/avatar\/b34fc4f4e468a4e51785917065a3db57b841f5c95dba6ad8c73aaf8f66f8f9bf?s=96&d=mm&r=g","contentUrl":"https:\/\/secure.gravatar.com\/avatar\/b34fc4f4e468a4e51785917065a3db57b841f5c95dba6ad8c73aaf8f66f8f9bf?s=96&d=mm&r=g","caption":"Comunica\u00e7\u00e3o PSOL"}}]}},"_links":{"self":[{"href":"https:\/\/psol50.org.br\/rest\/wp\/v2\/posts\/237","targetHints":{"allow":["GET"]}}],"collection":[{"href":"https:\/\/psol50.org.br\/rest\/wp\/v2\/posts"}],"about":[{"href":"https:\/\/psol50.org.br\/rest\/wp\/v2\/types\/post"}],"author":[{"embeddable":true,"href":"https:\/\/psol50.org.br\/rest\/wp\/v2\/users\/2"}],"replies":[{"embeddable":true,"href":"https:\/\/psol50.org.br\/rest\/wp\/v2\/comments?post=237"}],"version-history":[{"count":0,"href":"https:\/\/psol50.org.br\/rest\/wp\/v2\/posts\/237\/revisions"}],"wp:attachment":[{"href":"https:\/\/psol50.org.br\/rest\/wp\/v2\/media?parent=237"}],"wp:term":[{"taxonomy":"category","embeddable":true,"href":"https:\/\/psol50.org.br\/rest\/wp\/v2\/categories?post=237"},{"taxonomy":"post_tag","embeddable":true,"href":"https:\/\/psol50.org.br\/rest\/wp\/v2\/tags?post=237"}],"curies":[{"name":"wp","href":"https:\/\/api.w.org\/{rel}","templated":true}]}}