{"id":2379,"date":"2013-10-25T00:00:00","date_gmt":"2013-10-25T00:00:00","guid":{"rendered":"http:\/\/psol50.org.br\/arquivo\/2013\/10\/25\/articulacoes-de-randolfe-e-clecio-garantem-inclusao-de-vitimas-do-incendio-de-macapa-em-conjuntos-habitacionais\/"},"modified":"2013-10-25T00:00:00","modified_gmt":"2013-10-25T00:00:00","slug":"articulacoes-de-randolfe-e-clecio-garantem-inclusao-de-vitimas-do-incendio-de-macapa-em-conjuntos-habitacionais","status":"publish","type":"post","link":"https:\/\/psol50.org.br\/articulacoes-de-randolfe-e-clecio-garantem-inclusao-de-vitimas-do-incendio-de-macapa-em-conjuntos-habitacionais\/","title":{"rendered":"Articula\u00e7\u00f5es de Randolfe e Cl\u00e9cio garantem inclus\u00e3o de v\u00edtimas do inc\u00eandio de Macap\u00e1 em conjuntos habitacionais"},"content":{"rendered":"<div style=\"text-align: justify;\">\n\tLogo ap\u00f3s o inc\u00eandio ocorrido na \u00faltima quarta-feira (23), no&nbsp;bairro Perp\u00e9tuo Socorro, em Macap\u00e1, os senadores Randolfe Rodrigues (PSOL-AP) e Jo\u00e3o Capiberibe (PSB-AP), junto com o prefeito Cl\u00e9cio Lu\u00eds, do PSOL, mobilizaram o Governo Federal quanto aos impactos da trag\u00e9dia e \u00e0 necessidade de apoio \u00e0s v\u00edtimas. O pedido foi atendido, todas as 397 fam\u00edlias que moravam no per\u00edmetro atingido pelo fogo ser\u00e3o contempladas com moradias definitivas dos programas habitacionais executados pelo Governo do Estado e pela Prefeitura Municipal de Macap\u00e1.<\/p>\n<p>\tA Prefeitura incluir\u00e1 100 fam\u00edlias nas casas do Residencial Mestre Oscar Santos, no bairro Ip\u00ea, que ser\u00e1 entregue na primeira quinzena de novembro. O Governo do Amap\u00e1 destinar\u00e1 297 unidades do Conjunto Macapaba, localizado na BR-210, as quais ser\u00e3o entregues em dezembro.<\/p>\n<p>\t\u201cA decis\u00e3o respons\u00e1vel em unir for\u00e7as no amparo \u00e0s v\u00edtimas garantiu agilidade no atendimento. Uma decis\u00e3o t\u00e9cnica e r\u00e1pida, necess\u00e1ria em uma situa\u00e7\u00e3o como esta\u201d, afirmou o prefeito Cl\u00e9cio Lu\u00eds. \u201cMacap\u00e1 ressurge das cinzas. A for\u00e7a de nosso povo aliada \u00e0 determina\u00e7\u00e3o pol\u00edtica permitir\u00e1 a reconstru\u00e7\u00e3o da vida dessas fam\u00edlias que tiveram sua hist\u00f3ria abalada pelo inc\u00eandio\u201d, disse o senador Randolfe.<\/p>\n<p>\tEnquanto as fam\u00edlias n\u00e3o s\u00e3o transferidas para as novas moradias, todas ser\u00e3o beneficiadas com o Aluguel Social, cujo valor de R$ 350 &#8211; subsidiado pelo Governo Federal em casos de sinistros &#8211; come\u00e7ar\u00e1 a ser liberado na segunda-feira (28).<\/p>\n<p>\t<strong>Agilidade <\/strong><br \/>\n\tO senador Randolfe Rodrigues, desde as primeiras horas da trag\u00e9dia, articulou em Bras\u00edlia com o minist\u00e9rio da Integra\u00e7\u00e3o Nacional, Fernando Teixeira, que garantir\u00e1 apoio \u00e0s fam\u00edlias desabrigadas. Em outro contato, por telefone, foi acionada a ministra de Rela\u00e7\u00f5es Institucionais, Ideli Salvati. Na conversa, foi informada a situa\u00e7\u00e3o de Macap\u00e1 e solicitada a ajuda do Pal\u00e1cio do Planalto. Posteriormente, o Senador Randolfe Rodrigues foi recebido pela presidenta Dilma Rouseff. \u201cEstamos vivendo uma das mais dram\u00e1ticas trag\u00e9dias que nossa capital j\u00e1 viveu. Vamos precisar do apoio de todas as autoridades do governo federal\u201d, afirmou Randolfe.<\/div>\n<p>&nbsp;<\/p>\n","protected":false},"excerpt":{"rendered":"<p>Logo ap\u00f3s o inc\u00eandio ocorrido na \u00faltima quarta-feira (23), no&nbsp;bairro Perp\u00e9tuo Socorro, em Macap\u00e1, os senadores Randolfe Rodrigues (PSOL-AP) e Jo\u00e3o Capiberibe (PSB-AP), junto com o prefeito Cl\u00e9cio Lu\u00eds, do PSOL, mobilizaram o Governo Federal quanto aos impactos da trag\u00e9dia e \u00e0 necessidade de apoio \u00e0s v\u00edtimas. O pedido foi atendido, todas as 397 fam\u00edlias [&hellip;]<\/p>\n","protected":false},"author":2,"featured_media":0,"comment_status":"open","ping_status":"open","sticky":false,"template":"","format":"standard","meta":{"_acf_changed":false,"footnotes":""},"categories":[4766,6],"tags":[],"class_list":{"0":"post-2379","1":"post","2":"type-post","3":"status-publish","4":"format-standard","6":"category-arquivo","7":"category-noticias"},"acf":[],"yoast_head":"<!-- This site is optimized with the Yoast SEO plugin v26.5 - https:\/\/yoast.com\/wordpress\/plugins\/seo\/ -->\n<title>Articula\u00e7\u00f5es de Randolfe e Cl\u00e9cio garantem inclus\u00e3o de v\u00edtimas do inc\u00eandio de Macap\u00e1 em conjuntos habitacionais - PSOL 50<\/title>\n<meta name=\"robots\" content=\"index, follow, max-snippet:-1, max-image-preview:large, max-video-preview:-1\" \/>\n<link rel=\"canonical\" href=\"https:\/\/psol50.org.br\/articulacoes-de-randolfe-e-clecio-garantem-inclusao-de-vitimas-do-incendio-de-macapa-em-conjuntos-habitacionais\/\" \/>\n<meta property=\"og:locale\" content=\"pt_BR\" \/>\n<meta property=\"og:type\" content=\"article\" \/>\n<meta property=\"og:title\" content=\"Articula\u00e7\u00f5es de Randolfe e Cl\u00e9cio garantem inclus\u00e3o de v\u00edtimas do inc\u00eandio de Macap\u00e1 em conjuntos habitacionais - PSOL 50\" \/>\n<meta property=\"og:description\" content=\"Logo ap\u00f3s o inc\u00eandio ocorrido na \u00faltima quarta-feira (23), no&nbsp;bairro Perp\u00e9tuo Socorro, em Macap\u00e1, os senadores Randolfe Rodrigues (PSOL-AP) e Jo\u00e3o Capiberibe (PSB-AP), junto com o prefeito Cl\u00e9cio Lu\u00eds, do PSOL, mobilizaram o Governo Federal quanto aos impactos da trag\u00e9dia e \u00e0 necessidade de apoio \u00e0s v\u00edtimas. O pedido foi atendido, todas as 397 fam\u00edlias [&hellip;]\" \/>\n<meta property=\"og:url\" content=\"https:\/\/psol50.org.br\/articulacoes-de-randolfe-e-clecio-garantem-inclusao-de-vitimas-do-incendio-de-macapa-em-conjuntos-habitacionais\/\" \/>\n<meta property=\"og:site_name\" content=\"PSOL 50\" \/>\n<meta property=\"article:publisher\" content=\"https:\/\/www.facebook.com\/psol50\" \/>\n<meta property=\"article:published_time\" content=\"2013-10-25T00:00:00+00:00\" \/>\n<meta property=\"og:image\" content=\"https:\/\/psol50.org.br\/inc\/uploads\/2018\/07\/capa.png\" \/>\n\t<meta property=\"og:image:width\" content=\"1350\" \/>\n\t<meta property=\"og:image:height\" content=\"900\" \/>\n\t<meta property=\"og:image:type\" content=\"image\/png\" \/>\n<meta name=\"author\" content=\"Comunica\u00e7\u00e3o PSOL\" \/>\n<meta name=\"twitter:card\" content=\"summary_large_image\" \/>\n<meta name=\"twitter:creator\" content=\"@psol50\" \/>\n<meta name=\"twitter:site\" content=\"@psol50\" \/>\n<meta name=\"twitter:label1\" content=\"Escrito por\" \/>\n\t<meta name=\"twitter:data1\" content=\"Comunica\u00e7\u00e3o PSOL\" \/>\n\t<meta name=\"twitter:label2\" content=\"Est. tempo de leitura\" \/>\n\t<meta name=\"twitter:data2\" content=\"2 minutos\" \/>\n<script type=\"application\/ld+json\" class=\"yoast-schema-graph\">{\"@context\":\"https:\/\/schema.org\",\"@graph\":[{\"@type\":\"Article\",\"@id\":\"https:\/\/psol50.org.br\/articulacoes-de-randolfe-e-clecio-garantem-inclusao-de-vitimas-do-incendio-de-macapa-em-conjuntos-habitacionais\/#article\",\"isPartOf\":{\"@id\":\"https:\/\/psol50.org.br\/articulacoes-de-randolfe-e-clecio-garantem-inclusao-de-vitimas-do-incendio-de-macapa-em-conjuntos-habitacionais\/\"},\"author\":{\"name\":\"Comunica\u00e7\u00e3o PSOL\",\"@id\":\"https:\/\/psol50.org.br\/#\/schema\/person\/475dfa57d0b815993c714c2e96491fcd\"},\"headline\":\"Articula\u00e7\u00f5es de Randolfe e Cl\u00e9cio garantem inclus\u00e3o de v\u00edtimas do inc\u00eandio de Macap\u00e1 em conjuntos habitacionais\",\"datePublished\":\"2013-10-25T00:00:00+00:00\",\"mainEntityOfPage\":{\"@id\":\"https:\/\/psol50.org.br\/articulacoes-de-randolfe-e-clecio-garantem-inclusao-de-vitimas-do-incendio-de-macapa-em-conjuntos-habitacionais\/\"},\"wordCount\":379,\"commentCount\":0,\"publisher\":{\"@id\":\"https:\/\/psol50.org.br\/#organization\"},\"articleSection\":[\"Arquivo\",\"Not\u00edcias\"],\"inLanguage\":\"pt-BR\",\"potentialAction\":[{\"@type\":\"CommentAction\",\"name\":\"Comment\",\"target\":[\"https:\/\/psol50.org.br\/articulacoes-de-randolfe-e-clecio-garantem-inclusao-de-vitimas-do-incendio-de-macapa-em-conjuntos-habitacionais\/#respond\"]}]},{\"@type\":\"WebPage\",\"@id\":\"https:\/\/psol50.org.br\/articulacoes-de-randolfe-e-clecio-garantem-inclusao-de-vitimas-do-incendio-de-macapa-em-conjuntos-habitacionais\/\",\"url\":\"https:\/\/psol50.org.br\/articulacoes-de-randolfe-e-clecio-garantem-inclusao-de-vitimas-do-incendio-de-macapa-em-conjuntos-habitacionais\/\",\"name\":\"Articula\u00e7\u00f5es de Randolfe e Cl\u00e9cio garantem inclus\u00e3o de v\u00edtimas do inc\u00eandio de Macap\u00e1 em conjuntos habitacionais - PSOL 50\",\"isPartOf\":{\"@id\":\"https:\/\/psol50.org.br\/#website\"},\"datePublished\":\"2013-10-25T00:00:00+00:00\",\"breadcrumb\":{\"@id\":\"https:\/\/psol50.org.br\/articulacoes-de-randolfe-e-clecio-garantem-inclusao-de-vitimas-do-incendio-de-macapa-em-conjuntos-habitacionais\/#breadcrumb\"},\"inLanguage\":\"pt-BR\",\"potentialAction\":[{\"@type\":\"ReadAction\",\"target\":[\"https:\/\/psol50.org.br\/articulacoes-de-randolfe-e-clecio-garantem-inclusao-de-vitimas-do-incendio-de-macapa-em-conjuntos-habitacionais\/\"]}]},{\"@type\":\"BreadcrumbList\",\"@id\":\"https:\/\/psol50.org.br\/articulacoes-de-randolfe-e-clecio-garantem-inclusao-de-vitimas-do-incendio-de-macapa-em-conjuntos-habitacionais\/#breadcrumb\",\"itemListElement\":[{\"@type\":\"ListItem\",\"position\":1,\"name\":\"In\u00edcio\",\"item\":\"https:\/\/psol50.org.br\/\"},{\"@type\":\"ListItem\",\"position\":2,\"name\":\"Articula\u00e7\u00f5es de Randolfe e Cl\u00e9cio garantem inclus\u00e3o de v\u00edtimas do inc\u00eandio de Macap\u00e1 em conjuntos habitacionais\"}]},{\"@type\":\"WebSite\",\"@id\":\"https:\/\/psol50.org.br\/#website\",\"url\":\"https:\/\/psol50.org.br\/\",\"name\":\"PSOL 50\",\"description\":\"Site oficial do Partido Socialismo e Liberdade\",\"publisher\":{\"@id\":\"https:\/\/psol50.org.br\/#organization\"},\"alternateName\":\"PSOL50\",\"potentialAction\":[{\"@type\":\"SearchAction\",\"target\":{\"@type\":\"EntryPoint\",\"urlTemplate\":\"https:\/\/psol50.org.br\/?s={search_term_string}\"},\"query-input\":{\"@type\":\"PropertyValueSpecification\",\"valueRequired\":true,\"valueName\":\"search_term_string\"}}],\"inLanguage\":\"pt-BR\"},{\"@type\":\"Organization\",\"@id\":\"https:\/\/psol50.org.br\/#organization\",\"name\":\"PSOL 50\",\"alternateName\":\"PSOL 50\",\"url\":\"https:\/\/psol50.org.br\/\",\"logo\":{\"@type\":\"ImageObject\",\"inLanguage\":\"pt-BR\",\"@id\":\"https:\/\/psol50.org.br\/#\/schema\/logo\/image\/\",\"url\":\"https:\/\/psol50.org.br\/inc\/uploads\/2018\/07\/capa.png\",\"contentUrl\":\"https:\/\/psol50.org.br\/inc\/uploads\/2018\/07\/capa.png\",\"width\":1350,\"height\":900,\"caption\":\"PSOL 50\"},\"image\":{\"@id\":\"https:\/\/psol50.org.br\/#\/schema\/logo\/image\/\"},\"sameAs\":[\"https:\/\/www.facebook.com\/psol50\",\"https:\/\/x.com\/psol50\",\"https:\/\/www.instagram.com\/psol50\/\",\"https:\/\/www.youtube.com\/channel\/UC7SnJS5o1os7a6CaiNabzcg\"]},{\"@type\":\"Person\",\"@id\":\"https:\/\/psol50.org.br\/#\/schema\/person\/475dfa57d0b815993c714c2e96491fcd\",\"name\":\"Comunica\u00e7\u00e3o PSOL\",\"image\":{\"@type\":\"ImageObject\",\"inLanguage\":\"pt-BR\",\"@id\":\"https:\/\/psol50.org.br\/#\/schema\/person\/image\/\",\"url\":\"https:\/\/secure.gravatar.com\/avatar\/b34fc4f4e468a4e51785917065a3db57b841f5c95dba6ad8c73aaf8f66f8f9bf?s=96&d=mm&r=g\",\"contentUrl\":\"https:\/\/secure.gravatar.com\/avatar\/b34fc4f4e468a4e51785917065a3db57b841f5c95dba6ad8c73aaf8f66f8f9bf?s=96&d=mm&r=g\",\"caption\":\"Comunica\u00e7\u00e3o PSOL\"}}]}<\/script>\n<!-- \/ Yoast SEO plugin. -->","yoast_head_json":{"title":"Articula\u00e7\u00f5es de Randolfe e Cl\u00e9cio garantem inclus\u00e3o de v\u00edtimas do inc\u00eandio de Macap\u00e1 em conjuntos habitacionais - PSOL 50","robots":{"index":"index","follow":"follow","max-snippet":"max-snippet:-1","max-image-preview":"max-image-preview:large","max-video-preview":"max-video-preview:-1"},"canonical":"https:\/\/psol50.org.br\/articulacoes-de-randolfe-e-clecio-garantem-inclusao-de-vitimas-do-incendio-de-macapa-em-conjuntos-habitacionais\/","og_locale":"pt_BR","og_type":"article","og_title":"Articula\u00e7\u00f5es de Randolfe e Cl\u00e9cio garantem inclus\u00e3o de v\u00edtimas do inc\u00eandio de Macap\u00e1 em conjuntos habitacionais - PSOL 50","og_description":"Logo ap\u00f3s o inc\u00eandio ocorrido na \u00faltima quarta-feira (23), no&nbsp;bairro Perp\u00e9tuo Socorro, em Macap\u00e1, os senadores Randolfe Rodrigues (PSOL-AP) e Jo\u00e3o Capiberibe (PSB-AP), junto com o prefeito Cl\u00e9cio Lu\u00eds, do PSOL, mobilizaram o Governo Federal quanto aos impactos da trag\u00e9dia e \u00e0 necessidade de apoio \u00e0s v\u00edtimas. O pedido foi atendido, todas as 397 fam\u00edlias [&hellip;]","og_url":"https:\/\/psol50.org.br\/articulacoes-de-randolfe-e-clecio-garantem-inclusao-de-vitimas-do-incendio-de-macapa-em-conjuntos-habitacionais\/","og_site_name":"PSOL 50","article_publisher":"https:\/\/www.facebook.com\/psol50","article_published_time":"2013-10-25T00:00:00+00:00","og_image":[{"width":1350,"height":900,"url":"https:\/\/psol50.org.br\/inc\/uploads\/2018\/07\/capa.png","type":"image\/png"}],"author":"Comunica\u00e7\u00e3o PSOL","twitter_card":"summary_large_image","twitter_creator":"@psol50","twitter_site":"@psol50","twitter_misc":{"Escrito por":"Comunica\u00e7\u00e3o PSOL","Est. tempo de leitura":"2 minutos"},"schema":{"@context":"https:\/\/schema.org","@graph":[{"@type":"Article","@id":"https:\/\/psol50.org.br\/articulacoes-de-randolfe-e-clecio-garantem-inclusao-de-vitimas-do-incendio-de-macapa-em-conjuntos-habitacionais\/#article","isPartOf":{"@id":"https:\/\/psol50.org.br\/articulacoes-de-randolfe-e-clecio-garantem-inclusao-de-vitimas-do-incendio-de-macapa-em-conjuntos-habitacionais\/"},"author":{"name":"Comunica\u00e7\u00e3o PSOL","@id":"https:\/\/psol50.org.br\/#\/schema\/person\/475dfa57d0b815993c714c2e96491fcd"},"headline":"Articula\u00e7\u00f5es de Randolfe e Cl\u00e9cio garantem inclus\u00e3o de v\u00edtimas do inc\u00eandio de Macap\u00e1 em conjuntos habitacionais","datePublished":"2013-10-25T00:00:00+00:00","mainEntityOfPage":{"@id":"https:\/\/psol50.org.br\/articulacoes-de-randolfe-e-clecio-garantem-inclusao-de-vitimas-do-incendio-de-macapa-em-conjuntos-habitacionais\/"},"wordCount":379,"commentCount":0,"publisher":{"@id":"https:\/\/psol50.org.br\/#organization"},"articleSection":["Arquivo","Not\u00edcias"],"inLanguage":"pt-BR","potentialAction":[{"@type":"CommentAction","name":"Comment","target":["https:\/\/psol50.org.br\/articulacoes-de-randolfe-e-clecio-garantem-inclusao-de-vitimas-do-incendio-de-macapa-em-conjuntos-habitacionais\/#respond"]}]},{"@type":"WebPage","@id":"https:\/\/psol50.org.br\/articulacoes-de-randolfe-e-clecio-garantem-inclusao-de-vitimas-do-incendio-de-macapa-em-conjuntos-habitacionais\/","url":"https:\/\/psol50.org.br\/articulacoes-de-randolfe-e-clecio-garantem-inclusao-de-vitimas-do-incendio-de-macapa-em-conjuntos-habitacionais\/","name":"Articula\u00e7\u00f5es de Randolfe e Cl\u00e9cio garantem inclus\u00e3o de v\u00edtimas do inc\u00eandio de Macap\u00e1 em conjuntos habitacionais - PSOL 50","isPartOf":{"@id":"https:\/\/psol50.org.br\/#website"},"datePublished":"2013-10-25T00:00:00+00:00","breadcrumb":{"@id":"https:\/\/psol50.org.br\/articulacoes-de-randolfe-e-clecio-garantem-inclusao-de-vitimas-do-incendio-de-macapa-em-conjuntos-habitacionais\/#breadcrumb"},"inLanguage":"pt-BR","potentialAction":[{"@type":"ReadAction","target":["https:\/\/psol50.org.br\/articulacoes-de-randolfe-e-clecio-garantem-inclusao-de-vitimas-do-incendio-de-macapa-em-conjuntos-habitacionais\/"]}]},{"@type":"BreadcrumbList","@id":"https:\/\/psol50.org.br\/articulacoes-de-randolfe-e-clecio-garantem-inclusao-de-vitimas-do-incendio-de-macapa-em-conjuntos-habitacionais\/#breadcrumb","itemListElement":[{"@type":"ListItem","position":1,"name":"In\u00edcio","item":"https:\/\/psol50.org.br\/"},{"@type":"ListItem","position":2,"name":"Articula\u00e7\u00f5es de Randolfe e Cl\u00e9cio garantem inclus\u00e3o de v\u00edtimas do inc\u00eandio de Macap\u00e1 em conjuntos habitacionais"}]},{"@type":"WebSite","@id":"https:\/\/psol50.org.br\/#website","url":"https:\/\/psol50.org.br\/","name":"PSOL 50","description":"Site oficial do Partido Socialismo e Liberdade","publisher":{"@id":"https:\/\/psol50.org.br\/#organization"},"alternateName":"PSOL50","potentialAction":[{"@type":"SearchAction","target":{"@type":"EntryPoint","urlTemplate":"https:\/\/psol50.org.br\/?s={search_term_string}"},"query-input":{"@type":"PropertyValueSpecification","valueRequired":true,"valueName":"search_term_string"}}],"inLanguage":"pt-BR"},{"@type":"Organization","@id":"https:\/\/psol50.org.br\/#organization","name":"PSOL 50","alternateName":"PSOL 50","url":"https:\/\/psol50.org.br\/","logo":{"@type":"ImageObject","inLanguage":"pt-BR","@id":"https:\/\/psol50.org.br\/#\/schema\/logo\/image\/","url":"https:\/\/psol50.org.br\/inc\/uploads\/2018\/07\/capa.png","contentUrl":"https:\/\/psol50.org.br\/inc\/uploads\/2018\/07\/capa.png","width":1350,"height":900,"caption":"PSOL 50"},"image":{"@id":"https:\/\/psol50.org.br\/#\/schema\/logo\/image\/"},"sameAs":["https:\/\/www.facebook.com\/psol50","https:\/\/x.com\/psol50","https:\/\/www.instagram.com\/psol50\/","https:\/\/www.youtube.com\/channel\/UC7SnJS5o1os7a6CaiNabzcg"]},{"@type":"Person","@id":"https:\/\/psol50.org.br\/#\/schema\/person\/475dfa57d0b815993c714c2e96491fcd","name":"Comunica\u00e7\u00e3o PSOL","image":{"@type":"ImageObject","inLanguage":"pt-BR","@id":"https:\/\/psol50.org.br\/#\/schema\/person\/image\/","url":"https:\/\/secure.gravatar.com\/avatar\/b34fc4f4e468a4e51785917065a3db57b841f5c95dba6ad8c73aaf8f66f8f9bf?s=96&d=mm&r=g","contentUrl":"https:\/\/secure.gravatar.com\/avatar\/b34fc4f4e468a4e51785917065a3db57b841f5c95dba6ad8c73aaf8f66f8f9bf?s=96&d=mm&r=g","caption":"Comunica\u00e7\u00e3o PSOL"}}]}},"_links":{"self":[{"href":"https:\/\/psol50.org.br\/rest\/wp\/v2\/posts\/2379","targetHints":{"allow":["GET"]}}],"collection":[{"href":"https:\/\/psol50.org.br\/rest\/wp\/v2\/posts"}],"about":[{"href":"https:\/\/psol50.org.br\/rest\/wp\/v2\/types\/post"}],"author":[{"embeddable":true,"href":"https:\/\/psol50.org.br\/rest\/wp\/v2\/users\/2"}],"replies":[{"embeddable":true,"href":"https:\/\/psol50.org.br\/rest\/wp\/v2\/comments?post=2379"}],"version-history":[{"count":0,"href":"https:\/\/psol50.org.br\/rest\/wp\/v2\/posts\/2379\/revisions"}],"wp:attachment":[{"href":"https:\/\/psol50.org.br\/rest\/wp\/v2\/media?parent=2379"}],"wp:term":[{"taxonomy":"category","embeddable":true,"href":"https:\/\/psol50.org.br\/rest\/wp\/v2\/categories?post=2379"},{"taxonomy":"post_tag","embeddable":true,"href":"https:\/\/psol50.org.br\/rest\/wp\/v2\/tags?post=2379"}],"curies":[{"name":"wp","href":"https:\/\/api.w.org\/{rel}","templated":true}]}}