{"id":238,"date":"2012-07-23T00:00:00","date_gmt":"2012-07-23T00:00:00","guid":{"rendered":"http:\/\/psol50.org.br\/arquivo\/2012\/07\/23\/onda-vermelha-de-edmilson-rodrigues-e-marinor-brito-percorre-icoaraci-em-belem\/"},"modified":"2012-07-23T00:00:00","modified_gmt":"2012-07-23T00:00:00","slug":"onda-vermelha-de-edmilson-rodrigues-e-marinor-brito-percorre-icoaraci-em-belem","status":"publish","type":"post","link":"https:\/\/psol50.org.br\/onda-vermelha-de-edmilson-rodrigues-e-marinor-brito-percorre-icoaraci-em-belem\/","title":{"rendered":"Onda Vermelha de Edmilson Rodrigues e Marinor Brito percorre Icoaraci, em Bel\u00e9m"},"content":{"rendered":"<p>Os candidatos Marinor Brito, vereadora n\u00ba 50.123, e Edmilson Rodrigues, candidato a prefeito de Bel\u00e9m, comandaram na manh\u00e3 do \u00faltimo s\u00e1bado (21\/07) uma caminhada no distrito de Icoaraci.<\/p>\n<p>A grande onda vermelha percorreu a feira da rua 8 de Maio, pr\u00f3ximo \u00e0 antiga estrada velha do Outeiro, em dire\u00e7\u00e3o \u00e0 Rodovia Augusto Montenegro, onde se encerrou com grande com\u00edcio.<\/p>\n<p>Marinor, Edmilson e Jorge Panzera (vice), acompanhados de diversos candidatos a cargos proporcionais, receberam os cumprimentos de comerciantes e moradores.<\/p>\n<p>&#8211; Volta, Edmilson, pois n\u00e3o aguentamos mais tanto abandono e humilha\u00e7\u00e3o, disse a dona de casa, Maria dos Santos.<\/p>\n<p>&#8211; Em Icoaraci, todos n\u00f3s somos Edmilson e Marinor, chega de abandono, pois aqui nada funciona, faltam m\u00e9dicos e rem\u00e9dios na unidade de sa\u00fade, o transporte p\u00fablico \u00e9 prec\u00e1rio e as escolas da rede p\u00fablica de Bel\u00e9m padecem pelo abandono e falta de professores e merenda escolar. Nossas crian\u00e7as e adolescentes est\u00e3o entregues \u00e0 marginalidade e ao tr\u00e1fico de drogas, disse Manoel Assis, comerciante da \u00e1rea.<\/p>\n<p>&#8211; Vamos trazer de volta a dignidade e a esperan\u00e7a com a reconquista de Bel\u00e9m para nosso povo. O Fam\u00edlia Saud\u00e1vel, o Bolsa Escola e o combate \u00e0 viol\u00eancia ser\u00e3o a marca do nosso terceiro governo do povo. Com Edmilson na Prefeitura e Marinor na C\u00e2mara de Vereadores de Bel\u00e9m, o futuro de felicidade e respeito ao nosso povo estar\u00e3o de volta, disse Marinor.<\/p>\n<p><strong>Festa de inaugura\u00e7\u00e3o do Comit\u00ea<\/strong><\/p>\n<p>Voc\u00ea n\u00e3o pode perder esta festa. Leve o sorriso, a alegria e a energia para contagiar a nossa campanha.\u00a0Inaugura\u00e7\u00e3o do Comit\u00ea Marinor 50123 e Edmilson 50.<\/p>\n<p>Data: 24 de julho (ter\u00e7a), \u00e0s 19h<br \/>\nLocal: Av. Conselheiro Furtado, 2.138, entre Alcindo Cacela e 14 de Mar\u00e7o (em frente ao Conjunto Sta. Maria de Bel\u00e9m).<\/p>\n<p>V\u00e1 e leve seus amigos(as) e a fam\u00edlia!<\/p>\n<p><em>De\u00a0<a href=\"http:\/\/marinorpsol.com.br\/\">http:\/\/marinorpsol.com.br<\/a><\/em><\/p>\n","protected":false},"excerpt":{"rendered":"<p>Os candidatos Marinor Brito, vereadora n\u00ba 50.123, e Edmilson Rodrigues, candidato a prefeito de Bel\u00e9m, comandaram na manh\u00e3 do \u00faltimo s\u00e1bado (21\/07) uma caminhada no distrito de Icoaraci. A grande onda vermelha percorreu a feira da rua 8 de Maio, pr\u00f3ximo \u00e0 antiga estrada velha do Outeiro, em dire\u00e7\u00e3o \u00e0 Rodovia Augusto Montenegro, onde se [&hellip;]<\/p>\n","protected":false},"author":2,"featured_media":0,"comment_status":"open","ping_status":"open","sticky":false,"template":"","format":"standard","meta":{"_acf_changed":false,"footnotes":""},"categories":[4766,4974],"tags":[4975],"class_list":{"0":"post-238","1":"post","2":"type-post","3":"status-publish","4":"format-standard","6":"category-arquivo","7":"category-eleicoes-2012","8":"tag-eleicoes-2012"},"acf":[],"yoast_head":"<!-- This site is optimized with the Yoast SEO plugin v26.5 - https:\/\/yoast.com\/wordpress\/plugins\/seo\/ -->\n<title>Onda Vermelha de Edmilson Rodrigues e Marinor Brito percorre Icoaraci, em Bel\u00e9m - PSOL 50<\/title>\n<meta name=\"robots\" content=\"index, follow, max-snippet:-1, max-image-preview:large, max-video-preview:-1\" \/>\n<link rel=\"canonical\" href=\"https:\/\/psol50.org.br\/onda-vermelha-de-edmilson-rodrigues-e-marinor-brito-percorre-icoaraci-em-belem\/\" \/>\n<meta property=\"og:locale\" content=\"pt_BR\" \/>\n<meta property=\"og:type\" content=\"article\" \/>\n<meta property=\"og:title\" content=\"Onda Vermelha de Edmilson Rodrigues e Marinor Brito percorre Icoaraci, em Bel\u00e9m - PSOL 50\" \/>\n<meta property=\"og:description\" content=\"Os candidatos Marinor Brito, vereadora n\u00ba 50.123, e Edmilson Rodrigues, candidato a prefeito de Bel\u00e9m, comandaram na manh\u00e3 do \u00faltimo s\u00e1bado (21\/07) uma caminhada no distrito de Icoaraci. A grande onda vermelha percorreu a feira da rua 8 de Maio, pr\u00f3ximo \u00e0 antiga estrada velha do Outeiro, em dire\u00e7\u00e3o \u00e0 Rodovia Augusto Montenegro, onde se [&hellip;]\" \/>\n<meta property=\"og:url\" content=\"https:\/\/psol50.org.br\/onda-vermelha-de-edmilson-rodrigues-e-marinor-brito-percorre-icoaraci-em-belem\/\" \/>\n<meta property=\"og:site_name\" content=\"PSOL 50\" \/>\n<meta property=\"article:publisher\" content=\"https:\/\/www.facebook.com\/psol50\" \/>\n<meta property=\"article:published_time\" content=\"2012-07-23T00:00:00+00:00\" \/>\n<meta property=\"og:image\" content=\"https:\/\/psol50.org.br\/inc\/uploads\/2018\/07\/capa.png\" \/>\n\t<meta property=\"og:image:width\" content=\"1350\" \/>\n\t<meta property=\"og:image:height\" content=\"900\" \/>\n\t<meta property=\"og:image:type\" content=\"image\/png\" \/>\n<meta name=\"author\" content=\"Comunica\u00e7\u00e3o PSOL\" \/>\n<meta name=\"twitter:card\" content=\"summary_large_image\" \/>\n<meta name=\"twitter:creator\" content=\"@psol50\" \/>\n<meta name=\"twitter:site\" content=\"@psol50\" \/>\n<meta name=\"twitter:label1\" content=\"Escrito por\" \/>\n\t<meta name=\"twitter:data1\" content=\"Comunica\u00e7\u00e3o PSOL\" \/>\n\t<meta name=\"twitter:label2\" content=\"Est. tempo de leitura\" \/>\n\t<meta name=\"twitter:data2\" content=\"2 minutos\" \/>\n<script type=\"application\/ld+json\" class=\"yoast-schema-graph\">{\"@context\":\"https:\/\/schema.org\",\"@graph\":[{\"@type\":\"Article\",\"@id\":\"https:\/\/psol50.org.br\/onda-vermelha-de-edmilson-rodrigues-e-marinor-brito-percorre-icoaraci-em-belem\/#article\",\"isPartOf\":{\"@id\":\"https:\/\/psol50.org.br\/onda-vermelha-de-edmilson-rodrigues-e-marinor-brito-percorre-icoaraci-em-belem\/\"},\"author\":{\"name\":\"Comunica\u00e7\u00e3o PSOL\",\"@id\":\"https:\/\/psol50.org.br\/#\/schema\/person\/475dfa57d0b815993c714c2e96491fcd\"},\"headline\":\"Onda Vermelha de Edmilson Rodrigues e Marinor Brito percorre Icoaraci, em Bel\u00e9m\",\"datePublished\":\"2012-07-23T00:00:00+00:00\",\"mainEntityOfPage\":{\"@id\":\"https:\/\/psol50.org.br\/onda-vermelha-de-edmilson-rodrigues-e-marinor-brito-percorre-icoaraci-em-belem\/\"},\"wordCount\":335,\"commentCount\":0,\"publisher\":{\"@id\":\"https:\/\/psol50.org.br\/#organization\"},\"keywords\":[\"Elei\u00e7\u00f5es 2012\"],\"articleSection\":[\"Arquivo\",\"ELEI\u00c7\u00d5ES 2012\"],\"inLanguage\":\"pt-BR\",\"potentialAction\":[{\"@type\":\"CommentAction\",\"name\":\"Comment\",\"target\":[\"https:\/\/psol50.org.br\/onda-vermelha-de-edmilson-rodrigues-e-marinor-brito-percorre-icoaraci-em-belem\/#respond\"]}]},{\"@type\":\"WebPage\",\"@id\":\"https:\/\/psol50.org.br\/onda-vermelha-de-edmilson-rodrigues-e-marinor-brito-percorre-icoaraci-em-belem\/\",\"url\":\"https:\/\/psol50.org.br\/onda-vermelha-de-edmilson-rodrigues-e-marinor-brito-percorre-icoaraci-em-belem\/\",\"name\":\"Onda Vermelha de Edmilson Rodrigues e Marinor Brito percorre Icoaraci, em Bel\u00e9m - PSOL 50\",\"isPartOf\":{\"@id\":\"https:\/\/psol50.org.br\/#website\"},\"datePublished\":\"2012-07-23T00:00:00+00:00\",\"breadcrumb\":{\"@id\":\"https:\/\/psol50.org.br\/onda-vermelha-de-edmilson-rodrigues-e-marinor-brito-percorre-icoaraci-em-belem\/#breadcrumb\"},\"inLanguage\":\"pt-BR\",\"potentialAction\":[{\"@type\":\"ReadAction\",\"target\":[\"https:\/\/psol50.org.br\/onda-vermelha-de-edmilson-rodrigues-e-marinor-brito-percorre-icoaraci-em-belem\/\"]}]},{\"@type\":\"BreadcrumbList\",\"@id\":\"https:\/\/psol50.org.br\/onda-vermelha-de-edmilson-rodrigues-e-marinor-brito-percorre-icoaraci-em-belem\/#breadcrumb\",\"itemListElement\":[{\"@type\":\"ListItem\",\"position\":1,\"name\":\"In\u00edcio\",\"item\":\"https:\/\/psol50.org.br\/\"},{\"@type\":\"ListItem\",\"position\":2,\"name\":\"Onda Vermelha de Edmilson Rodrigues e Marinor Brito percorre Icoaraci, em Bel\u00e9m\"}]},{\"@type\":\"WebSite\",\"@id\":\"https:\/\/psol50.org.br\/#website\",\"url\":\"https:\/\/psol50.org.br\/\",\"name\":\"PSOL 50\",\"description\":\"Site oficial do Partido Socialismo e Liberdade\",\"publisher\":{\"@id\":\"https:\/\/psol50.org.br\/#organization\"},\"alternateName\":\"PSOL50\",\"potentialAction\":[{\"@type\":\"SearchAction\",\"target\":{\"@type\":\"EntryPoint\",\"urlTemplate\":\"https:\/\/psol50.org.br\/?s={search_term_string}\"},\"query-input\":{\"@type\":\"PropertyValueSpecification\",\"valueRequired\":true,\"valueName\":\"search_term_string\"}}],\"inLanguage\":\"pt-BR\"},{\"@type\":\"Organization\",\"@id\":\"https:\/\/psol50.org.br\/#organization\",\"name\":\"PSOL 50\",\"alternateName\":\"PSOL 50\",\"url\":\"https:\/\/psol50.org.br\/\",\"logo\":{\"@type\":\"ImageObject\",\"inLanguage\":\"pt-BR\",\"@id\":\"https:\/\/psol50.org.br\/#\/schema\/logo\/image\/\",\"url\":\"https:\/\/psol50.org.br\/inc\/uploads\/2018\/07\/capa.png\",\"contentUrl\":\"https:\/\/psol50.org.br\/inc\/uploads\/2018\/07\/capa.png\",\"width\":1350,\"height\":900,\"caption\":\"PSOL 50\"},\"image\":{\"@id\":\"https:\/\/psol50.org.br\/#\/schema\/logo\/image\/\"},\"sameAs\":[\"https:\/\/www.facebook.com\/psol50\",\"https:\/\/x.com\/psol50\",\"https:\/\/www.instagram.com\/psol50\/\",\"https:\/\/www.youtube.com\/channel\/UC7SnJS5o1os7a6CaiNabzcg\"]},{\"@type\":\"Person\",\"@id\":\"https:\/\/psol50.org.br\/#\/schema\/person\/475dfa57d0b815993c714c2e96491fcd\",\"name\":\"Comunica\u00e7\u00e3o PSOL\",\"image\":{\"@type\":\"ImageObject\",\"inLanguage\":\"pt-BR\",\"@id\":\"https:\/\/psol50.org.br\/#\/schema\/person\/image\/\",\"url\":\"https:\/\/secure.gravatar.com\/avatar\/b34fc4f4e468a4e51785917065a3db57b841f5c95dba6ad8c73aaf8f66f8f9bf?s=96&d=mm&r=g\",\"contentUrl\":\"https:\/\/secure.gravatar.com\/avatar\/b34fc4f4e468a4e51785917065a3db57b841f5c95dba6ad8c73aaf8f66f8f9bf?s=96&d=mm&r=g\",\"caption\":\"Comunica\u00e7\u00e3o PSOL\"}}]}<\/script>\n<!-- \/ Yoast SEO plugin. -->","yoast_head_json":{"title":"Onda Vermelha de Edmilson Rodrigues e Marinor Brito percorre Icoaraci, em Bel\u00e9m - PSOL 50","robots":{"index":"index","follow":"follow","max-snippet":"max-snippet:-1","max-image-preview":"max-image-preview:large","max-video-preview":"max-video-preview:-1"},"canonical":"https:\/\/psol50.org.br\/onda-vermelha-de-edmilson-rodrigues-e-marinor-brito-percorre-icoaraci-em-belem\/","og_locale":"pt_BR","og_type":"article","og_title":"Onda Vermelha de Edmilson Rodrigues e Marinor Brito percorre Icoaraci, em Bel\u00e9m - PSOL 50","og_description":"Os candidatos Marinor Brito, vereadora n\u00ba 50.123, e Edmilson Rodrigues, candidato a prefeito de Bel\u00e9m, comandaram na manh\u00e3 do \u00faltimo s\u00e1bado (21\/07) uma caminhada no distrito de Icoaraci. A grande onda vermelha percorreu a feira da rua 8 de Maio, pr\u00f3ximo \u00e0 antiga estrada velha do Outeiro, em dire\u00e7\u00e3o \u00e0 Rodovia Augusto Montenegro, onde se [&hellip;]","og_url":"https:\/\/psol50.org.br\/onda-vermelha-de-edmilson-rodrigues-e-marinor-brito-percorre-icoaraci-em-belem\/","og_site_name":"PSOL 50","article_publisher":"https:\/\/www.facebook.com\/psol50","article_published_time":"2012-07-23T00:00:00+00:00","og_image":[{"width":1350,"height":900,"url":"https:\/\/psol50.org.br\/inc\/uploads\/2018\/07\/capa.png","type":"image\/png"}],"author":"Comunica\u00e7\u00e3o PSOL","twitter_card":"summary_large_image","twitter_creator":"@psol50","twitter_site":"@psol50","twitter_misc":{"Escrito por":"Comunica\u00e7\u00e3o PSOL","Est. tempo de leitura":"2 minutos"},"schema":{"@context":"https:\/\/schema.org","@graph":[{"@type":"Article","@id":"https:\/\/psol50.org.br\/onda-vermelha-de-edmilson-rodrigues-e-marinor-brito-percorre-icoaraci-em-belem\/#article","isPartOf":{"@id":"https:\/\/psol50.org.br\/onda-vermelha-de-edmilson-rodrigues-e-marinor-brito-percorre-icoaraci-em-belem\/"},"author":{"name":"Comunica\u00e7\u00e3o PSOL","@id":"https:\/\/psol50.org.br\/#\/schema\/person\/475dfa57d0b815993c714c2e96491fcd"},"headline":"Onda Vermelha de Edmilson Rodrigues e Marinor Brito percorre Icoaraci, em Bel\u00e9m","datePublished":"2012-07-23T00:00:00+00:00","mainEntityOfPage":{"@id":"https:\/\/psol50.org.br\/onda-vermelha-de-edmilson-rodrigues-e-marinor-brito-percorre-icoaraci-em-belem\/"},"wordCount":335,"commentCount":0,"publisher":{"@id":"https:\/\/psol50.org.br\/#organization"},"keywords":["Elei\u00e7\u00f5es 2012"],"articleSection":["Arquivo","ELEI\u00c7\u00d5ES 2012"],"inLanguage":"pt-BR","potentialAction":[{"@type":"CommentAction","name":"Comment","target":["https:\/\/psol50.org.br\/onda-vermelha-de-edmilson-rodrigues-e-marinor-brito-percorre-icoaraci-em-belem\/#respond"]}]},{"@type":"WebPage","@id":"https:\/\/psol50.org.br\/onda-vermelha-de-edmilson-rodrigues-e-marinor-brito-percorre-icoaraci-em-belem\/","url":"https:\/\/psol50.org.br\/onda-vermelha-de-edmilson-rodrigues-e-marinor-brito-percorre-icoaraci-em-belem\/","name":"Onda Vermelha de Edmilson Rodrigues e Marinor Brito percorre Icoaraci, em Bel\u00e9m - PSOL 50","isPartOf":{"@id":"https:\/\/psol50.org.br\/#website"},"datePublished":"2012-07-23T00:00:00+00:00","breadcrumb":{"@id":"https:\/\/psol50.org.br\/onda-vermelha-de-edmilson-rodrigues-e-marinor-brito-percorre-icoaraci-em-belem\/#breadcrumb"},"inLanguage":"pt-BR","potentialAction":[{"@type":"ReadAction","target":["https:\/\/psol50.org.br\/onda-vermelha-de-edmilson-rodrigues-e-marinor-brito-percorre-icoaraci-em-belem\/"]}]},{"@type":"BreadcrumbList","@id":"https:\/\/psol50.org.br\/onda-vermelha-de-edmilson-rodrigues-e-marinor-brito-percorre-icoaraci-em-belem\/#breadcrumb","itemListElement":[{"@type":"ListItem","position":1,"name":"In\u00edcio","item":"https:\/\/psol50.org.br\/"},{"@type":"ListItem","position":2,"name":"Onda Vermelha de Edmilson Rodrigues e Marinor Brito percorre Icoaraci, em Bel\u00e9m"}]},{"@type":"WebSite","@id":"https:\/\/psol50.org.br\/#website","url":"https:\/\/psol50.org.br\/","name":"PSOL 50","description":"Site oficial do Partido Socialismo e Liberdade","publisher":{"@id":"https:\/\/psol50.org.br\/#organization"},"alternateName":"PSOL50","potentialAction":[{"@type":"SearchAction","target":{"@type":"EntryPoint","urlTemplate":"https:\/\/psol50.org.br\/?s={search_term_string}"},"query-input":{"@type":"PropertyValueSpecification","valueRequired":true,"valueName":"search_term_string"}}],"inLanguage":"pt-BR"},{"@type":"Organization","@id":"https:\/\/psol50.org.br\/#organization","name":"PSOL 50","alternateName":"PSOL 50","url":"https:\/\/psol50.org.br\/","logo":{"@type":"ImageObject","inLanguage":"pt-BR","@id":"https:\/\/psol50.org.br\/#\/schema\/logo\/image\/","url":"https:\/\/psol50.org.br\/inc\/uploads\/2018\/07\/capa.png","contentUrl":"https:\/\/psol50.org.br\/inc\/uploads\/2018\/07\/capa.png","width":1350,"height":900,"caption":"PSOL 50"},"image":{"@id":"https:\/\/psol50.org.br\/#\/schema\/logo\/image\/"},"sameAs":["https:\/\/www.facebook.com\/psol50","https:\/\/x.com\/psol50","https:\/\/www.instagram.com\/psol50\/","https:\/\/www.youtube.com\/channel\/UC7SnJS5o1os7a6CaiNabzcg"]},{"@type":"Person","@id":"https:\/\/psol50.org.br\/#\/schema\/person\/475dfa57d0b815993c714c2e96491fcd","name":"Comunica\u00e7\u00e3o PSOL","image":{"@type":"ImageObject","inLanguage":"pt-BR","@id":"https:\/\/psol50.org.br\/#\/schema\/person\/image\/","url":"https:\/\/secure.gravatar.com\/avatar\/b34fc4f4e468a4e51785917065a3db57b841f5c95dba6ad8c73aaf8f66f8f9bf?s=96&d=mm&r=g","contentUrl":"https:\/\/secure.gravatar.com\/avatar\/b34fc4f4e468a4e51785917065a3db57b841f5c95dba6ad8c73aaf8f66f8f9bf?s=96&d=mm&r=g","caption":"Comunica\u00e7\u00e3o PSOL"}}]}},"_links":{"self":[{"href":"https:\/\/psol50.org.br\/rest\/wp\/v2\/posts\/238","targetHints":{"allow":["GET"]}}],"collection":[{"href":"https:\/\/psol50.org.br\/rest\/wp\/v2\/posts"}],"about":[{"href":"https:\/\/psol50.org.br\/rest\/wp\/v2\/types\/post"}],"author":[{"embeddable":true,"href":"https:\/\/psol50.org.br\/rest\/wp\/v2\/users\/2"}],"replies":[{"embeddable":true,"href":"https:\/\/psol50.org.br\/rest\/wp\/v2\/comments?post=238"}],"version-history":[{"count":0,"href":"https:\/\/psol50.org.br\/rest\/wp\/v2\/posts\/238\/revisions"}],"wp:attachment":[{"href":"https:\/\/psol50.org.br\/rest\/wp\/v2\/media?parent=238"}],"wp:term":[{"taxonomy":"category","embeddable":true,"href":"https:\/\/psol50.org.br\/rest\/wp\/v2\/categories?post=238"},{"taxonomy":"post_tag","embeddable":true,"href":"https:\/\/psol50.org.br\/rest\/wp\/v2\/tags?post=238"}],"curies":[{"name":"wp","href":"https:\/\/api.w.org\/{rel}","templated":true}]}}