{"id":2380,"date":"2013-10-25T00:00:00","date_gmt":"2013-10-25T00:00:00","guid":{"rendered":"http:\/\/psol50.org.br\/arquivo\/2013\/10\/25\/movimento-passe-livre-promove-ato-nesta-sexta-feira-em-brasilia\/"},"modified":"2013-10-25T00:00:00","modified_gmt":"2013-10-25T00:00:00","slug":"movimento-passe-livre-promove-ato-nesta-sexta-feira-em-brasilia","status":"publish","type":"post","link":"https:\/\/psol50.org.br\/movimento-passe-livre-promove-ato-nesta-sexta-feira-em-brasilia\/","title":{"rendered":"Movimento Passe Livre promove ato nesta sexta-feira, em Bras\u00edlia"},"content":{"rendered":"<div style=\"text-align: justify;\">\n\t<em>Atividade faz parte da semana nacional de Luta pela Tarifa Zero. Concentra\u00e7\u00e3o ser\u00e1 \u00e0s 17h, na Rodovi\u00e1ria do Plano Piloto<\/em><br \/>\n\t&nbsp;<br \/>\n\t\u201cPor uma vida sem catracas!\u201d, esse \u00e9 o lema da manifesta\u00e7\u00e3o que ser\u00e1 realizada nesta sexta-feira (25), \u00e0s 17h, em Bras\u00edlia, convocada pelo Movimento Passe Livre (MPL). Em todo o pa\u00eds, nesta semana o MPL, com o apoio de diversas organiza\u00e7\u00f5es sociais, promove a Semana Nacional pela Tarifa Zero.<br \/>\n\t&nbsp;<br \/>\n\tNa convocat\u00f3ria do ato, o MPL faz uma retrospectiva das mobiliza\u00e7\u00f5es que ocorreram neste ano, especialmente as que foram denominadas de jornadas de junho. \u201cPautas como o sucateamento do&nbsp;sistema \u00fanico de sa\u00fade, da educa\u00e7\u00e3o e os elevados custos de vida nas cidades foram enfatizadas. Na maioria das cidades os protestos iniciaram a partir da insatisfa\u00e7\u00e3o com as tarifas do transporte coletivo. Porto Alegre, Goi\u00e2nia, S\u00e3o Paulo e Rio de Janeiro foram \u00e0s ruas contra o aumento de passagem e conseguiram derrub\u00e1-lo. A bandeira da Tarifa Zero passou a ser conhecida e comentada, foi implementada em uma cidade e declarada \u2018perfeitamente poss\u00edvel\u2019 por governos como o do Distrito Federal\u201d, ressalta a convocat\u00f3ria do ato.<br \/>\n\t&nbsp;<br \/>\n\tO MPL ressalta, ainda, que as ruas continuam a ser tomadas pelas mais diversas demandas: s\u00e3o professores no Rio, ind\u00edgenas de todo territ\u00f3rio mobilizados contra o avan\u00e7o ruralista sobre seus direitos, ocupa\u00e7\u00f5es dos movimentos sem teto nos grandes centros urbanos, entre outros.<\/p>\n<p>\t\u201cOs gritos de quem nunca dormiu continuam a ecoar, e a repress\u00e3o e criminaliza\u00e7\u00e3o dos movimentos sociais se intensifica por toda parte. Essa escalada repressiva come\u00e7a com a brutalidade das a\u00e7\u00f5es policiais contra as manifestantes e se torna ainda mais evidente com o uso, pelos poderes constitu\u00eddos, de legisla\u00e7\u00f5es para criminalizar, como a lei de seguran\u00e7a nacional, promulgada durante a ditadura militar. Neste m\u00eas de outubro a lei 12.850 sancionada pela presid\u00eancia da republica tamb\u00e9m foi aplicada para enquadrar manifestantes no RJ como \u2018organiza\u00e7\u00f5es criminosas\u2019\u201d, argumentam os militantes do Distrito Federal.<\/p>\n<p>\tDe acordo com o MPL, a Semana Nacional de Luta pelo Passe Livre tem como objetivo &nbsp;marcar a mem\u00f3ria do movimento e ter\u00e1 como marco o dia 26 de outubro. Essa data \u00e9 importante porque remonta \u00e0s mobiliza\u00e7\u00f5es e conquistas da Revolta da Catraca de 2004 em Florian\u00f3polis, uma das lutas que deu origem ao Movimento Passe Livre. \u201c\u00c9 preciso manter viva a mem\u00f3ria para sempre lembrar que nossa luta n\u00e3o come\u00e7ou agora &#8211; e que s\u00f3 vai terminar com o fim de todas as catracas. Este ano v\u00e1rias cidades de todo pa\u00eds est\u00e3o se movimentando para mostrar que derrubar os aumentos foi s\u00f3 o come\u00e7o: queremos mesmo \u00e9 zerar a tarifa, desmercantilizar o nosso direito de ir e vir, fazer com que o transporte seja p\u00fablico de verdade e acabar com qualquer tipo de catraca. A luta por uma cidade de todas\/os continua\u201d, enfatiza o manifesto de convoca\u00e7\u00e3o para o ato desta sexta-feira.<br \/>\n\t&nbsp;<br \/>\n\tNeste s\u00e1bado (26), \u00e0s 17, no Conic (centro comercial pr\u00f3ximo \u00e0 Rodovi\u00e1ria do Plano Piloto), o MPL realizar\u00e1 um sarau cultural e pol\u00edtico.<br \/>\n\t&nbsp;<br \/>\n\tAcesse <a href=\"https:\/\/www.facebook.com\/events\/434202113358838\/?ref_dashboard_filter=upcoming\">aqui<\/a> o evento criado pelo MPL no Facebook para refor\u00e7ar a divulga\u00e7\u00e3o do ato de hoje. &nbsp;<\/div>\n","protected":false},"excerpt":{"rendered":"<p>Atividade faz parte da semana nacional de Luta pela Tarifa Zero. Concentra\u00e7\u00e3o ser\u00e1 \u00e0s 17h, na Rodovi\u00e1ria do Plano Piloto &nbsp; \u201cPor uma vida sem catracas!\u201d, esse \u00e9 o lema da manifesta\u00e7\u00e3o que ser\u00e1 realizada nesta sexta-feira (25), \u00e0s 17h, em Bras\u00edlia, convocada pelo Movimento Passe Livre (MPL). Em todo o pa\u00eds, nesta semana o [&hellip;]<\/p>\n","protected":false},"author":2,"featured_media":0,"comment_status":"open","ping_status":"open","sticky":false,"template":"","format":"standard","meta":{"_acf_changed":false,"footnotes":""},"categories":[4766,6],"tags":[],"class_list":{"0":"post-2380","1":"post","2":"type-post","3":"status-publish","4":"format-standard","6":"category-arquivo","7":"category-noticias"},"acf":[],"yoast_head":"<!-- This site is optimized with the Yoast SEO plugin v26.5 - https:\/\/yoast.com\/wordpress\/plugins\/seo\/ -->\n<title>Movimento Passe Livre promove ato nesta sexta-feira, em Bras\u00edlia - PSOL 50<\/title>\n<meta name=\"robots\" content=\"index, follow, max-snippet:-1, max-image-preview:large, max-video-preview:-1\" \/>\n<link rel=\"canonical\" href=\"https:\/\/psol50.org.br\/movimento-passe-livre-promove-ato-nesta-sexta-feira-em-brasilia\/\" \/>\n<meta property=\"og:locale\" content=\"pt_BR\" \/>\n<meta property=\"og:type\" content=\"article\" \/>\n<meta property=\"og:title\" content=\"Movimento Passe Livre promove ato nesta sexta-feira, em Bras\u00edlia - PSOL 50\" \/>\n<meta property=\"og:description\" content=\"Atividade faz parte da semana nacional de Luta pela Tarifa Zero. Concentra\u00e7\u00e3o ser\u00e1 \u00e0s 17h, na Rodovi\u00e1ria do Plano Piloto &nbsp; \u201cPor uma vida sem catracas!\u201d, esse \u00e9 o lema da manifesta\u00e7\u00e3o que ser\u00e1 realizada nesta sexta-feira (25), \u00e0s 17h, em Bras\u00edlia, convocada pelo Movimento Passe Livre (MPL). Em todo o pa\u00eds, nesta semana o [&hellip;]\" \/>\n<meta property=\"og:url\" content=\"https:\/\/psol50.org.br\/movimento-passe-livre-promove-ato-nesta-sexta-feira-em-brasilia\/\" \/>\n<meta property=\"og:site_name\" content=\"PSOL 50\" \/>\n<meta property=\"article:publisher\" content=\"https:\/\/www.facebook.com\/psol50\" \/>\n<meta property=\"article:published_time\" content=\"2013-10-25T00:00:00+00:00\" \/>\n<meta property=\"og:image\" content=\"https:\/\/psol50.org.br\/inc\/uploads\/2018\/07\/capa.png\" \/>\n\t<meta property=\"og:image:width\" content=\"1350\" \/>\n\t<meta property=\"og:image:height\" content=\"900\" \/>\n\t<meta property=\"og:image:type\" content=\"image\/png\" \/>\n<meta name=\"author\" content=\"Comunica\u00e7\u00e3o PSOL\" \/>\n<meta name=\"twitter:card\" content=\"summary_large_image\" \/>\n<meta name=\"twitter:creator\" content=\"@psol50\" \/>\n<meta name=\"twitter:site\" content=\"@psol50\" \/>\n<meta name=\"twitter:label1\" content=\"Escrito por\" \/>\n\t<meta name=\"twitter:data1\" content=\"Comunica\u00e7\u00e3o PSOL\" \/>\n\t<meta name=\"twitter:label2\" content=\"Est. tempo de leitura\" \/>\n\t<meta name=\"twitter:data2\" content=\"3 minutos\" \/>\n<script type=\"application\/ld+json\" class=\"yoast-schema-graph\">{\"@context\":\"https:\/\/schema.org\",\"@graph\":[{\"@type\":\"Article\",\"@id\":\"https:\/\/psol50.org.br\/movimento-passe-livre-promove-ato-nesta-sexta-feira-em-brasilia\/#article\",\"isPartOf\":{\"@id\":\"https:\/\/psol50.org.br\/movimento-passe-livre-promove-ato-nesta-sexta-feira-em-brasilia\/\"},\"author\":{\"name\":\"Comunica\u00e7\u00e3o PSOL\",\"@id\":\"https:\/\/psol50.org.br\/#\/schema\/person\/475dfa57d0b815993c714c2e96491fcd\"},\"headline\":\"Movimento Passe Livre promove ato nesta sexta-feira, em Bras\u00edlia\",\"datePublished\":\"2013-10-25T00:00:00+00:00\",\"mainEntityOfPage\":{\"@id\":\"https:\/\/psol50.org.br\/movimento-passe-livre-promove-ato-nesta-sexta-feira-em-brasilia\/\"},\"wordCount\":568,\"commentCount\":0,\"publisher\":{\"@id\":\"https:\/\/psol50.org.br\/#organization\"},\"articleSection\":[\"Arquivo\",\"Not\u00edcias\"],\"inLanguage\":\"pt-BR\",\"potentialAction\":[{\"@type\":\"CommentAction\",\"name\":\"Comment\",\"target\":[\"https:\/\/psol50.org.br\/movimento-passe-livre-promove-ato-nesta-sexta-feira-em-brasilia\/#respond\"]}]},{\"@type\":\"WebPage\",\"@id\":\"https:\/\/psol50.org.br\/movimento-passe-livre-promove-ato-nesta-sexta-feira-em-brasilia\/\",\"url\":\"https:\/\/psol50.org.br\/movimento-passe-livre-promove-ato-nesta-sexta-feira-em-brasilia\/\",\"name\":\"Movimento Passe Livre promove ato nesta sexta-feira, em Bras\u00edlia - PSOL 50\",\"isPartOf\":{\"@id\":\"https:\/\/psol50.org.br\/#website\"},\"datePublished\":\"2013-10-25T00:00:00+00:00\",\"breadcrumb\":{\"@id\":\"https:\/\/psol50.org.br\/movimento-passe-livre-promove-ato-nesta-sexta-feira-em-brasilia\/#breadcrumb\"},\"inLanguage\":\"pt-BR\",\"potentialAction\":[{\"@type\":\"ReadAction\",\"target\":[\"https:\/\/psol50.org.br\/movimento-passe-livre-promove-ato-nesta-sexta-feira-em-brasilia\/\"]}]},{\"@type\":\"BreadcrumbList\",\"@id\":\"https:\/\/psol50.org.br\/movimento-passe-livre-promove-ato-nesta-sexta-feira-em-brasilia\/#breadcrumb\",\"itemListElement\":[{\"@type\":\"ListItem\",\"position\":1,\"name\":\"In\u00edcio\",\"item\":\"https:\/\/psol50.org.br\/\"},{\"@type\":\"ListItem\",\"position\":2,\"name\":\"Movimento Passe Livre promove ato nesta sexta-feira, em Bras\u00edlia\"}]},{\"@type\":\"WebSite\",\"@id\":\"https:\/\/psol50.org.br\/#website\",\"url\":\"https:\/\/psol50.org.br\/\",\"name\":\"PSOL 50\",\"description\":\"Site oficial do Partido Socialismo e Liberdade\",\"publisher\":{\"@id\":\"https:\/\/psol50.org.br\/#organization\"},\"alternateName\":\"PSOL50\",\"potentialAction\":[{\"@type\":\"SearchAction\",\"target\":{\"@type\":\"EntryPoint\",\"urlTemplate\":\"https:\/\/psol50.org.br\/?s={search_term_string}\"},\"query-input\":{\"@type\":\"PropertyValueSpecification\",\"valueRequired\":true,\"valueName\":\"search_term_string\"}}],\"inLanguage\":\"pt-BR\"},{\"@type\":\"Organization\",\"@id\":\"https:\/\/psol50.org.br\/#organization\",\"name\":\"PSOL 50\",\"alternateName\":\"PSOL 50\",\"url\":\"https:\/\/psol50.org.br\/\",\"logo\":{\"@type\":\"ImageObject\",\"inLanguage\":\"pt-BR\",\"@id\":\"https:\/\/psol50.org.br\/#\/schema\/logo\/image\/\",\"url\":\"https:\/\/psol50.org.br\/inc\/uploads\/2018\/07\/capa.png\",\"contentUrl\":\"https:\/\/psol50.org.br\/inc\/uploads\/2018\/07\/capa.png\",\"width\":1350,\"height\":900,\"caption\":\"PSOL 50\"},\"image\":{\"@id\":\"https:\/\/psol50.org.br\/#\/schema\/logo\/image\/\"},\"sameAs\":[\"https:\/\/www.facebook.com\/psol50\",\"https:\/\/x.com\/psol50\",\"https:\/\/www.instagram.com\/psol50\/\",\"https:\/\/www.youtube.com\/channel\/UC7SnJS5o1os7a6CaiNabzcg\"]},{\"@type\":\"Person\",\"@id\":\"https:\/\/psol50.org.br\/#\/schema\/person\/475dfa57d0b815993c714c2e96491fcd\",\"name\":\"Comunica\u00e7\u00e3o PSOL\",\"image\":{\"@type\":\"ImageObject\",\"inLanguage\":\"pt-BR\",\"@id\":\"https:\/\/psol50.org.br\/#\/schema\/person\/image\/\",\"url\":\"https:\/\/secure.gravatar.com\/avatar\/b34fc4f4e468a4e51785917065a3db57b841f5c95dba6ad8c73aaf8f66f8f9bf?s=96&d=mm&r=g\",\"contentUrl\":\"https:\/\/secure.gravatar.com\/avatar\/b34fc4f4e468a4e51785917065a3db57b841f5c95dba6ad8c73aaf8f66f8f9bf?s=96&d=mm&r=g\",\"caption\":\"Comunica\u00e7\u00e3o PSOL\"}}]}<\/script>\n<!-- \/ Yoast SEO plugin. -->","yoast_head_json":{"title":"Movimento Passe Livre promove ato nesta sexta-feira, em Bras\u00edlia - PSOL 50","robots":{"index":"index","follow":"follow","max-snippet":"max-snippet:-1","max-image-preview":"max-image-preview:large","max-video-preview":"max-video-preview:-1"},"canonical":"https:\/\/psol50.org.br\/movimento-passe-livre-promove-ato-nesta-sexta-feira-em-brasilia\/","og_locale":"pt_BR","og_type":"article","og_title":"Movimento Passe Livre promove ato nesta sexta-feira, em Bras\u00edlia - PSOL 50","og_description":"Atividade faz parte da semana nacional de Luta pela Tarifa Zero. Concentra\u00e7\u00e3o ser\u00e1 \u00e0s 17h, na Rodovi\u00e1ria do Plano Piloto &nbsp; \u201cPor uma vida sem catracas!\u201d, esse \u00e9 o lema da manifesta\u00e7\u00e3o que ser\u00e1 realizada nesta sexta-feira (25), \u00e0s 17h, em Bras\u00edlia, convocada pelo Movimento Passe Livre (MPL). Em todo o pa\u00eds, nesta semana o [&hellip;]","og_url":"https:\/\/psol50.org.br\/movimento-passe-livre-promove-ato-nesta-sexta-feira-em-brasilia\/","og_site_name":"PSOL 50","article_publisher":"https:\/\/www.facebook.com\/psol50","article_published_time":"2013-10-25T00:00:00+00:00","og_image":[{"width":1350,"height":900,"url":"https:\/\/psol50.org.br\/inc\/uploads\/2018\/07\/capa.png","type":"image\/png"}],"author":"Comunica\u00e7\u00e3o PSOL","twitter_card":"summary_large_image","twitter_creator":"@psol50","twitter_site":"@psol50","twitter_misc":{"Escrito por":"Comunica\u00e7\u00e3o PSOL","Est. tempo de leitura":"3 minutos"},"schema":{"@context":"https:\/\/schema.org","@graph":[{"@type":"Article","@id":"https:\/\/psol50.org.br\/movimento-passe-livre-promove-ato-nesta-sexta-feira-em-brasilia\/#article","isPartOf":{"@id":"https:\/\/psol50.org.br\/movimento-passe-livre-promove-ato-nesta-sexta-feira-em-brasilia\/"},"author":{"name":"Comunica\u00e7\u00e3o PSOL","@id":"https:\/\/psol50.org.br\/#\/schema\/person\/475dfa57d0b815993c714c2e96491fcd"},"headline":"Movimento Passe Livre promove ato nesta sexta-feira, em Bras\u00edlia","datePublished":"2013-10-25T00:00:00+00:00","mainEntityOfPage":{"@id":"https:\/\/psol50.org.br\/movimento-passe-livre-promove-ato-nesta-sexta-feira-em-brasilia\/"},"wordCount":568,"commentCount":0,"publisher":{"@id":"https:\/\/psol50.org.br\/#organization"},"articleSection":["Arquivo","Not\u00edcias"],"inLanguage":"pt-BR","potentialAction":[{"@type":"CommentAction","name":"Comment","target":["https:\/\/psol50.org.br\/movimento-passe-livre-promove-ato-nesta-sexta-feira-em-brasilia\/#respond"]}]},{"@type":"WebPage","@id":"https:\/\/psol50.org.br\/movimento-passe-livre-promove-ato-nesta-sexta-feira-em-brasilia\/","url":"https:\/\/psol50.org.br\/movimento-passe-livre-promove-ato-nesta-sexta-feira-em-brasilia\/","name":"Movimento Passe Livre promove ato nesta sexta-feira, em Bras\u00edlia - PSOL 50","isPartOf":{"@id":"https:\/\/psol50.org.br\/#website"},"datePublished":"2013-10-25T00:00:00+00:00","breadcrumb":{"@id":"https:\/\/psol50.org.br\/movimento-passe-livre-promove-ato-nesta-sexta-feira-em-brasilia\/#breadcrumb"},"inLanguage":"pt-BR","potentialAction":[{"@type":"ReadAction","target":["https:\/\/psol50.org.br\/movimento-passe-livre-promove-ato-nesta-sexta-feira-em-brasilia\/"]}]},{"@type":"BreadcrumbList","@id":"https:\/\/psol50.org.br\/movimento-passe-livre-promove-ato-nesta-sexta-feira-em-brasilia\/#breadcrumb","itemListElement":[{"@type":"ListItem","position":1,"name":"In\u00edcio","item":"https:\/\/psol50.org.br\/"},{"@type":"ListItem","position":2,"name":"Movimento Passe Livre promove ato nesta sexta-feira, em Bras\u00edlia"}]},{"@type":"WebSite","@id":"https:\/\/psol50.org.br\/#website","url":"https:\/\/psol50.org.br\/","name":"PSOL 50","description":"Site oficial do Partido Socialismo e Liberdade","publisher":{"@id":"https:\/\/psol50.org.br\/#organization"},"alternateName":"PSOL50","potentialAction":[{"@type":"SearchAction","target":{"@type":"EntryPoint","urlTemplate":"https:\/\/psol50.org.br\/?s={search_term_string}"},"query-input":{"@type":"PropertyValueSpecification","valueRequired":true,"valueName":"search_term_string"}}],"inLanguage":"pt-BR"},{"@type":"Organization","@id":"https:\/\/psol50.org.br\/#organization","name":"PSOL 50","alternateName":"PSOL 50","url":"https:\/\/psol50.org.br\/","logo":{"@type":"ImageObject","inLanguage":"pt-BR","@id":"https:\/\/psol50.org.br\/#\/schema\/logo\/image\/","url":"https:\/\/psol50.org.br\/inc\/uploads\/2018\/07\/capa.png","contentUrl":"https:\/\/psol50.org.br\/inc\/uploads\/2018\/07\/capa.png","width":1350,"height":900,"caption":"PSOL 50"},"image":{"@id":"https:\/\/psol50.org.br\/#\/schema\/logo\/image\/"},"sameAs":["https:\/\/www.facebook.com\/psol50","https:\/\/x.com\/psol50","https:\/\/www.instagram.com\/psol50\/","https:\/\/www.youtube.com\/channel\/UC7SnJS5o1os7a6CaiNabzcg"]},{"@type":"Person","@id":"https:\/\/psol50.org.br\/#\/schema\/person\/475dfa57d0b815993c714c2e96491fcd","name":"Comunica\u00e7\u00e3o PSOL","image":{"@type":"ImageObject","inLanguage":"pt-BR","@id":"https:\/\/psol50.org.br\/#\/schema\/person\/image\/","url":"https:\/\/secure.gravatar.com\/avatar\/b34fc4f4e468a4e51785917065a3db57b841f5c95dba6ad8c73aaf8f66f8f9bf?s=96&d=mm&r=g","contentUrl":"https:\/\/secure.gravatar.com\/avatar\/b34fc4f4e468a4e51785917065a3db57b841f5c95dba6ad8c73aaf8f66f8f9bf?s=96&d=mm&r=g","caption":"Comunica\u00e7\u00e3o PSOL"}}]}},"_links":{"self":[{"href":"https:\/\/psol50.org.br\/rest\/wp\/v2\/posts\/2380","targetHints":{"allow":["GET"]}}],"collection":[{"href":"https:\/\/psol50.org.br\/rest\/wp\/v2\/posts"}],"about":[{"href":"https:\/\/psol50.org.br\/rest\/wp\/v2\/types\/post"}],"author":[{"embeddable":true,"href":"https:\/\/psol50.org.br\/rest\/wp\/v2\/users\/2"}],"replies":[{"embeddable":true,"href":"https:\/\/psol50.org.br\/rest\/wp\/v2\/comments?post=2380"}],"version-history":[{"count":0,"href":"https:\/\/psol50.org.br\/rest\/wp\/v2\/posts\/2380\/revisions"}],"wp:attachment":[{"href":"https:\/\/psol50.org.br\/rest\/wp\/v2\/media?parent=2380"}],"wp:term":[{"taxonomy":"category","embeddable":true,"href":"https:\/\/psol50.org.br\/rest\/wp\/v2\/categories?post=2380"},{"taxonomy":"post_tag","embeddable":true,"href":"https:\/\/psol50.org.br\/rest\/wp\/v2\/tags?post=2380"}],"curies":[{"name":"wp","href":"https:\/\/api.w.org\/{rel}","templated":true}]}}