{"id":2385,"date":"2013-10-28T00:00:00","date_gmt":"2013-10-28T00:00:00","guid":{"rendered":"http:\/\/psol50.org.br\/arquivo\/2013\/10\/28\/documentario-sobre-a-campanha-de-marcelo-freixo-e-exibido-na-37a-mostra-de-cinema-internacional-de-sao-paulo\/"},"modified":"2013-10-28T00:00:00","modified_gmt":"2013-10-28T00:00:00","slug":"documentario-sobre-a-campanha-de-marcelo-freixo-e-exibido-na-37a-mostra-de-cinema-internacional-de-sao-paulo","status":"publish","type":"post","link":"https:\/\/psol50.org.br\/documentario-sobre-a-campanha-de-marcelo-freixo-e-exibido-na-37a-mostra-de-cinema-internacional-de-sao-paulo\/","title":{"rendered":"Document\u00e1rio sobre a campanha de Marcelo Freixo \u00e9 exibido na 37\u00aa Mostra de Cinema Internacional de S\u00e3o Paulo"},"content":{"rendered":"<p style=\"text-align: justify;\">\n\t<em>&#8216;Rio Ano Zero&#8217; revela bastidores da campanha de Freixo \u00e0 prefeitura. <\/em><em>Diretora francesa afirma ter tido dificuldade para veicular document\u00e1rio no Rio<\/em><\/p>\n<p>\tSer\u00e1 exibido nesta segunda-feira (28), na 37\u00aa Mostra de Cinema Internacional de S\u00e3o Paulo, o document\u00e1rio \u201cRio Ano Zero\u201d, que retrata os bastidores da campanha do deputado estadual pelo PSOL do Rio de Janeiro, Marcelo Freixo, \u00e0 Prefeitura do Rio de Janeiro em 2012. No filme, a cineasta francesa Aude Chevalier-Beaumel apresenta as elei\u00e7\u00f5es de dentro da campanha, mostrando o trabalho dos candidatos para atingir e sensibilizar a popula\u00e7\u00e3o e as dificuldades enfrentadas por partidos pequenos.<\/p>\n<p>\t&#8220;J\u00e1 conhecia o Marcelo de um outro projeto. Ele foi uma das pessoas que entrevistei para fazer &#8216;Estrada&#8217;, filme de 2009 que aborda a viol\u00eancia urbana no Rio e o assassinato de jovens devido ao tr\u00e1fico de drogas&#8221;, disse a cineasta em entrevista ao&nbsp;<strong>G1<\/strong>.<\/p>\n<p>\tAtenta aos debates sobre direitos humanos, Aude dirigiu &#8220;Proteja-me&#8221;, sobre os abusos cometidos contra imigrantes ilegais de pa\u00edses como Guatemala e Honduras ao tentar atravessar o M\u00e9xico at\u00e9 a fronteira com os EUA.<\/p>\n<p>\t&#8220;Quando soube da candidatura, procurei apoio de uma produtora francesa para filmar os bastidores da campanha antes mesmo de falar com o Freixo. Ele \u00e9 uma pessoa aberta e tinha certeza de que ele n\u00e3o iria se opor \u00e0 ideia. Rapidamente vim ao Brasil para conversar com ele, que aceitou a proposta&#8221;, afirmou.<\/p>\n<p>\tNo filme, que aponta as dificuldades enfrentadas especialmente por partidos pequenos e com poucos recursos financeiros, como o PSOL, Marcelo Freixo aparece panfletando em diferentes pontos do Rio. &#8220;O filme mostra Freixo e sua equipe indo em favelas e tirando fotos com moradores pobres em lugares sem saneamento ou asfalto. Ele tamb\u00e9m acaba caindo nessa quest\u00e3o de representar para os outros, declarou a cineasta francesa ao G1&#8221;<\/p>\n<p>\tEmbora o filme retrate uma campanha que se passou no Rio de Janeiro, ele ainda n\u00e3o foi exibido aos cariocas. &#8220;Eu n\u00e3o assisti ao document\u00e1rio. Tenho muito trabalho aqui no Rio e n\u00e3o pude ir a S\u00e3o Paulo. Mas um filme feito no Rio, sobre uma campanha no Rio, passar pela primeira vez em S\u00e3o Paulo \u00e9 no m\u00ednimo estranho,&#8221; declarou Marcelo Freixo ao G1, sobre o fato de o document\u00e1rio ainda n\u00e3o ter sido exibido nas salas do Rio.<\/p>\n<p>\tA diretora Aude Chevalier-Beaumel tamb\u00e9m mostrou descontentamento quanto ao fato de \u201cRui Ano Zero\u201d n\u00e3o ter sido selecionado para o Festival do Rio 2013, que aconteceu entre os dias 26 de setembro e 10 de outubro.&nbsp; &#8220;Nos inscrevemos para a mostra competitiva, mas o filme n\u00e3o foi selecionado. Depois tentamos nos inscrever para a mostra n\u00e3o-competitiva. Mas uma pessoa da organiza\u00e7\u00e3o me disse que houve forte veto para que n\u00e3o fosse aprovado, j\u00e1 que envolve campanha do Freixo, um advers\u00e1rio da atual gest\u00e3o da prefeitura&#8221;, declarou Aude.<\/p>\n<p>\tA Festival do Rio \u00e9 um dos principais patrocinadores do evento, juntamente com a Petrobras.<\/p>\n<p>\tAo <strong>G1<\/strong>, a organiza\u00e7\u00e3o do festival negou que o filme tenha sido vetado por quest\u00f5es pol\u00edticas. J\u00e1 a Prefeitura do Rio foi procurada, mas n\u00e3o se pronunciou sobre a declara\u00e7\u00e3o da diretora de &#8220;Rio Ano Zero&#8221;.<\/p>\n<p>\t<strong>Servi\u00e7o:<\/strong><br \/>\n\t<strong>&#8216;Rio Ano Zero&#8217; na Mostra de<\/strong>&nbsp;<strong><a href=\"http:\/\/g1.globo.com\/sp\/sao-paulo\/cidade\/sao-paulo.html\">S\u00e3o Paulo<\/a><\/strong><br \/>\n\t<strong>Quando:<\/strong>&nbsp;28 de outubro (segunda-feira), \u00e0s 20h40.<br \/>\n\t<strong>Onde:<\/strong>&nbsp;Cinemateca &#8211; Sala Petrobras<br \/>\n\t<strong>Endere\u00e7o:<\/strong>&nbsp;Largo Senador Raul Cardoso, 207, Vila Clementino<\/p>\n<p>&nbsp;<\/p>\n","protected":false},"excerpt":{"rendered":"<p>&#8216;Rio Ano Zero&#8217; revela bastidores da campanha de Freixo \u00e0 prefeitura. Diretora francesa afirma ter tido dificuldade para veicular document\u00e1rio no Rio Ser\u00e1 exibido nesta segunda-feira (28), na 37\u00aa Mostra de Cinema Internacional de S\u00e3o Paulo, o document\u00e1rio \u201cRio Ano Zero\u201d, que retrata os bastidores da campanha do deputado estadual pelo PSOL do Rio de [&hellip;]<\/p>\n","protected":false},"author":2,"featured_media":0,"comment_status":"open","ping_status":"open","sticky":false,"template":"","format":"standard","meta":{"_acf_changed":false,"footnotes":""},"categories":[4766,6],"tags":[],"class_list":{"0":"post-2385","1":"post","2":"type-post","3":"status-publish","4":"format-standard","6":"category-arquivo","7":"category-noticias"},"acf":[],"yoast_head":"<!-- This site is optimized with the Yoast SEO plugin v26.5 - https:\/\/yoast.com\/wordpress\/plugins\/seo\/ -->\n<title>Document\u00e1rio sobre a campanha de Marcelo Freixo \u00e9 exibido na 37\u00aa Mostra de Cinema Internacional de S\u00e3o Paulo - PSOL 50<\/title>\n<meta name=\"robots\" content=\"index, follow, max-snippet:-1, max-image-preview:large, max-video-preview:-1\" \/>\n<link rel=\"canonical\" href=\"https:\/\/psol50.org.br\/documentario-sobre-a-campanha-de-marcelo-freixo-e-exibido-na-37a-mostra-de-cinema-internacional-de-sao-paulo\/\" \/>\n<meta property=\"og:locale\" content=\"pt_BR\" \/>\n<meta property=\"og:type\" content=\"article\" \/>\n<meta property=\"og:title\" content=\"Document\u00e1rio sobre a campanha de Marcelo Freixo \u00e9 exibido na 37\u00aa Mostra de Cinema Internacional de S\u00e3o Paulo - PSOL 50\" \/>\n<meta property=\"og:description\" content=\"&#8216;Rio Ano Zero&#8217; revela bastidores da campanha de Freixo \u00e0 prefeitura. Diretora francesa afirma ter tido dificuldade para veicular document\u00e1rio no Rio Ser\u00e1 exibido nesta segunda-feira (28), na 37\u00aa Mostra de Cinema Internacional de S\u00e3o Paulo, o document\u00e1rio \u201cRio Ano Zero\u201d, que retrata os bastidores da campanha do deputado estadual pelo PSOL do Rio de [&hellip;]\" \/>\n<meta property=\"og:url\" content=\"https:\/\/psol50.org.br\/documentario-sobre-a-campanha-de-marcelo-freixo-e-exibido-na-37a-mostra-de-cinema-internacional-de-sao-paulo\/\" \/>\n<meta property=\"og:site_name\" content=\"PSOL 50\" \/>\n<meta property=\"article:publisher\" content=\"https:\/\/www.facebook.com\/psol50\" \/>\n<meta property=\"article:published_time\" content=\"2013-10-28T00:00:00+00:00\" \/>\n<meta property=\"og:image\" content=\"https:\/\/psol50.org.br\/inc\/uploads\/2018\/07\/capa.png\" \/>\n\t<meta property=\"og:image:width\" content=\"1350\" \/>\n\t<meta property=\"og:image:height\" content=\"900\" \/>\n\t<meta property=\"og:image:type\" content=\"image\/png\" \/>\n<meta name=\"author\" content=\"Comunica\u00e7\u00e3o PSOL\" \/>\n<meta name=\"twitter:card\" content=\"summary_large_image\" \/>\n<meta name=\"twitter:creator\" content=\"@psol50\" \/>\n<meta name=\"twitter:site\" content=\"@psol50\" \/>\n<meta name=\"twitter:label1\" content=\"Escrito por\" \/>\n\t<meta name=\"twitter:data1\" content=\"Comunica\u00e7\u00e3o PSOL\" \/>\n\t<meta name=\"twitter:label2\" content=\"Est. tempo de leitura\" \/>\n\t<meta name=\"twitter:data2\" content=\"3 minutos\" \/>\n<script type=\"application\/ld+json\" class=\"yoast-schema-graph\">{\"@context\":\"https:\/\/schema.org\",\"@graph\":[{\"@type\":\"Article\",\"@id\":\"https:\/\/psol50.org.br\/documentario-sobre-a-campanha-de-marcelo-freixo-e-exibido-na-37a-mostra-de-cinema-internacional-de-sao-paulo\/#article\",\"isPartOf\":{\"@id\":\"https:\/\/psol50.org.br\/documentario-sobre-a-campanha-de-marcelo-freixo-e-exibido-na-37a-mostra-de-cinema-internacional-de-sao-paulo\/\"},\"author\":{\"name\":\"Comunica\u00e7\u00e3o PSOL\",\"@id\":\"https:\/\/psol50.org.br\/#\/schema\/person\/475dfa57d0b815993c714c2e96491fcd\"},\"headline\":\"Document\u00e1rio sobre a campanha de Marcelo Freixo \u00e9 exibido na 37\u00aa Mostra de Cinema Internacional de S\u00e3o Paulo\",\"datePublished\":\"2013-10-28T00:00:00+00:00\",\"mainEntityOfPage\":{\"@id\":\"https:\/\/psol50.org.br\/documentario-sobre-a-campanha-de-marcelo-freixo-e-exibido-na-37a-mostra-de-cinema-internacional-de-sao-paulo\/\"},\"wordCount\":590,\"commentCount\":0,\"publisher\":{\"@id\":\"https:\/\/psol50.org.br\/#organization\"},\"articleSection\":[\"Arquivo\",\"Not\u00edcias\"],\"inLanguage\":\"pt-BR\",\"potentialAction\":[{\"@type\":\"CommentAction\",\"name\":\"Comment\",\"target\":[\"https:\/\/psol50.org.br\/documentario-sobre-a-campanha-de-marcelo-freixo-e-exibido-na-37a-mostra-de-cinema-internacional-de-sao-paulo\/#respond\"]}]},{\"@type\":\"WebPage\",\"@id\":\"https:\/\/psol50.org.br\/documentario-sobre-a-campanha-de-marcelo-freixo-e-exibido-na-37a-mostra-de-cinema-internacional-de-sao-paulo\/\",\"url\":\"https:\/\/psol50.org.br\/documentario-sobre-a-campanha-de-marcelo-freixo-e-exibido-na-37a-mostra-de-cinema-internacional-de-sao-paulo\/\",\"name\":\"Document\u00e1rio sobre a campanha de Marcelo Freixo \u00e9 exibido na 37\u00aa Mostra de Cinema Internacional de S\u00e3o Paulo - PSOL 50\",\"isPartOf\":{\"@id\":\"https:\/\/psol50.org.br\/#website\"},\"datePublished\":\"2013-10-28T00:00:00+00:00\",\"breadcrumb\":{\"@id\":\"https:\/\/psol50.org.br\/documentario-sobre-a-campanha-de-marcelo-freixo-e-exibido-na-37a-mostra-de-cinema-internacional-de-sao-paulo\/#breadcrumb\"},\"inLanguage\":\"pt-BR\",\"potentialAction\":[{\"@type\":\"ReadAction\",\"target\":[\"https:\/\/psol50.org.br\/documentario-sobre-a-campanha-de-marcelo-freixo-e-exibido-na-37a-mostra-de-cinema-internacional-de-sao-paulo\/\"]}]},{\"@type\":\"BreadcrumbList\",\"@id\":\"https:\/\/psol50.org.br\/documentario-sobre-a-campanha-de-marcelo-freixo-e-exibido-na-37a-mostra-de-cinema-internacional-de-sao-paulo\/#breadcrumb\",\"itemListElement\":[{\"@type\":\"ListItem\",\"position\":1,\"name\":\"In\u00edcio\",\"item\":\"https:\/\/psol50.org.br\/\"},{\"@type\":\"ListItem\",\"position\":2,\"name\":\"Document\u00e1rio sobre a campanha de Marcelo Freixo \u00e9 exibido na 37\u00aa Mostra de Cinema Internacional de S\u00e3o Paulo\"}]},{\"@type\":\"WebSite\",\"@id\":\"https:\/\/psol50.org.br\/#website\",\"url\":\"https:\/\/psol50.org.br\/\",\"name\":\"PSOL 50\",\"description\":\"Site oficial do Partido Socialismo e Liberdade\",\"publisher\":{\"@id\":\"https:\/\/psol50.org.br\/#organization\"},\"alternateName\":\"PSOL50\",\"potentialAction\":[{\"@type\":\"SearchAction\",\"target\":{\"@type\":\"EntryPoint\",\"urlTemplate\":\"https:\/\/psol50.org.br\/?s={search_term_string}\"},\"query-input\":{\"@type\":\"PropertyValueSpecification\",\"valueRequired\":true,\"valueName\":\"search_term_string\"}}],\"inLanguage\":\"pt-BR\"},{\"@type\":\"Organization\",\"@id\":\"https:\/\/psol50.org.br\/#organization\",\"name\":\"PSOL 50\",\"alternateName\":\"PSOL 50\",\"url\":\"https:\/\/psol50.org.br\/\",\"logo\":{\"@type\":\"ImageObject\",\"inLanguage\":\"pt-BR\",\"@id\":\"https:\/\/psol50.org.br\/#\/schema\/logo\/image\/\",\"url\":\"https:\/\/psol50.org.br\/inc\/uploads\/2018\/07\/capa.png\",\"contentUrl\":\"https:\/\/psol50.org.br\/inc\/uploads\/2018\/07\/capa.png\",\"width\":1350,\"height\":900,\"caption\":\"PSOL 50\"},\"image\":{\"@id\":\"https:\/\/psol50.org.br\/#\/schema\/logo\/image\/\"},\"sameAs\":[\"https:\/\/www.facebook.com\/psol50\",\"https:\/\/x.com\/psol50\",\"https:\/\/www.instagram.com\/psol50\/\",\"https:\/\/www.youtube.com\/channel\/UC7SnJS5o1os7a6CaiNabzcg\"]},{\"@type\":\"Person\",\"@id\":\"https:\/\/psol50.org.br\/#\/schema\/person\/475dfa57d0b815993c714c2e96491fcd\",\"name\":\"Comunica\u00e7\u00e3o PSOL\",\"image\":{\"@type\":\"ImageObject\",\"inLanguage\":\"pt-BR\",\"@id\":\"https:\/\/psol50.org.br\/#\/schema\/person\/image\/\",\"url\":\"https:\/\/secure.gravatar.com\/avatar\/b34fc4f4e468a4e51785917065a3db57b841f5c95dba6ad8c73aaf8f66f8f9bf?s=96&d=mm&r=g\",\"contentUrl\":\"https:\/\/secure.gravatar.com\/avatar\/b34fc4f4e468a4e51785917065a3db57b841f5c95dba6ad8c73aaf8f66f8f9bf?s=96&d=mm&r=g\",\"caption\":\"Comunica\u00e7\u00e3o PSOL\"}}]}<\/script>\n<!-- \/ Yoast SEO plugin. -->","yoast_head_json":{"title":"Document\u00e1rio sobre a campanha de Marcelo Freixo \u00e9 exibido na 37\u00aa Mostra de Cinema Internacional de S\u00e3o Paulo - PSOL 50","robots":{"index":"index","follow":"follow","max-snippet":"max-snippet:-1","max-image-preview":"max-image-preview:large","max-video-preview":"max-video-preview:-1"},"canonical":"https:\/\/psol50.org.br\/documentario-sobre-a-campanha-de-marcelo-freixo-e-exibido-na-37a-mostra-de-cinema-internacional-de-sao-paulo\/","og_locale":"pt_BR","og_type":"article","og_title":"Document\u00e1rio sobre a campanha de Marcelo Freixo \u00e9 exibido na 37\u00aa Mostra de Cinema Internacional de S\u00e3o Paulo - PSOL 50","og_description":"&#8216;Rio Ano Zero&#8217; revela bastidores da campanha de Freixo \u00e0 prefeitura. Diretora francesa afirma ter tido dificuldade para veicular document\u00e1rio no Rio Ser\u00e1 exibido nesta segunda-feira (28), na 37\u00aa Mostra de Cinema Internacional de S\u00e3o Paulo, o document\u00e1rio \u201cRio Ano Zero\u201d, que retrata os bastidores da campanha do deputado estadual pelo PSOL do Rio de [&hellip;]","og_url":"https:\/\/psol50.org.br\/documentario-sobre-a-campanha-de-marcelo-freixo-e-exibido-na-37a-mostra-de-cinema-internacional-de-sao-paulo\/","og_site_name":"PSOL 50","article_publisher":"https:\/\/www.facebook.com\/psol50","article_published_time":"2013-10-28T00:00:00+00:00","og_image":[{"width":1350,"height":900,"url":"https:\/\/psol50.org.br\/inc\/uploads\/2018\/07\/capa.png","type":"image\/png"}],"author":"Comunica\u00e7\u00e3o PSOL","twitter_card":"summary_large_image","twitter_creator":"@psol50","twitter_site":"@psol50","twitter_misc":{"Escrito por":"Comunica\u00e7\u00e3o PSOL","Est. tempo de leitura":"3 minutos"},"schema":{"@context":"https:\/\/schema.org","@graph":[{"@type":"Article","@id":"https:\/\/psol50.org.br\/documentario-sobre-a-campanha-de-marcelo-freixo-e-exibido-na-37a-mostra-de-cinema-internacional-de-sao-paulo\/#article","isPartOf":{"@id":"https:\/\/psol50.org.br\/documentario-sobre-a-campanha-de-marcelo-freixo-e-exibido-na-37a-mostra-de-cinema-internacional-de-sao-paulo\/"},"author":{"name":"Comunica\u00e7\u00e3o PSOL","@id":"https:\/\/psol50.org.br\/#\/schema\/person\/475dfa57d0b815993c714c2e96491fcd"},"headline":"Document\u00e1rio sobre a campanha de Marcelo Freixo \u00e9 exibido na 37\u00aa Mostra de Cinema Internacional de S\u00e3o Paulo","datePublished":"2013-10-28T00:00:00+00:00","mainEntityOfPage":{"@id":"https:\/\/psol50.org.br\/documentario-sobre-a-campanha-de-marcelo-freixo-e-exibido-na-37a-mostra-de-cinema-internacional-de-sao-paulo\/"},"wordCount":590,"commentCount":0,"publisher":{"@id":"https:\/\/psol50.org.br\/#organization"},"articleSection":["Arquivo","Not\u00edcias"],"inLanguage":"pt-BR","potentialAction":[{"@type":"CommentAction","name":"Comment","target":["https:\/\/psol50.org.br\/documentario-sobre-a-campanha-de-marcelo-freixo-e-exibido-na-37a-mostra-de-cinema-internacional-de-sao-paulo\/#respond"]}]},{"@type":"WebPage","@id":"https:\/\/psol50.org.br\/documentario-sobre-a-campanha-de-marcelo-freixo-e-exibido-na-37a-mostra-de-cinema-internacional-de-sao-paulo\/","url":"https:\/\/psol50.org.br\/documentario-sobre-a-campanha-de-marcelo-freixo-e-exibido-na-37a-mostra-de-cinema-internacional-de-sao-paulo\/","name":"Document\u00e1rio sobre a campanha de Marcelo Freixo \u00e9 exibido na 37\u00aa Mostra de Cinema Internacional de S\u00e3o Paulo - PSOL 50","isPartOf":{"@id":"https:\/\/psol50.org.br\/#website"},"datePublished":"2013-10-28T00:00:00+00:00","breadcrumb":{"@id":"https:\/\/psol50.org.br\/documentario-sobre-a-campanha-de-marcelo-freixo-e-exibido-na-37a-mostra-de-cinema-internacional-de-sao-paulo\/#breadcrumb"},"inLanguage":"pt-BR","potentialAction":[{"@type":"ReadAction","target":["https:\/\/psol50.org.br\/documentario-sobre-a-campanha-de-marcelo-freixo-e-exibido-na-37a-mostra-de-cinema-internacional-de-sao-paulo\/"]}]},{"@type":"BreadcrumbList","@id":"https:\/\/psol50.org.br\/documentario-sobre-a-campanha-de-marcelo-freixo-e-exibido-na-37a-mostra-de-cinema-internacional-de-sao-paulo\/#breadcrumb","itemListElement":[{"@type":"ListItem","position":1,"name":"In\u00edcio","item":"https:\/\/psol50.org.br\/"},{"@type":"ListItem","position":2,"name":"Document\u00e1rio sobre a campanha de Marcelo Freixo \u00e9 exibido na 37\u00aa Mostra de Cinema Internacional de S\u00e3o Paulo"}]},{"@type":"WebSite","@id":"https:\/\/psol50.org.br\/#website","url":"https:\/\/psol50.org.br\/","name":"PSOL 50","description":"Site oficial do Partido Socialismo e Liberdade","publisher":{"@id":"https:\/\/psol50.org.br\/#organization"},"alternateName":"PSOL50","potentialAction":[{"@type":"SearchAction","target":{"@type":"EntryPoint","urlTemplate":"https:\/\/psol50.org.br\/?s={search_term_string}"},"query-input":{"@type":"PropertyValueSpecification","valueRequired":true,"valueName":"search_term_string"}}],"inLanguage":"pt-BR"},{"@type":"Organization","@id":"https:\/\/psol50.org.br\/#organization","name":"PSOL 50","alternateName":"PSOL 50","url":"https:\/\/psol50.org.br\/","logo":{"@type":"ImageObject","inLanguage":"pt-BR","@id":"https:\/\/psol50.org.br\/#\/schema\/logo\/image\/","url":"https:\/\/psol50.org.br\/inc\/uploads\/2018\/07\/capa.png","contentUrl":"https:\/\/psol50.org.br\/inc\/uploads\/2018\/07\/capa.png","width":1350,"height":900,"caption":"PSOL 50"},"image":{"@id":"https:\/\/psol50.org.br\/#\/schema\/logo\/image\/"},"sameAs":["https:\/\/www.facebook.com\/psol50","https:\/\/x.com\/psol50","https:\/\/www.instagram.com\/psol50\/","https:\/\/www.youtube.com\/channel\/UC7SnJS5o1os7a6CaiNabzcg"]},{"@type":"Person","@id":"https:\/\/psol50.org.br\/#\/schema\/person\/475dfa57d0b815993c714c2e96491fcd","name":"Comunica\u00e7\u00e3o PSOL","image":{"@type":"ImageObject","inLanguage":"pt-BR","@id":"https:\/\/psol50.org.br\/#\/schema\/person\/image\/","url":"https:\/\/secure.gravatar.com\/avatar\/b34fc4f4e468a4e51785917065a3db57b841f5c95dba6ad8c73aaf8f66f8f9bf?s=96&d=mm&r=g","contentUrl":"https:\/\/secure.gravatar.com\/avatar\/b34fc4f4e468a4e51785917065a3db57b841f5c95dba6ad8c73aaf8f66f8f9bf?s=96&d=mm&r=g","caption":"Comunica\u00e7\u00e3o PSOL"}}]}},"_links":{"self":[{"href":"https:\/\/psol50.org.br\/rest\/wp\/v2\/posts\/2385","targetHints":{"allow":["GET"]}}],"collection":[{"href":"https:\/\/psol50.org.br\/rest\/wp\/v2\/posts"}],"about":[{"href":"https:\/\/psol50.org.br\/rest\/wp\/v2\/types\/post"}],"author":[{"embeddable":true,"href":"https:\/\/psol50.org.br\/rest\/wp\/v2\/users\/2"}],"replies":[{"embeddable":true,"href":"https:\/\/psol50.org.br\/rest\/wp\/v2\/comments?post=2385"}],"version-history":[{"count":0,"href":"https:\/\/psol50.org.br\/rest\/wp\/v2\/posts\/2385\/revisions"}],"wp:attachment":[{"href":"https:\/\/psol50.org.br\/rest\/wp\/v2\/media?parent=2385"}],"wp:term":[{"taxonomy":"category","embeddable":true,"href":"https:\/\/psol50.org.br\/rest\/wp\/v2\/categories?post=2385"},{"taxonomy":"post_tag","embeddable":true,"href":"https:\/\/psol50.org.br\/rest\/wp\/v2\/tags?post=2385"}],"curies":[{"name":"wp","href":"https:\/\/api.w.org\/{rel}","templated":true}]}}