{"id":239,"date":"2012-08-03T00:00:00","date_gmt":"2012-08-03T00:00:00","guid":{"rendered":"http:\/\/psol50.org.br\/arquivo\/2012\/08\/03\/psol-do-espirito-santo-lanca-candidaturas-em-evento-nesta-sexta-as-19h\/"},"modified":"2012-08-03T00:00:00","modified_gmt":"2012-08-03T00:00:00","slug":"psol-do-espirito-santo-lanca-candidaturas-em-evento-nesta-sexta-as-19h","status":"publish","type":"post","link":"https:\/\/psol50.org.br\/psol-do-espirito-santo-lanca-candidaturas-em-evento-nesta-sexta-as-19h\/","title":{"rendered":"PSOL do Esp\u00edrito Santo lan\u00e7a candidaturas em evento nesta sexta, \u00e0s 19h"},"content":{"rendered":"<p>O presidente nacional do PSOL, Ivan Valente, deputado federal por S\u00e3o Paulo, estar\u00e1 nesta sexta-feira (03\/08) em Vit\u00f3ria-ES para participar do lan\u00e7amento de candidaturas do partido no estado, \u00e0s 19h, no audit\u00f3rio do Sindicato dos Banc\u00e1rios do ES, no centro da capital capixaba.<\/p>\n<p>Segundo o presidente do PSOL no Esp\u00edrito Santo, Andr\u00e9 Carvalho, o evento marca o in\u00edcio efetivo das campanhas. \u201cDepois de muita prepara\u00e7\u00e3o e planejamento, \u00e9 hora das candidaturas ganharem as ruas\u201d, resumiu o dirigente, para quem a visita de Ivan Valente refor\u00e7a o entendimento de que o PSOL est\u00e1 crescendo e ampliando o raio de di\u00e1logo com a popula\u00e7\u00e3o no estado.<\/p>\n<p>Desde a \u00faltima elei\u00e7\u00e3o municipal em 2008, o partido aumentou sua participa\u00e7\u00e3o de cinco para onze cidades em 2012, sendo que em sete delas o PSOL est\u00e1 concorrendo ao cargo majorit\u00e1rio. \u201cMesclando a experi\u00eancia de alguns pol\u00edticos com a juventude de novas lideran\u00e7as, estamos oferecendo \u00e0 sociedade do Esp\u00edrito Santo uma nova maneira de fazer pol\u00edtica e conquistando mais espa\u00e7os\u201d, avalia Carvalho.<\/p>\n<p>AGENDA<\/p>\n<p>Ivan Valente desembarca em Vit\u00f3ria \u00e0s 15h e do aeroporto vai direto cumprir uma agenda de entrevistas em jornais locais. Depois do ato de lan\u00e7amento das campanhas dos candidatos do partido no Esp\u00edrito Santo, o presidente do PSOL prestigia tamb\u00e9m a inaugura\u00e7\u00e3o do comit\u00ea eleitoral de Gustavo De Biase e Claudete Bispo \u201cCoragem Pra Mudar\u201d, candidatos a prefeito e vice-prefeita de Vit\u00f3ria, respectivamente, instalado no Jardim da Penha, em frente \u00e0 Universidade Federal do Esp\u00edrito Santo (UFES).<\/p>\n<p>CANDIDATOS<\/p>\n<p>Al\u00e9m de Gustavo De Biase \u2013 o candidato a prefeito mais jovem do Pa\u00eds \u2013, outros nomes do partido concorrem \u00e0s elei\u00e7\u00f5es deste ano no estado e ter\u00e3o suas candidaturas lan\u00e7adas nesta sexta-feira. Professor Renato \u00e9 o candidato do PSOL \u00e0 prefeitura de Serra, que enfrenta o atual prefeito, aspirante \u00e0 reelei\u00e7\u00e3o. Renato concorreu ao Senado em 2010, quando obteve quase 300 mil votos. No noroeste do estado, Jo\u00e3o do Salu tem grande chance de vencer a elei\u00e7\u00e3o para prefeito de Pancas,\u00a0munic\u00edpio de 13 mil eleitores. Com s\u00f3lida base entre os pequenos agricultores, Jo\u00e3o do Salu disputa o executivo municipal com outros sete candidatos.<\/p>\n<p>No norte do Esp\u00edrito Santo, Ronaldo Feliciano vem crescendo na prefer\u00eancia dos eleitores. Candidato nas \u00faltimas elei\u00e7\u00f5es a prefeito de Pedro Can\u00e1rio, quando obteve 7% dos votos, fazendo a campanha praticamente sozinho. Este ano, Feliciano, que atua nos movimentos sociais da regi\u00e3o, ter\u00e1 o apoio de nove candidados do PSOL \u00e0 C\u00e2mara de Vereadores. Na cidade de Vila Velha, maior col\u00e9gio eleitoral do Esp\u00edrito Santo, o PSOL lan\u00e7ou a candidatura de Alan Melo a prefeito, al\u00e9m de cinco candidatos a vereador.<\/p>\n<p>Em Colatina, principal cidade do noroeste do estado, o partido lan\u00e7ou o nome de D\u00e9cio Resende, l\u00edder sindical dos servidores p\u00fablicos municipais, como candidato a vereador. Ex-candidato a prefeito, D\u00e9cio tem tamb\u00e9m grande expectativa de se eleger.<\/p>\n<p>No sul, em Alegre, o candidato a vereador \u00e9 o engenheiro Jos\u00e9 Roberto Tulli, da coliga\u00e7\u00e3o PSOL\/PCdoB. No munic\u00edpio de Gua\u00e7u\u00ed, pr\u00f3ximo ao Pico da Bandeira, a \u00fanica candidata a vereadora da cidade, Jurema do Sindicato, pertence \u00e0 coliga\u00e7\u00e3o PSOL\/PDT\/PTC. Jurema Alonso \u00e9 presidente licenciada do Sindicato dos Servidores Municipais. Em Manten\u00f3polis, na divisa com Minas Gerais, o nome do PSOL para a C\u00e2mara \u00e9 Dr. Roberto Ferraz, m\u00e9dico com chances reais de ser eleito vereador. Em Concei\u00e7\u00e3o da Barra, no litoral norte do estado, a Professora Maria Geralda concorre \u00e0 prefeita pelo PSOL, disputando a vaga com outros tr\u00eas candidatos.<\/p>\n","protected":false},"excerpt":{"rendered":"<p>O presidente nacional do PSOL, Ivan Valente, deputado federal por S\u00e3o Paulo, estar\u00e1 nesta sexta-feira (03\/08) em Vit\u00f3ria-ES para participar do lan\u00e7amento de candidaturas do partido no estado, \u00e0s 19h, no audit\u00f3rio do Sindicato dos Banc\u00e1rios do ES, no centro da capital capixaba. Segundo o presidente do PSOL no Esp\u00edrito Santo, Andr\u00e9 Carvalho, o evento [&hellip;]<\/p>\n","protected":false},"author":2,"featured_media":0,"comment_status":"open","ping_status":"open","sticky":false,"template":"","format":"standard","meta":{"_acf_changed":false,"footnotes":""},"categories":[4766,4974],"tags":[4975,22],"class_list":{"0":"post-239","1":"post","2":"type-post","3":"status-publish","4":"format-standard","6":"category-arquivo","7":"category-eleicoes-2012","8":"tag-eleicoes-2012","9":"tag-psol"},"acf":[],"yoast_head":"<!-- This site is optimized with the Yoast SEO plugin v26.5 - https:\/\/yoast.com\/wordpress\/plugins\/seo\/ -->\n<title>PSOL do Esp\u00edrito Santo lan\u00e7a candidaturas em evento nesta sexta, \u00e0s 19h - PSOL 50<\/title>\n<meta name=\"robots\" content=\"index, follow, max-snippet:-1, max-image-preview:large, max-video-preview:-1\" \/>\n<link rel=\"canonical\" href=\"https:\/\/psol50.org.br\/psol-do-espirito-santo-lanca-candidaturas-em-evento-nesta-sexta-as-19h\/\" \/>\n<meta property=\"og:locale\" content=\"pt_BR\" \/>\n<meta property=\"og:type\" content=\"article\" \/>\n<meta property=\"og:title\" content=\"PSOL do Esp\u00edrito Santo lan\u00e7a candidaturas em evento nesta sexta, \u00e0s 19h - PSOL 50\" \/>\n<meta property=\"og:description\" content=\"O presidente nacional do PSOL, Ivan Valente, deputado federal por S\u00e3o Paulo, estar\u00e1 nesta sexta-feira (03\/08) em Vit\u00f3ria-ES para participar do lan\u00e7amento de candidaturas do partido no estado, \u00e0s 19h, no audit\u00f3rio do Sindicato dos Banc\u00e1rios do ES, no centro da capital capixaba. Segundo o presidente do PSOL no Esp\u00edrito Santo, Andr\u00e9 Carvalho, o evento [&hellip;]\" \/>\n<meta property=\"og:url\" content=\"https:\/\/psol50.org.br\/psol-do-espirito-santo-lanca-candidaturas-em-evento-nesta-sexta-as-19h\/\" \/>\n<meta property=\"og:site_name\" content=\"PSOL 50\" \/>\n<meta property=\"article:publisher\" content=\"https:\/\/www.facebook.com\/psol50\" \/>\n<meta property=\"article:published_time\" content=\"2012-08-03T00:00:00+00:00\" \/>\n<meta property=\"og:image\" content=\"https:\/\/psol50.org.br\/inc\/uploads\/2018\/07\/capa.png\" \/>\n\t<meta property=\"og:image:width\" content=\"1350\" \/>\n\t<meta property=\"og:image:height\" content=\"900\" \/>\n\t<meta property=\"og:image:type\" content=\"image\/png\" \/>\n<meta name=\"author\" content=\"Comunica\u00e7\u00e3o PSOL\" \/>\n<meta name=\"twitter:card\" content=\"summary_large_image\" \/>\n<meta name=\"twitter:creator\" content=\"@psol50\" \/>\n<meta name=\"twitter:site\" content=\"@psol50\" \/>\n<meta name=\"twitter:label1\" content=\"Escrito por\" \/>\n\t<meta name=\"twitter:data1\" content=\"Comunica\u00e7\u00e3o PSOL\" \/>\n\t<meta name=\"twitter:label2\" content=\"Est. tempo de leitura\" \/>\n\t<meta name=\"twitter:data2\" content=\"3 minutos\" \/>\n<script type=\"application\/ld+json\" class=\"yoast-schema-graph\">{\"@context\":\"https:\/\/schema.org\",\"@graph\":[{\"@type\":\"Article\",\"@id\":\"https:\/\/psol50.org.br\/psol-do-espirito-santo-lanca-candidaturas-em-evento-nesta-sexta-as-19h\/#article\",\"isPartOf\":{\"@id\":\"https:\/\/psol50.org.br\/psol-do-espirito-santo-lanca-candidaturas-em-evento-nesta-sexta-as-19h\/\"},\"author\":{\"name\":\"Comunica\u00e7\u00e3o PSOL\",\"@id\":\"https:\/\/psol50.org.br\/#\/schema\/person\/475dfa57d0b815993c714c2e96491fcd\"},\"headline\":\"PSOL do Esp\u00edrito Santo lan\u00e7a candidaturas em evento nesta sexta, \u00e0s 19h\",\"datePublished\":\"2012-08-03T00:00:00+00:00\",\"mainEntityOfPage\":{\"@id\":\"https:\/\/psol50.org.br\/psol-do-espirito-santo-lanca-candidaturas-em-evento-nesta-sexta-as-19h\/\"},\"wordCount\":629,\"commentCount\":0,\"publisher\":{\"@id\":\"https:\/\/psol50.org.br\/#organization\"},\"keywords\":[\"Elei\u00e7\u00f5es 2012\",\"PSOL\"],\"articleSection\":[\"Arquivo\",\"ELEI\u00c7\u00d5ES 2012\"],\"inLanguage\":\"pt-BR\",\"potentialAction\":[{\"@type\":\"CommentAction\",\"name\":\"Comment\",\"target\":[\"https:\/\/psol50.org.br\/psol-do-espirito-santo-lanca-candidaturas-em-evento-nesta-sexta-as-19h\/#respond\"]}]},{\"@type\":\"WebPage\",\"@id\":\"https:\/\/psol50.org.br\/psol-do-espirito-santo-lanca-candidaturas-em-evento-nesta-sexta-as-19h\/\",\"url\":\"https:\/\/psol50.org.br\/psol-do-espirito-santo-lanca-candidaturas-em-evento-nesta-sexta-as-19h\/\",\"name\":\"PSOL do Esp\u00edrito Santo lan\u00e7a candidaturas em evento nesta sexta, \u00e0s 19h - PSOL 50\",\"isPartOf\":{\"@id\":\"https:\/\/psol50.org.br\/#website\"},\"datePublished\":\"2012-08-03T00:00:00+00:00\",\"breadcrumb\":{\"@id\":\"https:\/\/psol50.org.br\/psol-do-espirito-santo-lanca-candidaturas-em-evento-nesta-sexta-as-19h\/#breadcrumb\"},\"inLanguage\":\"pt-BR\",\"potentialAction\":[{\"@type\":\"ReadAction\",\"target\":[\"https:\/\/psol50.org.br\/psol-do-espirito-santo-lanca-candidaturas-em-evento-nesta-sexta-as-19h\/\"]}]},{\"@type\":\"BreadcrumbList\",\"@id\":\"https:\/\/psol50.org.br\/psol-do-espirito-santo-lanca-candidaturas-em-evento-nesta-sexta-as-19h\/#breadcrumb\",\"itemListElement\":[{\"@type\":\"ListItem\",\"position\":1,\"name\":\"In\u00edcio\",\"item\":\"https:\/\/psol50.org.br\/\"},{\"@type\":\"ListItem\",\"position\":2,\"name\":\"PSOL do Esp\u00edrito Santo lan\u00e7a candidaturas em evento nesta sexta, \u00e0s 19h\"}]},{\"@type\":\"WebSite\",\"@id\":\"https:\/\/psol50.org.br\/#website\",\"url\":\"https:\/\/psol50.org.br\/\",\"name\":\"PSOL 50\",\"description\":\"Site oficial do Partido Socialismo e Liberdade\",\"publisher\":{\"@id\":\"https:\/\/psol50.org.br\/#organization\"},\"alternateName\":\"PSOL50\",\"potentialAction\":[{\"@type\":\"SearchAction\",\"target\":{\"@type\":\"EntryPoint\",\"urlTemplate\":\"https:\/\/psol50.org.br\/?s={search_term_string}\"},\"query-input\":{\"@type\":\"PropertyValueSpecification\",\"valueRequired\":true,\"valueName\":\"search_term_string\"}}],\"inLanguage\":\"pt-BR\"},{\"@type\":\"Organization\",\"@id\":\"https:\/\/psol50.org.br\/#organization\",\"name\":\"PSOL 50\",\"alternateName\":\"PSOL 50\",\"url\":\"https:\/\/psol50.org.br\/\",\"logo\":{\"@type\":\"ImageObject\",\"inLanguage\":\"pt-BR\",\"@id\":\"https:\/\/psol50.org.br\/#\/schema\/logo\/image\/\",\"url\":\"https:\/\/psol50.org.br\/inc\/uploads\/2018\/07\/capa.png\",\"contentUrl\":\"https:\/\/psol50.org.br\/inc\/uploads\/2018\/07\/capa.png\",\"width\":1350,\"height\":900,\"caption\":\"PSOL 50\"},\"image\":{\"@id\":\"https:\/\/psol50.org.br\/#\/schema\/logo\/image\/\"},\"sameAs\":[\"https:\/\/www.facebook.com\/psol50\",\"https:\/\/x.com\/psol50\",\"https:\/\/www.instagram.com\/psol50\/\",\"https:\/\/www.youtube.com\/channel\/UC7SnJS5o1os7a6CaiNabzcg\"]},{\"@type\":\"Person\",\"@id\":\"https:\/\/psol50.org.br\/#\/schema\/person\/475dfa57d0b815993c714c2e96491fcd\",\"name\":\"Comunica\u00e7\u00e3o PSOL\",\"image\":{\"@type\":\"ImageObject\",\"inLanguage\":\"pt-BR\",\"@id\":\"https:\/\/psol50.org.br\/#\/schema\/person\/image\/\",\"url\":\"https:\/\/secure.gravatar.com\/avatar\/b34fc4f4e468a4e51785917065a3db57b841f5c95dba6ad8c73aaf8f66f8f9bf?s=96&d=mm&r=g\",\"contentUrl\":\"https:\/\/secure.gravatar.com\/avatar\/b34fc4f4e468a4e51785917065a3db57b841f5c95dba6ad8c73aaf8f66f8f9bf?s=96&d=mm&r=g\",\"caption\":\"Comunica\u00e7\u00e3o PSOL\"}}]}<\/script>\n<!-- \/ Yoast SEO plugin. -->","yoast_head_json":{"title":"PSOL do Esp\u00edrito Santo lan\u00e7a candidaturas em evento nesta sexta, \u00e0s 19h - PSOL 50","robots":{"index":"index","follow":"follow","max-snippet":"max-snippet:-1","max-image-preview":"max-image-preview:large","max-video-preview":"max-video-preview:-1"},"canonical":"https:\/\/psol50.org.br\/psol-do-espirito-santo-lanca-candidaturas-em-evento-nesta-sexta-as-19h\/","og_locale":"pt_BR","og_type":"article","og_title":"PSOL do Esp\u00edrito Santo lan\u00e7a candidaturas em evento nesta sexta, \u00e0s 19h - PSOL 50","og_description":"O presidente nacional do PSOL, Ivan Valente, deputado federal por S\u00e3o Paulo, estar\u00e1 nesta sexta-feira (03\/08) em Vit\u00f3ria-ES para participar do lan\u00e7amento de candidaturas do partido no estado, \u00e0s 19h, no audit\u00f3rio do Sindicato dos Banc\u00e1rios do ES, no centro da capital capixaba. Segundo o presidente do PSOL no Esp\u00edrito Santo, Andr\u00e9 Carvalho, o evento [&hellip;]","og_url":"https:\/\/psol50.org.br\/psol-do-espirito-santo-lanca-candidaturas-em-evento-nesta-sexta-as-19h\/","og_site_name":"PSOL 50","article_publisher":"https:\/\/www.facebook.com\/psol50","article_published_time":"2012-08-03T00:00:00+00:00","og_image":[{"width":1350,"height":900,"url":"https:\/\/psol50.org.br\/inc\/uploads\/2018\/07\/capa.png","type":"image\/png"}],"author":"Comunica\u00e7\u00e3o PSOL","twitter_card":"summary_large_image","twitter_creator":"@psol50","twitter_site":"@psol50","twitter_misc":{"Escrito por":"Comunica\u00e7\u00e3o PSOL","Est. tempo de leitura":"3 minutos"},"schema":{"@context":"https:\/\/schema.org","@graph":[{"@type":"Article","@id":"https:\/\/psol50.org.br\/psol-do-espirito-santo-lanca-candidaturas-em-evento-nesta-sexta-as-19h\/#article","isPartOf":{"@id":"https:\/\/psol50.org.br\/psol-do-espirito-santo-lanca-candidaturas-em-evento-nesta-sexta-as-19h\/"},"author":{"name":"Comunica\u00e7\u00e3o PSOL","@id":"https:\/\/psol50.org.br\/#\/schema\/person\/475dfa57d0b815993c714c2e96491fcd"},"headline":"PSOL do Esp\u00edrito Santo lan\u00e7a candidaturas em evento nesta sexta, \u00e0s 19h","datePublished":"2012-08-03T00:00:00+00:00","mainEntityOfPage":{"@id":"https:\/\/psol50.org.br\/psol-do-espirito-santo-lanca-candidaturas-em-evento-nesta-sexta-as-19h\/"},"wordCount":629,"commentCount":0,"publisher":{"@id":"https:\/\/psol50.org.br\/#organization"},"keywords":["Elei\u00e7\u00f5es 2012","PSOL"],"articleSection":["Arquivo","ELEI\u00c7\u00d5ES 2012"],"inLanguage":"pt-BR","potentialAction":[{"@type":"CommentAction","name":"Comment","target":["https:\/\/psol50.org.br\/psol-do-espirito-santo-lanca-candidaturas-em-evento-nesta-sexta-as-19h\/#respond"]}]},{"@type":"WebPage","@id":"https:\/\/psol50.org.br\/psol-do-espirito-santo-lanca-candidaturas-em-evento-nesta-sexta-as-19h\/","url":"https:\/\/psol50.org.br\/psol-do-espirito-santo-lanca-candidaturas-em-evento-nesta-sexta-as-19h\/","name":"PSOL do Esp\u00edrito Santo lan\u00e7a candidaturas em evento nesta sexta, \u00e0s 19h - PSOL 50","isPartOf":{"@id":"https:\/\/psol50.org.br\/#website"},"datePublished":"2012-08-03T00:00:00+00:00","breadcrumb":{"@id":"https:\/\/psol50.org.br\/psol-do-espirito-santo-lanca-candidaturas-em-evento-nesta-sexta-as-19h\/#breadcrumb"},"inLanguage":"pt-BR","potentialAction":[{"@type":"ReadAction","target":["https:\/\/psol50.org.br\/psol-do-espirito-santo-lanca-candidaturas-em-evento-nesta-sexta-as-19h\/"]}]},{"@type":"BreadcrumbList","@id":"https:\/\/psol50.org.br\/psol-do-espirito-santo-lanca-candidaturas-em-evento-nesta-sexta-as-19h\/#breadcrumb","itemListElement":[{"@type":"ListItem","position":1,"name":"In\u00edcio","item":"https:\/\/psol50.org.br\/"},{"@type":"ListItem","position":2,"name":"PSOL do Esp\u00edrito Santo lan\u00e7a candidaturas em evento nesta sexta, \u00e0s 19h"}]},{"@type":"WebSite","@id":"https:\/\/psol50.org.br\/#website","url":"https:\/\/psol50.org.br\/","name":"PSOL 50","description":"Site oficial do Partido Socialismo e Liberdade","publisher":{"@id":"https:\/\/psol50.org.br\/#organization"},"alternateName":"PSOL50","potentialAction":[{"@type":"SearchAction","target":{"@type":"EntryPoint","urlTemplate":"https:\/\/psol50.org.br\/?s={search_term_string}"},"query-input":{"@type":"PropertyValueSpecification","valueRequired":true,"valueName":"search_term_string"}}],"inLanguage":"pt-BR"},{"@type":"Organization","@id":"https:\/\/psol50.org.br\/#organization","name":"PSOL 50","alternateName":"PSOL 50","url":"https:\/\/psol50.org.br\/","logo":{"@type":"ImageObject","inLanguage":"pt-BR","@id":"https:\/\/psol50.org.br\/#\/schema\/logo\/image\/","url":"https:\/\/psol50.org.br\/inc\/uploads\/2018\/07\/capa.png","contentUrl":"https:\/\/psol50.org.br\/inc\/uploads\/2018\/07\/capa.png","width":1350,"height":900,"caption":"PSOL 50"},"image":{"@id":"https:\/\/psol50.org.br\/#\/schema\/logo\/image\/"},"sameAs":["https:\/\/www.facebook.com\/psol50","https:\/\/x.com\/psol50","https:\/\/www.instagram.com\/psol50\/","https:\/\/www.youtube.com\/channel\/UC7SnJS5o1os7a6CaiNabzcg"]},{"@type":"Person","@id":"https:\/\/psol50.org.br\/#\/schema\/person\/475dfa57d0b815993c714c2e96491fcd","name":"Comunica\u00e7\u00e3o PSOL","image":{"@type":"ImageObject","inLanguage":"pt-BR","@id":"https:\/\/psol50.org.br\/#\/schema\/person\/image\/","url":"https:\/\/secure.gravatar.com\/avatar\/b34fc4f4e468a4e51785917065a3db57b841f5c95dba6ad8c73aaf8f66f8f9bf?s=96&d=mm&r=g","contentUrl":"https:\/\/secure.gravatar.com\/avatar\/b34fc4f4e468a4e51785917065a3db57b841f5c95dba6ad8c73aaf8f66f8f9bf?s=96&d=mm&r=g","caption":"Comunica\u00e7\u00e3o PSOL"}}]}},"_links":{"self":[{"href":"https:\/\/psol50.org.br\/rest\/wp\/v2\/posts\/239","targetHints":{"allow":["GET"]}}],"collection":[{"href":"https:\/\/psol50.org.br\/rest\/wp\/v2\/posts"}],"about":[{"href":"https:\/\/psol50.org.br\/rest\/wp\/v2\/types\/post"}],"author":[{"embeddable":true,"href":"https:\/\/psol50.org.br\/rest\/wp\/v2\/users\/2"}],"replies":[{"embeddable":true,"href":"https:\/\/psol50.org.br\/rest\/wp\/v2\/comments?post=239"}],"version-history":[{"count":0,"href":"https:\/\/psol50.org.br\/rest\/wp\/v2\/posts\/239\/revisions"}],"wp:attachment":[{"href":"https:\/\/psol50.org.br\/rest\/wp\/v2\/media?parent=239"}],"wp:term":[{"taxonomy":"category","embeddable":true,"href":"https:\/\/psol50.org.br\/rest\/wp\/v2\/categories?post=239"},{"taxonomy":"post_tag","embeddable":true,"href":"https:\/\/psol50.org.br\/rest\/wp\/v2\/tags?post=239"}],"curies":[{"name":"wp","href":"https:\/\/api.w.org\/{rel}","templated":true}]}}