{"id":23903,"date":"2019-01-15T16:18:39","date_gmt":"2019-01-15T18:18:39","guid":{"rendered":"http:\/\/psol50.org.br\/?p=23903"},"modified":"2019-01-15T16:18:39","modified_gmt":"2019-01-15T18:18:39","slug":"rn-manifesto-pela-imediata-diplomacao-de-sandro-pimentel-psol-deputado-estadual-eleito","status":"publish","type":"post","link":"https:\/\/psol50.org.br\/rn-manifesto-pela-imediata-diplomacao-de-sandro-pimentel-psol-deputado-estadual-eleito\/","title":{"rendered":"RN: manifesto pela imediata diploma\u00e7\u00e3o de Sandro Pimentel (PSOL), deputado estadual eleito"},"content":{"rendered":"\n<p>O PSOL\/RN elegeu pela primeira vez em sua hist\u00f3ria um mandato de deputado estadual. Essa conquista representa um avan\u00e7o do ponto de vista da representa\u00e7\u00e3o da classe trabalhadora, do meio ambiente, dos educadores e do povo.<\/p>\n\n\n\n<p>Sandro Pimentel foi eleito com mais de 19 mil votos, sendo o quinto mais votado na capital potiguar, sem a utiliza\u00e7\u00e3o de recursos do fundo partid\u00e1rio e sem prioridade no tempo de TV, ou melhor, teve apenas 13 segundos somando-se hor\u00e1rio eleitoral e inser\u00e7\u00e3o durante toda a elei\u00e7\u00e3o. Uma elei\u00e7\u00e3o inconteste do ponto de vista pol\u00edtico e program\u00e1tico.<\/p>\n\n\n\n<p>Ocorreram problemas de ordem t\u00e9cnica em sua presta\u00e7\u00e3o de contas, um erro meramente formal. Por\u00e9m, tratado de forma seletiva pela justi\u00e7a, pois erros da mesma natureza e em escalas muito superiores foram ignorados pelos tribunais e mandat\u00e1rios foram diplomados. O questionamento do TRE\/RN \u00e9 sobre dep\u00f3sitos em esp\u00e9cie, identificados do pr\u00f3prio candidato, num total de cerca de 30 mil reais. Ora, Sandro acumula duas fun\u00e7\u00f5es, \u00e9 vereador de Natal e servidor p\u00fablico federal. Alegar que o mesmo n\u00e3o tem capacidade de reservar esse recurso ao longo de um ano \u00e9 negar o \u00f3bvio.<\/p>\n\n\n\n<p>A clareza dos seus gastos e arrecada\u00e7\u00e3o foram sendo demonstrados aos tribunais, inclusive, com a quebra total e volunt\u00e1ria do sigilo banc\u00e1rio de Sandro Pimentel \u00e0 justi\u00e7a, sem que esta solicitasse. A reprova\u00e7\u00e3o das contas, mesmo contendo o erro formal, n\u00e3o foi un\u00e2nime entre os ju\u00edzes da corte, que sequer julgaram o recurso feito por Sandro, al\u00e9m disso, n\u00e3o existe nenhum hist\u00f3rico no Brasil de que desaprova\u00e7\u00e3o de contas eleitorais tenham resultado em suspens\u00e3o de diploma\u00e7\u00e3o e\/ou posse do eleito.<\/p>\n\n\n\n<p>Infelizmente e sem explica\u00e7\u00f5es, candidaturas do campo progressista tiveram um rigor t\u00e9cnico e burocr\u00e1tico sem precedentes, a exemplo do que ocorreu com Nat\u00e1lia Bonavides (Deputada Federal\/PT), F\u00e1tima Bezerra (Governadora\/PT) e Fernando Mineiro (Deputado Estadual\/PT), se agravando ainda mais com Sandro Pimentel, \u00fanico eleito sem ser diplomado at\u00e9 o momento. Esse fato retirou-lhe o direito da festa da diploma\u00e7\u00e3o, juntamente com todos os eleitos, amigos e familiares.<\/p>\n\n\n\n<p>Nosso deputado foi surpreendido por uma liminar que suspendeu sua diploma\u00e7\u00e3o, sem qualquer direito de defesa e ferindo de morte a vontade popular, a considerar que inexiste gravidade da conduta e em absolutamente nada interferiu no resultado final da sua elei\u00e7\u00e3o l\u00edcita. <\/p>\n\n\n\n<p>Importante ratificar que essa \u00e9 uma decis\u00e3o sem precedentes no Brasil e que se traduz indubitavelmente num golpe baixo \u00e0 democracia, al\u00e9m de preju\u00edzos pol\u00edticos, psicol\u00f3gicos e familiares irrepar\u00e1veis ao deputado eleito Sandro Pimentel.<\/p>\n\n\n\n<p>Portanto, n\u00f3s que assinamos este manifesto requeremos urg\u00eancia na resolu\u00e7\u00e3o desse imbr\u00f3glio jur\u00eddico, de modo a diplomar e empossar o deputado Sandro Pimentel (PSOL), pois esse fato tem atentado contra a democracia e a soberania do voto popular. <\/p>\n\n\n\n<p>Natal, 16 de janeiro de 2019<\/p>\n","protected":false},"excerpt":{"rendered":"<p>O PSOL\/RN elegeu pela primeira vez em sua hist\u00f3ria um mandato de deputado estadual. Essa conquista representa um avan\u00e7o do ponto de vista da representa\u00e7\u00e3o da classe trabalhadora, do meio ambiente, dos educadores e do povo. Sandro Pimentel foi eleito com mais de 19 mil votos, sendo o quinto mais votado na capital potiguar, sem [&hellip;]<\/p>\n","protected":false},"author":2,"featured_media":23904,"comment_status":"closed","ping_status":"open","sticky":false,"template":"","format":"standard","meta":{"_acf_changed":false,"footnotes":""},"categories":[6],"tags":[1679,855,655],"class_list":{"0":"post-23903","1":"post","2":"type-post","3":"status-publish","4":"format-standard","5":"has-post-thumbnail","7":"category-noticias","8":"tag-diplomacao","9":"tag-manifesto","10":"tag-sandro-pimentel"},"acf":[],"yoast_head":"<!-- This site is optimized with the Yoast SEO plugin v26.5 - https:\/\/yoast.com\/wordpress\/plugins\/seo\/ -->\n<title>RN: manifesto pela imediata diploma\u00e7\u00e3o de Sandro Pimentel (PSOL), deputado estadual eleito - PSOL 50<\/title>\n<meta name=\"robots\" content=\"index, follow, max-snippet:-1, max-image-preview:large, max-video-preview:-1\" \/>\n<link rel=\"canonical\" href=\"https:\/\/psol50.org.br\/rn-manifesto-pela-imediata-diplomacao-de-sandro-pimentel-psol-deputado-estadual-eleito\/\" \/>\n<meta property=\"og:locale\" content=\"pt_BR\" \/>\n<meta property=\"og:type\" content=\"article\" \/>\n<meta property=\"og:title\" content=\"RN: manifesto pela imediata diploma\u00e7\u00e3o de Sandro Pimentel (PSOL)\" \/>\n<meta property=\"og:description\" content=\"Em defesa da Soberania Popular e pela Democracia.\" \/>\n<meta property=\"og:url\" content=\"https:\/\/psol50.org.br\/rn-manifesto-pela-imediata-diplomacao-de-sandro-pimentel-psol-deputado-estadual-eleito\/\" \/>\n<meta property=\"og:site_name\" content=\"PSOL 50\" \/>\n<meta property=\"article:publisher\" content=\"https:\/\/www.facebook.com\/psol50\" \/>\n<meta property=\"article:published_time\" content=\"2019-01-15T18:18:39+00:00\" \/>\n<meta property=\"og:image\" content=\"https:\/\/psol50.org.br\/inc\/uploads\/2019\/01\/sandropequnea.jpg\" \/>\n\t<meta property=\"og:image:width\" content=\"800\" \/>\n\t<meta property=\"og:image:height\" content=\"531\" \/>\n\t<meta property=\"og:image:type\" content=\"image\/jpeg\" \/>\n<meta name=\"author\" content=\"Comunica\u00e7\u00e3o PSOL\" \/>\n<meta name=\"twitter:card\" content=\"summary_large_image\" \/>\n<meta name=\"twitter:title\" content=\"RN: manifesto pela imediata diploma\u00e7\u00e3o de Sandro Pimentel (PSOL)\" \/>\n<meta name=\"twitter:description\" content=\"Em defesa da Soberania Popular e pela Democracia.\" \/>\n<meta name=\"twitter:image\" content=\"https:\/\/psol50.org.br\/inc\/uploads\/2019\/01\/sandropequnea.jpg\" \/>\n<meta name=\"twitter:creator\" content=\"@psol50\" \/>\n<meta name=\"twitter:site\" content=\"@psol50\" \/>\n<meta name=\"twitter:label1\" content=\"Escrito por\" \/>\n\t<meta name=\"twitter:data1\" content=\"Comunica\u00e7\u00e3o PSOL\" \/>\n\t<meta name=\"twitter:label2\" content=\"Est. tempo de leitura\" \/>\n\t<meta name=\"twitter:data2\" content=\"3 minutos\" \/>\n<script type=\"application\/ld+json\" class=\"yoast-schema-graph\">{\"@context\":\"https:\/\/schema.org\",\"@graph\":[{\"@type\":\"Article\",\"@id\":\"https:\/\/psol50.org.br\/rn-manifesto-pela-imediata-diplomacao-de-sandro-pimentel-psol-deputado-estadual-eleito\/#article\",\"isPartOf\":{\"@id\":\"https:\/\/psol50.org.br\/rn-manifesto-pela-imediata-diplomacao-de-sandro-pimentel-psol-deputado-estadual-eleito\/\"},\"author\":{\"name\":\"Comunica\u00e7\u00e3o PSOL\",\"@id\":\"https:\/\/psol50.org.br\/#\/schema\/person\/475dfa57d0b815993c714c2e96491fcd\"},\"headline\":\"RN: manifesto pela imediata diploma\u00e7\u00e3o de Sandro Pimentel (PSOL), deputado estadual eleito\",\"datePublished\":\"2019-01-15T18:18:39+00:00\",\"mainEntityOfPage\":{\"@id\":\"https:\/\/psol50.org.br\/rn-manifesto-pela-imediata-diplomacao-de-sandro-pimentel-psol-deputado-estadual-eleito\/\"},\"wordCount\":517,\"publisher\":{\"@id\":\"https:\/\/psol50.org.br\/#organization\"},\"image\":{\"@id\":\"https:\/\/psol50.org.br\/rn-manifesto-pela-imediata-diplomacao-de-sandro-pimentel-psol-deputado-estadual-eleito\/#primaryimage\"},\"thumbnailUrl\":\"https:\/\/psol50.org.br\/inc\/uploads\/2019\/01\/sandropequnea.jpg\",\"keywords\":[\"diploma\u00e7\u00e3o\",\"manifesto\",\"Sandro Pimentel\"],\"articleSection\":[\"Not\u00edcias\"],\"inLanguage\":\"pt-BR\"},{\"@type\":\"WebPage\",\"@id\":\"https:\/\/psol50.org.br\/rn-manifesto-pela-imediata-diplomacao-de-sandro-pimentel-psol-deputado-estadual-eleito\/\",\"url\":\"https:\/\/psol50.org.br\/rn-manifesto-pela-imediata-diplomacao-de-sandro-pimentel-psol-deputado-estadual-eleito\/\",\"name\":\"RN: manifesto pela imediata diploma\u00e7\u00e3o de Sandro Pimentel (PSOL), deputado estadual eleito - PSOL 50\",\"isPartOf\":{\"@id\":\"https:\/\/psol50.org.br\/#website\"},\"primaryImageOfPage\":{\"@id\":\"https:\/\/psol50.org.br\/rn-manifesto-pela-imediata-diplomacao-de-sandro-pimentel-psol-deputado-estadual-eleito\/#primaryimage\"},\"image\":{\"@id\":\"https:\/\/psol50.org.br\/rn-manifesto-pela-imediata-diplomacao-de-sandro-pimentel-psol-deputado-estadual-eleito\/#primaryimage\"},\"thumbnailUrl\":\"https:\/\/psol50.org.br\/inc\/uploads\/2019\/01\/sandropequnea.jpg\",\"datePublished\":\"2019-01-15T18:18:39+00:00\",\"breadcrumb\":{\"@id\":\"https:\/\/psol50.org.br\/rn-manifesto-pela-imediata-diplomacao-de-sandro-pimentel-psol-deputado-estadual-eleito\/#breadcrumb\"},\"inLanguage\":\"pt-BR\",\"potentialAction\":[{\"@type\":\"ReadAction\",\"target\":[\"https:\/\/psol50.org.br\/rn-manifesto-pela-imediata-diplomacao-de-sandro-pimentel-psol-deputado-estadual-eleito\/\"]}]},{\"@type\":\"ImageObject\",\"inLanguage\":\"pt-BR\",\"@id\":\"https:\/\/psol50.org.br\/rn-manifesto-pela-imediata-diplomacao-de-sandro-pimentel-psol-deputado-estadual-eleito\/#primaryimage\",\"url\":\"https:\/\/psol50.org.br\/inc\/uploads\/2019\/01\/sandropequnea.jpg\",\"contentUrl\":\"https:\/\/psol50.org.br\/inc\/uploads\/2019\/01\/sandropequnea.jpg\",\"width\":800,\"height\":531},{\"@type\":\"BreadcrumbList\",\"@id\":\"https:\/\/psol50.org.br\/rn-manifesto-pela-imediata-diplomacao-de-sandro-pimentel-psol-deputado-estadual-eleito\/#breadcrumb\",\"itemListElement\":[{\"@type\":\"ListItem\",\"position\":1,\"name\":\"In\u00edcio\",\"item\":\"https:\/\/psol50.org.br\/\"},{\"@type\":\"ListItem\",\"position\":2,\"name\":\"RN: manifesto pela imediata diploma\u00e7\u00e3o de Sandro Pimentel (PSOL), deputado estadual eleito\"}]},{\"@type\":\"WebSite\",\"@id\":\"https:\/\/psol50.org.br\/#website\",\"url\":\"https:\/\/psol50.org.br\/\",\"name\":\"PSOL 50\",\"description\":\"Site oficial do Partido Socialismo e Liberdade\",\"publisher\":{\"@id\":\"https:\/\/psol50.org.br\/#organization\"},\"alternateName\":\"PSOL50\",\"potentialAction\":[{\"@type\":\"SearchAction\",\"target\":{\"@type\":\"EntryPoint\",\"urlTemplate\":\"https:\/\/psol50.org.br\/?s={search_term_string}\"},\"query-input\":{\"@type\":\"PropertyValueSpecification\",\"valueRequired\":true,\"valueName\":\"search_term_string\"}}],\"inLanguage\":\"pt-BR\"},{\"@type\":\"Organization\",\"@id\":\"https:\/\/psol50.org.br\/#organization\",\"name\":\"PSOL 50\",\"alternateName\":\"PSOL 50\",\"url\":\"https:\/\/psol50.org.br\/\",\"logo\":{\"@type\":\"ImageObject\",\"inLanguage\":\"pt-BR\",\"@id\":\"https:\/\/psol50.org.br\/#\/schema\/logo\/image\/\",\"url\":\"https:\/\/psol50.org.br\/inc\/uploads\/2018\/07\/capa.png\",\"contentUrl\":\"https:\/\/psol50.org.br\/inc\/uploads\/2018\/07\/capa.png\",\"width\":1350,\"height\":900,\"caption\":\"PSOL 50\"},\"image\":{\"@id\":\"https:\/\/psol50.org.br\/#\/schema\/logo\/image\/\"},\"sameAs\":[\"https:\/\/www.facebook.com\/psol50\",\"https:\/\/x.com\/psol50\",\"https:\/\/www.instagram.com\/psol50\/\",\"https:\/\/www.youtube.com\/channel\/UC7SnJS5o1os7a6CaiNabzcg\"]},{\"@type\":\"Person\",\"@id\":\"https:\/\/psol50.org.br\/#\/schema\/person\/475dfa57d0b815993c714c2e96491fcd\",\"name\":\"Comunica\u00e7\u00e3o PSOL\",\"image\":{\"@type\":\"ImageObject\",\"inLanguage\":\"pt-BR\",\"@id\":\"https:\/\/psol50.org.br\/#\/schema\/person\/image\/\",\"url\":\"https:\/\/secure.gravatar.com\/avatar\/b34fc4f4e468a4e51785917065a3db57b841f5c95dba6ad8c73aaf8f66f8f9bf?s=96&d=mm&r=g\",\"contentUrl\":\"https:\/\/secure.gravatar.com\/avatar\/b34fc4f4e468a4e51785917065a3db57b841f5c95dba6ad8c73aaf8f66f8f9bf?s=96&d=mm&r=g\",\"caption\":\"Comunica\u00e7\u00e3o PSOL\"}}]}<\/script>\n<!-- \/ Yoast SEO plugin. -->","yoast_head_json":{"title":"RN: manifesto pela imediata diploma\u00e7\u00e3o de Sandro Pimentel (PSOL), deputado estadual eleito - PSOL 50","robots":{"index":"index","follow":"follow","max-snippet":"max-snippet:-1","max-image-preview":"max-image-preview:large","max-video-preview":"max-video-preview:-1"},"canonical":"https:\/\/psol50.org.br\/rn-manifesto-pela-imediata-diplomacao-de-sandro-pimentel-psol-deputado-estadual-eleito\/","og_locale":"pt_BR","og_type":"article","og_title":"RN: manifesto pela imediata diploma\u00e7\u00e3o de Sandro Pimentel (PSOL)","og_description":"Em defesa da Soberania Popular e pela Democracia.","og_url":"https:\/\/psol50.org.br\/rn-manifesto-pela-imediata-diplomacao-de-sandro-pimentel-psol-deputado-estadual-eleito\/","og_site_name":"PSOL 50","article_publisher":"https:\/\/www.facebook.com\/psol50","article_published_time":"2019-01-15T18:18:39+00:00","og_image":[{"width":800,"height":531,"url":"https:\/\/psol50.org.br\/inc\/uploads\/2019\/01\/sandropequnea.jpg","type":"image\/jpeg"}],"author":"Comunica\u00e7\u00e3o PSOL","twitter_card":"summary_large_image","twitter_title":"RN: manifesto pela imediata diploma\u00e7\u00e3o de Sandro Pimentel (PSOL)","twitter_description":"Em defesa da Soberania Popular e pela Democracia.","twitter_image":"https:\/\/psol50.org.br\/inc\/uploads\/2019\/01\/sandropequnea.jpg","twitter_creator":"@psol50","twitter_site":"@psol50","twitter_misc":{"Escrito por":"Comunica\u00e7\u00e3o PSOL","Est. tempo de leitura":"3 minutos"},"schema":{"@context":"https:\/\/schema.org","@graph":[{"@type":"Article","@id":"https:\/\/psol50.org.br\/rn-manifesto-pela-imediata-diplomacao-de-sandro-pimentel-psol-deputado-estadual-eleito\/#article","isPartOf":{"@id":"https:\/\/psol50.org.br\/rn-manifesto-pela-imediata-diplomacao-de-sandro-pimentel-psol-deputado-estadual-eleito\/"},"author":{"name":"Comunica\u00e7\u00e3o PSOL","@id":"https:\/\/psol50.org.br\/#\/schema\/person\/475dfa57d0b815993c714c2e96491fcd"},"headline":"RN: manifesto pela imediata diploma\u00e7\u00e3o de Sandro Pimentel (PSOL), deputado estadual eleito","datePublished":"2019-01-15T18:18:39+00:00","mainEntityOfPage":{"@id":"https:\/\/psol50.org.br\/rn-manifesto-pela-imediata-diplomacao-de-sandro-pimentel-psol-deputado-estadual-eleito\/"},"wordCount":517,"publisher":{"@id":"https:\/\/psol50.org.br\/#organization"},"image":{"@id":"https:\/\/psol50.org.br\/rn-manifesto-pela-imediata-diplomacao-de-sandro-pimentel-psol-deputado-estadual-eleito\/#primaryimage"},"thumbnailUrl":"https:\/\/psol50.org.br\/inc\/uploads\/2019\/01\/sandropequnea.jpg","keywords":["diploma\u00e7\u00e3o","manifesto","Sandro Pimentel"],"articleSection":["Not\u00edcias"],"inLanguage":"pt-BR"},{"@type":"WebPage","@id":"https:\/\/psol50.org.br\/rn-manifesto-pela-imediata-diplomacao-de-sandro-pimentel-psol-deputado-estadual-eleito\/","url":"https:\/\/psol50.org.br\/rn-manifesto-pela-imediata-diplomacao-de-sandro-pimentel-psol-deputado-estadual-eleito\/","name":"RN: manifesto pela imediata diploma\u00e7\u00e3o de Sandro Pimentel (PSOL), deputado estadual eleito - PSOL 50","isPartOf":{"@id":"https:\/\/psol50.org.br\/#website"},"primaryImageOfPage":{"@id":"https:\/\/psol50.org.br\/rn-manifesto-pela-imediata-diplomacao-de-sandro-pimentel-psol-deputado-estadual-eleito\/#primaryimage"},"image":{"@id":"https:\/\/psol50.org.br\/rn-manifesto-pela-imediata-diplomacao-de-sandro-pimentel-psol-deputado-estadual-eleito\/#primaryimage"},"thumbnailUrl":"https:\/\/psol50.org.br\/inc\/uploads\/2019\/01\/sandropequnea.jpg","datePublished":"2019-01-15T18:18:39+00:00","breadcrumb":{"@id":"https:\/\/psol50.org.br\/rn-manifesto-pela-imediata-diplomacao-de-sandro-pimentel-psol-deputado-estadual-eleito\/#breadcrumb"},"inLanguage":"pt-BR","potentialAction":[{"@type":"ReadAction","target":["https:\/\/psol50.org.br\/rn-manifesto-pela-imediata-diplomacao-de-sandro-pimentel-psol-deputado-estadual-eleito\/"]}]},{"@type":"ImageObject","inLanguage":"pt-BR","@id":"https:\/\/psol50.org.br\/rn-manifesto-pela-imediata-diplomacao-de-sandro-pimentel-psol-deputado-estadual-eleito\/#primaryimage","url":"https:\/\/psol50.org.br\/inc\/uploads\/2019\/01\/sandropequnea.jpg","contentUrl":"https:\/\/psol50.org.br\/inc\/uploads\/2019\/01\/sandropequnea.jpg","width":800,"height":531},{"@type":"BreadcrumbList","@id":"https:\/\/psol50.org.br\/rn-manifesto-pela-imediata-diplomacao-de-sandro-pimentel-psol-deputado-estadual-eleito\/#breadcrumb","itemListElement":[{"@type":"ListItem","position":1,"name":"In\u00edcio","item":"https:\/\/psol50.org.br\/"},{"@type":"ListItem","position":2,"name":"RN: manifesto pela imediata diploma\u00e7\u00e3o de Sandro Pimentel (PSOL), deputado estadual eleito"}]},{"@type":"WebSite","@id":"https:\/\/psol50.org.br\/#website","url":"https:\/\/psol50.org.br\/","name":"PSOL 50","description":"Site oficial do Partido Socialismo e Liberdade","publisher":{"@id":"https:\/\/psol50.org.br\/#organization"},"alternateName":"PSOL50","potentialAction":[{"@type":"SearchAction","target":{"@type":"EntryPoint","urlTemplate":"https:\/\/psol50.org.br\/?s={search_term_string}"},"query-input":{"@type":"PropertyValueSpecification","valueRequired":true,"valueName":"search_term_string"}}],"inLanguage":"pt-BR"},{"@type":"Organization","@id":"https:\/\/psol50.org.br\/#organization","name":"PSOL 50","alternateName":"PSOL 50","url":"https:\/\/psol50.org.br\/","logo":{"@type":"ImageObject","inLanguage":"pt-BR","@id":"https:\/\/psol50.org.br\/#\/schema\/logo\/image\/","url":"https:\/\/psol50.org.br\/inc\/uploads\/2018\/07\/capa.png","contentUrl":"https:\/\/psol50.org.br\/inc\/uploads\/2018\/07\/capa.png","width":1350,"height":900,"caption":"PSOL 50"},"image":{"@id":"https:\/\/psol50.org.br\/#\/schema\/logo\/image\/"},"sameAs":["https:\/\/www.facebook.com\/psol50","https:\/\/x.com\/psol50","https:\/\/www.instagram.com\/psol50\/","https:\/\/www.youtube.com\/channel\/UC7SnJS5o1os7a6CaiNabzcg"]},{"@type":"Person","@id":"https:\/\/psol50.org.br\/#\/schema\/person\/475dfa57d0b815993c714c2e96491fcd","name":"Comunica\u00e7\u00e3o PSOL","image":{"@type":"ImageObject","inLanguage":"pt-BR","@id":"https:\/\/psol50.org.br\/#\/schema\/person\/image\/","url":"https:\/\/secure.gravatar.com\/avatar\/b34fc4f4e468a4e51785917065a3db57b841f5c95dba6ad8c73aaf8f66f8f9bf?s=96&d=mm&r=g","contentUrl":"https:\/\/secure.gravatar.com\/avatar\/b34fc4f4e468a4e51785917065a3db57b841f5c95dba6ad8c73aaf8f66f8f9bf?s=96&d=mm&r=g","caption":"Comunica\u00e7\u00e3o PSOL"}}]}},"_links":{"self":[{"href":"https:\/\/psol50.org.br\/rest\/wp\/v2\/posts\/23903","targetHints":{"allow":["GET"]}}],"collection":[{"href":"https:\/\/psol50.org.br\/rest\/wp\/v2\/posts"}],"about":[{"href":"https:\/\/psol50.org.br\/rest\/wp\/v2\/types\/post"}],"author":[{"embeddable":true,"href":"https:\/\/psol50.org.br\/rest\/wp\/v2\/users\/2"}],"replies":[{"embeddable":true,"href":"https:\/\/psol50.org.br\/rest\/wp\/v2\/comments?post=23903"}],"version-history":[{"count":0,"href":"https:\/\/psol50.org.br\/rest\/wp\/v2\/posts\/23903\/revisions"}],"wp:featuredmedia":[{"embeddable":true,"href":"https:\/\/psol50.org.br\/rest\/wp\/v2\/media\/23904"}],"wp:attachment":[{"href":"https:\/\/psol50.org.br\/rest\/wp\/v2\/media?parent=23903"}],"wp:term":[{"taxonomy":"category","embeddable":true,"href":"https:\/\/psol50.org.br\/rest\/wp\/v2\/categories?post=23903"},{"taxonomy":"post_tag","embeddable":true,"href":"https:\/\/psol50.org.br\/rest\/wp\/v2\/tags?post=23903"}],"curies":[{"name":"wp","href":"https:\/\/api.w.org\/{rel}","templated":true}]}}