{"id":2393,"date":"2013-10-30T00:00:00","date_gmt":"2013-10-30T00:00:00","guid":{"rendered":"http:\/\/psol50.org.br\/arquivo\/2013\/10\/30\/randolfe-quer-explicacao-da-anatel-sobre-problemas-com-telefonia-movel-na-amazonia\/"},"modified":"2013-10-30T00:00:00","modified_gmt":"2013-10-30T00:00:00","slug":"randolfe-quer-explicacao-da-anatel-sobre-problemas-com-telefonia-movel-na-amazonia","status":"publish","type":"post","link":"https:\/\/psol50.org.br\/randolfe-quer-explicacao-da-anatel-sobre-problemas-com-telefonia-movel-na-amazonia\/","title":{"rendered":"Randolfe quer explica\u00e7\u00e3o da Anatel sobre problemas com telefonia m\u00f3vel na Amaz\u00f4nia"},"content":{"rendered":"<div style=\"text-align: justify;\">\n\t\u201cRede M\u00f3vel Indispon\u00edvel\u201d. A popula\u00e7\u00e3o do Amap\u00e1 e de outros Estados da Amaz\u00f4nia est\u00e1 acostumada com essa mensagem quando o assunto \u00e9 telefonia m\u00f3vel. Aus\u00eancia e interrup\u00e7\u00e3o de sinal, liga\u00e7\u00f5es n\u00e3o completadas e equ\u00edvocos na conta telef\u00f4nica, s\u00e3o algumas das queixas dos usu\u00e1rios das quatro operadoras instaladas no estado.<br \/>\n\t&nbsp;<br \/>\n\tSegundo dados da Anatel existem mais de 958 mil telefones m\u00f3veis no Amap\u00e1 e problemas como esses ocorrem pela sobrecarga da rede causada por essa quantidade de celulares existentes no Estado. &nbsp;Outro problema \u00e9 o n\u00famero de antenas espalhadas e o sinal, que ainda \u00e9 via sat\u00e9lite.<br \/>\n\t&nbsp;<br \/>\n\tPor tr\u00e1s do servi\u00e7o prec\u00e1rio prestado por estas operadoras, principalmente nos Estados da Amaz\u00f4nia, est\u00e1 a fiscaliza\u00e7\u00e3o da Agencia Nacional de Telecomunica\u00e7\u00f5es (Anatel). Para cobrar da Anatel uma fiscaliza\u00e7\u00e3o eficaz, o senador Randolfe Rodrigues (PSOL-AP) solicitou audi\u00eancia p\u00fablica na Comiss\u00e3o de Meio Ambiente Fiscaliza\u00e7\u00e3o e Controle (CMA) do Senado.<br \/>\n\t&nbsp;<br \/>\n\tA audi\u00eancia ser\u00e1 realizada nesta quinta-feira (31), a partir das 8h30 e confirmaram presen\u00e7a: Marcos Augusto Mesquita Coelho \u2013 Diretor de Rela\u00e7\u00f5es Institucionais da Oi; Christian Wickert \u2013 Diretor de Assuntos Regulat\u00f3rios da Claro; &nbsp;C\u00edcero Olivieri \u2013 Diretor de Redes da TIM Participa\u00e7\u00f5es e Enilson Fl\u00e1vio Camolesi- Diretor de Rela\u00e7\u00f5es Institucionais da Vivo.<br \/>\n\t&nbsp;<br \/>\n\t<strong>Desrespeito com o Senado<\/strong><br \/>\n\tO senador convidou o presidente da Anatel, Jo\u00e3o Batista Rezende, que n\u00e3o confirmou sua presen\u00e7a. Essa \u00e9 a segunda vez que a audi\u00eancia \u00e9 remarcada esperando confirma\u00e7\u00e3o do presidente da Ag\u00eancia, que envia em seu lugar um representante. A atitude de Jos\u00e9 Rezende foi objeto de protesto de Randolfe, no plen\u00e1rio do Senado, nesta quarta-feira.<br \/>\n\t&nbsp;<br \/>\n\t\u201c\u00c9 de not\u00f3rio conhecimento os p\u00e9ssimos servi\u00e7os da telefonia m\u00f3vel, principalmente na nossa regi\u00e3o Amaz\u00f4nica. Aprovamos na CMA, em 18 de julho, um pedido de audi\u00eancia p\u00fablica para debater esses problemas. Essa audi\u00eancia foi adiada duas vezes em decorr\u00eancia da agenda dos participantes. Por\u00e9m, o presidente da Anatel, Jo\u00e3o Batista de Rezende, mais uma vez n\u00e3o comparecer\u00e1 e enviar\u00e1 um representante. Isso \u00e9 um desrespeito com o senado, que aprovou a indica\u00e7\u00e3o desse Senhor\u201d, disse Randolfe.<br \/>\n\t&nbsp;<br \/>\n\tO senador alertou que na aus\u00eancia do presidente da Anatel, nenhum representante dele ir\u00e1 compor a mesa. \u201cN\u00e3o bastasse a Anatel ser submissa aos cart\u00e9is da telefonia celular, que prestam os piores servi\u00e7os p\u00fablicos, em especial na regi\u00e3o Amaz\u00f4nica. Quando \u00e9 convocada para prestar esclarecimentos, trata o Senado desta maneira\u201d, concluiu Randolfe.<br \/>\n\t&nbsp;<br \/>\n\tPara o senador amapaense \u00e9 preciso que, principalmente a Anatel, responda o porqu\u00ea n\u00e3o consegue fiscalizar essas empresas como deveria, o que para ele, d\u00e1 abertura para a \u201cfalta de respeito\u201d dessas empresas com os consumidores. \u201cA popula\u00e7\u00e3o amapaense, assim como em todo o Brasil, quer um servi\u00e7o de qualidade. No Amap\u00e1, esses problemas se tornaram comuns e a partir das reclama\u00e7\u00f5es da popula\u00e7\u00e3o, decidi propor essa audi\u00eancia p\u00fablica\u201d, destaca Randolfe.<br \/>\n\t&nbsp;<br \/>\n\t<strong>Campe\u00e3s de reclama\u00e7\u00f5es<\/strong><br \/>\n\tEntre abril de 2012 e mar\u00e7o de 2013, a central de atendimentos da Anatel recebeu mais de 2 milh\u00f5es de reclama\u00e7\u00f5es em todo o Brasil. Em 12 meses, as queixas dos usu\u00e1rios de telefonia m\u00f3vel chegaram a mais de 45% do total.<br \/>\n\t&nbsp;<br \/>\n\tNas ag\u00eancias do Procon do pa\u00eds, as empresas de telefonia m\u00f3vel e fixa tamb\u00e9m encabe\u00e7am a lista de reclama\u00e7\u00f5es.<br \/>\n\t&nbsp;<br \/>\n\tEsse crescente n\u00famero de reclama\u00e7\u00f5es fez com que o poder p\u00fablico, em diversos estados, se mobilizasse para exigir melhoria nos servi\u00e7os. S\u00e3o mais de 15 Comiss\u00f5es Parlamentares de Inqu\u00e9rito (CPIs) em funcionamento no pa\u00eds, buscando averiguar os problemas que ocorrem com a telefonia m\u00f3vel e fixa. As CPIs foram criadas em Assembleias Legislativas de estados como o Rio Grande do Sul, Amazonas, Alagoas e Minas Gerais.<br \/>\n\t&nbsp;<br \/>\n\tA Anatel contratou neste ano a segunda edi\u00e7\u00e3o da Pesquisa Nacional de Satisfa\u00e7\u00e3o de Usu\u00e1rios de Telecomunica\u00e7\u00f5es. A primeira tinha sido realizada em 2002. O resultado atestou que nos \u00faltimos dez anos a qualidade dos servi\u00e7os ainda \u00e9 inferior. Foram avaliados os servi\u00e7os de celular pr\u00e9-pago, celular p\u00f3s-pago, telefone fixo residencial, TV paga via sat\u00e9lite e TV paga via cabo. O \u00edndice geral de satisfa\u00e7\u00e3o que era de 77,5% na \u00faltima pesquisa, caiu para 60% entre 2002 e 2012.O \u00edndice da telefonia m\u00f3vel pr\u00e9-paga, por exemplo, caiu de 77,5% para 60% em rela\u00e7\u00e3o ao total dos usu\u00e1rios. J\u00e1 o celular p\u00f3s-pago despencou de 71,4% dos usu\u00e1rios satisfeitos para apenas 53,7%.<\/div>\n","protected":false},"excerpt":{"rendered":"<p>\u201cRede M\u00f3vel Indispon\u00edvel\u201d. A popula\u00e7\u00e3o do Amap\u00e1 e de outros Estados da Amaz\u00f4nia est\u00e1 acostumada com essa mensagem quando o assunto \u00e9 telefonia m\u00f3vel. Aus\u00eancia e interrup\u00e7\u00e3o de sinal, liga\u00e7\u00f5es n\u00e3o completadas e equ\u00edvocos na conta telef\u00f4nica, s\u00e3o algumas das queixas dos usu\u00e1rios das quatro operadoras instaladas no estado. &nbsp; Segundo dados da Anatel existem [&hellip;]<\/p>\n","protected":false},"author":2,"featured_media":0,"comment_status":"open","ping_status":"open","sticky":false,"template":"","format":"standard","meta":{"_acf_changed":false,"footnotes":""},"categories":[4766,6],"tags":[],"class_list":{"0":"post-2393","1":"post","2":"type-post","3":"status-publish","4":"format-standard","6":"category-arquivo","7":"category-noticias"},"acf":[],"yoast_head":"<!-- This site is optimized with the Yoast SEO plugin v26.5 - https:\/\/yoast.com\/wordpress\/plugins\/seo\/ -->\n<title>Randolfe quer explica\u00e7\u00e3o da Anatel sobre problemas com telefonia m\u00f3vel na Amaz\u00f4nia - PSOL 50<\/title>\n<meta name=\"robots\" content=\"index, follow, max-snippet:-1, max-image-preview:large, max-video-preview:-1\" \/>\n<link rel=\"canonical\" href=\"https:\/\/psol50.org.br\/randolfe-quer-explicacao-da-anatel-sobre-problemas-com-telefonia-movel-na-amazonia\/\" \/>\n<meta property=\"og:locale\" content=\"pt_BR\" \/>\n<meta property=\"og:type\" content=\"article\" \/>\n<meta property=\"og:title\" content=\"Randolfe quer explica\u00e7\u00e3o da Anatel sobre problemas com telefonia m\u00f3vel na Amaz\u00f4nia - PSOL 50\" \/>\n<meta property=\"og:description\" content=\"\u201cRede M\u00f3vel Indispon\u00edvel\u201d. A popula\u00e7\u00e3o do Amap\u00e1 e de outros Estados da Amaz\u00f4nia est\u00e1 acostumada com essa mensagem quando o assunto \u00e9 telefonia m\u00f3vel. Aus\u00eancia e interrup\u00e7\u00e3o de sinal, liga\u00e7\u00f5es n\u00e3o completadas e equ\u00edvocos na conta telef\u00f4nica, s\u00e3o algumas das queixas dos usu\u00e1rios das quatro operadoras instaladas no estado. &nbsp; Segundo dados da Anatel existem [&hellip;]\" \/>\n<meta property=\"og:url\" content=\"https:\/\/psol50.org.br\/randolfe-quer-explicacao-da-anatel-sobre-problemas-com-telefonia-movel-na-amazonia\/\" \/>\n<meta property=\"og:site_name\" content=\"PSOL 50\" \/>\n<meta property=\"article:publisher\" content=\"https:\/\/www.facebook.com\/psol50\" \/>\n<meta property=\"article:published_time\" content=\"2013-10-30T00:00:00+00:00\" \/>\n<meta property=\"og:image\" content=\"https:\/\/psol50.org.br\/inc\/uploads\/2018\/07\/capa.png\" \/>\n\t<meta property=\"og:image:width\" content=\"1350\" \/>\n\t<meta property=\"og:image:height\" content=\"900\" \/>\n\t<meta property=\"og:image:type\" content=\"image\/png\" \/>\n<meta name=\"author\" content=\"Comunica\u00e7\u00e3o PSOL\" \/>\n<meta name=\"twitter:card\" content=\"summary_large_image\" \/>\n<meta name=\"twitter:creator\" content=\"@psol50\" \/>\n<meta name=\"twitter:site\" content=\"@psol50\" \/>\n<meta name=\"twitter:label1\" content=\"Escrito por\" \/>\n\t<meta name=\"twitter:data1\" content=\"Comunica\u00e7\u00e3o PSOL\" \/>\n\t<meta name=\"twitter:label2\" content=\"Est. tempo de leitura\" \/>\n\t<meta name=\"twitter:data2\" content=\"4 minutos\" \/>\n<script type=\"application\/ld+json\" class=\"yoast-schema-graph\">{\"@context\":\"https:\/\/schema.org\",\"@graph\":[{\"@type\":\"Article\",\"@id\":\"https:\/\/psol50.org.br\/randolfe-quer-explicacao-da-anatel-sobre-problemas-com-telefonia-movel-na-amazonia\/#article\",\"isPartOf\":{\"@id\":\"https:\/\/psol50.org.br\/randolfe-quer-explicacao-da-anatel-sobre-problemas-com-telefonia-movel-na-amazonia\/\"},\"author\":{\"name\":\"Comunica\u00e7\u00e3o PSOL\",\"@id\":\"https:\/\/psol50.org.br\/#\/schema\/person\/475dfa57d0b815993c714c2e96491fcd\"},\"headline\":\"Randolfe quer explica\u00e7\u00e3o da Anatel sobre problemas com telefonia m\u00f3vel na Amaz\u00f4nia\",\"datePublished\":\"2013-10-30T00:00:00+00:00\",\"mainEntityOfPage\":{\"@id\":\"https:\/\/psol50.org.br\/randolfe-quer-explicacao-da-anatel-sobre-problemas-com-telefonia-movel-na-amazonia\/\"},\"wordCount\":802,\"commentCount\":0,\"publisher\":{\"@id\":\"https:\/\/psol50.org.br\/#organization\"},\"articleSection\":[\"Arquivo\",\"Not\u00edcias\"],\"inLanguage\":\"pt-BR\",\"potentialAction\":[{\"@type\":\"CommentAction\",\"name\":\"Comment\",\"target\":[\"https:\/\/psol50.org.br\/randolfe-quer-explicacao-da-anatel-sobre-problemas-com-telefonia-movel-na-amazonia\/#respond\"]}]},{\"@type\":\"WebPage\",\"@id\":\"https:\/\/psol50.org.br\/randolfe-quer-explicacao-da-anatel-sobre-problemas-com-telefonia-movel-na-amazonia\/\",\"url\":\"https:\/\/psol50.org.br\/randolfe-quer-explicacao-da-anatel-sobre-problemas-com-telefonia-movel-na-amazonia\/\",\"name\":\"Randolfe quer explica\u00e7\u00e3o da Anatel sobre problemas com telefonia m\u00f3vel na Amaz\u00f4nia - PSOL 50\",\"isPartOf\":{\"@id\":\"https:\/\/psol50.org.br\/#website\"},\"datePublished\":\"2013-10-30T00:00:00+00:00\",\"breadcrumb\":{\"@id\":\"https:\/\/psol50.org.br\/randolfe-quer-explicacao-da-anatel-sobre-problemas-com-telefonia-movel-na-amazonia\/#breadcrumb\"},\"inLanguage\":\"pt-BR\",\"potentialAction\":[{\"@type\":\"ReadAction\",\"target\":[\"https:\/\/psol50.org.br\/randolfe-quer-explicacao-da-anatel-sobre-problemas-com-telefonia-movel-na-amazonia\/\"]}]},{\"@type\":\"BreadcrumbList\",\"@id\":\"https:\/\/psol50.org.br\/randolfe-quer-explicacao-da-anatel-sobre-problemas-com-telefonia-movel-na-amazonia\/#breadcrumb\",\"itemListElement\":[{\"@type\":\"ListItem\",\"position\":1,\"name\":\"In\u00edcio\",\"item\":\"https:\/\/psol50.org.br\/\"},{\"@type\":\"ListItem\",\"position\":2,\"name\":\"Randolfe quer explica\u00e7\u00e3o da Anatel sobre problemas com telefonia m\u00f3vel na Amaz\u00f4nia\"}]},{\"@type\":\"WebSite\",\"@id\":\"https:\/\/psol50.org.br\/#website\",\"url\":\"https:\/\/psol50.org.br\/\",\"name\":\"PSOL 50\",\"description\":\"Site oficial do Partido Socialismo e Liberdade\",\"publisher\":{\"@id\":\"https:\/\/psol50.org.br\/#organization\"},\"alternateName\":\"PSOL50\",\"potentialAction\":[{\"@type\":\"SearchAction\",\"target\":{\"@type\":\"EntryPoint\",\"urlTemplate\":\"https:\/\/psol50.org.br\/?s={search_term_string}\"},\"query-input\":{\"@type\":\"PropertyValueSpecification\",\"valueRequired\":true,\"valueName\":\"search_term_string\"}}],\"inLanguage\":\"pt-BR\"},{\"@type\":\"Organization\",\"@id\":\"https:\/\/psol50.org.br\/#organization\",\"name\":\"PSOL 50\",\"alternateName\":\"PSOL 50\",\"url\":\"https:\/\/psol50.org.br\/\",\"logo\":{\"@type\":\"ImageObject\",\"inLanguage\":\"pt-BR\",\"@id\":\"https:\/\/psol50.org.br\/#\/schema\/logo\/image\/\",\"url\":\"https:\/\/psol50.org.br\/inc\/uploads\/2018\/07\/capa.png\",\"contentUrl\":\"https:\/\/psol50.org.br\/inc\/uploads\/2018\/07\/capa.png\",\"width\":1350,\"height\":900,\"caption\":\"PSOL 50\"},\"image\":{\"@id\":\"https:\/\/psol50.org.br\/#\/schema\/logo\/image\/\"},\"sameAs\":[\"https:\/\/www.facebook.com\/psol50\",\"https:\/\/x.com\/psol50\",\"https:\/\/www.instagram.com\/psol50\/\",\"https:\/\/www.youtube.com\/channel\/UC7SnJS5o1os7a6CaiNabzcg\"]},{\"@type\":\"Person\",\"@id\":\"https:\/\/psol50.org.br\/#\/schema\/person\/475dfa57d0b815993c714c2e96491fcd\",\"name\":\"Comunica\u00e7\u00e3o PSOL\",\"image\":{\"@type\":\"ImageObject\",\"inLanguage\":\"pt-BR\",\"@id\":\"https:\/\/psol50.org.br\/#\/schema\/person\/image\/\",\"url\":\"https:\/\/secure.gravatar.com\/avatar\/b34fc4f4e468a4e51785917065a3db57b841f5c95dba6ad8c73aaf8f66f8f9bf?s=96&d=mm&r=g\",\"contentUrl\":\"https:\/\/secure.gravatar.com\/avatar\/b34fc4f4e468a4e51785917065a3db57b841f5c95dba6ad8c73aaf8f66f8f9bf?s=96&d=mm&r=g\",\"caption\":\"Comunica\u00e7\u00e3o PSOL\"}}]}<\/script>\n<!-- \/ Yoast SEO plugin. -->","yoast_head_json":{"title":"Randolfe quer explica\u00e7\u00e3o da Anatel sobre problemas com telefonia m\u00f3vel na Amaz\u00f4nia - PSOL 50","robots":{"index":"index","follow":"follow","max-snippet":"max-snippet:-1","max-image-preview":"max-image-preview:large","max-video-preview":"max-video-preview:-1"},"canonical":"https:\/\/psol50.org.br\/randolfe-quer-explicacao-da-anatel-sobre-problemas-com-telefonia-movel-na-amazonia\/","og_locale":"pt_BR","og_type":"article","og_title":"Randolfe quer explica\u00e7\u00e3o da Anatel sobre problemas com telefonia m\u00f3vel na Amaz\u00f4nia - PSOL 50","og_description":"\u201cRede M\u00f3vel Indispon\u00edvel\u201d. A popula\u00e7\u00e3o do Amap\u00e1 e de outros Estados da Amaz\u00f4nia est\u00e1 acostumada com essa mensagem quando o assunto \u00e9 telefonia m\u00f3vel. Aus\u00eancia e interrup\u00e7\u00e3o de sinal, liga\u00e7\u00f5es n\u00e3o completadas e equ\u00edvocos na conta telef\u00f4nica, s\u00e3o algumas das queixas dos usu\u00e1rios das quatro operadoras instaladas no estado. &nbsp; Segundo dados da Anatel existem [&hellip;]","og_url":"https:\/\/psol50.org.br\/randolfe-quer-explicacao-da-anatel-sobre-problemas-com-telefonia-movel-na-amazonia\/","og_site_name":"PSOL 50","article_publisher":"https:\/\/www.facebook.com\/psol50","article_published_time":"2013-10-30T00:00:00+00:00","og_image":[{"width":1350,"height":900,"url":"https:\/\/psol50.org.br\/inc\/uploads\/2018\/07\/capa.png","type":"image\/png"}],"author":"Comunica\u00e7\u00e3o PSOL","twitter_card":"summary_large_image","twitter_creator":"@psol50","twitter_site":"@psol50","twitter_misc":{"Escrito por":"Comunica\u00e7\u00e3o PSOL","Est. tempo de leitura":"4 minutos"},"schema":{"@context":"https:\/\/schema.org","@graph":[{"@type":"Article","@id":"https:\/\/psol50.org.br\/randolfe-quer-explicacao-da-anatel-sobre-problemas-com-telefonia-movel-na-amazonia\/#article","isPartOf":{"@id":"https:\/\/psol50.org.br\/randolfe-quer-explicacao-da-anatel-sobre-problemas-com-telefonia-movel-na-amazonia\/"},"author":{"name":"Comunica\u00e7\u00e3o PSOL","@id":"https:\/\/psol50.org.br\/#\/schema\/person\/475dfa57d0b815993c714c2e96491fcd"},"headline":"Randolfe quer explica\u00e7\u00e3o da Anatel sobre problemas com telefonia m\u00f3vel na Amaz\u00f4nia","datePublished":"2013-10-30T00:00:00+00:00","mainEntityOfPage":{"@id":"https:\/\/psol50.org.br\/randolfe-quer-explicacao-da-anatel-sobre-problemas-com-telefonia-movel-na-amazonia\/"},"wordCount":802,"commentCount":0,"publisher":{"@id":"https:\/\/psol50.org.br\/#organization"},"articleSection":["Arquivo","Not\u00edcias"],"inLanguage":"pt-BR","potentialAction":[{"@type":"CommentAction","name":"Comment","target":["https:\/\/psol50.org.br\/randolfe-quer-explicacao-da-anatel-sobre-problemas-com-telefonia-movel-na-amazonia\/#respond"]}]},{"@type":"WebPage","@id":"https:\/\/psol50.org.br\/randolfe-quer-explicacao-da-anatel-sobre-problemas-com-telefonia-movel-na-amazonia\/","url":"https:\/\/psol50.org.br\/randolfe-quer-explicacao-da-anatel-sobre-problemas-com-telefonia-movel-na-amazonia\/","name":"Randolfe quer explica\u00e7\u00e3o da Anatel sobre problemas com telefonia m\u00f3vel na Amaz\u00f4nia - PSOL 50","isPartOf":{"@id":"https:\/\/psol50.org.br\/#website"},"datePublished":"2013-10-30T00:00:00+00:00","breadcrumb":{"@id":"https:\/\/psol50.org.br\/randolfe-quer-explicacao-da-anatel-sobre-problemas-com-telefonia-movel-na-amazonia\/#breadcrumb"},"inLanguage":"pt-BR","potentialAction":[{"@type":"ReadAction","target":["https:\/\/psol50.org.br\/randolfe-quer-explicacao-da-anatel-sobre-problemas-com-telefonia-movel-na-amazonia\/"]}]},{"@type":"BreadcrumbList","@id":"https:\/\/psol50.org.br\/randolfe-quer-explicacao-da-anatel-sobre-problemas-com-telefonia-movel-na-amazonia\/#breadcrumb","itemListElement":[{"@type":"ListItem","position":1,"name":"In\u00edcio","item":"https:\/\/psol50.org.br\/"},{"@type":"ListItem","position":2,"name":"Randolfe quer explica\u00e7\u00e3o da Anatel sobre problemas com telefonia m\u00f3vel na Amaz\u00f4nia"}]},{"@type":"WebSite","@id":"https:\/\/psol50.org.br\/#website","url":"https:\/\/psol50.org.br\/","name":"PSOL 50","description":"Site oficial do Partido Socialismo e Liberdade","publisher":{"@id":"https:\/\/psol50.org.br\/#organization"},"alternateName":"PSOL50","potentialAction":[{"@type":"SearchAction","target":{"@type":"EntryPoint","urlTemplate":"https:\/\/psol50.org.br\/?s={search_term_string}"},"query-input":{"@type":"PropertyValueSpecification","valueRequired":true,"valueName":"search_term_string"}}],"inLanguage":"pt-BR"},{"@type":"Organization","@id":"https:\/\/psol50.org.br\/#organization","name":"PSOL 50","alternateName":"PSOL 50","url":"https:\/\/psol50.org.br\/","logo":{"@type":"ImageObject","inLanguage":"pt-BR","@id":"https:\/\/psol50.org.br\/#\/schema\/logo\/image\/","url":"https:\/\/psol50.org.br\/inc\/uploads\/2018\/07\/capa.png","contentUrl":"https:\/\/psol50.org.br\/inc\/uploads\/2018\/07\/capa.png","width":1350,"height":900,"caption":"PSOL 50"},"image":{"@id":"https:\/\/psol50.org.br\/#\/schema\/logo\/image\/"},"sameAs":["https:\/\/www.facebook.com\/psol50","https:\/\/x.com\/psol50","https:\/\/www.instagram.com\/psol50\/","https:\/\/www.youtube.com\/channel\/UC7SnJS5o1os7a6CaiNabzcg"]},{"@type":"Person","@id":"https:\/\/psol50.org.br\/#\/schema\/person\/475dfa57d0b815993c714c2e96491fcd","name":"Comunica\u00e7\u00e3o PSOL","image":{"@type":"ImageObject","inLanguage":"pt-BR","@id":"https:\/\/psol50.org.br\/#\/schema\/person\/image\/","url":"https:\/\/secure.gravatar.com\/avatar\/b34fc4f4e468a4e51785917065a3db57b841f5c95dba6ad8c73aaf8f66f8f9bf?s=96&d=mm&r=g","contentUrl":"https:\/\/secure.gravatar.com\/avatar\/b34fc4f4e468a4e51785917065a3db57b841f5c95dba6ad8c73aaf8f66f8f9bf?s=96&d=mm&r=g","caption":"Comunica\u00e7\u00e3o PSOL"}}]}},"_links":{"self":[{"href":"https:\/\/psol50.org.br\/rest\/wp\/v2\/posts\/2393","targetHints":{"allow":["GET"]}}],"collection":[{"href":"https:\/\/psol50.org.br\/rest\/wp\/v2\/posts"}],"about":[{"href":"https:\/\/psol50.org.br\/rest\/wp\/v2\/types\/post"}],"author":[{"embeddable":true,"href":"https:\/\/psol50.org.br\/rest\/wp\/v2\/users\/2"}],"replies":[{"embeddable":true,"href":"https:\/\/psol50.org.br\/rest\/wp\/v2\/comments?post=2393"}],"version-history":[{"count":0,"href":"https:\/\/psol50.org.br\/rest\/wp\/v2\/posts\/2393\/revisions"}],"wp:attachment":[{"href":"https:\/\/psol50.org.br\/rest\/wp\/v2\/media?parent=2393"}],"wp:term":[{"taxonomy":"category","embeddable":true,"href":"https:\/\/psol50.org.br\/rest\/wp\/v2\/categories?post=2393"},{"taxonomy":"post_tag","embeddable":true,"href":"https:\/\/psol50.org.br\/rest\/wp\/v2\/tags?post=2393"}],"curies":[{"name":"wp","href":"https:\/\/api.w.org\/{rel}","templated":true}]}}