{"id":2399,"date":"2013-11-01T00:00:00","date_gmt":"2013-11-01T00:00:00","guid":{"rendered":"http:\/\/psol50.org.br\/arquivo\/2013\/11\/01\/votorantim-metais-anuncia-demissoes-em-unidade-no-interior-de-minas\/"},"modified":"2013-11-01T00:00:00","modified_gmt":"2013-11-01T00:00:00","slug":"votorantim-metais-anuncia-demissoes-em-unidade-no-interior-de-minas","status":"publish","type":"post","link":"https:\/\/psol50.org.br\/votorantim-metais-anuncia-demissoes-em-unidade-no-interior-de-minas\/","title":{"rendered":"Votorantim Metais anuncia demiss\u00f5es em unidade no interior de Minas"},"content":{"rendered":"<p style=\"text-align: justify;\">\n\t<em>Do site do PSOL Nacional, Leonor Costa<\/p>\n<p>\tSegundo dirigente do PSOL, pol\u00edtica de dispensa deve atingir cerca de 400 trabalhadores. \u201c<\/em><em>Precisamos da ajuda de todos na divulga\u00e7\u00e3o para o mundo que a Votorantim Metais n\u00e3o tem responsabilidade social e que a demiss\u00e3o em massa fere direitos humanos\u201d<\/em><\/p>\n<p>\tA empresa Votorantim Metais, do Grupo Votorantim, cujo principal acionista \u00e9 o mega empres\u00e1rio Ant\u00f4nio Erm\u00edrio de Moraes, anunciou, h\u00e1 cerca de um m\u00eas, que deve demitir em torno de 400 funcion\u00e1rios da unidade de Fortaleza de Minas, no interior de Minas Gerais. De acordo com as previs\u00f5es anunciadas pela pr\u00f3pria empresa, o processo de demiss\u00e3o em massa teria in\u00edcio nesta sexta-feira (1\u00ba\/11) e a sinaliza\u00e7\u00e3o \u00e9 de que neste primeiro dia perderiam o emprego pelo menos 20 trabalhadores. A reda\u00e7\u00e3o do site do PSOL entrou em contato com o setor de Gest\u00e3o de Pessoas da empresa para confirmar se as primeiras demiss\u00f5es j\u00e1 ocorreram, mas o respons\u00e1vel n\u00e3o se encontrava mais no local. O presidente do Sindicato dos Trabalhadores na Ind\u00fastria Extrativa (Sintex), que engloba as cidades de Fortaleza de Minas, Ita\u00fa de Minas, S\u00e3o Sebasti\u00e3o do Para\u00edso e Prat\u00e1polis, Everaldo Dutra, tamb\u00e9m n\u00e3o soube confirmar as demiss\u00f5es.<\/p>\n<p>\tA unidade da Votorantim no munic\u00edpio localizado na regi\u00e3o sul do Estado, que basicamente extrai e processa n\u00edquel (metal muito utilizado na fabrica\u00e7\u00e3o de a\u00e7o inoxid\u00e1vel, baterias recarreg\u00e1veis e revestimentos met\u00e1licos), tem cerca de 430 funcion\u00e1rios. Caso a dispensa de 400 trabalhadores se confirme, tal medida se caracterizar\u00e1 como demiss\u00e3o em massa e uma grave viola\u00e7\u00e3o aos direitos humanos de um setor importante da classe trabalhadora na regi\u00e3o, segundo denuncia o secret\u00e1rio-geral do PSOL de Minas Gerais, Paulo Fonseca.<\/p>\n<p>\t\u201cFortaleza de Minas \u00e9 uma cidade de aproximadamente 4.000 habitantes e ser\u00e1 arruinada se as demiss\u00f5es se concretizarem. Precisamos da ajuda de todos na divulga\u00e7\u00e3o para o mundo que a Votorantim Metais n\u00e3o tem responsabilidade social e que a demiss\u00e3o em massa fere direitos humanos\u201d, denuncia o dirigente do PSOL em Minas.<\/p>\n<p>\tEle explica que no dia 25 de outubro, a C\u00e2mara Municipal realizou uma audi\u00eancia p\u00fablica que debateu o an\u00fancio das demiss\u00f5es na Votorantim Metais. A empresa, no entanto, n\u00e3o enviou representantes. \u201cTal atitude expressa uma demonstra\u00e7\u00e3o de arrog\u00e2ncia e descaso com o povo da cidade, que j\u00e1 lhe proporcionou um enriquecimento extraordin\u00e1rio\u201d, denuncia Paulo Fonseca, que \u00e9 advogado e assessor jur\u00eddico do Sindicato dos Servidores Municipais de Fortaleza de Minas, umas das entidades que provocou a C\u00e2mara Municipal para promover a audi\u00eancia p\u00fablica.<\/p>\n<p>\t<strong>\u201c\u00c9 preciso agir r\u00e1pido para impedir que as demiss\u00f5es se concretizem\u201d&nbsp;<\/strong><br \/>\n\tEm audi\u00eancia na \u00faltima quarta-feira (30), na Procuradoria do Trabalho de Pouso Alegre, cidade vizinha, o procurador entendeu que as negocia\u00e7\u00f5es entre a empresa e os trabalhadores deveriam continuar, na tentativa de impedir o processo de demiss\u00e3o em massa. Mas, segundo o presidente do Sintex, a empresa se recusa a voltar atr\u00e1s no seu plano de dispensa.<\/p>\n<p>\tO dirigente sindical explica que as amea\u00e7as por parte da Votorantim de cortar os postos de trabalho j\u00e1 v\u00eam desde junho de 2012 e a partir de ent\u00e3o o sindicato vinha tentando adiar a implementa\u00e7\u00e3o dessa pol\u00edtica. \u201cA empresa est\u00e1 praticamente fechada. Desde junho do ano passado que estamos conseguindo protelar as demiss\u00f5es, mas agora parece que n\u00e3o tem jeito\u201d, explica Everaldo Dutra.<\/p>\n<p>\tA partir de uma negocia\u00e7\u00e3o com o sindicato, a empresa apresentou uma proposta de compensa\u00e7\u00e3o financeira. Ao serem demitidos, os trabalhadores que ganham um sal\u00e1rio de at\u00e9 R$ 3.500,00 v\u00e3o receber R$ 4 mil, como indeniza\u00e7\u00e3o, e ter\u00e3o 6 meses de plano de sa\u00fade e odontol\u00f3gico. Tal acordo, no entanto, foi duramente criticado pelo secret\u00e1rio geral do PSOL em Minas, para quem houve uma esp\u00e9cie de aceita\u00e7\u00e3o do sindicato em rela\u00e7\u00e3o \u00e0s demiss\u00f5es. \u201cA luta deveria ter sido para a manuten\u00e7\u00e3o dos empregos\u201d, criticou.<\/p>\n<p>\tNa avalia\u00e7\u00e3o de Paulo Fonseca, \u00e9 preciso agir r\u00e1pido para impedir que as demiss\u00f5es se concretizem. \u201cA Votorantim Metais quer demitir trabalhadores para esperar a alta do n\u00edquel no mercado internacional. Foi informado na audi\u00eancia p\u00fablica que nos \u00faltimos 10 anos o Grupo Votorantim, que tem a frente Antonio Erm\u00edrio de Moraes, triplicou seu patrim\u00f4nio. Lembro que a paralisa\u00e7\u00e3o das atividades da VM, al\u00e9m de desempregar 400 trabalhadores diretos, levar\u00e1 a demiss\u00e3o de outros 300 indiretos\u201d, denuncia.<\/p>\n<p>\tSindicatos de Fortaleza de Minas, vereadores e representantes da Prefeitura Municipal pretendem definir, em reuni\u00e3o, a\u00e7\u00f5es para impedir as demiss\u00f5es dos trabalhadores.&nbsp;<\/p>\n","protected":false},"excerpt":{"rendered":"<p>Do site do PSOL Nacional, Leonor Costa Segundo dirigente do PSOL, pol\u00edtica de dispensa deve atingir cerca de 400 trabalhadores. \u201cPrecisamos da ajuda de todos na divulga\u00e7\u00e3o para o mundo que a Votorantim Metais n\u00e3o tem responsabilidade social e que a demiss\u00e3o em massa fere direitos humanos\u201d A empresa Votorantim Metais, do Grupo Votorantim, cujo [&hellip;]<\/p>\n","protected":false},"author":2,"featured_media":0,"comment_status":"open","ping_status":"open","sticky":false,"template":"","format":"standard","meta":{"_acf_changed":false,"footnotes":""},"categories":[4766,6],"tags":[],"class_list":{"0":"post-2399","1":"post","2":"type-post","3":"status-publish","4":"format-standard","6":"category-arquivo","7":"category-noticias"},"acf":[],"yoast_head":"<!-- This site is optimized with the Yoast SEO plugin v26.5 - https:\/\/yoast.com\/wordpress\/plugins\/seo\/ -->\n<title>Votorantim Metais anuncia demiss\u00f5es em unidade no interior de Minas - PSOL 50<\/title>\n<meta name=\"robots\" content=\"index, follow, max-snippet:-1, max-image-preview:large, max-video-preview:-1\" \/>\n<link rel=\"canonical\" href=\"https:\/\/psol50.org.br\/votorantim-metais-anuncia-demissoes-em-unidade-no-interior-de-minas\/\" \/>\n<meta property=\"og:locale\" content=\"pt_BR\" \/>\n<meta property=\"og:type\" content=\"article\" \/>\n<meta property=\"og:title\" content=\"Votorantim Metais anuncia demiss\u00f5es em unidade no interior de Minas - PSOL 50\" \/>\n<meta property=\"og:description\" content=\"Do site do PSOL Nacional, Leonor Costa Segundo dirigente do PSOL, pol\u00edtica de dispensa deve atingir cerca de 400 trabalhadores. \u201cPrecisamos da ajuda de todos na divulga\u00e7\u00e3o para o mundo que a Votorantim Metais n\u00e3o tem responsabilidade social e que a demiss\u00e3o em massa fere direitos humanos\u201d A empresa Votorantim Metais, do Grupo Votorantim, cujo [&hellip;]\" \/>\n<meta property=\"og:url\" content=\"https:\/\/psol50.org.br\/votorantim-metais-anuncia-demissoes-em-unidade-no-interior-de-minas\/\" \/>\n<meta property=\"og:site_name\" content=\"PSOL 50\" \/>\n<meta property=\"article:publisher\" content=\"https:\/\/www.facebook.com\/psol50\" \/>\n<meta property=\"article:published_time\" content=\"2013-11-01T00:00:00+00:00\" \/>\n<meta property=\"og:image\" content=\"https:\/\/psol50.org.br\/inc\/uploads\/2018\/07\/capa.png\" \/>\n\t<meta property=\"og:image:width\" content=\"1350\" \/>\n\t<meta property=\"og:image:height\" content=\"900\" \/>\n\t<meta property=\"og:image:type\" content=\"image\/png\" \/>\n<meta name=\"author\" content=\"Comunica\u00e7\u00e3o PSOL\" \/>\n<meta name=\"twitter:card\" content=\"summary_large_image\" \/>\n<meta name=\"twitter:creator\" content=\"@psol50\" \/>\n<meta name=\"twitter:site\" content=\"@psol50\" \/>\n<meta name=\"twitter:label1\" content=\"Escrito por\" \/>\n\t<meta name=\"twitter:data1\" content=\"Comunica\u00e7\u00e3o PSOL\" \/>\n\t<meta name=\"twitter:label2\" content=\"Est. tempo de leitura\" \/>\n\t<meta name=\"twitter:data2\" content=\"4 minutos\" \/>\n<script type=\"application\/ld+json\" class=\"yoast-schema-graph\">{\"@context\":\"https:\/\/schema.org\",\"@graph\":[{\"@type\":\"Article\",\"@id\":\"https:\/\/psol50.org.br\/votorantim-metais-anuncia-demissoes-em-unidade-no-interior-de-minas\/#article\",\"isPartOf\":{\"@id\":\"https:\/\/psol50.org.br\/votorantim-metais-anuncia-demissoes-em-unidade-no-interior-de-minas\/\"},\"author\":{\"name\":\"Comunica\u00e7\u00e3o PSOL\",\"@id\":\"https:\/\/psol50.org.br\/#\/schema\/person\/475dfa57d0b815993c714c2e96491fcd\"},\"headline\":\"Votorantim Metais anuncia demiss\u00f5es em unidade no interior de Minas\",\"datePublished\":\"2013-11-01T00:00:00+00:00\",\"mainEntityOfPage\":{\"@id\":\"https:\/\/psol50.org.br\/votorantim-metais-anuncia-demissoes-em-unidade-no-interior-de-minas\/\"},\"wordCount\":813,\"commentCount\":0,\"publisher\":{\"@id\":\"https:\/\/psol50.org.br\/#organization\"},\"articleSection\":[\"Arquivo\",\"Not\u00edcias\"],\"inLanguage\":\"pt-BR\",\"potentialAction\":[{\"@type\":\"CommentAction\",\"name\":\"Comment\",\"target\":[\"https:\/\/psol50.org.br\/votorantim-metais-anuncia-demissoes-em-unidade-no-interior-de-minas\/#respond\"]}]},{\"@type\":\"WebPage\",\"@id\":\"https:\/\/psol50.org.br\/votorantim-metais-anuncia-demissoes-em-unidade-no-interior-de-minas\/\",\"url\":\"https:\/\/psol50.org.br\/votorantim-metais-anuncia-demissoes-em-unidade-no-interior-de-minas\/\",\"name\":\"Votorantim Metais anuncia demiss\u00f5es em unidade no interior de Minas - PSOL 50\",\"isPartOf\":{\"@id\":\"https:\/\/psol50.org.br\/#website\"},\"datePublished\":\"2013-11-01T00:00:00+00:00\",\"breadcrumb\":{\"@id\":\"https:\/\/psol50.org.br\/votorantim-metais-anuncia-demissoes-em-unidade-no-interior-de-minas\/#breadcrumb\"},\"inLanguage\":\"pt-BR\",\"potentialAction\":[{\"@type\":\"ReadAction\",\"target\":[\"https:\/\/psol50.org.br\/votorantim-metais-anuncia-demissoes-em-unidade-no-interior-de-minas\/\"]}]},{\"@type\":\"BreadcrumbList\",\"@id\":\"https:\/\/psol50.org.br\/votorantim-metais-anuncia-demissoes-em-unidade-no-interior-de-minas\/#breadcrumb\",\"itemListElement\":[{\"@type\":\"ListItem\",\"position\":1,\"name\":\"In\u00edcio\",\"item\":\"https:\/\/psol50.org.br\/\"},{\"@type\":\"ListItem\",\"position\":2,\"name\":\"Votorantim Metais anuncia demiss\u00f5es em unidade no interior de Minas\"}]},{\"@type\":\"WebSite\",\"@id\":\"https:\/\/psol50.org.br\/#website\",\"url\":\"https:\/\/psol50.org.br\/\",\"name\":\"PSOL 50\",\"description\":\"Site oficial do Partido Socialismo e Liberdade\",\"publisher\":{\"@id\":\"https:\/\/psol50.org.br\/#organization\"},\"alternateName\":\"PSOL50\",\"potentialAction\":[{\"@type\":\"SearchAction\",\"target\":{\"@type\":\"EntryPoint\",\"urlTemplate\":\"https:\/\/psol50.org.br\/?s={search_term_string}\"},\"query-input\":{\"@type\":\"PropertyValueSpecification\",\"valueRequired\":true,\"valueName\":\"search_term_string\"}}],\"inLanguage\":\"pt-BR\"},{\"@type\":\"Organization\",\"@id\":\"https:\/\/psol50.org.br\/#organization\",\"name\":\"PSOL 50\",\"alternateName\":\"PSOL 50\",\"url\":\"https:\/\/psol50.org.br\/\",\"logo\":{\"@type\":\"ImageObject\",\"inLanguage\":\"pt-BR\",\"@id\":\"https:\/\/psol50.org.br\/#\/schema\/logo\/image\/\",\"url\":\"https:\/\/psol50.org.br\/inc\/uploads\/2018\/07\/capa.png\",\"contentUrl\":\"https:\/\/psol50.org.br\/inc\/uploads\/2018\/07\/capa.png\",\"width\":1350,\"height\":900,\"caption\":\"PSOL 50\"},\"image\":{\"@id\":\"https:\/\/psol50.org.br\/#\/schema\/logo\/image\/\"},\"sameAs\":[\"https:\/\/www.facebook.com\/psol50\",\"https:\/\/x.com\/psol50\",\"https:\/\/www.instagram.com\/psol50\/\",\"https:\/\/www.youtube.com\/channel\/UC7SnJS5o1os7a6CaiNabzcg\"]},{\"@type\":\"Person\",\"@id\":\"https:\/\/psol50.org.br\/#\/schema\/person\/475dfa57d0b815993c714c2e96491fcd\",\"name\":\"Comunica\u00e7\u00e3o PSOL\",\"image\":{\"@type\":\"ImageObject\",\"inLanguage\":\"pt-BR\",\"@id\":\"https:\/\/psol50.org.br\/#\/schema\/person\/image\/\",\"url\":\"https:\/\/secure.gravatar.com\/avatar\/b34fc4f4e468a4e51785917065a3db57b841f5c95dba6ad8c73aaf8f66f8f9bf?s=96&d=mm&r=g\",\"contentUrl\":\"https:\/\/secure.gravatar.com\/avatar\/b34fc4f4e468a4e51785917065a3db57b841f5c95dba6ad8c73aaf8f66f8f9bf?s=96&d=mm&r=g\",\"caption\":\"Comunica\u00e7\u00e3o PSOL\"}}]}<\/script>\n<!-- \/ Yoast SEO plugin. -->","yoast_head_json":{"title":"Votorantim Metais anuncia demiss\u00f5es em unidade no interior de Minas - PSOL 50","robots":{"index":"index","follow":"follow","max-snippet":"max-snippet:-1","max-image-preview":"max-image-preview:large","max-video-preview":"max-video-preview:-1"},"canonical":"https:\/\/psol50.org.br\/votorantim-metais-anuncia-demissoes-em-unidade-no-interior-de-minas\/","og_locale":"pt_BR","og_type":"article","og_title":"Votorantim Metais anuncia demiss\u00f5es em unidade no interior de Minas - PSOL 50","og_description":"Do site do PSOL Nacional, Leonor Costa Segundo dirigente do PSOL, pol\u00edtica de dispensa deve atingir cerca de 400 trabalhadores. \u201cPrecisamos da ajuda de todos na divulga\u00e7\u00e3o para o mundo que a Votorantim Metais n\u00e3o tem responsabilidade social e que a demiss\u00e3o em massa fere direitos humanos\u201d A empresa Votorantim Metais, do Grupo Votorantim, cujo [&hellip;]","og_url":"https:\/\/psol50.org.br\/votorantim-metais-anuncia-demissoes-em-unidade-no-interior-de-minas\/","og_site_name":"PSOL 50","article_publisher":"https:\/\/www.facebook.com\/psol50","article_published_time":"2013-11-01T00:00:00+00:00","og_image":[{"width":1350,"height":900,"url":"https:\/\/psol50.org.br\/inc\/uploads\/2018\/07\/capa.png","type":"image\/png"}],"author":"Comunica\u00e7\u00e3o PSOL","twitter_card":"summary_large_image","twitter_creator":"@psol50","twitter_site":"@psol50","twitter_misc":{"Escrito por":"Comunica\u00e7\u00e3o PSOL","Est. tempo de leitura":"4 minutos"},"schema":{"@context":"https:\/\/schema.org","@graph":[{"@type":"Article","@id":"https:\/\/psol50.org.br\/votorantim-metais-anuncia-demissoes-em-unidade-no-interior-de-minas\/#article","isPartOf":{"@id":"https:\/\/psol50.org.br\/votorantim-metais-anuncia-demissoes-em-unidade-no-interior-de-minas\/"},"author":{"name":"Comunica\u00e7\u00e3o PSOL","@id":"https:\/\/psol50.org.br\/#\/schema\/person\/475dfa57d0b815993c714c2e96491fcd"},"headline":"Votorantim Metais anuncia demiss\u00f5es em unidade no interior de Minas","datePublished":"2013-11-01T00:00:00+00:00","mainEntityOfPage":{"@id":"https:\/\/psol50.org.br\/votorantim-metais-anuncia-demissoes-em-unidade-no-interior-de-minas\/"},"wordCount":813,"commentCount":0,"publisher":{"@id":"https:\/\/psol50.org.br\/#organization"},"articleSection":["Arquivo","Not\u00edcias"],"inLanguage":"pt-BR","potentialAction":[{"@type":"CommentAction","name":"Comment","target":["https:\/\/psol50.org.br\/votorantim-metais-anuncia-demissoes-em-unidade-no-interior-de-minas\/#respond"]}]},{"@type":"WebPage","@id":"https:\/\/psol50.org.br\/votorantim-metais-anuncia-demissoes-em-unidade-no-interior-de-minas\/","url":"https:\/\/psol50.org.br\/votorantim-metais-anuncia-demissoes-em-unidade-no-interior-de-minas\/","name":"Votorantim Metais anuncia demiss\u00f5es em unidade no interior de Minas - PSOL 50","isPartOf":{"@id":"https:\/\/psol50.org.br\/#website"},"datePublished":"2013-11-01T00:00:00+00:00","breadcrumb":{"@id":"https:\/\/psol50.org.br\/votorantim-metais-anuncia-demissoes-em-unidade-no-interior-de-minas\/#breadcrumb"},"inLanguage":"pt-BR","potentialAction":[{"@type":"ReadAction","target":["https:\/\/psol50.org.br\/votorantim-metais-anuncia-demissoes-em-unidade-no-interior-de-minas\/"]}]},{"@type":"BreadcrumbList","@id":"https:\/\/psol50.org.br\/votorantim-metais-anuncia-demissoes-em-unidade-no-interior-de-minas\/#breadcrumb","itemListElement":[{"@type":"ListItem","position":1,"name":"In\u00edcio","item":"https:\/\/psol50.org.br\/"},{"@type":"ListItem","position":2,"name":"Votorantim Metais anuncia demiss\u00f5es em unidade no interior de Minas"}]},{"@type":"WebSite","@id":"https:\/\/psol50.org.br\/#website","url":"https:\/\/psol50.org.br\/","name":"PSOL 50","description":"Site oficial do Partido Socialismo e Liberdade","publisher":{"@id":"https:\/\/psol50.org.br\/#organization"},"alternateName":"PSOL50","potentialAction":[{"@type":"SearchAction","target":{"@type":"EntryPoint","urlTemplate":"https:\/\/psol50.org.br\/?s={search_term_string}"},"query-input":{"@type":"PropertyValueSpecification","valueRequired":true,"valueName":"search_term_string"}}],"inLanguage":"pt-BR"},{"@type":"Organization","@id":"https:\/\/psol50.org.br\/#organization","name":"PSOL 50","alternateName":"PSOL 50","url":"https:\/\/psol50.org.br\/","logo":{"@type":"ImageObject","inLanguage":"pt-BR","@id":"https:\/\/psol50.org.br\/#\/schema\/logo\/image\/","url":"https:\/\/psol50.org.br\/inc\/uploads\/2018\/07\/capa.png","contentUrl":"https:\/\/psol50.org.br\/inc\/uploads\/2018\/07\/capa.png","width":1350,"height":900,"caption":"PSOL 50"},"image":{"@id":"https:\/\/psol50.org.br\/#\/schema\/logo\/image\/"},"sameAs":["https:\/\/www.facebook.com\/psol50","https:\/\/x.com\/psol50","https:\/\/www.instagram.com\/psol50\/","https:\/\/www.youtube.com\/channel\/UC7SnJS5o1os7a6CaiNabzcg"]},{"@type":"Person","@id":"https:\/\/psol50.org.br\/#\/schema\/person\/475dfa57d0b815993c714c2e96491fcd","name":"Comunica\u00e7\u00e3o PSOL","image":{"@type":"ImageObject","inLanguage":"pt-BR","@id":"https:\/\/psol50.org.br\/#\/schema\/person\/image\/","url":"https:\/\/secure.gravatar.com\/avatar\/b34fc4f4e468a4e51785917065a3db57b841f5c95dba6ad8c73aaf8f66f8f9bf?s=96&d=mm&r=g","contentUrl":"https:\/\/secure.gravatar.com\/avatar\/b34fc4f4e468a4e51785917065a3db57b841f5c95dba6ad8c73aaf8f66f8f9bf?s=96&d=mm&r=g","caption":"Comunica\u00e7\u00e3o PSOL"}}]}},"_links":{"self":[{"href":"https:\/\/psol50.org.br\/rest\/wp\/v2\/posts\/2399","targetHints":{"allow":["GET"]}}],"collection":[{"href":"https:\/\/psol50.org.br\/rest\/wp\/v2\/posts"}],"about":[{"href":"https:\/\/psol50.org.br\/rest\/wp\/v2\/types\/post"}],"author":[{"embeddable":true,"href":"https:\/\/psol50.org.br\/rest\/wp\/v2\/users\/2"}],"replies":[{"embeddable":true,"href":"https:\/\/psol50.org.br\/rest\/wp\/v2\/comments?post=2399"}],"version-history":[{"count":0,"href":"https:\/\/psol50.org.br\/rest\/wp\/v2\/posts\/2399\/revisions"}],"wp:attachment":[{"href":"https:\/\/psol50.org.br\/rest\/wp\/v2\/media?parent=2399"}],"wp:term":[{"taxonomy":"category","embeddable":true,"href":"https:\/\/psol50.org.br\/rest\/wp\/v2\/categories?post=2399"},{"taxonomy":"post_tag","embeddable":true,"href":"https:\/\/psol50.org.br\/rest\/wp\/v2\/tags?post=2399"}],"curies":[{"name":"wp","href":"https:\/\/api.w.org\/{rel}","templated":true}]}}