{"id":240,"date":"2012-08-06T00:00:00","date_gmt":"2012-08-06T00:00:00","guid":{"rendered":"http:\/\/psol50.org.br\/arquivo\/2012\/08\/06\/em-belem-edmilson-e-marinor-comandam-mais-uma-onda-vermelha\/"},"modified":"2012-08-06T00:00:00","modified_gmt":"2012-08-06T00:00:00","slug":"em-belem-edmilson-e-marinor-comandam-mais-uma-onda-vermelha","status":"publish","type":"post","link":"https:\/\/psol50.org.br\/em-belem-edmilson-e-marinor-comandam-mais-uma-onda-vermelha\/","title":{"rendered":"Em Bel\u00e9m, Edmilson e Marinor comandam mais uma Onda Vermelha"},"content":{"rendered":"<p>O candidato a prefeito pela Frente Bel\u00e9m nas M\u00e3os do Povo (PSOL-PCdoB-PSTU), Edmilson Rodrigues, a vice, Jorge Panzera (PCdoB), a candidata a vereadora de Bel\u00e9m, Marinor Brito \u2013 50.123 e v\u00e1rios candidatos a cargos proporcionais participaram na manh\u00e3 deste domingo (05), da grande caminhada \u201cOnda Vermelha\u201d, no distrito administrativo do Guam\u00e1 (DAGUA), onde foram recebidos com carinho pelos moradores.<br \/>\n&#8211; Aqui, no Governo do Povo [1997\/2004], pavimentamos ruas e avenidas, constru\u00edmos e equipamos um Pronto Socorro e ainda garantimos a dignidade a centenas de fam\u00edlias, atrav\u00e9s de programas sociais exitosos como o Bolsa Escola de um sal\u00e1rio m\u00ednimo e o Fam\u00edlia Saud\u00e1vel. Agora, com mais experi\u00eancia e ac\u00famulo de conhecimento e viv\u00eancia junto ao nosso povo, vamos retomar a cidade e construir com nosso futuro prefeito, Edmilson Rodrigues, a Bel\u00e9m dos 400 anos, disse Marinor.<\/p>\n<p>Do site\u00a0<a href=\"http:\/\/marinorpsol.com.br\/\">http:\/\/marinorpsol.com.br<\/a><\/p>\n","protected":false},"excerpt":{"rendered":"<p>O candidato a prefeito pela Frente Bel\u00e9m nas M\u00e3os do Povo (PSOL-PCdoB-PSTU), Edmilson Rodrigues, a vice, Jorge Panzera (PCdoB), a candidata a vereadora de Bel\u00e9m, Marinor Brito \u2013 50.123 e v\u00e1rios candidatos a cargos proporcionais participaram na manh\u00e3 deste domingo (05), da grande caminhada \u201cOnda Vermelha\u201d, no distrito administrativo do Guam\u00e1 (DAGUA), onde foram recebidos [&hellip;]<\/p>\n","protected":false},"author":2,"featured_media":0,"comment_status":"open","ping_status":"open","sticky":false,"template":"","format":"standard","meta":{"_acf_changed":false,"footnotes":""},"categories":[4766],"tags":[],"class_list":{"0":"post-240","1":"post","2":"type-post","3":"status-publish","4":"format-standard","6":"category-arquivo"},"acf":[],"yoast_head":"<!-- This site is optimized with the Yoast SEO plugin v26.5 - https:\/\/yoast.com\/wordpress\/plugins\/seo\/ -->\n<title>Em Bel\u00e9m, Edmilson e Marinor comandam mais uma Onda Vermelha - PSOL 50<\/title>\n<meta name=\"robots\" content=\"index, follow, max-snippet:-1, max-image-preview:large, max-video-preview:-1\" \/>\n<link rel=\"canonical\" href=\"https:\/\/psol50.org.br\/em-belem-edmilson-e-marinor-comandam-mais-uma-onda-vermelha\/\" \/>\n<meta property=\"og:locale\" content=\"pt_BR\" \/>\n<meta property=\"og:type\" content=\"article\" \/>\n<meta property=\"og:title\" content=\"Em Bel\u00e9m, Edmilson e Marinor comandam mais uma Onda Vermelha - PSOL 50\" \/>\n<meta property=\"og:description\" content=\"O candidato a prefeito pela Frente Bel\u00e9m nas M\u00e3os do Povo (PSOL-PCdoB-PSTU), Edmilson Rodrigues, a vice, Jorge Panzera (PCdoB), a candidata a vereadora de Bel\u00e9m, Marinor Brito \u2013 50.123 e v\u00e1rios candidatos a cargos proporcionais participaram na manh\u00e3 deste domingo (05), da grande caminhada \u201cOnda Vermelha\u201d, no distrito administrativo do Guam\u00e1 (DAGUA), onde foram recebidos [&hellip;]\" \/>\n<meta property=\"og:url\" content=\"https:\/\/psol50.org.br\/em-belem-edmilson-e-marinor-comandam-mais-uma-onda-vermelha\/\" \/>\n<meta property=\"og:site_name\" content=\"PSOL 50\" \/>\n<meta property=\"article:publisher\" content=\"https:\/\/www.facebook.com\/psol50\" \/>\n<meta property=\"article:published_time\" content=\"2012-08-06T00:00:00+00:00\" \/>\n<meta property=\"og:image\" content=\"https:\/\/psol50.org.br\/inc\/uploads\/2018\/07\/capa.png\" \/>\n\t<meta property=\"og:image:width\" content=\"1350\" \/>\n\t<meta property=\"og:image:height\" content=\"900\" \/>\n\t<meta property=\"og:image:type\" content=\"image\/png\" \/>\n<meta name=\"author\" content=\"Comunica\u00e7\u00e3o PSOL\" \/>\n<meta name=\"twitter:card\" content=\"summary_large_image\" \/>\n<meta name=\"twitter:creator\" content=\"@psol50\" \/>\n<meta name=\"twitter:site\" content=\"@psol50\" \/>\n<meta name=\"twitter:label1\" content=\"Escrito por\" \/>\n\t<meta name=\"twitter:data1\" content=\"Comunica\u00e7\u00e3o PSOL\" \/>\n\t<meta name=\"twitter:label2\" content=\"Est. tempo de leitura\" \/>\n\t<meta name=\"twitter:data2\" content=\"1 minuto\" \/>\n<script type=\"application\/ld+json\" class=\"yoast-schema-graph\">{\"@context\":\"https:\/\/schema.org\",\"@graph\":[{\"@type\":\"Article\",\"@id\":\"https:\/\/psol50.org.br\/em-belem-edmilson-e-marinor-comandam-mais-uma-onda-vermelha\/#article\",\"isPartOf\":{\"@id\":\"https:\/\/psol50.org.br\/em-belem-edmilson-e-marinor-comandam-mais-uma-onda-vermelha\/\"},\"author\":{\"name\":\"Comunica\u00e7\u00e3o PSOL\",\"@id\":\"https:\/\/psol50.org.br\/#\/schema\/person\/475dfa57d0b815993c714c2e96491fcd\"},\"headline\":\"Em Bel\u00e9m, Edmilson e Marinor comandam mais uma Onda Vermelha\",\"datePublished\":\"2012-08-06T00:00:00+00:00\",\"mainEntityOfPage\":{\"@id\":\"https:\/\/psol50.org.br\/em-belem-edmilson-e-marinor-comandam-mais-uma-onda-vermelha\/\"},\"wordCount\":162,\"commentCount\":0,\"publisher\":{\"@id\":\"https:\/\/psol50.org.br\/#organization\"},\"articleSection\":[\"Arquivo\"],\"inLanguage\":\"pt-BR\",\"potentialAction\":[{\"@type\":\"CommentAction\",\"name\":\"Comment\",\"target\":[\"https:\/\/psol50.org.br\/em-belem-edmilson-e-marinor-comandam-mais-uma-onda-vermelha\/#respond\"]}]},{\"@type\":\"WebPage\",\"@id\":\"https:\/\/psol50.org.br\/em-belem-edmilson-e-marinor-comandam-mais-uma-onda-vermelha\/\",\"url\":\"https:\/\/psol50.org.br\/em-belem-edmilson-e-marinor-comandam-mais-uma-onda-vermelha\/\",\"name\":\"Em Bel\u00e9m, Edmilson e Marinor comandam mais uma Onda Vermelha - PSOL 50\",\"isPartOf\":{\"@id\":\"https:\/\/psol50.org.br\/#website\"},\"datePublished\":\"2012-08-06T00:00:00+00:00\",\"breadcrumb\":{\"@id\":\"https:\/\/psol50.org.br\/em-belem-edmilson-e-marinor-comandam-mais-uma-onda-vermelha\/#breadcrumb\"},\"inLanguage\":\"pt-BR\",\"potentialAction\":[{\"@type\":\"ReadAction\",\"target\":[\"https:\/\/psol50.org.br\/em-belem-edmilson-e-marinor-comandam-mais-uma-onda-vermelha\/\"]}]},{\"@type\":\"BreadcrumbList\",\"@id\":\"https:\/\/psol50.org.br\/em-belem-edmilson-e-marinor-comandam-mais-uma-onda-vermelha\/#breadcrumb\",\"itemListElement\":[{\"@type\":\"ListItem\",\"position\":1,\"name\":\"In\u00edcio\",\"item\":\"https:\/\/psol50.org.br\/\"},{\"@type\":\"ListItem\",\"position\":2,\"name\":\"Em Bel\u00e9m, Edmilson e Marinor comandam mais uma Onda Vermelha\"}]},{\"@type\":\"WebSite\",\"@id\":\"https:\/\/psol50.org.br\/#website\",\"url\":\"https:\/\/psol50.org.br\/\",\"name\":\"PSOL 50\",\"description\":\"Site oficial do Partido Socialismo e Liberdade\",\"publisher\":{\"@id\":\"https:\/\/psol50.org.br\/#organization\"},\"alternateName\":\"PSOL50\",\"potentialAction\":[{\"@type\":\"SearchAction\",\"target\":{\"@type\":\"EntryPoint\",\"urlTemplate\":\"https:\/\/psol50.org.br\/?s={search_term_string}\"},\"query-input\":{\"@type\":\"PropertyValueSpecification\",\"valueRequired\":true,\"valueName\":\"search_term_string\"}}],\"inLanguage\":\"pt-BR\"},{\"@type\":\"Organization\",\"@id\":\"https:\/\/psol50.org.br\/#organization\",\"name\":\"PSOL 50\",\"alternateName\":\"PSOL 50\",\"url\":\"https:\/\/psol50.org.br\/\",\"logo\":{\"@type\":\"ImageObject\",\"inLanguage\":\"pt-BR\",\"@id\":\"https:\/\/psol50.org.br\/#\/schema\/logo\/image\/\",\"url\":\"https:\/\/psol50.org.br\/inc\/uploads\/2018\/07\/capa.png\",\"contentUrl\":\"https:\/\/psol50.org.br\/inc\/uploads\/2018\/07\/capa.png\",\"width\":1350,\"height\":900,\"caption\":\"PSOL 50\"},\"image\":{\"@id\":\"https:\/\/psol50.org.br\/#\/schema\/logo\/image\/\"},\"sameAs\":[\"https:\/\/www.facebook.com\/psol50\",\"https:\/\/x.com\/psol50\",\"https:\/\/www.instagram.com\/psol50\/\",\"https:\/\/www.youtube.com\/channel\/UC7SnJS5o1os7a6CaiNabzcg\"]},{\"@type\":\"Person\",\"@id\":\"https:\/\/psol50.org.br\/#\/schema\/person\/475dfa57d0b815993c714c2e96491fcd\",\"name\":\"Comunica\u00e7\u00e3o PSOL\",\"image\":{\"@type\":\"ImageObject\",\"inLanguage\":\"pt-BR\",\"@id\":\"https:\/\/psol50.org.br\/#\/schema\/person\/image\/\",\"url\":\"https:\/\/secure.gravatar.com\/avatar\/b34fc4f4e468a4e51785917065a3db57b841f5c95dba6ad8c73aaf8f66f8f9bf?s=96&d=mm&r=g\",\"contentUrl\":\"https:\/\/secure.gravatar.com\/avatar\/b34fc4f4e468a4e51785917065a3db57b841f5c95dba6ad8c73aaf8f66f8f9bf?s=96&d=mm&r=g\",\"caption\":\"Comunica\u00e7\u00e3o PSOL\"}}]}<\/script>\n<!-- \/ Yoast SEO plugin. -->","yoast_head_json":{"title":"Em Bel\u00e9m, Edmilson e Marinor comandam mais uma Onda Vermelha - PSOL 50","robots":{"index":"index","follow":"follow","max-snippet":"max-snippet:-1","max-image-preview":"max-image-preview:large","max-video-preview":"max-video-preview:-1"},"canonical":"https:\/\/psol50.org.br\/em-belem-edmilson-e-marinor-comandam-mais-uma-onda-vermelha\/","og_locale":"pt_BR","og_type":"article","og_title":"Em Bel\u00e9m, Edmilson e Marinor comandam mais uma Onda Vermelha - PSOL 50","og_description":"O candidato a prefeito pela Frente Bel\u00e9m nas M\u00e3os do Povo (PSOL-PCdoB-PSTU), Edmilson Rodrigues, a vice, Jorge Panzera (PCdoB), a candidata a vereadora de Bel\u00e9m, Marinor Brito \u2013 50.123 e v\u00e1rios candidatos a cargos proporcionais participaram na manh\u00e3 deste domingo (05), da grande caminhada \u201cOnda Vermelha\u201d, no distrito administrativo do Guam\u00e1 (DAGUA), onde foram recebidos [&hellip;]","og_url":"https:\/\/psol50.org.br\/em-belem-edmilson-e-marinor-comandam-mais-uma-onda-vermelha\/","og_site_name":"PSOL 50","article_publisher":"https:\/\/www.facebook.com\/psol50","article_published_time":"2012-08-06T00:00:00+00:00","og_image":[{"width":1350,"height":900,"url":"https:\/\/psol50.org.br\/inc\/uploads\/2018\/07\/capa.png","type":"image\/png"}],"author":"Comunica\u00e7\u00e3o PSOL","twitter_card":"summary_large_image","twitter_creator":"@psol50","twitter_site":"@psol50","twitter_misc":{"Escrito por":"Comunica\u00e7\u00e3o PSOL","Est. tempo de leitura":"1 minuto"},"schema":{"@context":"https:\/\/schema.org","@graph":[{"@type":"Article","@id":"https:\/\/psol50.org.br\/em-belem-edmilson-e-marinor-comandam-mais-uma-onda-vermelha\/#article","isPartOf":{"@id":"https:\/\/psol50.org.br\/em-belem-edmilson-e-marinor-comandam-mais-uma-onda-vermelha\/"},"author":{"name":"Comunica\u00e7\u00e3o PSOL","@id":"https:\/\/psol50.org.br\/#\/schema\/person\/475dfa57d0b815993c714c2e96491fcd"},"headline":"Em Bel\u00e9m, Edmilson e Marinor comandam mais uma Onda Vermelha","datePublished":"2012-08-06T00:00:00+00:00","mainEntityOfPage":{"@id":"https:\/\/psol50.org.br\/em-belem-edmilson-e-marinor-comandam-mais-uma-onda-vermelha\/"},"wordCount":162,"commentCount":0,"publisher":{"@id":"https:\/\/psol50.org.br\/#organization"},"articleSection":["Arquivo"],"inLanguage":"pt-BR","potentialAction":[{"@type":"CommentAction","name":"Comment","target":["https:\/\/psol50.org.br\/em-belem-edmilson-e-marinor-comandam-mais-uma-onda-vermelha\/#respond"]}]},{"@type":"WebPage","@id":"https:\/\/psol50.org.br\/em-belem-edmilson-e-marinor-comandam-mais-uma-onda-vermelha\/","url":"https:\/\/psol50.org.br\/em-belem-edmilson-e-marinor-comandam-mais-uma-onda-vermelha\/","name":"Em Bel\u00e9m, Edmilson e Marinor comandam mais uma Onda Vermelha - PSOL 50","isPartOf":{"@id":"https:\/\/psol50.org.br\/#website"},"datePublished":"2012-08-06T00:00:00+00:00","breadcrumb":{"@id":"https:\/\/psol50.org.br\/em-belem-edmilson-e-marinor-comandam-mais-uma-onda-vermelha\/#breadcrumb"},"inLanguage":"pt-BR","potentialAction":[{"@type":"ReadAction","target":["https:\/\/psol50.org.br\/em-belem-edmilson-e-marinor-comandam-mais-uma-onda-vermelha\/"]}]},{"@type":"BreadcrumbList","@id":"https:\/\/psol50.org.br\/em-belem-edmilson-e-marinor-comandam-mais-uma-onda-vermelha\/#breadcrumb","itemListElement":[{"@type":"ListItem","position":1,"name":"In\u00edcio","item":"https:\/\/psol50.org.br\/"},{"@type":"ListItem","position":2,"name":"Em Bel\u00e9m, Edmilson e Marinor comandam mais uma Onda Vermelha"}]},{"@type":"WebSite","@id":"https:\/\/psol50.org.br\/#website","url":"https:\/\/psol50.org.br\/","name":"PSOL 50","description":"Site oficial do Partido Socialismo e Liberdade","publisher":{"@id":"https:\/\/psol50.org.br\/#organization"},"alternateName":"PSOL50","potentialAction":[{"@type":"SearchAction","target":{"@type":"EntryPoint","urlTemplate":"https:\/\/psol50.org.br\/?s={search_term_string}"},"query-input":{"@type":"PropertyValueSpecification","valueRequired":true,"valueName":"search_term_string"}}],"inLanguage":"pt-BR"},{"@type":"Organization","@id":"https:\/\/psol50.org.br\/#organization","name":"PSOL 50","alternateName":"PSOL 50","url":"https:\/\/psol50.org.br\/","logo":{"@type":"ImageObject","inLanguage":"pt-BR","@id":"https:\/\/psol50.org.br\/#\/schema\/logo\/image\/","url":"https:\/\/psol50.org.br\/inc\/uploads\/2018\/07\/capa.png","contentUrl":"https:\/\/psol50.org.br\/inc\/uploads\/2018\/07\/capa.png","width":1350,"height":900,"caption":"PSOL 50"},"image":{"@id":"https:\/\/psol50.org.br\/#\/schema\/logo\/image\/"},"sameAs":["https:\/\/www.facebook.com\/psol50","https:\/\/x.com\/psol50","https:\/\/www.instagram.com\/psol50\/","https:\/\/www.youtube.com\/channel\/UC7SnJS5o1os7a6CaiNabzcg"]},{"@type":"Person","@id":"https:\/\/psol50.org.br\/#\/schema\/person\/475dfa57d0b815993c714c2e96491fcd","name":"Comunica\u00e7\u00e3o PSOL","image":{"@type":"ImageObject","inLanguage":"pt-BR","@id":"https:\/\/psol50.org.br\/#\/schema\/person\/image\/","url":"https:\/\/secure.gravatar.com\/avatar\/b34fc4f4e468a4e51785917065a3db57b841f5c95dba6ad8c73aaf8f66f8f9bf?s=96&d=mm&r=g","contentUrl":"https:\/\/secure.gravatar.com\/avatar\/b34fc4f4e468a4e51785917065a3db57b841f5c95dba6ad8c73aaf8f66f8f9bf?s=96&d=mm&r=g","caption":"Comunica\u00e7\u00e3o PSOL"}}]}},"_links":{"self":[{"href":"https:\/\/psol50.org.br\/rest\/wp\/v2\/posts\/240","targetHints":{"allow":["GET"]}}],"collection":[{"href":"https:\/\/psol50.org.br\/rest\/wp\/v2\/posts"}],"about":[{"href":"https:\/\/psol50.org.br\/rest\/wp\/v2\/types\/post"}],"author":[{"embeddable":true,"href":"https:\/\/psol50.org.br\/rest\/wp\/v2\/users\/2"}],"replies":[{"embeddable":true,"href":"https:\/\/psol50.org.br\/rest\/wp\/v2\/comments?post=240"}],"version-history":[{"count":0,"href":"https:\/\/psol50.org.br\/rest\/wp\/v2\/posts\/240\/revisions"}],"wp:attachment":[{"href":"https:\/\/psol50.org.br\/rest\/wp\/v2\/media?parent=240"}],"wp:term":[{"taxonomy":"category","embeddable":true,"href":"https:\/\/psol50.org.br\/rest\/wp\/v2\/categories?post=240"},{"taxonomy":"post_tag","embeddable":true,"href":"https:\/\/psol50.org.br\/rest\/wp\/v2\/tags?post=240"}],"curies":[{"name":"wp","href":"https:\/\/api.w.org\/{rel}","templated":true}]}}