{"id":2402,"date":"2013-11-04T00:00:00","date_gmt":"2013-11-04T00:00:00","guid":{"rendered":"http:\/\/psol50.org.br\/arquivo\/2013\/11\/04\/sindicatos-e-prefeitura-decidem-se-mobilizar-para-impedir-demissoes-em-massa-na-votorantim-metais-no-interior-de-minas\/"},"modified":"2013-11-04T00:00:00","modified_gmt":"2013-11-04T00:00:00","slug":"sindicatos-e-prefeitura-decidem-se-mobilizar-para-impedir-demissoes-em-massa-na-votorantim-metais-no-interior-de-minas","status":"publish","type":"post","link":"https:\/\/psol50.org.br\/sindicatos-e-prefeitura-decidem-se-mobilizar-para-impedir-demissoes-em-massa-na-votorantim-metais-no-interior-de-minas\/","title":{"rendered":"Sindicatos e prefeitura decidem se mobilizar para impedir demiss\u00f5es em massa na Votorantim Metais, no interior de Minas"},"content":{"rendered":"<div style=\"text-align: justify;\">\n\tEm reuni\u00e3o na noite da \u00faltima sexta-feira (01), em Fortaleza de Minas, munic\u00edpio localizado no Sul de Minas Gerais, representantes do Sindicato dos Servidores P\u00fablico Municipais e do Sindicato dos Trabalhadores na Ind\u00fastria Extrativa&nbsp;(Sintex), com o apoio da Prefeitura Municipal e da C\u00e2mara de Vereadores, decidiram fazer uma s\u00e9rie de mobiliza\u00e7\u00f5es para barrar o processo de demiss\u00e3o em massa, anunciada pela Votorantim Metais. Conforme mat\u00e9ria publicada na \u00faltima sexta-feira pelo site do PSOL, a empresa, do Grupo Votorantim, cujo principal acionista \u00e9 o mega empres\u00e1rio Ant\u00f4nio Erm\u00edrio de Moraes, anunciou, h\u00e1 cerca de um m\u00eas, que deve demitir em torno de 400 funcion\u00e1rios da unidade de Fortaleza de Minas.<br \/>\n\t&nbsp;<br \/>\n\tSegundo o secret\u00e1rio geral do PSOL de Minas Gerais e assessor jur\u00eddico do Sindicato dos Servidores Municipais, Paulo Fonseca, o principal encaminhamento da reuni\u00e3o de sexta-feira \u00e9 convocar todos os moradores de Fortaleza de Minas e regi\u00e3o para uma manifesta\u00e7\u00e3o em defesa da manuten\u00e7\u00e3o dos empregos e da continuidade das atividades produtivas da Votorantim Metais.&nbsp;<\/p>\n<p>\t\u201cO objetivo da manifesta\u00e7\u00e3o \u00e9 sensibilizar a Votorantim Metais para as consequ\u00eancias nefastas da paralisa\u00e7\u00e3o de suas atividades no munic\u00edpio e mostrar para a sociedade brasileira a falta de preocupa\u00e7\u00e3o da empresa com a cidade em que extraiu min\u00e9rio por tantos anos\u201d, explica o militante do PSOL, que esteve na reuni\u00e3o.&nbsp;<\/p>\n<p>\tSegundo ele, mais outros quatro sindicatos da regi\u00e3o j\u00e1 confirmaram presen\u00e7a na manifesta\u00e7\u00e3o, marcada para esta quarta-feira (06), \u00e0s 14h, na porta da Prefeitura Municipal, de onde sair\u00e3o em passeata at\u00e9 a sede da empresa.<br \/>\n\t&nbsp;<br \/>\n\t\u201cTodas as pessoas do munic\u00edpio ser\u00e3o afetadas pela paralisa\u00e7\u00e3o das atividades da minera\u00e7\u00e3o, sendo por isso importante a participa\u00e7\u00e3o de toda a popula\u00e7\u00e3o de Fortaleza de Minas e regi\u00e3o\u201d, ressalta Paulo Fonseca.<br \/>\n\t&nbsp;<br \/>\n\t<strong>MPT \u00e9 contra demiss\u00f5es<\/strong><br \/>\n\tDurante audi\u00eancia no dia 30 de outubro, no Minist\u00e9rio P\u00fablico do Trabalho em Pouso Alegre, o procurador do Trabalho se posicionou contr\u00e1rio \u00e0s demiss\u00f5es e pediu informa\u00e7\u00f5es sobre o impacto da paralisa\u00e7\u00e3o das atividades da Votorantim Metais sobre o munic\u00edpio.<br \/>\n\t&nbsp;<br \/>\n\tA C\u00e2mara Municipal de Fortaleza enviou ao MPT um relat\u00f3rio, demonstrando como as demiss\u00f5es e uma poss\u00edvel paralisa\u00e7\u00e3o da empresa afetar\u00e3o o munic\u00edpio e sua popula\u00e7\u00e3o. \u201cN\u00e3o se trata apenas da dispensa de 400 trabalhadores, a Votorantim Metais arruinar\u00e1 um munic\u00edpio. No dia 1\u00ba de novembro, \u00faltima sexta-feira, a VM dispensou 25 trabalhadores e informou que dispensar\u00e1 20 por dia\u201d, informa o secret\u00e1rio-geral do PSOL.&nbsp;<br \/>\n\t&nbsp;<br \/>\n\tLeia <a href=\"http:\/\/www.psol50.org.br\/site\/noticias\/2399\/votorantim-metais-anuncia-demissoes-em-unidade-no-interior-de-minas\">aqui<\/a> mat\u00e9ria sobre o assunto.<\/div>\n<p>&nbsp;<\/p>\n","protected":false},"excerpt":{"rendered":"<p>Em reuni\u00e3o na noite da \u00faltima sexta-feira (01), em Fortaleza de Minas, munic\u00edpio localizado no Sul de Minas Gerais, representantes do Sindicato dos Servidores P\u00fablico Municipais e do Sindicato dos Trabalhadores na Ind\u00fastria Extrativa&nbsp;(Sintex), com o apoio da Prefeitura Municipal e da C\u00e2mara de Vereadores, decidiram fazer uma s\u00e9rie de mobiliza\u00e7\u00f5es para barrar o processo [&hellip;]<\/p>\n","protected":false},"author":2,"featured_media":0,"comment_status":"open","ping_status":"open","sticky":false,"template":"","format":"standard","meta":{"_acf_changed":false,"footnotes":""},"categories":[4766,6],"tags":[],"class_list":{"0":"post-2402","1":"post","2":"type-post","3":"status-publish","4":"format-standard","6":"category-arquivo","7":"category-noticias"},"acf":[],"yoast_head":"<!-- This site is optimized with the Yoast SEO plugin v26.5 - https:\/\/yoast.com\/wordpress\/plugins\/seo\/ -->\n<title>Sindicatos e prefeitura decidem se mobilizar para impedir demiss\u00f5es em massa na Votorantim Metais, no interior de Minas - PSOL 50<\/title>\n<meta name=\"robots\" content=\"index, follow, max-snippet:-1, max-image-preview:large, max-video-preview:-1\" \/>\n<link rel=\"canonical\" href=\"https:\/\/psol50.org.br\/sindicatos-e-prefeitura-decidem-se-mobilizar-para-impedir-demissoes-em-massa-na-votorantim-metais-no-interior-de-minas\/\" \/>\n<meta property=\"og:locale\" content=\"pt_BR\" \/>\n<meta property=\"og:type\" content=\"article\" \/>\n<meta property=\"og:title\" content=\"Sindicatos e prefeitura decidem se mobilizar para impedir demiss\u00f5es em massa na Votorantim Metais, no interior de Minas - PSOL 50\" \/>\n<meta property=\"og:description\" content=\"Em reuni\u00e3o na noite da \u00faltima sexta-feira (01), em Fortaleza de Minas, munic\u00edpio localizado no Sul de Minas Gerais, representantes do Sindicato dos Servidores P\u00fablico Municipais e do Sindicato dos Trabalhadores na Ind\u00fastria Extrativa&nbsp;(Sintex), com o apoio da Prefeitura Municipal e da C\u00e2mara de Vereadores, decidiram fazer uma s\u00e9rie de mobiliza\u00e7\u00f5es para barrar o processo [&hellip;]\" \/>\n<meta property=\"og:url\" content=\"https:\/\/psol50.org.br\/sindicatos-e-prefeitura-decidem-se-mobilizar-para-impedir-demissoes-em-massa-na-votorantim-metais-no-interior-de-minas\/\" \/>\n<meta property=\"og:site_name\" content=\"PSOL 50\" \/>\n<meta property=\"article:publisher\" content=\"https:\/\/www.facebook.com\/psol50\" \/>\n<meta property=\"article:published_time\" content=\"2013-11-04T00:00:00+00:00\" \/>\n<meta property=\"og:image\" content=\"https:\/\/psol50.org.br\/inc\/uploads\/2018\/07\/capa.png\" \/>\n\t<meta property=\"og:image:width\" content=\"1350\" \/>\n\t<meta property=\"og:image:height\" content=\"900\" \/>\n\t<meta property=\"og:image:type\" content=\"image\/png\" \/>\n<meta name=\"author\" content=\"Comunica\u00e7\u00e3o PSOL\" \/>\n<meta name=\"twitter:card\" content=\"summary_large_image\" \/>\n<meta name=\"twitter:creator\" content=\"@psol50\" \/>\n<meta name=\"twitter:site\" content=\"@psol50\" \/>\n<meta name=\"twitter:label1\" content=\"Escrito por\" \/>\n\t<meta name=\"twitter:data1\" content=\"Comunica\u00e7\u00e3o PSOL\" \/>\n\t<meta name=\"twitter:label2\" content=\"Est. tempo de leitura\" \/>\n\t<meta name=\"twitter:data2\" content=\"2 minutos\" \/>\n<script type=\"application\/ld+json\" class=\"yoast-schema-graph\">{\"@context\":\"https:\/\/schema.org\",\"@graph\":[{\"@type\":\"Article\",\"@id\":\"https:\/\/psol50.org.br\/sindicatos-e-prefeitura-decidem-se-mobilizar-para-impedir-demissoes-em-massa-na-votorantim-metais-no-interior-de-minas\/#article\",\"isPartOf\":{\"@id\":\"https:\/\/psol50.org.br\/sindicatos-e-prefeitura-decidem-se-mobilizar-para-impedir-demissoes-em-massa-na-votorantim-metais-no-interior-de-minas\/\"},\"author\":{\"name\":\"Comunica\u00e7\u00e3o PSOL\",\"@id\":\"https:\/\/psol50.org.br\/#\/schema\/person\/475dfa57d0b815993c714c2e96491fcd\"},\"headline\":\"Sindicatos e prefeitura decidem se mobilizar para impedir demiss\u00f5es em massa na Votorantim Metais, no interior de Minas\",\"datePublished\":\"2013-11-04T00:00:00+00:00\",\"mainEntityOfPage\":{\"@id\":\"https:\/\/psol50.org.br\/sindicatos-e-prefeitura-decidem-se-mobilizar-para-impedir-demissoes-em-massa-na-votorantim-metais-no-interior-de-minas\/\"},\"wordCount\":474,\"commentCount\":0,\"publisher\":{\"@id\":\"https:\/\/psol50.org.br\/#organization\"},\"articleSection\":[\"Arquivo\",\"Not\u00edcias\"],\"inLanguage\":\"pt-BR\",\"potentialAction\":[{\"@type\":\"CommentAction\",\"name\":\"Comment\",\"target\":[\"https:\/\/psol50.org.br\/sindicatos-e-prefeitura-decidem-se-mobilizar-para-impedir-demissoes-em-massa-na-votorantim-metais-no-interior-de-minas\/#respond\"]}]},{\"@type\":\"WebPage\",\"@id\":\"https:\/\/psol50.org.br\/sindicatos-e-prefeitura-decidem-se-mobilizar-para-impedir-demissoes-em-massa-na-votorantim-metais-no-interior-de-minas\/\",\"url\":\"https:\/\/psol50.org.br\/sindicatos-e-prefeitura-decidem-se-mobilizar-para-impedir-demissoes-em-massa-na-votorantim-metais-no-interior-de-minas\/\",\"name\":\"Sindicatos e prefeitura decidem se mobilizar para impedir demiss\u00f5es em massa na Votorantim Metais, no interior de Minas - PSOL 50\",\"isPartOf\":{\"@id\":\"https:\/\/psol50.org.br\/#website\"},\"datePublished\":\"2013-11-04T00:00:00+00:00\",\"breadcrumb\":{\"@id\":\"https:\/\/psol50.org.br\/sindicatos-e-prefeitura-decidem-se-mobilizar-para-impedir-demissoes-em-massa-na-votorantim-metais-no-interior-de-minas\/#breadcrumb\"},\"inLanguage\":\"pt-BR\",\"potentialAction\":[{\"@type\":\"ReadAction\",\"target\":[\"https:\/\/psol50.org.br\/sindicatos-e-prefeitura-decidem-se-mobilizar-para-impedir-demissoes-em-massa-na-votorantim-metais-no-interior-de-minas\/\"]}]},{\"@type\":\"BreadcrumbList\",\"@id\":\"https:\/\/psol50.org.br\/sindicatos-e-prefeitura-decidem-se-mobilizar-para-impedir-demissoes-em-massa-na-votorantim-metais-no-interior-de-minas\/#breadcrumb\",\"itemListElement\":[{\"@type\":\"ListItem\",\"position\":1,\"name\":\"In\u00edcio\",\"item\":\"https:\/\/psol50.org.br\/\"},{\"@type\":\"ListItem\",\"position\":2,\"name\":\"Sindicatos e prefeitura decidem se mobilizar para impedir demiss\u00f5es em massa na Votorantim Metais, no interior de Minas\"}]},{\"@type\":\"WebSite\",\"@id\":\"https:\/\/psol50.org.br\/#website\",\"url\":\"https:\/\/psol50.org.br\/\",\"name\":\"PSOL 50\",\"description\":\"Site oficial do Partido Socialismo e Liberdade\",\"publisher\":{\"@id\":\"https:\/\/psol50.org.br\/#organization\"},\"alternateName\":\"PSOL50\",\"potentialAction\":[{\"@type\":\"SearchAction\",\"target\":{\"@type\":\"EntryPoint\",\"urlTemplate\":\"https:\/\/psol50.org.br\/?s={search_term_string}\"},\"query-input\":{\"@type\":\"PropertyValueSpecification\",\"valueRequired\":true,\"valueName\":\"search_term_string\"}}],\"inLanguage\":\"pt-BR\"},{\"@type\":\"Organization\",\"@id\":\"https:\/\/psol50.org.br\/#organization\",\"name\":\"PSOL 50\",\"alternateName\":\"PSOL 50\",\"url\":\"https:\/\/psol50.org.br\/\",\"logo\":{\"@type\":\"ImageObject\",\"inLanguage\":\"pt-BR\",\"@id\":\"https:\/\/psol50.org.br\/#\/schema\/logo\/image\/\",\"url\":\"https:\/\/psol50.org.br\/inc\/uploads\/2018\/07\/capa.png\",\"contentUrl\":\"https:\/\/psol50.org.br\/inc\/uploads\/2018\/07\/capa.png\",\"width\":1350,\"height\":900,\"caption\":\"PSOL 50\"},\"image\":{\"@id\":\"https:\/\/psol50.org.br\/#\/schema\/logo\/image\/\"},\"sameAs\":[\"https:\/\/www.facebook.com\/psol50\",\"https:\/\/x.com\/psol50\",\"https:\/\/www.instagram.com\/psol50\/\",\"https:\/\/www.youtube.com\/channel\/UC7SnJS5o1os7a6CaiNabzcg\"]},{\"@type\":\"Person\",\"@id\":\"https:\/\/psol50.org.br\/#\/schema\/person\/475dfa57d0b815993c714c2e96491fcd\",\"name\":\"Comunica\u00e7\u00e3o PSOL\",\"image\":{\"@type\":\"ImageObject\",\"inLanguage\":\"pt-BR\",\"@id\":\"https:\/\/psol50.org.br\/#\/schema\/person\/image\/\",\"url\":\"https:\/\/secure.gravatar.com\/avatar\/b34fc4f4e468a4e51785917065a3db57b841f5c95dba6ad8c73aaf8f66f8f9bf?s=96&d=mm&r=g\",\"contentUrl\":\"https:\/\/secure.gravatar.com\/avatar\/b34fc4f4e468a4e51785917065a3db57b841f5c95dba6ad8c73aaf8f66f8f9bf?s=96&d=mm&r=g\",\"caption\":\"Comunica\u00e7\u00e3o PSOL\"}}]}<\/script>\n<!-- \/ Yoast SEO plugin. -->","yoast_head_json":{"title":"Sindicatos e prefeitura decidem se mobilizar para impedir demiss\u00f5es em massa na Votorantim Metais, no interior de Minas - PSOL 50","robots":{"index":"index","follow":"follow","max-snippet":"max-snippet:-1","max-image-preview":"max-image-preview:large","max-video-preview":"max-video-preview:-1"},"canonical":"https:\/\/psol50.org.br\/sindicatos-e-prefeitura-decidem-se-mobilizar-para-impedir-demissoes-em-massa-na-votorantim-metais-no-interior-de-minas\/","og_locale":"pt_BR","og_type":"article","og_title":"Sindicatos e prefeitura decidem se mobilizar para impedir demiss\u00f5es em massa na Votorantim Metais, no interior de Minas - PSOL 50","og_description":"Em reuni\u00e3o na noite da \u00faltima sexta-feira (01), em Fortaleza de Minas, munic\u00edpio localizado no Sul de Minas Gerais, representantes do Sindicato dos Servidores P\u00fablico Municipais e do Sindicato dos Trabalhadores na Ind\u00fastria Extrativa&nbsp;(Sintex), com o apoio da Prefeitura Municipal e da C\u00e2mara de Vereadores, decidiram fazer uma s\u00e9rie de mobiliza\u00e7\u00f5es para barrar o processo [&hellip;]","og_url":"https:\/\/psol50.org.br\/sindicatos-e-prefeitura-decidem-se-mobilizar-para-impedir-demissoes-em-massa-na-votorantim-metais-no-interior-de-minas\/","og_site_name":"PSOL 50","article_publisher":"https:\/\/www.facebook.com\/psol50","article_published_time":"2013-11-04T00:00:00+00:00","og_image":[{"width":1350,"height":900,"url":"https:\/\/psol50.org.br\/inc\/uploads\/2018\/07\/capa.png","type":"image\/png"}],"author":"Comunica\u00e7\u00e3o PSOL","twitter_card":"summary_large_image","twitter_creator":"@psol50","twitter_site":"@psol50","twitter_misc":{"Escrito por":"Comunica\u00e7\u00e3o PSOL","Est. tempo de leitura":"2 minutos"},"schema":{"@context":"https:\/\/schema.org","@graph":[{"@type":"Article","@id":"https:\/\/psol50.org.br\/sindicatos-e-prefeitura-decidem-se-mobilizar-para-impedir-demissoes-em-massa-na-votorantim-metais-no-interior-de-minas\/#article","isPartOf":{"@id":"https:\/\/psol50.org.br\/sindicatos-e-prefeitura-decidem-se-mobilizar-para-impedir-demissoes-em-massa-na-votorantim-metais-no-interior-de-minas\/"},"author":{"name":"Comunica\u00e7\u00e3o PSOL","@id":"https:\/\/psol50.org.br\/#\/schema\/person\/475dfa57d0b815993c714c2e96491fcd"},"headline":"Sindicatos e prefeitura decidem se mobilizar para impedir demiss\u00f5es em massa na Votorantim Metais, no interior de Minas","datePublished":"2013-11-04T00:00:00+00:00","mainEntityOfPage":{"@id":"https:\/\/psol50.org.br\/sindicatos-e-prefeitura-decidem-se-mobilizar-para-impedir-demissoes-em-massa-na-votorantim-metais-no-interior-de-minas\/"},"wordCount":474,"commentCount":0,"publisher":{"@id":"https:\/\/psol50.org.br\/#organization"},"articleSection":["Arquivo","Not\u00edcias"],"inLanguage":"pt-BR","potentialAction":[{"@type":"CommentAction","name":"Comment","target":["https:\/\/psol50.org.br\/sindicatos-e-prefeitura-decidem-se-mobilizar-para-impedir-demissoes-em-massa-na-votorantim-metais-no-interior-de-minas\/#respond"]}]},{"@type":"WebPage","@id":"https:\/\/psol50.org.br\/sindicatos-e-prefeitura-decidem-se-mobilizar-para-impedir-demissoes-em-massa-na-votorantim-metais-no-interior-de-minas\/","url":"https:\/\/psol50.org.br\/sindicatos-e-prefeitura-decidem-se-mobilizar-para-impedir-demissoes-em-massa-na-votorantim-metais-no-interior-de-minas\/","name":"Sindicatos e prefeitura decidem se mobilizar para impedir demiss\u00f5es em massa na Votorantim Metais, no interior de Minas - PSOL 50","isPartOf":{"@id":"https:\/\/psol50.org.br\/#website"},"datePublished":"2013-11-04T00:00:00+00:00","breadcrumb":{"@id":"https:\/\/psol50.org.br\/sindicatos-e-prefeitura-decidem-se-mobilizar-para-impedir-demissoes-em-massa-na-votorantim-metais-no-interior-de-minas\/#breadcrumb"},"inLanguage":"pt-BR","potentialAction":[{"@type":"ReadAction","target":["https:\/\/psol50.org.br\/sindicatos-e-prefeitura-decidem-se-mobilizar-para-impedir-demissoes-em-massa-na-votorantim-metais-no-interior-de-minas\/"]}]},{"@type":"BreadcrumbList","@id":"https:\/\/psol50.org.br\/sindicatos-e-prefeitura-decidem-se-mobilizar-para-impedir-demissoes-em-massa-na-votorantim-metais-no-interior-de-minas\/#breadcrumb","itemListElement":[{"@type":"ListItem","position":1,"name":"In\u00edcio","item":"https:\/\/psol50.org.br\/"},{"@type":"ListItem","position":2,"name":"Sindicatos e prefeitura decidem se mobilizar para impedir demiss\u00f5es em massa na Votorantim Metais, no interior de Minas"}]},{"@type":"WebSite","@id":"https:\/\/psol50.org.br\/#website","url":"https:\/\/psol50.org.br\/","name":"PSOL 50","description":"Site oficial do Partido Socialismo e Liberdade","publisher":{"@id":"https:\/\/psol50.org.br\/#organization"},"alternateName":"PSOL50","potentialAction":[{"@type":"SearchAction","target":{"@type":"EntryPoint","urlTemplate":"https:\/\/psol50.org.br\/?s={search_term_string}"},"query-input":{"@type":"PropertyValueSpecification","valueRequired":true,"valueName":"search_term_string"}}],"inLanguage":"pt-BR"},{"@type":"Organization","@id":"https:\/\/psol50.org.br\/#organization","name":"PSOL 50","alternateName":"PSOL 50","url":"https:\/\/psol50.org.br\/","logo":{"@type":"ImageObject","inLanguage":"pt-BR","@id":"https:\/\/psol50.org.br\/#\/schema\/logo\/image\/","url":"https:\/\/psol50.org.br\/inc\/uploads\/2018\/07\/capa.png","contentUrl":"https:\/\/psol50.org.br\/inc\/uploads\/2018\/07\/capa.png","width":1350,"height":900,"caption":"PSOL 50"},"image":{"@id":"https:\/\/psol50.org.br\/#\/schema\/logo\/image\/"},"sameAs":["https:\/\/www.facebook.com\/psol50","https:\/\/x.com\/psol50","https:\/\/www.instagram.com\/psol50\/","https:\/\/www.youtube.com\/channel\/UC7SnJS5o1os7a6CaiNabzcg"]},{"@type":"Person","@id":"https:\/\/psol50.org.br\/#\/schema\/person\/475dfa57d0b815993c714c2e96491fcd","name":"Comunica\u00e7\u00e3o PSOL","image":{"@type":"ImageObject","inLanguage":"pt-BR","@id":"https:\/\/psol50.org.br\/#\/schema\/person\/image\/","url":"https:\/\/secure.gravatar.com\/avatar\/b34fc4f4e468a4e51785917065a3db57b841f5c95dba6ad8c73aaf8f66f8f9bf?s=96&d=mm&r=g","contentUrl":"https:\/\/secure.gravatar.com\/avatar\/b34fc4f4e468a4e51785917065a3db57b841f5c95dba6ad8c73aaf8f66f8f9bf?s=96&d=mm&r=g","caption":"Comunica\u00e7\u00e3o PSOL"}}]}},"_links":{"self":[{"href":"https:\/\/psol50.org.br\/rest\/wp\/v2\/posts\/2402","targetHints":{"allow":["GET"]}}],"collection":[{"href":"https:\/\/psol50.org.br\/rest\/wp\/v2\/posts"}],"about":[{"href":"https:\/\/psol50.org.br\/rest\/wp\/v2\/types\/post"}],"author":[{"embeddable":true,"href":"https:\/\/psol50.org.br\/rest\/wp\/v2\/users\/2"}],"replies":[{"embeddable":true,"href":"https:\/\/psol50.org.br\/rest\/wp\/v2\/comments?post=2402"}],"version-history":[{"count":0,"href":"https:\/\/psol50.org.br\/rest\/wp\/v2\/posts\/2402\/revisions"}],"wp:attachment":[{"href":"https:\/\/psol50.org.br\/rest\/wp\/v2\/media?parent=2402"}],"wp:term":[{"taxonomy":"category","embeddable":true,"href":"https:\/\/psol50.org.br\/rest\/wp\/v2\/categories?post=2402"},{"taxonomy":"post_tag","embeddable":true,"href":"https:\/\/psol50.org.br\/rest\/wp\/v2\/tags?post=2402"}],"curies":[{"name":"wp","href":"https:\/\/api.w.org\/{rel}","templated":true}]}}