{"id":24022,"date":"2019-01-30T09:47:06","date_gmt":"2019-01-30T11:47:06","guid":{"rendered":"http:\/\/psol50.org.br\/?p=24022"},"modified":"2019-01-30T09:47:06","modified_gmt":"2019-01-30T11:47:06","slug":"psol-vai-processar-lobao-blogueira-do-psl-eduardo-e-carlos-bolsonaro-por-fake-news-e-odio-contra-jean-wyllys","status":"publish","type":"post","link":"https:\/\/psol50.org.br\/psol-vai-processar-lobao-blogueira-do-psl-eduardo-e-carlos-bolsonaro-por-fake-news-e-odio-contra-jean-wyllys\/","title":{"rendered":"PSOL vai processar Lob\u00e3o, blogueira do PSL, Eduardo e Carlos Bolsonaro por fake news e \u00f3dio contra Jean Wyllys"},"content":{"rendered":"\n<p>O PSOL vai entrar com a\u00e7\u00f5es judiciais contra o cantor Lob\u00e3o, o deputado federal Eduardo Bolsonaro (PSL\/SP), o vereador Carlos Bolsonaro (PSL\/RJ), a blogueira filiada ao PSL Regina Villela, Antonio Carlos Bronzeri e o Google.<\/p>\n\n\n\n<p>Os processos s\u00e3o todos relacionados \u00e0 propaga\u00e7\u00e3o criminosa, em redes sociais, de mentiras e discursos de \u00f3dio contra Jean Wyllys, ap\u00f3s a sua decis\u00e3o de sair do pa\u00eds por conta das diversas amea\u00e7as que vem sofrendo h\u00e1 anos.<\/p>\n\n\n\n<p>O PSOL tamb\u00e9m vai pedir direito de resposta no programa <em>Morning&nbsp;Show<\/em>, da Jovem Pan, em que o jornalista Caio Coppola questionou se Jean sofria mesmo amea\u00e7as (mesmo com medida cautelar concedida pela Comiss\u00e3o Interamericana de Direitos Humanos da OEA e escolta do Congresso Nacional), ajudando a difus\u00e3o das mentiras e afirmando que ele queria &#8220;construir uma narrativa&#8221;. Al\u00e9m disso, insultou diversas vezes Jean Wyllys no programa, ao vivo.<\/p>\n\n\n\n<p>Lob\u00e3o foi um dos principais respons\u00e1veis pela difus\u00e3o da <em>fake&nbsp;news<\/em> de que Jean Wyllys estaria saindo do pa\u00eds por supostamente &#8220;estar envolvido com a tentativa de assassinato contra Jair Bolsonaro&#8221;, em setembro. <\/p>\n\n\n\n<p>Regina Villela \u00e9 autora do v\u00eddeo, contendo a mesma mentira, mais assistido nas redes sociais, em especial no canal &#8220;Politicaplay&#8221; do YouTube. Nele, ela &#8220;contracena&#8221; com o engenheiro Antonio Carlos Bronzeri propagando mentiras sobre Jean Wyllys e o PSOL, al\u00e9m de raivosos discursos de \u00f3dio contra a esquerda em geral. <\/p>\n\n\n\n<p>Na a\u00e7\u00e3o, o PSOL exige que a Justi\u00e7a reconhe\u00e7a a ilegalidade das manifesta\u00e7\u00f5es da blogueira, pede pagamento de indeniza\u00e7\u00e3o por danos morais e que o Google retire todas as vers\u00f5es do v\u00eddeo publicadas no YouTube.<\/p>\n\n\n\n<p><strong>Eduardo&nbsp;e&nbsp;Carlos&nbsp;Bolsonaro<\/strong><\/p>\n\n\n\n<p>J\u00e1 os pol\u00edticos Eduardo e Carlos Bolsonaro s\u00e3o alvos da a\u00e7\u00e3o do PSOL por incita\u00e7\u00e3o ao crime, ao propagar discurso de \u00f3dio contra Jean Wyllys ap\u00f3s a sua decis\u00e3o de deixar o pa\u00eds ser divulgada.<\/p>\n\n\n\n<p>Ambos ironizaram, em redes sociais, a decis\u00e3o do deputado do PSOL, comprovadamente amea\u00e7ado &#8211; junto \u00e0 sua fam\u00edlia &#8211; de morte, linchamento e outros absurdos. <\/p>\n\n\n\n<p>N\u00e3o \u00e9 poss\u00edvel tolerar, principalmente de figuras p\u00fablicas com grande relev\u00e2ncia nas redes sociais, que questionem algo t\u00e3o grave como a amea\u00e7a \u00e0 vida de um deputado federal.<\/p>\n\n\n\n<p>Por isso, o PSOL pede \u00e0 Justi\u00e7a o enquadramento dos parlamentares no artigo 286 do C\u00f3digo Penal, que trata da incita\u00e7\u00e3o ao crime e pode resultar em deten\u00e7\u00e3o de tr\u00eas a seis meses ou multa.<\/p>\n","protected":false},"excerpt":{"rendered":"<p>O PSOL vai entrar com a\u00e7\u00f5es judiciais contra o cantor Lob\u00e3o, o deputado federal Eduardo Bolsonaro (PSL\/SP), o vereador Carlos Bolsonaro (PSL\/RJ), a blogueira filiada ao PSL Regina Villela, Antonio Carlos Bronzeri e o Google. Os processos s\u00e3o todos relacionados \u00e0 propaga\u00e7\u00e3o criminosa, em redes sociais, de mentiras e discursos de \u00f3dio contra Jean Wyllys, [&hellip;]<\/p>\n","protected":false},"author":2,"featured_media":24024,"comment_status":"closed","ping_status":"open","sticky":false,"template":"","format":"standard","meta":{"_acf_changed":false,"footnotes":""},"categories":[6,14],"tags":[594,54,1697,1698],"class_list":{"0":"post-24022","1":"post","2":"type-post","3":"status-publish","4":"format-standard","5":"has-post-thumbnail","7":"category-noticias","8":"category-partido","9":"tag-carlos-bolsonaro","10":"tag-justica","11":"tag-lobao","12":"tag-regina-villela"},"acf":[],"yoast_head":"<!-- This site is optimized with the Yoast SEO plugin v26.5 - https:\/\/yoast.com\/wordpress\/plugins\/seo\/ -->\n<title>PSOL vai processar Lob\u00e3o, blogueira do PSL, Eduardo e Carlos Bolsonaro por fake news e \u00f3dio contra Jean Wyllys - PSOL 50<\/title>\n<meta name=\"robots\" content=\"index, follow, max-snippet:-1, max-image-preview:large, max-video-preview:-1\" \/>\n<link rel=\"canonical\" href=\"https:\/\/psol50.org.br\/psol-vai-processar-lobao-blogueira-do-psl-eduardo-e-carlos-bolsonaro-por-fake-news-e-odio-contra-jean-wyllys\/\" \/>\n<meta property=\"og:locale\" content=\"pt_BR\" \/>\n<meta property=\"og:type\" content=\"article\" \/>\n<meta property=\"og:title\" content=\"PSOL processa Lob\u00e3o, blogueira do PSL, Eduardo e Carlos Bolsonaro\" \/>\n<meta property=\"og:description\" content=\"A\u00e7\u00f5es s\u00e3o por difus\u00e3o de fake news e discurso de \u00f3dio contra Jean Wyllys e o PSOL.\" \/>\n<meta property=\"og:url\" content=\"https:\/\/psol50.org.br\/psol-vai-processar-lobao-blogueira-do-psl-eduardo-e-carlos-bolsonaro-por-fake-news-e-odio-contra-jean-wyllys\/\" \/>\n<meta property=\"og:site_name\" content=\"PSOL 50\" \/>\n<meta property=\"article:publisher\" content=\"https:\/\/www.facebook.com\/psol50\" \/>\n<meta property=\"article:published_time\" content=\"2019-01-30T11:47:06+00:00\" \/>\n<meta property=\"og:image\" content=\"https:\/\/psol50.org.br\/inc\/uploads\/2019\/01\/lobao.regina.eduardo.carlos.bolsonaro.png\" \/>\n\t<meta property=\"og:image:width\" content=\"1350\" \/>\n\t<meta property=\"og:image:height\" content=\"900\" \/>\n\t<meta property=\"og:image:type\" content=\"image\/png\" \/>\n<meta name=\"author\" content=\"Comunica\u00e7\u00e3o PSOL\" \/>\n<meta name=\"twitter:card\" content=\"summary_large_image\" \/>\n<meta name=\"twitter:title\" content=\"PSOL processa Lob\u00e3o, blogueira do PSL, Eduardo e Carlos Bolsonaro\" \/>\n<meta name=\"twitter:description\" content=\"A\u00e7\u00f5es s\u00e3o por difus\u00e3o de fake news e discurso de \u00f3dio contra Jean Wyllys e o PSOL.\" \/>\n<meta name=\"twitter:image\" content=\"https:\/\/psol50.org.br\/inc\/uploads\/2019\/01\/lobao.regina.eduardo.carlos.bolsonaro.png\" \/>\n<meta name=\"twitter:creator\" content=\"@psol50\" \/>\n<meta name=\"twitter:site\" content=\"@psol50\" \/>\n<meta name=\"twitter:label1\" content=\"Escrito por\" \/>\n\t<meta name=\"twitter:data1\" content=\"Comunica\u00e7\u00e3o PSOL\" \/>\n\t<meta name=\"twitter:label2\" content=\"Est. tempo de leitura\" \/>\n\t<meta name=\"twitter:data2\" content=\"2 minutos\" \/>\n<script type=\"application\/ld+json\" class=\"yoast-schema-graph\">{\"@context\":\"https:\/\/schema.org\",\"@graph\":[{\"@type\":\"Article\",\"@id\":\"https:\/\/psol50.org.br\/psol-vai-processar-lobao-blogueira-do-psl-eduardo-e-carlos-bolsonaro-por-fake-news-e-odio-contra-jean-wyllys\/#article\",\"isPartOf\":{\"@id\":\"https:\/\/psol50.org.br\/psol-vai-processar-lobao-blogueira-do-psl-eduardo-e-carlos-bolsonaro-por-fake-news-e-odio-contra-jean-wyllys\/\"},\"author\":{\"name\":\"Comunica\u00e7\u00e3o PSOL\",\"@id\":\"https:\/\/psol50.org.br\/#\/schema\/person\/475dfa57d0b815993c714c2e96491fcd\"},\"headline\":\"PSOL vai processar Lob\u00e3o, blogueira do PSL, Eduardo e Carlos Bolsonaro por fake news e \u00f3dio contra Jean Wyllys\",\"datePublished\":\"2019-01-30T11:47:06+00:00\",\"mainEntityOfPage\":{\"@id\":\"https:\/\/psol50.org.br\/psol-vai-processar-lobao-blogueira-do-psl-eduardo-e-carlos-bolsonaro-por-fake-news-e-odio-contra-jean-wyllys\/\"},\"wordCount\":454,\"publisher\":{\"@id\":\"https:\/\/psol50.org.br\/#organization\"},\"image\":{\"@id\":\"https:\/\/psol50.org.br\/psol-vai-processar-lobao-blogueira-do-psl-eduardo-e-carlos-bolsonaro-por-fake-news-e-odio-contra-jean-wyllys\/#primaryimage\"},\"thumbnailUrl\":\"https:\/\/psol50.org.br\/inc\/uploads\/2019\/01\/lobao.regina.eduardo.carlos.bolsonaro.png\",\"keywords\":[\"Carlos Bolsonaro\",\"justi\u00e7a\",\"Lob\u00e3o\",\"Regina Villela\"],\"articleSection\":[\"Not\u00edcias\",\"Partido\"],\"inLanguage\":\"pt-BR\"},{\"@type\":\"WebPage\",\"@id\":\"https:\/\/psol50.org.br\/psol-vai-processar-lobao-blogueira-do-psl-eduardo-e-carlos-bolsonaro-por-fake-news-e-odio-contra-jean-wyllys\/\",\"url\":\"https:\/\/psol50.org.br\/psol-vai-processar-lobao-blogueira-do-psl-eduardo-e-carlos-bolsonaro-por-fake-news-e-odio-contra-jean-wyllys\/\",\"name\":\"PSOL vai processar Lob\u00e3o, blogueira do PSL, Eduardo e Carlos Bolsonaro por fake news e \u00f3dio contra Jean Wyllys - PSOL 50\",\"isPartOf\":{\"@id\":\"https:\/\/psol50.org.br\/#website\"},\"primaryImageOfPage\":{\"@id\":\"https:\/\/psol50.org.br\/psol-vai-processar-lobao-blogueira-do-psl-eduardo-e-carlos-bolsonaro-por-fake-news-e-odio-contra-jean-wyllys\/#primaryimage\"},\"image\":{\"@id\":\"https:\/\/psol50.org.br\/psol-vai-processar-lobao-blogueira-do-psl-eduardo-e-carlos-bolsonaro-por-fake-news-e-odio-contra-jean-wyllys\/#primaryimage\"},\"thumbnailUrl\":\"https:\/\/psol50.org.br\/inc\/uploads\/2019\/01\/lobao.regina.eduardo.carlos.bolsonaro.png\",\"datePublished\":\"2019-01-30T11:47:06+00:00\",\"breadcrumb\":{\"@id\":\"https:\/\/psol50.org.br\/psol-vai-processar-lobao-blogueira-do-psl-eduardo-e-carlos-bolsonaro-por-fake-news-e-odio-contra-jean-wyllys\/#breadcrumb\"},\"inLanguage\":\"pt-BR\",\"potentialAction\":[{\"@type\":\"ReadAction\",\"target\":[\"https:\/\/psol50.org.br\/psol-vai-processar-lobao-blogueira-do-psl-eduardo-e-carlos-bolsonaro-por-fake-news-e-odio-contra-jean-wyllys\/\"]}]},{\"@type\":\"ImageObject\",\"inLanguage\":\"pt-BR\",\"@id\":\"https:\/\/psol50.org.br\/psol-vai-processar-lobao-blogueira-do-psl-eduardo-e-carlos-bolsonaro-por-fake-news-e-odio-contra-jean-wyllys\/#primaryimage\",\"url\":\"https:\/\/psol50.org.br\/inc\/uploads\/2019\/01\/lobao.regina.eduardo.carlos.bolsonaro.png\",\"contentUrl\":\"https:\/\/psol50.org.br\/inc\/uploads\/2019\/01\/lobao.regina.eduardo.carlos.bolsonaro.png\",\"width\":1350,\"height\":900},{\"@type\":\"BreadcrumbList\",\"@id\":\"https:\/\/psol50.org.br\/psol-vai-processar-lobao-blogueira-do-psl-eduardo-e-carlos-bolsonaro-por-fake-news-e-odio-contra-jean-wyllys\/#breadcrumb\",\"itemListElement\":[{\"@type\":\"ListItem\",\"position\":1,\"name\":\"In\u00edcio\",\"item\":\"https:\/\/psol50.org.br\/\"},{\"@type\":\"ListItem\",\"position\":2,\"name\":\"PSOL vai processar Lob\u00e3o, blogueira do PSL, Eduardo e Carlos Bolsonaro por fake news e \u00f3dio contra Jean Wyllys\"}]},{\"@type\":\"WebSite\",\"@id\":\"https:\/\/psol50.org.br\/#website\",\"url\":\"https:\/\/psol50.org.br\/\",\"name\":\"PSOL 50\",\"description\":\"Site oficial do Partido Socialismo e Liberdade\",\"publisher\":{\"@id\":\"https:\/\/psol50.org.br\/#organization\"},\"alternateName\":\"PSOL50\",\"potentialAction\":[{\"@type\":\"SearchAction\",\"target\":{\"@type\":\"EntryPoint\",\"urlTemplate\":\"https:\/\/psol50.org.br\/?s={search_term_string}\"},\"query-input\":{\"@type\":\"PropertyValueSpecification\",\"valueRequired\":true,\"valueName\":\"search_term_string\"}}],\"inLanguage\":\"pt-BR\"},{\"@type\":\"Organization\",\"@id\":\"https:\/\/psol50.org.br\/#organization\",\"name\":\"PSOL 50\",\"alternateName\":\"PSOL 50\",\"url\":\"https:\/\/psol50.org.br\/\",\"logo\":{\"@type\":\"ImageObject\",\"inLanguage\":\"pt-BR\",\"@id\":\"https:\/\/psol50.org.br\/#\/schema\/logo\/image\/\",\"url\":\"https:\/\/psol50.org.br\/inc\/uploads\/2018\/07\/capa.png\",\"contentUrl\":\"https:\/\/psol50.org.br\/inc\/uploads\/2018\/07\/capa.png\",\"width\":1350,\"height\":900,\"caption\":\"PSOL 50\"},\"image\":{\"@id\":\"https:\/\/psol50.org.br\/#\/schema\/logo\/image\/\"},\"sameAs\":[\"https:\/\/www.facebook.com\/psol50\",\"https:\/\/x.com\/psol50\",\"https:\/\/www.instagram.com\/psol50\/\",\"https:\/\/www.youtube.com\/channel\/UC7SnJS5o1os7a6CaiNabzcg\"]},{\"@type\":\"Person\",\"@id\":\"https:\/\/psol50.org.br\/#\/schema\/person\/475dfa57d0b815993c714c2e96491fcd\",\"name\":\"Comunica\u00e7\u00e3o PSOL\",\"image\":{\"@type\":\"ImageObject\",\"inLanguage\":\"pt-BR\",\"@id\":\"https:\/\/psol50.org.br\/#\/schema\/person\/image\/\",\"url\":\"https:\/\/secure.gravatar.com\/avatar\/b34fc4f4e468a4e51785917065a3db57b841f5c95dba6ad8c73aaf8f66f8f9bf?s=96&d=mm&r=g\",\"contentUrl\":\"https:\/\/secure.gravatar.com\/avatar\/b34fc4f4e468a4e51785917065a3db57b841f5c95dba6ad8c73aaf8f66f8f9bf?s=96&d=mm&r=g\",\"caption\":\"Comunica\u00e7\u00e3o PSOL\"}}]}<\/script>\n<!-- \/ Yoast SEO plugin. -->","yoast_head_json":{"title":"PSOL vai processar Lob\u00e3o, blogueira do PSL, Eduardo e Carlos Bolsonaro por fake news e \u00f3dio contra Jean Wyllys - PSOL 50","robots":{"index":"index","follow":"follow","max-snippet":"max-snippet:-1","max-image-preview":"max-image-preview:large","max-video-preview":"max-video-preview:-1"},"canonical":"https:\/\/psol50.org.br\/psol-vai-processar-lobao-blogueira-do-psl-eduardo-e-carlos-bolsonaro-por-fake-news-e-odio-contra-jean-wyllys\/","og_locale":"pt_BR","og_type":"article","og_title":"PSOL processa Lob\u00e3o, blogueira do PSL, Eduardo e Carlos Bolsonaro","og_description":"A\u00e7\u00f5es s\u00e3o por difus\u00e3o de fake news e discurso de \u00f3dio contra Jean Wyllys e o PSOL.","og_url":"https:\/\/psol50.org.br\/psol-vai-processar-lobao-blogueira-do-psl-eduardo-e-carlos-bolsonaro-por-fake-news-e-odio-contra-jean-wyllys\/","og_site_name":"PSOL 50","article_publisher":"https:\/\/www.facebook.com\/psol50","article_published_time":"2019-01-30T11:47:06+00:00","og_image":[{"width":1350,"height":900,"url":"https:\/\/psol50.org.br\/inc\/uploads\/2019\/01\/lobao.regina.eduardo.carlos.bolsonaro.png","type":"image\/png"}],"author":"Comunica\u00e7\u00e3o PSOL","twitter_card":"summary_large_image","twitter_title":"PSOL processa Lob\u00e3o, blogueira do PSL, Eduardo e Carlos Bolsonaro","twitter_description":"A\u00e7\u00f5es s\u00e3o por difus\u00e3o de fake news e discurso de \u00f3dio contra Jean Wyllys e o PSOL.","twitter_image":"https:\/\/psol50.org.br\/inc\/uploads\/2019\/01\/lobao.regina.eduardo.carlos.bolsonaro.png","twitter_creator":"@psol50","twitter_site":"@psol50","twitter_misc":{"Escrito por":"Comunica\u00e7\u00e3o PSOL","Est. tempo de leitura":"2 minutos"},"schema":{"@context":"https:\/\/schema.org","@graph":[{"@type":"Article","@id":"https:\/\/psol50.org.br\/psol-vai-processar-lobao-blogueira-do-psl-eduardo-e-carlos-bolsonaro-por-fake-news-e-odio-contra-jean-wyllys\/#article","isPartOf":{"@id":"https:\/\/psol50.org.br\/psol-vai-processar-lobao-blogueira-do-psl-eduardo-e-carlos-bolsonaro-por-fake-news-e-odio-contra-jean-wyllys\/"},"author":{"name":"Comunica\u00e7\u00e3o PSOL","@id":"https:\/\/psol50.org.br\/#\/schema\/person\/475dfa57d0b815993c714c2e96491fcd"},"headline":"PSOL vai processar Lob\u00e3o, blogueira do PSL, Eduardo e Carlos Bolsonaro por fake news e \u00f3dio contra Jean Wyllys","datePublished":"2019-01-30T11:47:06+00:00","mainEntityOfPage":{"@id":"https:\/\/psol50.org.br\/psol-vai-processar-lobao-blogueira-do-psl-eduardo-e-carlos-bolsonaro-por-fake-news-e-odio-contra-jean-wyllys\/"},"wordCount":454,"publisher":{"@id":"https:\/\/psol50.org.br\/#organization"},"image":{"@id":"https:\/\/psol50.org.br\/psol-vai-processar-lobao-blogueira-do-psl-eduardo-e-carlos-bolsonaro-por-fake-news-e-odio-contra-jean-wyllys\/#primaryimage"},"thumbnailUrl":"https:\/\/psol50.org.br\/inc\/uploads\/2019\/01\/lobao.regina.eduardo.carlos.bolsonaro.png","keywords":["Carlos Bolsonaro","justi\u00e7a","Lob\u00e3o","Regina Villela"],"articleSection":["Not\u00edcias","Partido"],"inLanguage":"pt-BR"},{"@type":"WebPage","@id":"https:\/\/psol50.org.br\/psol-vai-processar-lobao-blogueira-do-psl-eduardo-e-carlos-bolsonaro-por-fake-news-e-odio-contra-jean-wyllys\/","url":"https:\/\/psol50.org.br\/psol-vai-processar-lobao-blogueira-do-psl-eduardo-e-carlos-bolsonaro-por-fake-news-e-odio-contra-jean-wyllys\/","name":"PSOL vai processar Lob\u00e3o, blogueira do PSL, Eduardo e Carlos Bolsonaro por fake news e \u00f3dio contra Jean Wyllys - PSOL 50","isPartOf":{"@id":"https:\/\/psol50.org.br\/#website"},"primaryImageOfPage":{"@id":"https:\/\/psol50.org.br\/psol-vai-processar-lobao-blogueira-do-psl-eduardo-e-carlos-bolsonaro-por-fake-news-e-odio-contra-jean-wyllys\/#primaryimage"},"image":{"@id":"https:\/\/psol50.org.br\/psol-vai-processar-lobao-blogueira-do-psl-eduardo-e-carlos-bolsonaro-por-fake-news-e-odio-contra-jean-wyllys\/#primaryimage"},"thumbnailUrl":"https:\/\/psol50.org.br\/inc\/uploads\/2019\/01\/lobao.regina.eduardo.carlos.bolsonaro.png","datePublished":"2019-01-30T11:47:06+00:00","breadcrumb":{"@id":"https:\/\/psol50.org.br\/psol-vai-processar-lobao-blogueira-do-psl-eduardo-e-carlos-bolsonaro-por-fake-news-e-odio-contra-jean-wyllys\/#breadcrumb"},"inLanguage":"pt-BR","potentialAction":[{"@type":"ReadAction","target":["https:\/\/psol50.org.br\/psol-vai-processar-lobao-blogueira-do-psl-eduardo-e-carlos-bolsonaro-por-fake-news-e-odio-contra-jean-wyllys\/"]}]},{"@type":"ImageObject","inLanguage":"pt-BR","@id":"https:\/\/psol50.org.br\/psol-vai-processar-lobao-blogueira-do-psl-eduardo-e-carlos-bolsonaro-por-fake-news-e-odio-contra-jean-wyllys\/#primaryimage","url":"https:\/\/psol50.org.br\/inc\/uploads\/2019\/01\/lobao.regina.eduardo.carlos.bolsonaro.png","contentUrl":"https:\/\/psol50.org.br\/inc\/uploads\/2019\/01\/lobao.regina.eduardo.carlos.bolsonaro.png","width":1350,"height":900},{"@type":"BreadcrumbList","@id":"https:\/\/psol50.org.br\/psol-vai-processar-lobao-blogueira-do-psl-eduardo-e-carlos-bolsonaro-por-fake-news-e-odio-contra-jean-wyllys\/#breadcrumb","itemListElement":[{"@type":"ListItem","position":1,"name":"In\u00edcio","item":"https:\/\/psol50.org.br\/"},{"@type":"ListItem","position":2,"name":"PSOL vai processar Lob\u00e3o, blogueira do PSL, Eduardo e Carlos Bolsonaro por fake news e \u00f3dio contra Jean Wyllys"}]},{"@type":"WebSite","@id":"https:\/\/psol50.org.br\/#website","url":"https:\/\/psol50.org.br\/","name":"PSOL 50","description":"Site oficial do Partido Socialismo e Liberdade","publisher":{"@id":"https:\/\/psol50.org.br\/#organization"},"alternateName":"PSOL50","potentialAction":[{"@type":"SearchAction","target":{"@type":"EntryPoint","urlTemplate":"https:\/\/psol50.org.br\/?s={search_term_string}"},"query-input":{"@type":"PropertyValueSpecification","valueRequired":true,"valueName":"search_term_string"}}],"inLanguage":"pt-BR"},{"@type":"Organization","@id":"https:\/\/psol50.org.br\/#organization","name":"PSOL 50","alternateName":"PSOL 50","url":"https:\/\/psol50.org.br\/","logo":{"@type":"ImageObject","inLanguage":"pt-BR","@id":"https:\/\/psol50.org.br\/#\/schema\/logo\/image\/","url":"https:\/\/psol50.org.br\/inc\/uploads\/2018\/07\/capa.png","contentUrl":"https:\/\/psol50.org.br\/inc\/uploads\/2018\/07\/capa.png","width":1350,"height":900,"caption":"PSOL 50"},"image":{"@id":"https:\/\/psol50.org.br\/#\/schema\/logo\/image\/"},"sameAs":["https:\/\/www.facebook.com\/psol50","https:\/\/x.com\/psol50","https:\/\/www.instagram.com\/psol50\/","https:\/\/www.youtube.com\/channel\/UC7SnJS5o1os7a6CaiNabzcg"]},{"@type":"Person","@id":"https:\/\/psol50.org.br\/#\/schema\/person\/475dfa57d0b815993c714c2e96491fcd","name":"Comunica\u00e7\u00e3o PSOL","image":{"@type":"ImageObject","inLanguage":"pt-BR","@id":"https:\/\/psol50.org.br\/#\/schema\/person\/image\/","url":"https:\/\/secure.gravatar.com\/avatar\/b34fc4f4e468a4e51785917065a3db57b841f5c95dba6ad8c73aaf8f66f8f9bf?s=96&d=mm&r=g","contentUrl":"https:\/\/secure.gravatar.com\/avatar\/b34fc4f4e468a4e51785917065a3db57b841f5c95dba6ad8c73aaf8f66f8f9bf?s=96&d=mm&r=g","caption":"Comunica\u00e7\u00e3o PSOL"}}]}},"_links":{"self":[{"href":"https:\/\/psol50.org.br\/rest\/wp\/v2\/posts\/24022","targetHints":{"allow":["GET"]}}],"collection":[{"href":"https:\/\/psol50.org.br\/rest\/wp\/v2\/posts"}],"about":[{"href":"https:\/\/psol50.org.br\/rest\/wp\/v2\/types\/post"}],"author":[{"embeddable":true,"href":"https:\/\/psol50.org.br\/rest\/wp\/v2\/users\/2"}],"replies":[{"embeddable":true,"href":"https:\/\/psol50.org.br\/rest\/wp\/v2\/comments?post=24022"}],"version-history":[{"count":0,"href":"https:\/\/psol50.org.br\/rest\/wp\/v2\/posts\/24022\/revisions"}],"wp:featuredmedia":[{"embeddable":true,"href":"https:\/\/psol50.org.br\/rest\/wp\/v2\/media\/24024"}],"wp:attachment":[{"href":"https:\/\/psol50.org.br\/rest\/wp\/v2\/media?parent=24022"}],"wp:term":[{"taxonomy":"category","embeddable":true,"href":"https:\/\/psol50.org.br\/rest\/wp\/v2\/categories?post=24022"},{"taxonomy":"post_tag","embeddable":true,"href":"https:\/\/psol50.org.br\/rest\/wp\/v2\/tags?post=24022"}],"curies":[{"name":"wp","href":"https:\/\/api.w.org\/{rel}","templated":true}]}}