{"id":2403,"date":"2013-11-05T00:00:00","date_gmt":"2013-11-05T00:00:00","guid":{"rendered":"http:\/\/psol50.org.br\/arquivo\/2013\/11\/05\/ex-metalurgico-e-o-novo-presidente-do-psol-do-amazonas\/"},"modified":"2013-11-05T00:00:00","modified_gmt":"2013-11-05T00:00:00","slug":"ex-metalurgico-e-o-novo-presidente-do-psol-do-amazonas","status":"publish","type":"post","link":"https:\/\/psol50.org.br\/ex-metalurgico-e-o-novo-presidente-do-psol-do-amazonas\/","title":{"rendered":"Ex-metal\u00fargico \u00e9 o novo presidente do PSOL do Amazonas"},"content":{"rendered":"<div style=\"text-align: justify;\">\n\t<em>\u00c9lson Melo afirma que o partido disputar\u00e1 para valer as elei\u00e7\u00f5es de 2014 no Estado<\/em><br \/>\n\t&nbsp;<br \/>\n\tCom ampla maioria dos votos dos filiados, foi eleito para presidir o PSOL do Amazonas, em congresso estadual, o ex-metal\u00fargico \u00c9lson Melo. Na ocasi\u00e3o, o novo dirigente, que tem origem na milit\u00e2ncia sindical, destacou quais ser\u00e3o os primeiros passos do partido sob sua gest\u00e3o. \u201cVamos montar uma agenda positiva com as articula\u00e7\u00f5es que precisam ser feitas tanto internamente quanto externamente. Em seguida, formar uma comiss\u00e3o eleitoral para discutir o pleito de 2014\u201d, disse Melo.<br \/>\n\t&nbsp;<br \/>\n\tO 4\u00ba Congresso Estadual do PSOL-AM foi realizada nos dias 25 e 26 de outubro, com o tema \u201cAmazonas: da constata\u00e7\u00e3o do caos ao \u00edmpeto necess\u00e1rio de mudan\u00e7a\u201d, no Centro de Manaus. O encontro teve como principal finalidade a elei\u00e7\u00e3o do novo diret\u00f3rio regional da sigla no Estado.<br \/>\n\t&nbsp;<br \/>\n\tElson Melo disse ainda que o partido vai disputar a elei\u00e7\u00e3o de 2014 com candidatura pr\u00f3pria. \u201cVamos disputar a elei\u00e7\u00e3o de 2014 para valer, nossa meta \u00e9 eleger um representante na Assembleia Legislativa\u201d.<br \/>\n\t&nbsp;<br \/>\n\tO membro do Diret\u00f3rio Nacional do PSOL Juliano Medeiros, que esteve no congresso em Manaus, apontou o PSOL como uma boa alternativa de esquerda para o Amazonas nas elei\u00e7\u00f5es do ano que vem. Ele tamb\u00e9m comentou sobre as articula\u00e7\u00f5es da sigla a n\u00edvel nacional para o pleito de 2014.<br \/>\n\t&nbsp;<br \/>\n\t\u201cEm dezembro, no nosso congresso nacional, realizado em Bras\u00edlia, devemos oficializar a candidatura presidencial do partido. Hoje, entre os partidos de esquerda, somos o que tem as melhores condi\u00e7\u00f5es de ter uma presen\u00e7a de destaque nas elei\u00e7\u00f5es de 2014.\u201d, declarou Medeiros.<br \/>\n\t&nbsp;<br \/>\n\t\u00c9lson Melo, ainda no final da d\u00e9cada de 1970, participou da funda\u00e7\u00e3o do Partido dos Trabalhadores (PT), onde chegou a ser presidente municipal. Al\u00e9m de presidir a Central \u00danica dos Trabalhadores (CUT), Melo comandou tamb\u00e9m o Sindicato dos Metal\u00fargicos, no in\u00edcio da d\u00e9cada de 1990. Em 1993, Elson Melo saiu do PT, e ainda nos anos 1990 deixou a milit\u00e2ncia tamb\u00e9m do Sindicato dos Metal\u00fargicos.&nbsp;<\/div>\n<p>&nbsp;<\/p>\n","protected":false},"excerpt":{"rendered":"<p>\u00c9lson Melo afirma que o partido disputar\u00e1 para valer as elei\u00e7\u00f5es de 2014 no Estado &nbsp; Com ampla maioria dos votos dos filiados, foi eleito para presidir o PSOL do Amazonas, em congresso estadual, o ex-metal\u00fargico \u00c9lson Melo. Na ocasi\u00e3o, o novo dirigente, que tem origem na milit\u00e2ncia sindical, destacou quais ser\u00e3o os primeiros passos [&hellip;]<\/p>\n","protected":false},"author":2,"featured_media":0,"comment_status":"open","ping_status":"open","sticky":false,"template":"","format":"standard","meta":{"_acf_changed":false,"footnotes":""},"categories":[4766,654,6],"tags":[22],"class_list":{"0":"post-2403","1":"post","2":"type-post","3":"status-publish","4":"format-standard","6":"category-arquivo","7":"category-estados","8":"category-noticias","9":"tag-psol"},"acf":[],"yoast_head":"<!-- This site is optimized with the Yoast SEO plugin v26.5 - https:\/\/yoast.com\/wordpress\/plugins\/seo\/ -->\n<title>Ex-metal\u00fargico \u00e9 o novo presidente do PSOL do Amazonas - PSOL 50<\/title>\n<meta name=\"robots\" content=\"index, follow, max-snippet:-1, max-image-preview:large, max-video-preview:-1\" \/>\n<link rel=\"canonical\" href=\"https:\/\/psol50.org.br\/ex-metalurgico-e-o-novo-presidente-do-psol-do-amazonas\/\" \/>\n<meta property=\"og:locale\" content=\"pt_BR\" \/>\n<meta property=\"og:type\" content=\"article\" \/>\n<meta property=\"og:title\" content=\"Ex-metal\u00fargico \u00e9 o novo presidente do PSOL do Amazonas - PSOL 50\" \/>\n<meta property=\"og:description\" content=\"\u00c9lson Melo afirma que o partido disputar\u00e1 para valer as elei\u00e7\u00f5es de 2014 no Estado &nbsp; Com ampla maioria dos votos dos filiados, foi eleito para presidir o PSOL do Amazonas, em congresso estadual, o ex-metal\u00fargico \u00c9lson Melo. Na ocasi\u00e3o, o novo dirigente, que tem origem na milit\u00e2ncia sindical, destacou quais ser\u00e3o os primeiros passos [&hellip;]\" \/>\n<meta property=\"og:url\" content=\"https:\/\/psol50.org.br\/ex-metalurgico-e-o-novo-presidente-do-psol-do-amazonas\/\" \/>\n<meta property=\"og:site_name\" content=\"PSOL 50\" \/>\n<meta property=\"article:publisher\" content=\"https:\/\/www.facebook.com\/psol50\" \/>\n<meta property=\"article:published_time\" content=\"2013-11-05T00:00:00+00:00\" \/>\n<meta property=\"og:image\" content=\"https:\/\/psol50.org.br\/inc\/uploads\/2018\/07\/capa.png\" \/>\n\t<meta property=\"og:image:width\" content=\"1350\" \/>\n\t<meta property=\"og:image:height\" content=\"900\" \/>\n\t<meta property=\"og:image:type\" content=\"image\/png\" \/>\n<meta name=\"author\" content=\"Comunica\u00e7\u00e3o PSOL\" \/>\n<meta name=\"twitter:card\" content=\"summary_large_image\" \/>\n<meta name=\"twitter:creator\" content=\"@psol50\" \/>\n<meta name=\"twitter:site\" content=\"@psol50\" \/>\n<meta name=\"twitter:label1\" content=\"Escrito por\" \/>\n\t<meta name=\"twitter:data1\" content=\"Comunica\u00e7\u00e3o PSOL\" \/>\n\t<meta name=\"twitter:label2\" content=\"Est. tempo de leitura\" \/>\n\t<meta name=\"twitter:data2\" content=\"2 minutos\" \/>\n<script type=\"application\/ld+json\" class=\"yoast-schema-graph\">{\"@context\":\"https:\/\/schema.org\",\"@graph\":[{\"@type\":\"Article\",\"@id\":\"https:\/\/psol50.org.br\/ex-metalurgico-e-o-novo-presidente-do-psol-do-amazonas\/#article\",\"isPartOf\":{\"@id\":\"https:\/\/psol50.org.br\/ex-metalurgico-e-o-novo-presidente-do-psol-do-amazonas\/\"},\"author\":{\"name\":\"Comunica\u00e7\u00e3o PSOL\",\"@id\":\"https:\/\/psol50.org.br\/#\/schema\/person\/475dfa57d0b815993c714c2e96491fcd\"},\"headline\":\"Ex-metal\u00fargico \u00e9 o novo presidente do PSOL do Amazonas\",\"datePublished\":\"2013-11-05T00:00:00+00:00\",\"mainEntityOfPage\":{\"@id\":\"https:\/\/psol50.org.br\/ex-metalurgico-e-o-novo-presidente-do-psol-do-amazonas\/\"},\"wordCount\":363,\"commentCount\":0,\"publisher\":{\"@id\":\"https:\/\/psol50.org.br\/#organization\"},\"keywords\":[\"PSOL\"],\"articleSection\":[\"Arquivo\",\"Estados\",\"Not\u00edcias\"],\"inLanguage\":\"pt-BR\",\"potentialAction\":[{\"@type\":\"CommentAction\",\"name\":\"Comment\",\"target\":[\"https:\/\/psol50.org.br\/ex-metalurgico-e-o-novo-presidente-do-psol-do-amazonas\/#respond\"]}]},{\"@type\":\"WebPage\",\"@id\":\"https:\/\/psol50.org.br\/ex-metalurgico-e-o-novo-presidente-do-psol-do-amazonas\/\",\"url\":\"https:\/\/psol50.org.br\/ex-metalurgico-e-o-novo-presidente-do-psol-do-amazonas\/\",\"name\":\"Ex-metal\u00fargico \u00e9 o novo presidente do PSOL do Amazonas - PSOL 50\",\"isPartOf\":{\"@id\":\"https:\/\/psol50.org.br\/#website\"},\"datePublished\":\"2013-11-05T00:00:00+00:00\",\"breadcrumb\":{\"@id\":\"https:\/\/psol50.org.br\/ex-metalurgico-e-o-novo-presidente-do-psol-do-amazonas\/#breadcrumb\"},\"inLanguage\":\"pt-BR\",\"potentialAction\":[{\"@type\":\"ReadAction\",\"target\":[\"https:\/\/psol50.org.br\/ex-metalurgico-e-o-novo-presidente-do-psol-do-amazonas\/\"]}]},{\"@type\":\"BreadcrumbList\",\"@id\":\"https:\/\/psol50.org.br\/ex-metalurgico-e-o-novo-presidente-do-psol-do-amazonas\/#breadcrumb\",\"itemListElement\":[{\"@type\":\"ListItem\",\"position\":1,\"name\":\"In\u00edcio\",\"item\":\"https:\/\/psol50.org.br\/\"},{\"@type\":\"ListItem\",\"position\":2,\"name\":\"Ex-metal\u00fargico \u00e9 o novo presidente do PSOL do Amazonas\"}]},{\"@type\":\"WebSite\",\"@id\":\"https:\/\/psol50.org.br\/#website\",\"url\":\"https:\/\/psol50.org.br\/\",\"name\":\"PSOL 50\",\"description\":\"Site oficial do Partido Socialismo e Liberdade\",\"publisher\":{\"@id\":\"https:\/\/psol50.org.br\/#organization\"},\"alternateName\":\"PSOL50\",\"potentialAction\":[{\"@type\":\"SearchAction\",\"target\":{\"@type\":\"EntryPoint\",\"urlTemplate\":\"https:\/\/psol50.org.br\/?s={search_term_string}\"},\"query-input\":{\"@type\":\"PropertyValueSpecification\",\"valueRequired\":true,\"valueName\":\"search_term_string\"}}],\"inLanguage\":\"pt-BR\"},{\"@type\":\"Organization\",\"@id\":\"https:\/\/psol50.org.br\/#organization\",\"name\":\"PSOL 50\",\"alternateName\":\"PSOL 50\",\"url\":\"https:\/\/psol50.org.br\/\",\"logo\":{\"@type\":\"ImageObject\",\"inLanguage\":\"pt-BR\",\"@id\":\"https:\/\/psol50.org.br\/#\/schema\/logo\/image\/\",\"url\":\"https:\/\/psol50.org.br\/inc\/uploads\/2018\/07\/capa.png\",\"contentUrl\":\"https:\/\/psol50.org.br\/inc\/uploads\/2018\/07\/capa.png\",\"width\":1350,\"height\":900,\"caption\":\"PSOL 50\"},\"image\":{\"@id\":\"https:\/\/psol50.org.br\/#\/schema\/logo\/image\/\"},\"sameAs\":[\"https:\/\/www.facebook.com\/psol50\",\"https:\/\/x.com\/psol50\",\"https:\/\/www.instagram.com\/psol50\/\",\"https:\/\/www.youtube.com\/channel\/UC7SnJS5o1os7a6CaiNabzcg\"]},{\"@type\":\"Person\",\"@id\":\"https:\/\/psol50.org.br\/#\/schema\/person\/475dfa57d0b815993c714c2e96491fcd\",\"name\":\"Comunica\u00e7\u00e3o PSOL\",\"image\":{\"@type\":\"ImageObject\",\"inLanguage\":\"pt-BR\",\"@id\":\"https:\/\/psol50.org.br\/#\/schema\/person\/image\/\",\"url\":\"https:\/\/secure.gravatar.com\/avatar\/b34fc4f4e468a4e51785917065a3db57b841f5c95dba6ad8c73aaf8f66f8f9bf?s=96&d=mm&r=g\",\"contentUrl\":\"https:\/\/secure.gravatar.com\/avatar\/b34fc4f4e468a4e51785917065a3db57b841f5c95dba6ad8c73aaf8f66f8f9bf?s=96&d=mm&r=g\",\"caption\":\"Comunica\u00e7\u00e3o PSOL\"}}]}<\/script>\n<!-- \/ Yoast SEO plugin. -->","yoast_head_json":{"title":"Ex-metal\u00fargico \u00e9 o novo presidente do PSOL do Amazonas - PSOL 50","robots":{"index":"index","follow":"follow","max-snippet":"max-snippet:-1","max-image-preview":"max-image-preview:large","max-video-preview":"max-video-preview:-1"},"canonical":"https:\/\/psol50.org.br\/ex-metalurgico-e-o-novo-presidente-do-psol-do-amazonas\/","og_locale":"pt_BR","og_type":"article","og_title":"Ex-metal\u00fargico \u00e9 o novo presidente do PSOL do Amazonas - PSOL 50","og_description":"\u00c9lson Melo afirma que o partido disputar\u00e1 para valer as elei\u00e7\u00f5es de 2014 no Estado &nbsp; Com ampla maioria dos votos dos filiados, foi eleito para presidir o PSOL do Amazonas, em congresso estadual, o ex-metal\u00fargico \u00c9lson Melo. Na ocasi\u00e3o, o novo dirigente, que tem origem na milit\u00e2ncia sindical, destacou quais ser\u00e3o os primeiros passos [&hellip;]","og_url":"https:\/\/psol50.org.br\/ex-metalurgico-e-o-novo-presidente-do-psol-do-amazonas\/","og_site_name":"PSOL 50","article_publisher":"https:\/\/www.facebook.com\/psol50","article_published_time":"2013-11-05T00:00:00+00:00","og_image":[{"width":1350,"height":900,"url":"https:\/\/psol50.org.br\/inc\/uploads\/2018\/07\/capa.png","type":"image\/png"}],"author":"Comunica\u00e7\u00e3o PSOL","twitter_card":"summary_large_image","twitter_creator":"@psol50","twitter_site":"@psol50","twitter_misc":{"Escrito por":"Comunica\u00e7\u00e3o PSOL","Est. tempo de leitura":"2 minutos"},"schema":{"@context":"https:\/\/schema.org","@graph":[{"@type":"Article","@id":"https:\/\/psol50.org.br\/ex-metalurgico-e-o-novo-presidente-do-psol-do-amazonas\/#article","isPartOf":{"@id":"https:\/\/psol50.org.br\/ex-metalurgico-e-o-novo-presidente-do-psol-do-amazonas\/"},"author":{"name":"Comunica\u00e7\u00e3o PSOL","@id":"https:\/\/psol50.org.br\/#\/schema\/person\/475dfa57d0b815993c714c2e96491fcd"},"headline":"Ex-metal\u00fargico \u00e9 o novo presidente do PSOL do Amazonas","datePublished":"2013-11-05T00:00:00+00:00","mainEntityOfPage":{"@id":"https:\/\/psol50.org.br\/ex-metalurgico-e-o-novo-presidente-do-psol-do-amazonas\/"},"wordCount":363,"commentCount":0,"publisher":{"@id":"https:\/\/psol50.org.br\/#organization"},"keywords":["PSOL"],"articleSection":["Arquivo","Estados","Not\u00edcias"],"inLanguage":"pt-BR","potentialAction":[{"@type":"CommentAction","name":"Comment","target":["https:\/\/psol50.org.br\/ex-metalurgico-e-o-novo-presidente-do-psol-do-amazonas\/#respond"]}]},{"@type":"WebPage","@id":"https:\/\/psol50.org.br\/ex-metalurgico-e-o-novo-presidente-do-psol-do-amazonas\/","url":"https:\/\/psol50.org.br\/ex-metalurgico-e-o-novo-presidente-do-psol-do-amazonas\/","name":"Ex-metal\u00fargico \u00e9 o novo presidente do PSOL do Amazonas - PSOL 50","isPartOf":{"@id":"https:\/\/psol50.org.br\/#website"},"datePublished":"2013-11-05T00:00:00+00:00","breadcrumb":{"@id":"https:\/\/psol50.org.br\/ex-metalurgico-e-o-novo-presidente-do-psol-do-amazonas\/#breadcrumb"},"inLanguage":"pt-BR","potentialAction":[{"@type":"ReadAction","target":["https:\/\/psol50.org.br\/ex-metalurgico-e-o-novo-presidente-do-psol-do-amazonas\/"]}]},{"@type":"BreadcrumbList","@id":"https:\/\/psol50.org.br\/ex-metalurgico-e-o-novo-presidente-do-psol-do-amazonas\/#breadcrumb","itemListElement":[{"@type":"ListItem","position":1,"name":"In\u00edcio","item":"https:\/\/psol50.org.br\/"},{"@type":"ListItem","position":2,"name":"Ex-metal\u00fargico \u00e9 o novo presidente do PSOL do Amazonas"}]},{"@type":"WebSite","@id":"https:\/\/psol50.org.br\/#website","url":"https:\/\/psol50.org.br\/","name":"PSOL 50","description":"Site oficial do Partido Socialismo e Liberdade","publisher":{"@id":"https:\/\/psol50.org.br\/#organization"},"alternateName":"PSOL50","potentialAction":[{"@type":"SearchAction","target":{"@type":"EntryPoint","urlTemplate":"https:\/\/psol50.org.br\/?s={search_term_string}"},"query-input":{"@type":"PropertyValueSpecification","valueRequired":true,"valueName":"search_term_string"}}],"inLanguage":"pt-BR"},{"@type":"Organization","@id":"https:\/\/psol50.org.br\/#organization","name":"PSOL 50","alternateName":"PSOL 50","url":"https:\/\/psol50.org.br\/","logo":{"@type":"ImageObject","inLanguage":"pt-BR","@id":"https:\/\/psol50.org.br\/#\/schema\/logo\/image\/","url":"https:\/\/psol50.org.br\/inc\/uploads\/2018\/07\/capa.png","contentUrl":"https:\/\/psol50.org.br\/inc\/uploads\/2018\/07\/capa.png","width":1350,"height":900,"caption":"PSOL 50"},"image":{"@id":"https:\/\/psol50.org.br\/#\/schema\/logo\/image\/"},"sameAs":["https:\/\/www.facebook.com\/psol50","https:\/\/x.com\/psol50","https:\/\/www.instagram.com\/psol50\/","https:\/\/www.youtube.com\/channel\/UC7SnJS5o1os7a6CaiNabzcg"]},{"@type":"Person","@id":"https:\/\/psol50.org.br\/#\/schema\/person\/475dfa57d0b815993c714c2e96491fcd","name":"Comunica\u00e7\u00e3o PSOL","image":{"@type":"ImageObject","inLanguage":"pt-BR","@id":"https:\/\/psol50.org.br\/#\/schema\/person\/image\/","url":"https:\/\/secure.gravatar.com\/avatar\/b34fc4f4e468a4e51785917065a3db57b841f5c95dba6ad8c73aaf8f66f8f9bf?s=96&d=mm&r=g","contentUrl":"https:\/\/secure.gravatar.com\/avatar\/b34fc4f4e468a4e51785917065a3db57b841f5c95dba6ad8c73aaf8f66f8f9bf?s=96&d=mm&r=g","caption":"Comunica\u00e7\u00e3o PSOL"}}]}},"_links":{"self":[{"href":"https:\/\/psol50.org.br\/rest\/wp\/v2\/posts\/2403","targetHints":{"allow":["GET"]}}],"collection":[{"href":"https:\/\/psol50.org.br\/rest\/wp\/v2\/posts"}],"about":[{"href":"https:\/\/psol50.org.br\/rest\/wp\/v2\/types\/post"}],"author":[{"embeddable":true,"href":"https:\/\/psol50.org.br\/rest\/wp\/v2\/users\/2"}],"replies":[{"embeddable":true,"href":"https:\/\/psol50.org.br\/rest\/wp\/v2\/comments?post=2403"}],"version-history":[{"count":0,"href":"https:\/\/psol50.org.br\/rest\/wp\/v2\/posts\/2403\/revisions"}],"wp:attachment":[{"href":"https:\/\/psol50.org.br\/rest\/wp\/v2\/media?parent=2403"}],"wp:term":[{"taxonomy":"category","embeddable":true,"href":"https:\/\/psol50.org.br\/rest\/wp\/v2\/categories?post=2403"},{"taxonomy":"post_tag","embeddable":true,"href":"https:\/\/psol50.org.br\/rest\/wp\/v2\/tags?post=2403"}],"curies":[{"name":"wp","href":"https:\/\/api.w.org\/{rel}","templated":true}]}}