{"id":24125,"date":"2019-01-31T16:50:45","date_gmt":"2019-01-31T18:50:45","guid":{"rendered":"http:\/\/psol50.org.br\/?p=24125"},"modified":"2019-01-31T16:50:45","modified_gmt":"2019-01-31T18:50:45","slug":"ivan-valente-e-o-novo-lider-do-psol-na-camara-fernanda-melchionna-vice","status":"publish","type":"post","link":"https:\/\/psol50.org.br\/ivan-valente-e-o-novo-lider-do-psol-na-camara-fernanda-melchionna-vice\/","title":{"rendered":"Ivan Valente \u00e9 o novo l\u00edder do PSOL na C\u00e2mara; Fernanda Melchionna \u00e9 a vice"},"content":{"rendered":"\n<p>A bancada do PSOL na C\u00e2mara dos Deputados escolheu, nessa quinta-feira (31), o deputado Ivan Valente (SP) para liderar a atua\u00e7\u00e3o do partido pelo pr\u00f3ximo per\u00edodo. Fernanda Melchionna (RS) vai ser a vice.<\/p>\n\n\n\n<p><p>A luta da bancada no pr\u00f3ximo per\u00edodo ser\u00e1 em defesa radical dos direitos e da democracia, orientando a constru\u00e7\u00e3o da oposi\u00e7\u00e3o mais ampla poss\u00edvel ao governo Bolsonaro.<\/p>\n<p>Ivan Valente e Fernanda Melchionna se pronunciaram nas redes sociais ap\u00f3s a escolha:<\/p>\n<p><blockquote class=\"twitter-tweet\" data-width=\"550\" data-dnt=\"true\"><p lang=\"pt\" dir=\"ltr\">Acabei de ser escolhido l\u00edder do PSOL<br><br>A Bancada estar\u00e1 na linha de frente do combate aos retrocessos civilizat\u00f3rio representados por esse governo. Uma honra ter como vice-l\u00edder <a href=\"https:\/\/twitter.com\/fernandapsol?ref_src=twsrc%5Etfw\">@fernandapsol<\/a> <br><br>Vai ter luta em defesa dos direitos sociais, da democracia e da soberania nacional. <a href=\"https:\/\/t.co\/oQ9JA61Pwm\">pic.twitter.com\/oQ9JA61Pwm<\/a><\/p>&mdash; Ivan Valente (@IvanValente) <a href=\"https:\/\/twitter.com\/IvanValente\/status\/1091038919226019841?ref_src=twsrc%5Etfw\">January 31, 2019<\/a><\/blockquote><script async src=\"https:\/\/platform.twitter.com\/widgets.js\" charset=\"utf-8\"><\/script><\/p>\n<p>&nbsp;<\/p>\n<p><blockquote class=\"twitter-tweet\" data-width=\"550\" data-dnt=\"true\"><p lang=\"pt\" dir=\"ltr\">Muito feliz de estar, nesse primeiro ano de legislatura, como a 1\u00aa vice-l\u00edder do PSOL ao lado de <a href=\"https:\/\/twitter.com\/IvanValente?ref_src=twsrc%5Etfw\">@IvanValente<\/a> .Para al\u00e9m das ruas, no Parlamento estaremos na linha de frente em defesa do povo! <a href=\"https:\/\/t.co\/brlAYBxRdD\">pic.twitter.com\/brlAYBxRdD<\/a><\/p>&mdash; Fernanda Melchionna (@fernandapsol) <a href=\"https:\/\/twitter.com\/fernandapsol\/status\/1091033475199709190?ref_src=twsrc%5Etfw\">January 31, 2019<\/a><\/blockquote><script async src=\"https:\/\/platform.twitter.com\/widgets.js\" charset=\"utf-8\"><\/script><\/p>\n<p>&nbsp;<\/p>\n<p>&nbsp;<\/p><\/p>\n","protected":false},"excerpt":{"rendered":"<p>A bancada do PSOL na C\u00e2mara dos Deputados escolheu, nessa quinta-feira (31), o deputado Ivan Valente (SP) para liderar a atua\u00e7\u00e3o do partido pelo pr\u00f3ximo per\u00edodo. Fernanda Melchionna (RS) vai ser a vice. A luta da bancada no pr\u00f3ximo per\u00edodo ser\u00e1 em defesa radical dos direitos e da democracia, orientando a constru\u00e7\u00e3o da oposi\u00e7\u00e3o mais [&hellip;]<\/p>\n","protected":false},"author":2,"featured_media":19814,"comment_status":"closed","ping_status":"open","sticky":false,"template":"","format":"standard","meta":{"_acf_changed":false,"footnotes":""},"categories":[10,6,14],"tags":[709,296,552,417],"class_list":{"0":"post-24125","1":"post","2":"type-post","3":"status-publish","4":"format-standard","5":"has-post-thumbnail","7":"category-acao-parlamentares","8":"category-noticias","9":"category-partido","10":"tag-camara-dos-deputados","11":"tag-fernanda-melchionna","12":"tag-ivan-valente","13":"tag-psol-na-camara"},"acf":[],"yoast_head":"<!-- This site is optimized with the Yoast SEO plugin v26.5 - https:\/\/yoast.com\/wordpress\/plugins\/seo\/ -->\n<title>Ivan Valente \u00e9 o novo l\u00edder do PSOL na C\u00e2mara; Fernanda Melchionna \u00e9 a vice - PSOL 50<\/title>\n<meta name=\"robots\" content=\"index, follow, max-snippet:-1, max-image-preview:large, max-video-preview:-1\" \/>\n<link rel=\"canonical\" href=\"https:\/\/psol50.org.br\/ivan-valente-e-o-novo-lider-do-psol-na-camara-fernanda-melchionna-vice\/\" \/>\n<meta property=\"og:locale\" content=\"pt_BR\" \/>\n<meta property=\"og:type\" content=\"article\" \/>\n<meta property=\"og:title\" content=\"Ivan Valente \u00e9 o novo l\u00edder do PSOL na C\u00e2mara\" \/>\n<meta property=\"og:description\" content=\"Fernanda Melchionna \u00e9 a vice\" \/>\n<meta property=\"og:url\" content=\"https:\/\/psol50.org.br\/ivan-valente-e-o-novo-lider-do-psol-na-camara-fernanda-melchionna-vice\/\" \/>\n<meta property=\"og:site_name\" content=\"PSOL 50\" \/>\n<meta property=\"article:publisher\" content=\"https:\/\/www.facebook.com\/psol50\" \/>\n<meta property=\"article:published_time\" content=\"2019-01-31T18:50:45+00:00\" \/>\n<meta property=\"og:image\" content=\"https:\/\/psol50.org.br\/inc\/uploads\/2018\/02\/Ivan_Ato_Camara_Previdencia.jpg\" \/>\n\t<meta property=\"og:image:width\" content=\"1350\" \/>\n\t<meta property=\"og:image:height\" content=\"899\" \/>\n\t<meta property=\"og:image:type\" content=\"image\/jpeg\" \/>\n<meta name=\"author\" content=\"Comunica\u00e7\u00e3o PSOL\" \/>\n<meta name=\"twitter:card\" content=\"summary_large_image\" \/>\n<meta name=\"twitter:title\" content=\"Ivan Valente \u00e9 o novo l\u00edder do PSOL na C\u00e2mara\" \/>\n<meta name=\"twitter:description\" content=\"Fernanda Melchionna \u00e9 a vice\" \/>\n<meta name=\"twitter:image\" content=\"https:\/\/psol50.org.br\/inc\/uploads\/2018\/02\/Ivan_Ato_Camara_Previdencia.jpg\" \/>\n<meta name=\"twitter:creator\" content=\"@psol50\" \/>\n<meta name=\"twitter:site\" content=\"@psol50\" \/>\n<meta name=\"twitter:label1\" content=\"Escrito por\" \/>\n\t<meta name=\"twitter:data1\" content=\"Comunica\u00e7\u00e3o PSOL\" \/>\n<script type=\"application\/ld+json\" class=\"yoast-schema-graph\">{\"@context\":\"https:\/\/schema.org\",\"@graph\":[{\"@type\":\"Article\",\"@id\":\"https:\/\/psol50.org.br\/ivan-valente-e-o-novo-lider-do-psol-na-camara-fernanda-melchionna-vice\/#article\",\"isPartOf\":{\"@id\":\"https:\/\/psol50.org.br\/ivan-valente-e-o-novo-lider-do-psol-na-camara-fernanda-melchionna-vice\/\"},\"author\":{\"name\":\"Comunica\u00e7\u00e3o PSOL\",\"@id\":\"https:\/\/psol50.org.br\/#\/schema\/person\/475dfa57d0b815993c714c2e96491fcd\"},\"headline\":\"Ivan Valente \u00e9 o novo l\u00edder do PSOL na C\u00e2mara; Fernanda Melchionna \u00e9 a vice\",\"datePublished\":\"2019-01-31T18:50:45+00:00\",\"mainEntityOfPage\":{\"@id\":\"https:\/\/psol50.org.br\/ivan-valente-e-o-novo-lider-do-psol-na-camara-fernanda-melchionna-vice\/\"},\"wordCount\":110,\"publisher\":{\"@id\":\"https:\/\/psol50.org.br\/#organization\"},\"image\":{\"@id\":\"https:\/\/psol50.org.br\/ivan-valente-e-o-novo-lider-do-psol-na-camara-fernanda-melchionna-vice\/#primaryimage\"},\"thumbnailUrl\":\"https:\/\/psol50.org.br\/inc\/uploads\/2018\/02\/Ivan_Ato_Camara_Previdencia.jpg\",\"keywords\":[\"C\u00e2mara dos Deputados\",\"Fernanda Melchionna\",\"Ivan Valente\",\"PSOL na C\u00e2mara\"],\"articleSection\":[\"A\u00e7\u00e3o Parlamentar\",\"Not\u00edcias\",\"Partido\"],\"inLanguage\":\"pt-BR\"},{\"@type\":\"WebPage\",\"@id\":\"https:\/\/psol50.org.br\/ivan-valente-e-o-novo-lider-do-psol-na-camara-fernanda-melchionna-vice\/\",\"url\":\"https:\/\/psol50.org.br\/ivan-valente-e-o-novo-lider-do-psol-na-camara-fernanda-melchionna-vice\/\",\"name\":\"Ivan Valente \u00e9 o novo l\u00edder do PSOL na C\u00e2mara; Fernanda Melchionna \u00e9 a vice - PSOL 50\",\"isPartOf\":{\"@id\":\"https:\/\/psol50.org.br\/#website\"},\"primaryImageOfPage\":{\"@id\":\"https:\/\/psol50.org.br\/ivan-valente-e-o-novo-lider-do-psol-na-camara-fernanda-melchionna-vice\/#primaryimage\"},\"image\":{\"@id\":\"https:\/\/psol50.org.br\/ivan-valente-e-o-novo-lider-do-psol-na-camara-fernanda-melchionna-vice\/#primaryimage\"},\"thumbnailUrl\":\"https:\/\/psol50.org.br\/inc\/uploads\/2018\/02\/Ivan_Ato_Camara_Previdencia.jpg\",\"datePublished\":\"2019-01-31T18:50:45+00:00\",\"breadcrumb\":{\"@id\":\"https:\/\/psol50.org.br\/ivan-valente-e-o-novo-lider-do-psol-na-camara-fernanda-melchionna-vice\/#breadcrumb\"},\"inLanguage\":\"pt-BR\",\"potentialAction\":[{\"@type\":\"ReadAction\",\"target\":[\"https:\/\/psol50.org.br\/ivan-valente-e-o-novo-lider-do-psol-na-camara-fernanda-melchionna-vice\/\"]}]},{\"@type\":\"ImageObject\",\"inLanguage\":\"pt-BR\",\"@id\":\"https:\/\/psol50.org.br\/ivan-valente-e-o-novo-lider-do-psol-na-camara-fernanda-melchionna-vice\/#primaryimage\",\"url\":\"https:\/\/psol50.org.br\/inc\/uploads\/2018\/02\/Ivan_Ato_Camara_Previdencia.jpg\",\"contentUrl\":\"https:\/\/psol50.org.br\/inc\/uploads\/2018\/02\/Ivan_Ato_Camara_Previdencia.jpg\",\"width\":1350,\"height\":899},{\"@type\":\"BreadcrumbList\",\"@id\":\"https:\/\/psol50.org.br\/ivan-valente-e-o-novo-lider-do-psol-na-camara-fernanda-melchionna-vice\/#breadcrumb\",\"itemListElement\":[{\"@type\":\"ListItem\",\"position\":1,\"name\":\"In\u00edcio\",\"item\":\"https:\/\/psol50.org.br\/\"},{\"@type\":\"ListItem\",\"position\":2,\"name\":\"Ivan Valente \u00e9 o novo l\u00edder do PSOL na C\u00e2mara; Fernanda Melchionna \u00e9 a vice\"}]},{\"@type\":\"WebSite\",\"@id\":\"https:\/\/psol50.org.br\/#website\",\"url\":\"https:\/\/psol50.org.br\/\",\"name\":\"PSOL 50\",\"description\":\"Site oficial do Partido Socialismo e Liberdade\",\"publisher\":{\"@id\":\"https:\/\/psol50.org.br\/#organization\"},\"alternateName\":\"PSOL50\",\"potentialAction\":[{\"@type\":\"SearchAction\",\"target\":{\"@type\":\"EntryPoint\",\"urlTemplate\":\"https:\/\/psol50.org.br\/?s={search_term_string}\"},\"query-input\":{\"@type\":\"PropertyValueSpecification\",\"valueRequired\":true,\"valueName\":\"search_term_string\"}}],\"inLanguage\":\"pt-BR\"},{\"@type\":\"Organization\",\"@id\":\"https:\/\/psol50.org.br\/#organization\",\"name\":\"PSOL 50\",\"alternateName\":\"PSOL 50\",\"url\":\"https:\/\/psol50.org.br\/\",\"logo\":{\"@type\":\"ImageObject\",\"inLanguage\":\"pt-BR\",\"@id\":\"https:\/\/psol50.org.br\/#\/schema\/logo\/image\/\",\"url\":\"https:\/\/psol50.org.br\/inc\/uploads\/2018\/07\/capa.png\",\"contentUrl\":\"https:\/\/psol50.org.br\/inc\/uploads\/2018\/07\/capa.png\",\"width\":1350,\"height\":900,\"caption\":\"PSOL 50\"},\"image\":{\"@id\":\"https:\/\/psol50.org.br\/#\/schema\/logo\/image\/\"},\"sameAs\":[\"https:\/\/www.facebook.com\/psol50\",\"https:\/\/x.com\/psol50\",\"https:\/\/www.instagram.com\/psol50\/\",\"https:\/\/www.youtube.com\/channel\/UC7SnJS5o1os7a6CaiNabzcg\"]},{\"@type\":\"Person\",\"@id\":\"https:\/\/psol50.org.br\/#\/schema\/person\/475dfa57d0b815993c714c2e96491fcd\",\"name\":\"Comunica\u00e7\u00e3o PSOL\",\"image\":{\"@type\":\"ImageObject\",\"inLanguage\":\"pt-BR\",\"@id\":\"https:\/\/psol50.org.br\/#\/schema\/person\/image\/\",\"url\":\"https:\/\/secure.gravatar.com\/avatar\/b34fc4f4e468a4e51785917065a3db57b841f5c95dba6ad8c73aaf8f66f8f9bf?s=96&d=mm&r=g\",\"contentUrl\":\"https:\/\/secure.gravatar.com\/avatar\/b34fc4f4e468a4e51785917065a3db57b841f5c95dba6ad8c73aaf8f66f8f9bf?s=96&d=mm&r=g\",\"caption\":\"Comunica\u00e7\u00e3o PSOL\"}}]}<\/script>\n<!-- \/ Yoast SEO plugin. -->","yoast_head_json":{"title":"Ivan Valente \u00e9 o novo l\u00edder do PSOL na C\u00e2mara; Fernanda Melchionna \u00e9 a vice - PSOL 50","robots":{"index":"index","follow":"follow","max-snippet":"max-snippet:-1","max-image-preview":"max-image-preview:large","max-video-preview":"max-video-preview:-1"},"canonical":"https:\/\/psol50.org.br\/ivan-valente-e-o-novo-lider-do-psol-na-camara-fernanda-melchionna-vice\/","og_locale":"pt_BR","og_type":"article","og_title":"Ivan Valente \u00e9 o novo l\u00edder do PSOL na C\u00e2mara","og_description":"Fernanda Melchionna \u00e9 a vice","og_url":"https:\/\/psol50.org.br\/ivan-valente-e-o-novo-lider-do-psol-na-camara-fernanda-melchionna-vice\/","og_site_name":"PSOL 50","article_publisher":"https:\/\/www.facebook.com\/psol50","article_published_time":"2019-01-31T18:50:45+00:00","og_image":[{"width":1350,"height":899,"url":"https:\/\/psol50.org.br\/inc\/uploads\/2018\/02\/Ivan_Ato_Camara_Previdencia.jpg","type":"image\/jpeg"}],"author":"Comunica\u00e7\u00e3o PSOL","twitter_card":"summary_large_image","twitter_title":"Ivan Valente \u00e9 o novo l\u00edder do PSOL na C\u00e2mara","twitter_description":"Fernanda Melchionna \u00e9 a vice","twitter_image":"https:\/\/psol50.org.br\/inc\/uploads\/2018\/02\/Ivan_Ato_Camara_Previdencia.jpg","twitter_creator":"@psol50","twitter_site":"@psol50","twitter_misc":{"Escrito por":"Comunica\u00e7\u00e3o PSOL"},"schema":{"@context":"https:\/\/schema.org","@graph":[{"@type":"Article","@id":"https:\/\/psol50.org.br\/ivan-valente-e-o-novo-lider-do-psol-na-camara-fernanda-melchionna-vice\/#article","isPartOf":{"@id":"https:\/\/psol50.org.br\/ivan-valente-e-o-novo-lider-do-psol-na-camara-fernanda-melchionna-vice\/"},"author":{"name":"Comunica\u00e7\u00e3o PSOL","@id":"https:\/\/psol50.org.br\/#\/schema\/person\/475dfa57d0b815993c714c2e96491fcd"},"headline":"Ivan Valente \u00e9 o novo l\u00edder do PSOL na C\u00e2mara; Fernanda Melchionna \u00e9 a vice","datePublished":"2019-01-31T18:50:45+00:00","mainEntityOfPage":{"@id":"https:\/\/psol50.org.br\/ivan-valente-e-o-novo-lider-do-psol-na-camara-fernanda-melchionna-vice\/"},"wordCount":110,"publisher":{"@id":"https:\/\/psol50.org.br\/#organization"},"image":{"@id":"https:\/\/psol50.org.br\/ivan-valente-e-o-novo-lider-do-psol-na-camara-fernanda-melchionna-vice\/#primaryimage"},"thumbnailUrl":"https:\/\/psol50.org.br\/inc\/uploads\/2018\/02\/Ivan_Ato_Camara_Previdencia.jpg","keywords":["C\u00e2mara dos Deputados","Fernanda Melchionna","Ivan Valente","PSOL na C\u00e2mara"],"articleSection":["A\u00e7\u00e3o Parlamentar","Not\u00edcias","Partido"],"inLanguage":"pt-BR"},{"@type":"WebPage","@id":"https:\/\/psol50.org.br\/ivan-valente-e-o-novo-lider-do-psol-na-camara-fernanda-melchionna-vice\/","url":"https:\/\/psol50.org.br\/ivan-valente-e-o-novo-lider-do-psol-na-camara-fernanda-melchionna-vice\/","name":"Ivan Valente \u00e9 o novo l\u00edder do PSOL na C\u00e2mara; Fernanda Melchionna \u00e9 a vice - PSOL 50","isPartOf":{"@id":"https:\/\/psol50.org.br\/#website"},"primaryImageOfPage":{"@id":"https:\/\/psol50.org.br\/ivan-valente-e-o-novo-lider-do-psol-na-camara-fernanda-melchionna-vice\/#primaryimage"},"image":{"@id":"https:\/\/psol50.org.br\/ivan-valente-e-o-novo-lider-do-psol-na-camara-fernanda-melchionna-vice\/#primaryimage"},"thumbnailUrl":"https:\/\/psol50.org.br\/inc\/uploads\/2018\/02\/Ivan_Ato_Camara_Previdencia.jpg","datePublished":"2019-01-31T18:50:45+00:00","breadcrumb":{"@id":"https:\/\/psol50.org.br\/ivan-valente-e-o-novo-lider-do-psol-na-camara-fernanda-melchionna-vice\/#breadcrumb"},"inLanguage":"pt-BR","potentialAction":[{"@type":"ReadAction","target":["https:\/\/psol50.org.br\/ivan-valente-e-o-novo-lider-do-psol-na-camara-fernanda-melchionna-vice\/"]}]},{"@type":"ImageObject","inLanguage":"pt-BR","@id":"https:\/\/psol50.org.br\/ivan-valente-e-o-novo-lider-do-psol-na-camara-fernanda-melchionna-vice\/#primaryimage","url":"https:\/\/psol50.org.br\/inc\/uploads\/2018\/02\/Ivan_Ato_Camara_Previdencia.jpg","contentUrl":"https:\/\/psol50.org.br\/inc\/uploads\/2018\/02\/Ivan_Ato_Camara_Previdencia.jpg","width":1350,"height":899},{"@type":"BreadcrumbList","@id":"https:\/\/psol50.org.br\/ivan-valente-e-o-novo-lider-do-psol-na-camara-fernanda-melchionna-vice\/#breadcrumb","itemListElement":[{"@type":"ListItem","position":1,"name":"In\u00edcio","item":"https:\/\/psol50.org.br\/"},{"@type":"ListItem","position":2,"name":"Ivan Valente \u00e9 o novo l\u00edder do PSOL na C\u00e2mara; Fernanda Melchionna \u00e9 a vice"}]},{"@type":"WebSite","@id":"https:\/\/psol50.org.br\/#website","url":"https:\/\/psol50.org.br\/","name":"PSOL 50","description":"Site oficial do Partido Socialismo e Liberdade","publisher":{"@id":"https:\/\/psol50.org.br\/#organization"},"alternateName":"PSOL50","potentialAction":[{"@type":"SearchAction","target":{"@type":"EntryPoint","urlTemplate":"https:\/\/psol50.org.br\/?s={search_term_string}"},"query-input":{"@type":"PropertyValueSpecification","valueRequired":true,"valueName":"search_term_string"}}],"inLanguage":"pt-BR"},{"@type":"Organization","@id":"https:\/\/psol50.org.br\/#organization","name":"PSOL 50","alternateName":"PSOL 50","url":"https:\/\/psol50.org.br\/","logo":{"@type":"ImageObject","inLanguage":"pt-BR","@id":"https:\/\/psol50.org.br\/#\/schema\/logo\/image\/","url":"https:\/\/psol50.org.br\/inc\/uploads\/2018\/07\/capa.png","contentUrl":"https:\/\/psol50.org.br\/inc\/uploads\/2018\/07\/capa.png","width":1350,"height":900,"caption":"PSOL 50"},"image":{"@id":"https:\/\/psol50.org.br\/#\/schema\/logo\/image\/"},"sameAs":["https:\/\/www.facebook.com\/psol50","https:\/\/x.com\/psol50","https:\/\/www.instagram.com\/psol50\/","https:\/\/www.youtube.com\/channel\/UC7SnJS5o1os7a6CaiNabzcg"]},{"@type":"Person","@id":"https:\/\/psol50.org.br\/#\/schema\/person\/475dfa57d0b815993c714c2e96491fcd","name":"Comunica\u00e7\u00e3o PSOL","image":{"@type":"ImageObject","inLanguage":"pt-BR","@id":"https:\/\/psol50.org.br\/#\/schema\/person\/image\/","url":"https:\/\/secure.gravatar.com\/avatar\/b34fc4f4e468a4e51785917065a3db57b841f5c95dba6ad8c73aaf8f66f8f9bf?s=96&d=mm&r=g","contentUrl":"https:\/\/secure.gravatar.com\/avatar\/b34fc4f4e468a4e51785917065a3db57b841f5c95dba6ad8c73aaf8f66f8f9bf?s=96&d=mm&r=g","caption":"Comunica\u00e7\u00e3o PSOL"}}]}},"_links":{"self":[{"href":"https:\/\/psol50.org.br\/rest\/wp\/v2\/posts\/24125","targetHints":{"allow":["GET"]}}],"collection":[{"href":"https:\/\/psol50.org.br\/rest\/wp\/v2\/posts"}],"about":[{"href":"https:\/\/psol50.org.br\/rest\/wp\/v2\/types\/post"}],"author":[{"embeddable":true,"href":"https:\/\/psol50.org.br\/rest\/wp\/v2\/users\/2"}],"replies":[{"embeddable":true,"href":"https:\/\/psol50.org.br\/rest\/wp\/v2\/comments?post=24125"}],"version-history":[{"count":0,"href":"https:\/\/psol50.org.br\/rest\/wp\/v2\/posts\/24125\/revisions"}],"wp:featuredmedia":[{"embeddable":true,"href":"https:\/\/psol50.org.br\/rest\/wp\/v2\/media\/19814"}],"wp:attachment":[{"href":"https:\/\/psol50.org.br\/rest\/wp\/v2\/media?parent=24125"}],"wp:term":[{"taxonomy":"category","embeddable":true,"href":"https:\/\/psol50.org.br\/rest\/wp\/v2\/categories?post=24125"},{"taxonomy":"post_tag","embeddable":true,"href":"https:\/\/psol50.org.br\/rest\/wp\/v2\/tags?post=24125"}],"curies":[{"name":"wp","href":"https:\/\/api.w.org\/{rel}","templated":true}]}}