{"id":2413,"date":"2013-11-08T00:00:00","date_gmt":"2013-11-08T00:00:00","guid":{"rendered":"http:\/\/psol50.org.br\/arquivo\/2013\/11\/08\/presidente-do-psol-deputado-ivan-valente-declara-apoio-a-greve-dos-jornalistas-e-radialistas-da-ebc\/"},"modified":"2013-11-08T00:00:00","modified_gmt":"2013-11-08T00:00:00","slug":"presidente-do-psol-deputado-ivan-valente-declara-apoio-a-greve-dos-jornalistas-e-radialistas-da-ebc","status":"publish","type":"post","link":"https:\/\/psol50.org.br\/presidente-do-psol-deputado-ivan-valente-declara-apoio-a-greve-dos-jornalistas-e-radialistas-da-ebc\/","title":{"rendered":"Presidente do PSOL, deputado Ivan Valente, declara apoio \u00e0 greve dos jornalistas e radialistas da EBC"},"content":{"rendered":"<div style=\"margin-bottom: 0cm; text-align: justify;\">\n\t<em>Paralisa\u00e7\u00e3o atinge empresa em Bras\u00edlia, S\u00e3o Paulo, Rio de Janeiro e S\u00e3o Lu\u00eds. Empresa, ligada ao governo federal, abarca a TV Brasil, R\u00e1dios Nacional AM e FM de Bras\u00edlia e do Rio, TV NBR, Ag\u00eancia Brasil, Portal EBC e a Voz do Brasil, entre outros ve\u00edculos<\/p>\n<p>\tDo site do PSOL Nacional<\/em><font face=\"Arial, sans-serif\"><em>, com informa\u00e7\u00f5es do Sindicato dos Jornalistas do DF<\/em><\/p>\n<p>\tEm pronunciamento nesta quinta-feira (07), o presidente do PSOL e l\u00edder do partido na C\u00e2mara, deputado Ivan Valente, declarou seu apoio \u00e0 greve de jornalistas e radialistas da Empresa Brasil de Comunica\u00e7\u00e3o (EBC). O movimento teve in\u00edcio nesta quinta-feira e reivindica aumento real, manuten\u00e7\u00e3o de direitos e valoriza\u00e7\u00e3o da comunica\u00e7\u00e3o p\u00fablica.<\/font><\/p>\n<p>\t<font face=\"Arial, sans-serif\">A paralisa\u00e7\u00e3o come\u00e7ou \u00e0s 16 horas e teve ades\u00e3o mais de 600 trabalhadores, sendo cerca de 400 de Bras\u00edlia e o restante das pra\u00e7as S\u00e3o Paulo e Rio de Janeiro. Nesta sexta-feira (08), os funcion\u00e1rios do Maranh\u00e3o tamb\u00e9m aderem \u00e0 greve.<\/font> A EBC \u00e9 a empresa de comunica\u00e7\u00e3o ligada ao governo federal, que abarca a TV Brasil, R\u00e1dios Nacional AM e FM de Bras\u00edlia e do Rio, TV NBR, Ag\u00eancia Brasil, Portal EBC e a Voz do Brasil, entre outros ve\u00edculos.<\/p>\n<p>\t<font face=\"Arial, sans-serif\">A greve foi deflagrada devido ao impasse na negocia\u00e7\u00e3o entre a comiss\u00e3o dos empregados, os sindicatos e a dire\u00e7\u00e3o da empresa. Os trabalhadores rejeitaram proposta da empresa que prev\u00ea um acordo de dois anos, com reajuste no valor do IPCA (\u00edndice da infla\u00e7\u00e3o) mais ganho real de 0,5% em 2013 e outro de 0,5% em novembro de 2014.<\/font><\/p>\n<p>\t<font face=\"Arial, sans-serif\">Outro problema apontado pelos trabalhadores \u00e9 a posi\u00e7\u00e3o do Departamento de Coordena\u00e7\u00e3o e Governan\u00e7a de Empresas Estatais (Dest), ligado ao Minist\u00e9rio do Planejamento, de pedir a retirada de dez cl\u00e1usulas do acordo vigente, o que, significa a perda de direitos adquiridos. \u201c\u00c9 preciso entender que essa greve n\u00e3o \u00e9 s\u00f3 de aumento salarial, essa \u00e9 uma greve por direitos\u201d, disse Jonas Valente, coordenador geral do Sindicato dos Jornalistas do DF. <\/font><\/p>\n<p>\t<font face=\"Arial, sans-serif\">Na nota, o presidente do PSOL critica essa postura da empresa em n\u00e3o negociar com os trabalhadores e reafirma seu apoio ao fortalecimento da comunica\u00e7\u00e3o p\u00fablica, com a devida valoriza\u00e7\u00e3o de seus trabalhadores. <\/font><\/p>\n<p>\t<font face=\"Arial, sans-serif\">Leia abaixo a nota de Ivan Valente.<\/p>\n<p>\t<b>Todo o apoio \u00e0 greve dos Trabalhadores da EBC<\/b><\/p>\n<p>\tNeste dia 07 de novembro de 2013, entraram em greve os trabalhadores da Empresa Brasil de Comunica\u00e7\u00e3o (EBC), contra a retirada de direitos, por melhores sal\u00e1rios e em defesa da comunica\u00e7\u00e3o p\u00fablica.<\/p>\n<p>\tNosso mandato vem a p\u00fablico manifestar todo o seu apoio a esta luta, buscando a solidariedade da sociedade brasileira com as justas reivindica\u00e7\u00f5es deste movimento, que tamb\u00e9m se pauta pela defesa da comunica\u00e7\u00e3o p\u00fablica.<\/p>\n<p>\tO fortalecimento da EBC enquanto uma empresa p\u00fablica de comunica\u00e7\u00e3o, associado \u00e0 valoriza\u00e7\u00e3o profissional de seus trabalhadores, \u00e9 fundamental para que a popula\u00e7\u00e3o brasileira tenha assegurado seu direito a uma comunica\u00e7\u00e3o p\u00fablica. Um direito que deve ser assegurado pelo Estado e que jamais poder\u00e1 ser garantido pelos interesses de mercado que regem os meios de comunica\u00e7\u00e3o privados no pa\u00eds.<\/p>\n<p>\tEvidentemente que a falta de investimentos em infraestrutura, produ\u00e7\u00e3o e conte\u00fado do sistema p\u00fablico de comunica\u00e7\u00e3o tem s\u00e9rias implica\u00e7\u00f5es para o sucateamento e a perda de credibilidade da EBC enquanto modelo de comunica\u00e7\u00e3o p\u00fablica no pa\u00eds. Uma pol\u00edtica que serve apenas aos interesses oligopolistas que buscam perpetuar o controle privados sobre os meios de comunica\u00e7\u00e3o no Brasil, apostando na \u201cinefici\u00eancia\u201d do setor p\u00fablico deliberadamente sucateado.<\/p>\n<p>\tA greve dos trabalhadores da EBC, al\u00e9m de lutar por melhores sal\u00e1rios e contra a retirada de direitos, tem como uma das importantes reivindica\u00e7\u00f5es a destina\u00e7\u00e3o dos devidos recursos para o fortalecimento desta empresa p\u00fablica. Entre eles os mais de R$ 200 milh\u00f5es oriundos da Contribui\u00e7\u00e3o para o Fomento \u00e0 Radiodifus\u00e3o P\u00fablica \u2013 valor que n\u00e3o foi repassado para a EBC e est\u00e1 sujeito a desvios para outros fins, como o super\u00e1vit prim\u00e1rio do governo federal.<\/p>\n<p>\t\u00c9 um absurdo ainda que a atual presid\u00eancia da empresa tenha proposto, segundo den\u00fancia feita em nota pelos trabalhadores da EBC, um \u201creajuste\u201d com aumento real de apenas 1% para os pr\u00f3ximos dois anos, perfazendo uma m\u00e9dia de 0,25% ao ano num per\u00edodo de quatro anos. Uma pol\u00edtica de arrocho que a categoria e todos n\u00f3s devemos rejeitar.<\/p>\n<p>\t\u00c9 diante deste quadro preocupante que manifestamos todo o nosso apoio \u00e0 greve dos trabalhadores da EBC, nos solidarizando e nos colocando a disposi\u00e7\u00e3o de suas entidades representativas para o desenvolvimento de a\u00e7\u00f5es no \u00e2mbito da C\u00e2mara dos Deputados e dos movimentos sociais.<\/p>\n<p>\t<strong>Ivan Valente<\/strong><\/font><\/div>\n<div style=\"margin-bottom: 0cm; text-align: justify;\">\n\t<font face=\"Arial, sans-serif\">Deputado Federal do PSOL\/SP <\/font><\/div>\n<div style=\"margin-bottom: 0cm; text-align: justify;\">\n\t<font face=\"Arial, sans-serif\">L\u00edder da Bancada na C\u00e2mara dos Deputados<\/p>\n<p>\tBras\u00edlia, 07 de novembro de 2013. <\/font><\/div>\n","protected":false},"excerpt":{"rendered":"<p>Paralisa\u00e7\u00e3o atinge empresa em Bras\u00edlia, S\u00e3o Paulo, Rio de Janeiro e S\u00e3o Lu\u00eds. Empresa, ligada ao governo federal, abarca a TV Brasil, R\u00e1dios Nacional AM e FM de Bras\u00edlia e do Rio, TV NBR, Ag\u00eancia Brasil, Portal EBC e a Voz do Brasil, entre outros ve\u00edculos Do site do PSOL Nacional, com informa\u00e7\u00f5es do Sindicato [&hellip;]<\/p>\n","protected":false},"author":2,"featured_media":0,"comment_status":"open","ping_status":"open","sticky":false,"template":"","format":"standard","meta":{"_acf_changed":false,"footnotes":""},"categories":[10,4766,6],"tags":[22],"class_list":{"0":"post-2413","1":"post","2":"type-post","3":"status-publish","4":"format-standard","6":"category-acao-parlamentares","7":"category-arquivo","8":"category-noticias","9":"tag-psol"},"acf":[],"yoast_head":"<!-- This site is optimized with the Yoast SEO plugin v26.5 - https:\/\/yoast.com\/wordpress\/plugins\/seo\/ -->\n<title>Presidente do PSOL, deputado Ivan Valente, declara apoio \u00e0 greve dos jornalistas e radialistas da EBC - PSOL 50<\/title>\n<meta name=\"robots\" content=\"index, follow, max-snippet:-1, max-image-preview:large, max-video-preview:-1\" \/>\n<link rel=\"canonical\" href=\"https:\/\/psol50.org.br\/presidente-do-psol-deputado-ivan-valente-declara-apoio-a-greve-dos-jornalistas-e-radialistas-da-ebc\/\" \/>\n<meta property=\"og:locale\" content=\"pt_BR\" \/>\n<meta property=\"og:type\" content=\"article\" \/>\n<meta property=\"og:title\" content=\"Presidente do PSOL, deputado Ivan Valente, declara apoio \u00e0 greve dos jornalistas e radialistas da EBC - PSOL 50\" \/>\n<meta property=\"og:description\" content=\"Paralisa\u00e7\u00e3o atinge empresa em Bras\u00edlia, S\u00e3o Paulo, Rio de Janeiro e S\u00e3o Lu\u00eds. Empresa, ligada ao governo federal, abarca a TV Brasil, R\u00e1dios Nacional AM e FM de Bras\u00edlia e do Rio, TV NBR, Ag\u00eancia Brasil, Portal EBC e a Voz do Brasil, entre outros ve\u00edculos Do site do PSOL Nacional, com informa\u00e7\u00f5es do Sindicato [&hellip;]\" \/>\n<meta property=\"og:url\" content=\"https:\/\/psol50.org.br\/presidente-do-psol-deputado-ivan-valente-declara-apoio-a-greve-dos-jornalistas-e-radialistas-da-ebc\/\" \/>\n<meta property=\"og:site_name\" content=\"PSOL 50\" \/>\n<meta property=\"article:publisher\" content=\"https:\/\/www.facebook.com\/psol50\" \/>\n<meta property=\"article:published_time\" content=\"2013-11-08T00:00:00+00:00\" \/>\n<meta property=\"og:image\" content=\"https:\/\/psol50.org.br\/inc\/uploads\/2018\/07\/capa.png\" \/>\n\t<meta property=\"og:image:width\" content=\"1350\" \/>\n\t<meta property=\"og:image:height\" content=\"900\" \/>\n\t<meta property=\"og:image:type\" content=\"image\/png\" \/>\n<meta name=\"author\" content=\"Comunica\u00e7\u00e3o PSOL\" \/>\n<meta name=\"twitter:card\" content=\"summary_large_image\" \/>\n<meta name=\"twitter:creator\" content=\"@psol50\" \/>\n<meta name=\"twitter:site\" content=\"@psol50\" \/>\n<meta name=\"twitter:label1\" content=\"Escrito por\" \/>\n\t<meta name=\"twitter:data1\" content=\"Comunica\u00e7\u00e3o PSOL\" \/>\n\t<meta name=\"twitter:label2\" content=\"Est. tempo de leitura\" \/>\n\t<meta name=\"twitter:data2\" content=\"4 minutos\" \/>\n<script type=\"application\/ld+json\" class=\"yoast-schema-graph\">{\"@context\":\"https:\/\/schema.org\",\"@graph\":[{\"@type\":\"Article\",\"@id\":\"https:\/\/psol50.org.br\/presidente-do-psol-deputado-ivan-valente-declara-apoio-a-greve-dos-jornalistas-e-radialistas-da-ebc\/#article\",\"isPartOf\":{\"@id\":\"https:\/\/psol50.org.br\/presidente-do-psol-deputado-ivan-valente-declara-apoio-a-greve-dos-jornalistas-e-radialistas-da-ebc\/\"},\"author\":{\"name\":\"Comunica\u00e7\u00e3o PSOL\",\"@id\":\"https:\/\/psol50.org.br\/#\/schema\/person\/475dfa57d0b815993c714c2e96491fcd\"},\"headline\":\"Presidente do PSOL, deputado Ivan Valente, declara apoio \u00e0 greve dos jornalistas e radialistas da EBC\",\"datePublished\":\"2013-11-08T00:00:00+00:00\",\"mainEntityOfPage\":{\"@id\":\"https:\/\/psol50.org.br\/presidente-do-psol-deputado-ivan-valente-declara-apoio-a-greve-dos-jornalistas-e-radialistas-da-ebc\/\"},\"wordCount\":840,\"commentCount\":0,\"publisher\":{\"@id\":\"https:\/\/psol50.org.br\/#organization\"},\"keywords\":[\"PSOL\"],\"articleSection\":[\"A\u00e7\u00e3o Parlamentar\",\"Arquivo\",\"Not\u00edcias\"],\"inLanguage\":\"pt-BR\",\"potentialAction\":[{\"@type\":\"CommentAction\",\"name\":\"Comment\",\"target\":[\"https:\/\/psol50.org.br\/presidente-do-psol-deputado-ivan-valente-declara-apoio-a-greve-dos-jornalistas-e-radialistas-da-ebc\/#respond\"]}]},{\"@type\":\"WebPage\",\"@id\":\"https:\/\/psol50.org.br\/presidente-do-psol-deputado-ivan-valente-declara-apoio-a-greve-dos-jornalistas-e-radialistas-da-ebc\/\",\"url\":\"https:\/\/psol50.org.br\/presidente-do-psol-deputado-ivan-valente-declara-apoio-a-greve-dos-jornalistas-e-radialistas-da-ebc\/\",\"name\":\"Presidente do PSOL, deputado Ivan Valente, declara apoio \u00e0 greve dos jornalistas e radialistas da EBC - PSOL 50\",\"isPartOf\":{\"@id\":\"https:\/\/psol50.org.br\/#website\"},\"datePublished\":\"2013-11-08T00:00:00+00:00\",\"breadcrumb\":{\"@id\":\"https:\/\/psol50.org.br\/presidente-do-psol-deputado-ivan-valente-declara-apoio-a-greve-dos-jornalistas-e-radialistas-da-ebc\/#breadcrumb\"},\"inLanguage\":\"pt-BR\",\"potentialAction\":[{\"@type\":\"ReadAction\",\"target\":[\"https:\/\/psol50.org.br\/presidente-do-psol-deputado-ivan-valente-declara-apoio-a-greve-dos-jornalistas-e-radialistas-da-ebc\/\"]}]},{\"@type\":\"BreadcrumbList\",\"@id\":\"https:\/\/psol50.org.br\/presidente-do-psol-deputado-ivan-valente-declara-apoio-a-greve-dos-jornalistas-e-radialistas-da-ebc\/#breadcrumb\",\"itemListElement\":[{\"@type\":\"ListItem\",\"position\":1,\"name\":\"In\u00edcio\",\"item\":\"https:\/\/psol50.org.br\/\"},{\"@type\":\"ListItem\",\"position\":2,\"name\":\"Presidente do PSOL, deputado Ivan Valente, declara apoio \u00e0 greve dos jornalistas e radialistas da EBC\"}]},{\"@type\":\"WebSite\",\"@id\":\"https:\/\/psol50.org.br\/#website\",\"url\":\"https:\/\/psol50.org.br\/\",\"name\":\"PSOL 50\",\"description\":\"Site oficial do Partido Socialismo e Liberdade\",\"publisher\":{\"@id\":\"https:\/\/psol50.org.br\/#organization\"},\"alternateName\":\"PSOL50\",\"potentialAction\":[{\"@type\":\"SearchAction\",\"target\":{\"@type\":\"EntryPoint\",\"urlTemplate\":\"https:\/\/psol50.org.br\/?s={search_term_string}\"},\"query-input\":{\"@type\":\"PropertyValueSpecification\",\"valueRequired\":true,\"valueName\":\"search_term_string\"}}],\"inLanguage\":\"pt-BR\"},{\"@type\":\"Organization\",\"@id\":\"https:\/\/psol50.org.br\/#organization\",\"name\":\"PSOL 50\",\"alternateName\":\"PSOL 50\",\"url\":\"https:\/\/psol50.org.br\/\",\"logo\":{\"@type\":\"ImageObject\",\"inLanguage\":\"pt-BR\",\"@id\":\"https:\/\/psol50.org.br\/#\/schema\/logo\/image\/\",\"url\":\"https:\/\/psol50.org.br\/inc\/uploads\/2018\/07\/capa.png\",\"contentUrl\":\"https:\/\/psol50.org.br\/inc\/uploads\/2018\/07\/capa.png\",\"width\":1350,\"height\":900,\"caption\":\"PSOL 50\"},\"image\":{\"@id\":\"https:\/\/psol50.org.br\/#\/schema\/logo\/image\/\"},\"sameAs\":[\"https:\/\/www.facebook.com\/psol50\",\"https:\/\/x.com\/psol50\",\"https:\/\/www.instagram.com\/psol50\/\",\"https:\/\/www.youtube.com\/channel\/UC7SnJS5o1os7a6CaiNabzcg\"]},{\"@type\":\"Person\",\"@id\":\"https:\/\/psol50.org.br\/#\/schema\/person\/475dfa57d0b815993c714c2e96491fcd\",\"name\":\"Comunica\u00e7\u00e3o PSOL\",\"image\":{\"@type\":\"ImageObject\",\"inLanguage\":\"pt-BR\",\"@id\":\"https:\/\/psol50.org.br\/#\/schema\/person\/image\/\",\"url\":\"https:\/\/secure.gravatar.com\/avatar\/b34fc4f4e468a4e51785917065a3db57b841f5c95dba6ad8c73aaf8f66f8f9bf?s=96&d=mm&r=g\",\"contentUrl\":\"https:\/\/secure.gravatar.com\/avatar\/b34fc4f4e468a4e51785917065a3db57b841f5c95dba6ad8c73aaf8f66f8f9bf?s=96&d=mm&r=g\",\"caption\":\"Comunica\u00e7\u00e3o PSOL\"}}]}<\/script>\n<!-- \/ Yoast SEO plugin. -->","yoast_head_json":{"title":"Presidente do PSOL, deputado Ivan Valente, declara apoio \u00e0 greve dos jornalistas e radialistas da EBC - PSOL 50","robots":{"index":"index","follow":"follow","max-snippet":"max-snippet:-1","max-image-preview":"max-image-preview:large","max-video-preview":"max-video-preview:-1"},"canonical":"https:\/\/psol50.org.br\/presidente-do-psol-deputado-ivan-valente-declara-apoio-a-greve-dos-jornalistas-e-radialistas-da-ebc\/","og_locale":"pt_BR","og_type":"article","og_title":"Presidente do PSOL, deputado Ivan Valente, declara apoio \u00e0 greve dos jornalistas e radialistas da EBC - PSOL 50","og_description":"Paralisa\u00e7\u00e3o atinge empresa em Bras\u00edlia, S\u00e3o Paulo, Rio de Janeiro e S\u00e3o Lu\u00eds. Empresa, ligada ao governo federal, abarca a TV Brasil, R\u00e1dios Nacional AM e FM de Bras\u00edlia e do Rio, TV NBR, Ag\u00eancia Brasil, Portal EBC e a Voz do Brasil, entre outros ve\u00edculos Do site do PSOL Nacional, com informa\u00e7\u00f5es do Sindicato [&hellip;]","og_url":"https:\/\/psol50.org.br\/presidente-do-psol-deputado-ivan-valente-declara-apoio-a-greve-dos-jornalistas-e-radialistas-da-ebc\/","og_site_name":"PSOL 50","article_publisher":"https:\/\/www.facebook.com\/psol50","article_published_time":"2013-11-08T00:00:00+00:00","og_image":[{"width":1350,"height":900,"url":"https:\/\/psol50.org.br\/inc\/uploads\/2018\/07\/capa.png","type":"image\/png"}],"author":"Comunica\u00e7\u00e3o PSOL","twitter_card":"summary_large_image","twitter_creator":"@psol50","twitter_site":"@psol50","twitter_misc":{"Escrito por":"Comunica\u00e7\u00e3o PSOL","Est. tempo de leitura":"4 minutos"},"schema":{"@context":"https:\/\/schema.org","@graph":[{"@type":"Article","@id":"https:\/\/psol50.org.br\/presidente-do-psol-deputado-ivan-valente-declara-apoio-a-greve-dos-jornalistas-e-radialistas-da-ebc\/#article","isPartOf":{"@id":"https:\/\/psol50.org.br\/presidente-do-psol-deputado-ivan-valente-declara-apoio-a-greve-dos-jornalistas-e-radialistas-da-ebc\/"},"author":{"name":"Comunica\u00e7\u00e3o PSOL","@id":"https:\/\/psol50.org.br\/#\/schema\/person\/475dfa57d0b815993c714c2e96491fcd"},"headline":"Presidente do PSOL, deputado Ivan Valente, declara apoio \u00e0 greve dos jornalistas e radialistas da EBC","datePublished":"2013-11-08T00:00:00+00:00","mainEntityOfPage":{"@id":"https:\/\/psol50.org.br\/presidente-do-psol-deputado-ivan-valente-declara-apoio-a-greve-dos-jornalistas-e-radialistas-da-ebc\/"},"wordCount":840,"commentCount":0,"publisher":{"@id":"https:\/\/psol50.org.br\/#organization"},"keywords":["PSOL"],"articleSection":["A\u00e7\u00e3o Parlamentar","Arquivo","Not\u00edcias"],"inLanguage":"pt-BR","potentialAction":[{"@type":"CommentAction","name":"Comment","target":["https:\/\/psol50.org.br\/presidente-do-psol-deputado-ivan-valente-declara-apoio-a-greve-dos-jornalistas-e-radialistas-da-ebc\/#respond"]}]},{"@type":"WebPage","@id":"https:\/\/psol50.org.br\/presidente-do-psol-deputado-ivan-valente-declara-apoio-a-greve-dos-jornalistas-e-radialistas-da-ebc\/","url":"https:\/\/psol50.org.br\/presidente-do-psol-deputado-ivan-valente-declara-apoio-a-greve-dos-jornalistas-e-radialistas-da-ebc\/","name":"Presidente do PSOL, deputado Ivan Valente, declara apoio \u00e0 greve dos jornalistas e radialistas da EBC - PSOL 50","isPartOf":{"@id":"https:\/\/psol50.org.br\/#website"},"datePublished":"2013-11-08T00:00:00+00:00","breadcrumb":{"@id":"https:\/\/psol50.org.br\/presidente-do-psol-deputado-ivan-valente-declara-apoio-a-greve-dos-jornalistas-e-radialistas-da-ebc\/#breadcrumb"},"inLanguage":"pt-BR","potentialAction":[{"@type":"ReadAction","target":["https:\/\/psol50.org.br\/presidente-do-psol-deputado-ivan-valente-declara-apoio-a-greve-dos-jornalistas-e-radialistas-da-ebc\/"]}]},{"@type":"BreadcrumbList","@id":"https:\/\/psol50.org.br\/presidente-do-psol-deputado-ivan-valente-declara-apoio-a-greve-dos-jornalistas-e-radialistas-da-ebc\/#breadcrumb","itemListElement":[{"@type":"ListItem","position":1,"name":"In\u00edcio","item":"https:\/\/psol50.org.br\/"},{"@type":"ListItem","position":2,"name":"Presidente do PSOL, deputado Ivan Valente, declara apoio \u00e0 greve dos jornalistas e radialistas da EBC"}]},{"@type":"WebSite","@id":"https:\/\/psol50.org.br\/#website","url":"https:\/\/psol50.org.br\/","name":"PSOL 50","description":"Site oficial do Partido Socialismo e Liberdade","publisher":{"@id":"https:\/\/psol50.org.br\/#organization"},"alternateName":"PSOL50","potentialAction":[{"@type":"SearchAction","target":{"@type":"EntryPoint","urlTemplate":"https:\/\/psol50.org.br\/?s={search_term_string}"},"query-input":{"@type":"PropertyValueSpecification","valueRequired":true,"valueName":"search_term_string"}}],"inLanguage":"pt-BR"},{"@type":"Organization","@id":"https:\/\/psol50.org.br\/#organization","name":"PSOL 50","alternateName":"PSOL 50","url":"https:\/\/psol50.org.br\/","logo":{"@type":"ImageObject","inLanguage":"pt-BR","@id":"https:\/\/psol50.org.br\/#\/schema\/logo\/image\/","url":"https:\/\/psol50.org.br\/inc\/uploads\/2018\/07\/capa.png","contentUrl":"https:\/\/psol50.org.br\/inc\/uploads\/2018\/07\/capa.png","width":1350,"height":900,"caption":"PSOL 50"},"image":{"@id":"https:\/\/psol50.org.br\/#\/schema\/logo\/image\/"},"sameAs":["https:\/\/www.facebook.com\/psol50","https:\/\/x.com\/psol50","https:\/\/www.instagram.com\/psol50\/","https:\/\/www.youtube.com\/channel\/UC7SnJS5o1os7a6CaiNabzcg"]},{"@type":"Person","@id":"https:\/\/psol50.org.br\/#\/schema\/person\/475dfa57d0b815993c714c2e96491fcd","name":"Comunica\u00e7\u00e3o PSOL","image":{"@type":"ImageObject","inLanguage":"pt-BR","@id":"https:\/\/psol50.org.br\/#\/schema\/person\/image\/","url":"https:\/\/secure.gravatar.com\/avatar\/b34fc4f4e468a4e51785917065a3db57b841f5c95dba6ad8c73aaf8f66f8f9bf?s=96&d=mm&r=g","contentUrl":"https:\/\/secure.gravatar.com\/avatar\/b34fc4f4e468a4e51785917065a3db57b841f5c95dba6ad8c73aaf8f66f8f9bf?s=96&d=mm&r=g","caption":"Comunica\u00e7\u00e3o PSOL"}}]}},"_links":{"self":[{"href":"https:\/\/psol50.org.br\/rest\/wp\/v2\/posts\/2413","targetHints":{"allow":["GET"]}}],"collection":[{"href":"https:\/\/psol50.org.br\/rest\/wp\/v2\/posts"}],"about":[{"href":"https:\/\/psol50.org.br\/rest\/wp\/v2\/types\/post"}],"author":[{"embeddable":true,"href":"https:\/\/psol50.org.br\/rest\/wp\/v2\/users\/2"}],"replies":[{"embeddable":true,"href":"https:\/\/psol50.org.br\/rest\/wp\/v2\/comments?post=2413"}],"version-history":[{"count":0,"href":"https:\/\/psol50.org.br\/rest\/wp\/v2\/posts\/2413\/revisions"}],"wp:attachment":[{"href":"https:\/\/psol50.org.br\/rest\/wp\/v2\/media?parent=2413"}],"wp:term":[{"taxonomy":"category","embeddable":true,"href":"https:\/\/psol50.org.br\/rest\/wp\/v2\/categories?post=2413"},{"taxonomy":"post_tag","embeddable":true,"href":"https:\/\/psol50.org.br\/rest\/wp\/v2\/tags?post=2413"}],"curies":[{"name":"wp","href":"https:\/\/api.w.org\/{rel}","templated":true}]}}