{"id":2417,"date":"2013-11-12T00:00:00","date_gmt":"2013-11-12T00:00:00","guid":{"rendered":"http:\/\/psol50.org.br\/arquivo\/2013\/11\/12\/bancada-do-psol-do-rio-protocola-representacao-contra-governador-sergio-cabral\/"},"modified":"2013-11-12T00:00:00","modified_gmt":"2013-11-12T00:00:00","slug":"bancada-do-psol-do-rio-protocola-representacao-contra-governador-sergio-cabral","status":"publish","type":"post","link":"https:\/\/psol50.org.br\/bancada-do-psol-do-rio-protocola-representacao-contra-governador-sergio-cabral\/","title":{"rendered":"Bancada do PSOL do Rio protocola representa\u00e7\u00e3o contra governador S\u00e9rgio Cabral"},"content":{"rendered":"<div style=\"text-align: justify;\">\n\tOs deputados do PSOL do Rio de Janeiro, Chico Alencar e Jean Wyllys, protocolaram, no dia 4 de novembro, na Procuradoria Geral da Rep\u00fablica, representa\u00e7\u00e3o contra o governador do Rio de Janeiro, S\u00e9rgio Cabral, por responsabilidade nos atos de viol\u00eancia policial e pris\u00f5es arbitr\u00e1rias durante as recentes manifesta\u00e7\u00f5es no Estado. Tamb\u00e9m assina a representa\u00e7\u00e3o o deputado do PSB do Rio de Janeiro, Glauber Braga.<br \/>\n\t&nbsp;<br \/>\n\tDe acordo com os deputados, a popula\u00e7\u00e3o que foi \u00e0s ruas contra aumento de tarifas do transporte coletivo, contra os vultosos recursos p\u00fablicos destinados a Copa do Mundo, em detrimento da sa\u00fade, educa\u00e7\u00e3o e moradia, e em defesa dos direitos de liberdade de express\u00e3o, reuni\u00e3o e associa\u00e7\u00e3o, foi atacada pelo governo e pela pol\u00edcia.<br \/>\n\t&nbsp;<br \/>\n\t\u201cIn\u00fameros governantes, bem como as for\u00e7as policiais sob seu comando, promoveram um espet\u00e1culo tr\u00e1gico e absurdo de sucessivas cenas de viola\u00e7\u00f5es aos direitos fundamentais de express\u00e3o, reuni\u00e3o e associa\u00e7\u00e3o. No Estado do Rio de Janeiro, a Pol\u00edcia Militar, subordinada ao governador S\u00e9rgio Cabral Filho, respondeu aos protestos com dura repress\u00e3o policial, atacando indiscriminadamente manifestantes com spray de pimenta, bombas de g\u00e1s lacrimog\u00eaneo atiradas aos montes contra a multid\u00e3o, tiros de bala de borracha e at\u00e9 mesmo, em algumas ocasi\u00f5es, de armas de fogo. Al\u00e9m disso, procedeu a in\u00fameras deten\u00e7\u00f5es e pris\u00f5es arbitr\u00e1rias, em conjunto com a Pol\u00edcia Civil, tamb\u00e9m subordinada ao governador\u201d, afirma trecho da representa\u00e7\u00e3o.<br \/>\n\t&nbsp;<br \/>\n\tNo documento, os parlamentares admitem que excessos cometidos por alguns manifestantes devem ser apurados, mas alertam que o \u201ccombate ao &#8216;vandalismo&#8217; n\u00e3o \u00e9 pretexto legal, nem leg\u00edtimo para instala\u00e7\u00e3o de Estado de Exce\u00e7\u00e3o ou Estado Policial que se sobreponha ao Estado Democr\u00e1tico de Direito. Tampouco justifica que o poder p\u00fablico trate o conjunto dos manifestantes como &#8216;baderneiros&#8217; ou suspeitos de \u2018vandalismo\u2019, e chegue at\u00e9 mesmo a forjar falsos flagrantes com a finalidade de criar os &#8216;v\u00e2ndalos&#8217; que se predisp\u00f5e a combater\u201d<br \/>\n\t&nbsp;<br \/>\n\tOs deputados Chico Alencar, Jean Wyllys e Glauber Braga solicitam abertura de processo de investiga\u00e7\u00e3o pela PGR, objetivando a apura\u00e7\u00e3o das responsabilidades c\u00edvel, penal e administrativa do governador S\u00e9rgio Cabral.<\/div>\n<p>&nbsp;<\/p>\n","protected":false},"excerpt":{"rendered":"<p>Os deputados do PSOL do Rio de Janeiro, Chico Alencar e Jean Wyllys, protocolaram, no dia 4 de novembro, na Procuradoria Geral da Rep\u00fablica, representa\u00e7\u00e3o contra o governador do Rio de Janeiro, S\u00e9rgio Cabral, por responsabilidade nos atos de viol\u00eancia policial e pris\u00f5es arbitr\u00e1rias durante as recentes manifesta\u00e7\u00f5es no Estado. Tamb\u00e9m assina a representa\u00e7\u00e3o o [&hellip;]<\/p>\n","protected":false},"author":2,"featured_media":0,"comment_status":"open","ping_status":"open","sticky":false,"template":"","format":"standard","meta":{"_acf_changed":false,"footnotes":""},"categories":[10,4766,6],"tags":[22],"class_list":{"0":"post-2417","1":"post","2":"type-post","3":"status-publish","4":"format-standard","6":"category-acao-parlamentares","7":"category-arquivo","8":"category-noticias","9":"tag-psol"},"acf":[],"yoast_head":"<!-- This site is optimized with the Yoast SEO plugin v26.5 - https:\/\/yoast.com\/wordpress\/plugins\/seo\/ -->\n<title>Bancada do PSOL do Rio protocola representa\u00e7\u00e3o contra governador S\u00e9rgio Cabral - PSOL 50<\/title>\n<meta name=\"robots\" content=\"index, follow, max-snippet:-1, max-image-preview:large, max-video-preview:-1\" \/>\n<link rel=\"canonical\" href=\"https:\/\/psol50.org.br\/bancada-do-psol-do-rio-protocola-representacao-contra-governador-sergio-cabral\/\" \/>\n<meta property=\"og:locale\" content=\"pt_BR\" \/>\n<meta property=\"og:type\" content=\"article\" \/>\n<meta property=\"og:title\" content=\"Bancada do PSOL do Rio protocola representa\u00e7\u00e3o contra governador S\u00e9rgio Cabral - PSOL 50\" \/>\n<meta property=\"og:description\" content=\"Os deputados do PSOL do Rio de Janeiro, Chico Alencar e Jean Wyllys, protocolaram, no dia 4 de novembro, na Procuradoria Geral da Rep\u00fablica, representa\u00e7\u00e3o contra o governador do Rio de Janeiro, S\u00e9rgio Cabral, por responsabilidade nos atos de viol\u00eancia policial e pris\u00f5es arbitr\u00e1rias durante as recentes manifesta\u00e7\u00f5es no Estado. Tamb\u00e9m assina a representa\u00e7\u00e3o o [&hellip;]\" \/>\n<meta property=\"og:url\" content=\"https:\/\/psol50.org.br\/bancada-do-psol-do-rio-protocola-representacao-contra-governador-sergio-cabral\/\" \/>\n<meta property=\"og:site_name\" content=\"PSOL 50\" \/>\n<meta property=\"article:publisher\" content=\"https:\/\/www.facebook.com\/psol50\" \/>\n<meta property=\"article:published_time\" content=\"2013-11-12T00:00:00+00:00\" \/>\n<meta property=\"og:image\" content=\"https:\/\/psol50.org.br\/inc\/uploads\/2018\/07\/capa.png\" \/>\n\t<meta property=\"og:image:width\" content=\"1350\" \/>\n\t<meta property=\"og:image:height\" content=\"900\" \/>\n\t<meta property=\"og:image:type\" content=\"image\/png\" \/>\n<meta name=\"author\" content=\"Comunica\u00e7\u00e3o PSOL\" \/>\n<meta name=\"twitter:card\" content=\"summary_large_image\" \/>\n<meta name=\"twitter:creator\" content=\"@psol50\" \/>\n<meta name=\"twitter:site\" content=\"@psol50\" \/>\n<meta name=\"twitter:label1\" content=\"Escrito por\" \/>\n\t<meta name=\"twitter:data1\" content=\"Comunica\u00e7\u00e3o PSOL\" \/>\n\t<meta name=\"twitter:label2\" content=\"Est. tempo de leitura\" \/>\n\t<meta name=\"twitter:data2\" content=\"2 minutos\" \/>\n<script type=\"application\/ld+json\" class=\"yoast-schema-graph\">{\"@context\":\"https:\/\/schema.org\",\"@graph\":[{\"@type\":\"Article\",\"@id\":\"https:\/\/psol50.org.br\/bancada-do-psol-do-rio-protocola-representacao-contra-governador-sergio-cabral\/#article\",\"isPartOf\":{\"@id\":\"https:\/\/psol50.org.br\/bancada-do-psol-do-rio-protocola-representacao-contra-governador-sergio-cabral\/\"},\"author\":{\"name\":\"Comunica\u00e7\u00e3o PSOL\",\"@id\":\"https:\/\/psol50.org.br\/#\/schema\/person\/475dfa57d0b815993c714c2e96491fcd\"},\"headline\":\"Bancada do PSOL do Rio protocola representa\u00e7\u00e3o contra governador S\u00e9rgio Cabral\",\"datePublished\":\"2013-11-12T00:00:00+00:00\",\"mainEntityOfPage\":{\"@id\":\"https:\/\/psol50.org.br\/bancada-do-psol-do-rio-protocola-representacao-contra-governador-sergio-cabral\/\"},\"wordCount\":403,\"commentCount\":0,\"publisher\":{\"@id\":\"https:\/\/psol50.org.br\/#organization\"},\"keywords\":[\"PSOL\"],\"articleSection\":[\"A\u00e7\u00e3o Parlamentar\",\"Arquivo\",\"Not\u00edcias\"],\"inLanguage\":\"pt-BR\",\"potentialAction\":[{\"@type\":\"CommentAction\",\"name\":\"Comment\",\"target\":[\"https:\/\/psol50.org.br\/bancada-do-psol-do-rio-protocola-representacao-contra-governador-sergio-cabral\/#respond\"]}]},{\"@type\":\"WebPage\",\"@id\":\"https:\/\/psol50.org.br\/bancada-do-psol-do-rio-protocola-representacao-contra-governador-sergio-cabral\/\",\"url\":\"https:\/\/psol50.org.br\/bancada-do-psol-do-rio-protocola-representacao-contra-governador-sergio-cabral\/\",\"name\":\"Bancada do PSOL do Rio protocola representa\u00e7\u00e3o contra governador S\u00e9rgio Cabral - PSOL 50\",\"isPartOf\":{\"@id\":\"https:\/\/psol50.org.br\/#website\"},\"datePublished\":\"2013-11-12T00:00:00+00:00\",\"breadcrumb\":{\"@id\":\"https:\/\/psol50.org.br\/bancada-do-psol-do-rio-protocola-representacao-contra-governador-sergio-cabral\/#breadcrumb\"},\"inLanguage\":\"pt-BR\",\"potentialAction\":[{\"@type\":\"ReadAction\",\"target\":[\"https:\/\/psol50.org.br\/bancada-do-psol-do-rio-protocola-representacao-contra-governador-sergio-cabral\/\"]}]},{\"@type\":\"BreadcrumbList\",\"@id\":\"https:\/\/psol50.org.br\/bancada-do-psol-do-rio-protocola-representacao-contra-governador-sergio-cabral\/#breadcrumb\",\"itemListElement\":[{\"@type\":\"ListItem\",\"position\":1,\"name\":\"In\u00edcio\",\"item\":\"https:\/\/psol50.org.br\/\"},{\"@type\":\"ListItem\",\"position\":2,\"name\":\"Bancada do PSOL do Rio protocola representa\u00e7\u00e3o contra governador S\u00e9rgio Cabral\"}]},{\"@type\":\"WebSite\",\"@id\":\"https:\/\/psol50.org.br\/#website\",\"url\":\"https:\/\/psol50.org.br\/\",\"name\":\"PSOL 50\",\"description\":\"Site oficial do Partido Socialismo e Liberdade\",\"publisher\":{\"@id\":\"https:\/\/psol50.org.br\/#organization\"},\"alternateName\":\"PSOL50\",\"potentialAction\":[{\"@type\":\"SearchAction\",\"target\":{\"@type\":\"EntryPoint\",\"urlTemplate\":\"https:\/\/psol50.org.br\/?s={search_term_string}\"},\"query-input\":{\"@type\":\"PropertyValueSpecification\",\"valueRequired\":true,\"valueName\":\"search_term_string\"}}],\"inLanguage\":\"pt-BR\"},{\"@type\":\"Organization\",\"@id\":\"https:\/\/psol50.org.br\/#organization\",\"name\":\"PSOL 50\",\"alternateName\":\"PSOL 50\",\"url\":\"https:\/\/psol50.org.br\/\",\"logo\":{\"@type\":\"ImageObject\",\"inLanguage\":\"pt-BR\",\"@id\":\"https:\/\/psol50.org.br\/#\/schema\/logo\/image\/\",\"url\":\"https:\/\/psol50.org.br\/inc\/uploads\/2018\/07\/capa.png\",\"contentUrl\":\"https:\/\/psol50.org.br\/inc\/uploads\/2018\/07\/capa.png\",\"width\":1350,\"height\":900,\"caption\":\"PSOL 50\"},\"image\":{\"@id\":\"https:\/\/psol50.org.br\/#\/schema\/logo\/image\/\"},\"sameAs\":[\"https:\/\/www.facebook.com\/psol50\",\"https:\/\/x.com\/psol50\",\"https:\/\/www.instagram.com\/psol50\/\",\"https:\/\/www.youtube.com\/channel\/UC7SnJS5o1os7a6CaiNabzcg\"]},{\"@type\":\"Person\",\"@id\":\"https:\/\/psol50.org.br\/#\/schema\/person\/475dfa57d0b815993c714c2e96491fcd\",\"name\":\"Comunica\u00e7\u00e3o PSOL\",\"image\":{\"@type\":\"ImageObject\",\"inLanguage\":\"pt-BR\",\"@id\":\"https:\/\/psol50.org.br\/#\/schema\/person\/image\/\",\"url\":\"https:\/\/secure.gravatar.com\/avatar\/b34fc4f4e468a4e51785917065a3db57b841f5c95dba6ad8c73aaf8f66f8f9bf?s=96&d=mm&r=g\",\"contentUrl\":\"https:\/\/secure.gravatar.com\/avatar\/b34fc4f4e468a4e51785917065a3db57b841f5c95dba6ad8c73aaf8f66f8f9bf?s=96&d=mm&r=g\",\"caption\":\"Comunica\u00e7\u00e3o PSOL\"}}]}<\/script>\n<!-- \/ Yoast SEO plugin. -->","yoast_head_json":{"title":"Bancada do PSOL do Rio protocola representa\u00e7\u00e3o contra governador S\u00e9rgio Cabral - PSOL 50","robots":{"index":"index","follow":"follow","max-snippet":"max-snippet:-1","max-image-preview":"max-image-preview:large","max-video-preview":"max-video-preview:-1"},"canonical":"https:\/\/psol50.org.br\/bancada-do-psol-do-rio-protocola-representacao-contra-governador-sergio-cabral\/","og_locale":"pt_BR","og_type":"article","og_title":"Bancada do PSOL do Rio protocola representa\u00e7\u00e3o contra governador S\u00e9rgio Cabral - PSOL 50","og_description":"Os deputados do PSOL do Rio de Janeiro, Chico Alencar e Jean Wyllys, protocolaram, no dia 4 de novembro, na Procuradoria Geral da Rep\u00fablica, representa\u00e7\u00e3o contra o governador do Rio de Janeiro, S\u00e9rgio Cabral, por responsabilidade nos atos de viol\u00eancia policial e pris\u00f5es arbitr\u00e1rias durante as recentes manifesta\u00e7\u00f5es no Estado. Tamb\u00e9m assina a representa\u00e7\u00e3o o [&hellip;]","og_url":"https:\/\/psol50.org.br\/bancada-do-psol-do-rio-protocola-representacao-contra-governador-sergio-cabral\/","og_site_name":"PSOL 50","article_publisher":"https:\/\/www.facebook.com\/psol50","article_published_time":"2013-11-12T00:00:00+00:00","og_image":[{"width":1350,"height":900,"url":"https:\/\/psol50.org.br\/inc\/uploads\/2018\/07\/capa.png","type":"image\/png"}],"author":"Comunica\u00e7\u00e3o PSOL","twitter_card":"summary_large_image","twitter_creator":"@psol50","twitter_site":"@psol50","twitter_misc":{"Escrito por":"Comunica\u00e7\u00e3o PSOL","Est. tempo de leitura":"2 minutos"},"schema":{"@context":"https:\/\/schema.org","@graph":[{"@type":"Article","@id":"https:\/\/psol50.org.br\/bancada-do-psol-do-rio-protocola-representacao-contra-governador-sergio-cabral\/#article","isPartOf":{"@id":"https:\/\/psol50.org.br\/bancada-do-psol-do-rio-protocola-representacao-contra-governador-sergio-cabral\/"},"author":{"name":"Comunica\u00e7\u00e3o PSOL","@id":"https:\/\/psol50.org.br\/#\/schema\/person\/475dfa57d0b815993c714c2e96491fcd"},"headline":"Bancada do PSOL do Rio protocola representa\u00e7\u00e3o contra governador S\u00e9rgio Cabral","datePublished":"2013-11-12T00:00:00+00:00","mainEntityOfPage":{"@id":"https:\/\/psol50.org.br\/bancada-do-psol-do-rio-protocola-representacao-contra-governador-sergio-cabral\/"},"wordCount":403,"commentCount":0,"publisher":{"@id":"https:\/\/psol50.org.br\/#organization"},"keywords":["PSOL"],"articleSection":["A\u00e7\u00e3o Parlamentar","Arquivo","Not\u00edcias"],"inLanguage":"pt-BR","potentialAction":[{"@type":"CommentAction","name":"Comment","target":["https:\/\/psol50.org.br\/bancada-do-psol-do-rio-protocola-representacao-contra-governador-sergio-cabral\/#respond"]}]},{"@type":"WebPage","@id":"https:\/\/psol50.org.br\/bancada-do-psol-do-rio-protocola-representacao-contra-governador-sergio-cabral\/","url":"https:\/\/psol50.org.br\/bancada-do-psol-do-rio-protocola-representacao-contra-governador-sergio-cabral\/","name":"Bancada do PSOL do Rio protocola representa\u00e7\u00e3o contra governador S\u00e9rgio Cabral - PSOL 50","isPartOf":{"@id":"https:\/\/psol50.org.br\/#website"},"datePublished":"2013-11-12T00:00:00+00:00","breadcrumb":{"@id":"https:\/\/psol50.org.br\/bancada-do-psol-do-rio-protocola-representacao-contra-governador-sergio-cabral\/#breadcrumb"},"inLanguage":"pt-BR","potentialAction":[{"@type":"ReadAction","target":["https:\/\/psol50.org.br\/bancada-do-psol-do-rio-protocola-representacao-contra-governador-sergio-cabral\/"]}]},{"@type":"BreadcrumbList","@id":"https:\/\/psol50.org.br\/bancada-do-psol-do-rio-protocola-representacao-contra-governador-sergio-cabral\/#breadcrumb","itemListElement":[{"@type":"ListItem","position":1,"name":"In\u00edcio","item":"https:\/\/psol50.org.br\/"},{"@type":"ListItem","position":2,"name":"Bancada do PSOL do Rio protocola representa\u00e7\u00e3o contra governador S\u00e9rgio Cabral"}]},{"@type":"WebSite","@id":"https:\/\/psol50.org.br\/#website","url":"https:\/\/psol50.org.br\/","name":"PSOL 50","description":"Site oficial do Partido Socialismo e Liberdade","publisher":{"@id":"https:\/\/psol50.org.br\/#organization"},"alternateName":"PSOL50","potentialAction":[{"@type":"SearchAction","target":{"@type":"EntryPoint","urlTemplate":"https:\/\/psol50.org.br\/?s={search_term_string}"},"query-input":{"@type":"PropertyValueSpecification","valueRequired":true,"valueName":"search_term_string"}}],"inLanguage":"pt-BR"},{"@type":"Organization","@id":"https:\/\/psol50.org.br\/#organization","name":"PSOL 50","alternateName":"PSOL 50","url":"https:\/\/psol50.org.br\/","logo":{"@type":"ImageObject","inLanguage":"pt-BR","@id":"https:\/\/psol50.org.br\/#\/schema\/logo\/image\/","url":"https:\/\/psol50.org.br\/inc\/uploads\/2018\/07\/capa.png","contentUrl":"https:\/\/psol50.org.br\/inc\/uploads\/2018\/07\/capa.png","width":1350,"height":900,"caption":"PSOL 50"},"image":{"@id":"https:\/\/psol50.org.br\/#\/schema\/logo\/image\/"},"sameAs":["https:\/\/www.facebook.com\/psol50","https:\/\/x.com\/psol50","https:\/\/www.instagram.com\/psol50\/","https:\/\/www.youtube.com\/channel\/UC7SnJS5o1os7a6CaiNabzcg"]},{"@type":"Person","@id":"https:\/\/psol50.org.br\/#\/schema\/person\/475dfa57d0b815993c714c2e96491fcd","name":"Comunica\u00e7\u00e3o PSOL","image":{"@type":"ImageObject","inLanguage":"pt-BR","@id":"https:\/\/psol50.org.br\/#\/schema\/person\/image\/","url":"https:\/\/secure.gravatar.com\/avatar\/b34fc4f4e468a4e51785917065a3db57b841f5c95dba6ad8c73aaf8f66f8f9bf?s=96&d=mm&r=g","contentUrl":"https:\/\/secure.gravatar.com\/avatar\/b34fc4f4e468a4e51785917065a3db57b841f5c95dba6ad8c73aaf8f66f8f9bf?s=96&d=mm&r=g","caption":"Comunica\u00e7\u00e3o PSOL"}}]}},"_links":{"self":[{"href":"https:\/\/psol50.org.br\/rest\/wp\/v2\/posts\/2417","targetHints":{"allow":["GET"]}}],"collection":[{"href":"https:\/\/psol50.org.br\/rest\/wp\/v2\/posts"}],"about":[{"href":"https:\/\/psol50.org.br\/rest\/wp\/v2\/types\/post"}],"author":[{"embeddable":true,"href":"https:\/\/psol50.org.br\/rest\/wp\/v2\/users\/2"}],"replies":[{"embeddable":true,"href":"https:\/\/psol50.org.br\/rest\/wp\/v2\/comments?post=2417"}],"version-history":[{"count":0,"href":"https:\/\/psol50.org.br\/rest\/wp\/v2\/posts\/2417\/revisions"}],"wp:attachment":[{"href":"https:\/\/psol50.org.br\/rest\/wp\/v2\/media?parent=2417"}],"wp:term":[{"taxonomy":"category","embeddable":true,"href":"https:\/\/psol50.org.br\/rest\/wp\/v2\/categories?post=2417"},{"taxonomy":"post_tag","embeddable":true,"href":"https:\/\/psol50.org.br\/rest\/wp\/v2\/tags?post=2417"}],"curies":[{"name":"wp","href":"https:\/\/api.w.org\/{rel}","templated":true}]}}