{"id":24171,"date":"2019-02-08T14:26:14","date_gmt":"2019-02-08T16:26:14","guid":{"rendered":"http:\/\/psol50.org.br\/?p=24171"},"modified":"2019-02-08T14:26:14","modified_gmt":"2019-02-08T16:26:14","slug":"fernanda-melchionna-apresenta-projeto-que-cria-selo-empresa-machista-para-combater-desigualdade-salarial","status":"publish","type":"post","link":"https:\/\/psol50.org.br\/fernanda-melchionna-apresenta-projeto-que-cria-selo-empresa-machista-para-combater-desigualdade-salarial\/","title":{"rendered":"Fernanda Melchionna apresenta projeto que cria selo &#8220;Empresa Machista&#8221; para combater desigualdade salarial"},"content":{"rendered":"\n<p>Nesta segunda-feira (4), Fernanda Melchionna protocolou um projeto de lei que cria o selo &#8220;Empresa Machista&#8221; e o Programa Nacional de Igualdade de G\u00eanero.<\/p>\n\n\n\n<p>Pelo projeto, um cadastro nacional ser\u00e1 criado, em que os empregadores que remunerarem de forma diferente homens e mulheres na mesma fun\u00e7\u00e3o receber\u00e3o o selo &#8220;Empresa Machista&#8221;.<\/p>\n\n\n\n<p>Com ele, ser\u00e1 mais dif\u00edcil que as entidades obtenham empr\u00e9stimos de bancos p\u00fablicos e mais f\u00e1cil serem multadas em caso de reincid\u00eancia. O selo \u00e9 uma das medidas de incentivo \u00e0 paridade salarial do Programa Nacional de Igualdade de G\u00eanero.<\/p>\n\n\n\n<p><a href=\"https:\/\/www.camara.leg.br\/proposicoesWeb\/fichadetramitacao?idProposicao=2190664\" target=\"_blank\" rel=\"noreferrer noopener\" aria-label=\"Para ler o projeto na \u00edntegra, clique aqui. (abre em uma nova aba)\">Para ler o projeto na \u00edntegra, clique aqui.<\/a><\/p>\n\n\n\n<p>Desde 1943, a Consolida\u00e7\u00e3o das Leis do Trabalho (CLT) garante que homens e mulheres devem receber o mesmo sal\u00e1rio quando exercem a mesma fun\u00e7\u00e3o, em seu artigo 461. Na pr\u00e1tica mulheres brancas recebem 30% menos que os homens brancos. Entre mulheres negras e homens brancos, a diferen\u00e7a aumenta para 43%, segundo pesquisa divulgada pela Oxfam Brasil.<\/p>\n\n\n\n<p>O projeto \u00e9 de autoria de Melchionna e tamb\u00e9m conta com a assinatura de \u00c1urea Carolina, Luiza Erundina, S\u00e2mia Bomfim e Tal\u00edria Petrone.<\/p>\n<p>&nbsp;<\/p>\n<p>https:\/\/www.instagram.com\/p\/Btnt-TfHKY9\/?utm_source=ig_share_sheet&#038;igshid=1mxthogo755ii<\/p>\n<p>&nbsp;<\/p>\n<p><\/p>","protected":false},"excerpt":{"rendered":"<p>Nesta segunda-feira (4), Fernanda Melchionna protocolou um projeto de lei que cria o selo &#8220;Empresa Machista&#8221; e o Programa Nacional de Igualdade de G\u00eanero. Pelo projeto, um cadastro nacional ser\u00e1 criado, em que os empregadores que remunerarem de forma diferente homens e mulheres na mesma fun\u00e7\u00e3o receber\u00e3o o selo &#8220;Empresa Machista&#8221;. Com ele, ser\u00e1 mais [&hellip;]<\/p>\n","protected":false},"author":2,"featured_media":24173,"comment_status":"closed","ping_status":"open","sticky":false,"template":"","format":"standard","meta":{"_acf_changed":false,"footnotes":""},"categories":[6],"tags":[29,1709,1710,296,553,1272,1711,1712,1077,382],"class_list":{"0":"post-24171","1":"post","2":"type-post","3":"status-publish","4":"format-standard","5":"has-post-thumbnail","7":"category-noticias","8":"tag-aurea-carolina","9":"tag-clt","10":"tag-empresa-machista","11":"tag-fernanda-melchionna","12":"tag-luiza-erundina","13":"tag-mulheres-do-psol","14":"tag-programa-nacional-de-igualdade-de-genero","15":"tag-projeto-de-lei","16":"tag-samia-bomfim","17":"tag-taliria-petrone"},"acf":[],"yoast_head":"<!-- This site is optimized with the Yoast SEO plugin v26.5 - https:\/\/yoast.com\/wordpress\/plugins\/seo\/ -->\n<title>Fernanda Melchionna apresenta projeto que cria selo &quot;Empresa Machista&quot; para combater desigualdade salarial - PSOL 50<\/title>\n<meta name=\"robots\" content=\"index, follow, max-snippet:-1, max-image-preview:large, max-video-preview:-1\" \/>\n<link rel=\"canonical\" href=\"https:\/\/psol50.org.br\/fernanda-melchionna-apresenta-projeto-que-cria-selo-empresa-machista-para-combater-desigualdade-salarial\/\" \/>\n<meta property=\"og:locale\" content=\"pt_BR\" \/>\n<meta property=\"og:type\" content=\"article\" \/>\n<meta property=\"og:title\" content=\"Fernanda Melchionna apresenta projeto que cria selo &quot;Empresa Machista&quot;\" \/>\n<meta property=\"og:description\" content=\"Conhe\u00e7a a iniciativa que vem para combater a desigualdade salarial.\" \/>\n<meta property=\"og:url\" content=\"https:\/\/psol50.org.br\/fernanda-melchionna-apresenta-projeto-que-cria-selo-empresa-machista-para-combater-desigualdade-salarial\/\" \/>\n<meta property=\"og:site_name\" content=\"PSOL 50\" \/>\n<meta property=\"article:publisher\" content=\"https:\/\/www.facebook.com\/psol50\" \/>\n<meta property=\"article:published_time\" content=\"2019-02-08T16:26:14+00:00\" \/>\n<meta property=\"og:image\" content=\"https:\/\/psol50.org.br\/inc\/uploads\/2019\/02\/EDE_4114.jpg\" \/>\n\t<meta property=\"og:image:width\" content=\"1772\" \/>\n\t<meta property=\"og:image:height\" content=\"1178\" \/>\n\t<meta property=\"og:image:type\" content=\"image\/jpeg\" \/>\n<meta name=\"author\" content=\"Comunica\u00e7\u00e3o PSOL\" \/>\n<meta name=\"twitter:card\" content=\"summary_large_image\" \/>\n<meta name=\"twitter:title\" content=\"Fernanda Melchionna apresenta projeto que cria selo &quot;Empresa Machista&quot;\" \/>\n<meta name=\"twitter:description\" content=\"Conhe\u00e7a a iniciativa que vem para combater a desigualdade salarial.\" \/>\n<meta name=\"twitter:image\" content=\"https:\/\/psol50.org.br\/inc\/uploads\/2019\/02\/EDE_4114.jpg\" \/>\n<meta name=\"twitter:creator\" content=\"@psol50\" \/>\n<meta name=\"twitter:site\" content=\"@psol50\" \/>\n<meta name=\"twitter:label1\" content=\"Escrito por\" \/>\n\t<meta name=\"twitter:data1\" content=\"Comunica\u00e7\u00e3o PSOL\" \/>\n\t<meta name=\"twitter:label2\" content=\"Est. tempo de leitura\" \/>\n\t<meta name=\"twitter:data2\" content=\"1 minuto\" \/>\n<script type=\"application\/ld+json\" class=\"yoast-schema-graph\">{\"@context\":\"https:\/\/schema.org\",\"@graph\":[{\"@type\":\"Article\",\"@id\":\"https:\/\/psol50.org.br\/fernanda-melchionna-apresenta-projeto-que-cria-selo-empresa-machista-para-combater-desigualdade-salarial\/#article\",\"isPartOf\":{\"@id\":\"https:\/\/psol50.org.br\/fernanda-melchionna-apresenta-projeto-que-cria-selo-empresa-machista-para-combater-desigualdade-salarial\/\"},\"author\":{\"name\":\"Comunica\u00e7\u00e3o PSOL\",\"@id\":\"https:\/\/psol50.org.br\/#\/schema\/person\/475dfa57d0b815993c714c2e96491fcd\"},\"headline\":\"Fernanda Melchionna apresenta projeto que cria selo &#8220;Empresa Machista&#8221; para combater desigualdade salarial\",\"datePublished\":\"2019-02-08T16:26:14+00:00\",\"mainEntityOfPage\":{\"@id\":\"https:\/\/psol50.org.br\/fernanda-melchionna-apresenta-projeto-que-cria-selo-empresa-machista-para-combater-desigualdade-salarial\/\"},\"wordCount\":217,\"publisher\":{\"@id\":\"https:\/\/psol50.org.br\/#organization\"},\"image\":{\"@id\":\"https:\/\/psol50.org.br\/fernanda-melchionna-apresenta-projeto-que-cria-selo-empresa-machista-para-combater-desigualdade-salarial\/#primaryimage\"},\"thumbnailUrl\":\"https:\/\/psol50.org.br\/inc\/uploads\/2019\/02\/EDE_4114.jpg\",\"keywords\":[\"\u00c1urea Carolina\",\"CLT\",\"Empresa machista\",\"Fernanda Melchionna\",\"Luiza Erundina\",\"Mulheres do PSOL\",\"Programa nacional de igualdade de g\u00eanero\",\"projeto de lei\",\"S\u00e2mia Bomfim\",\"Tal\u00edria Petrone\"],\"articleSection\":[\"Not\u00edcias\"],\"inLanguage\":\"pt-BR\"},{\"@type\":\"WebPage\",\"@id\":\"https:\/\/psol50.org.br\/fernanda-melchionna-apresenta-projeto-que-cria-selo-empresa-machista-para-combater-desigualdade-salarial\/\",\"url\":\"https:\/\/psol50.org.br\/fernanda-melchionna-apresenta-projeto-que-cria-selo-empresa-machista-para-combater-desigualdade-salarial\/\",\"name\":\"Fernanda Melchionna apresenta projeto que cria selo \\\"Empresa Machista\\\" para combater desigualdade salarial - PSOL 50\",\"isPartOf\":{\"@id\":\"https:\/\/psol50.org.br\/#website\"},\"primaryImageOfPage\":{\"@id\":\"https:\/\/psol50.org.br\/fernanda-melchionna-apresenta-projeto-que-cria-selo-empresa-machista-para-combater-desigualdade-salarial\/#primaryimage\"},\"image\":{\"@id\":\"https:\/\/psol50.org.br\/fernanda-melchionna-apresenta-projeto-que-cria-selo-empresa-machista-para-combater-desigualdade-salarial\/#primaryimage\"},\"thumbnailUrl\":\"https:\/\/psol50.org.br\/inc\/uploads\/2019\/02\/EDE_4114.jpg\",\"datePublished\":\"2019-02-08T16:26:14+00:00\",\"breadcrumb\":{\"@id\":\"https:\/\/psol50.org.br\/fernanda-melchionna-apresenta-projeto-que-cria-selo-empresa-machista-para-combater-desigualdade-salarial\/#breadcrumb\"},\"inLanguage\":\"pt-BR\",\"potentialAction\":[{\"@type\":\"ReadAction\",\"target\":[\"https:\/\/psol50.org.br\/fernanda-melchionna-apresenta-projeto-que-cria-selo-empresa-machista-para-combater-desigualdade-salarial\/\"]}]},{\"@type\":\"ImageObject\",\"inLanguage\":\"pt-BR\",\"@id\":\"https:\/\/psol50.org.br\/fernanda-melchionna-apresenta-projeto-que-cria-selo-empresa-machista-para-combater-desigualdade-salarial\/#primaryimage\",\"url\":\"https:\/\/psol50.org.br\/inc\/uploads\/2019\/02\/EDE_4114.jpg\",\"contentUrl\":\"https:\/\/psol50.org.br\/inc\/uploads\/2019\/02\/EDE_4114.jpg\",\"width\":1772,\"height\":1178},{\"@type\":\"BreadcrumbList\",\"@id\":\"https:\/\/psol50.org.br\/fernanda-melchionna-apresenta-projeto-que-cria-selo-empresa-machista-para-combater-desigualdade-salarial\/#breadcrumb\",\"itemListElement\":[{\"@type\":\"ListItem\",\"position\":1,\"name\":\"In\u00edcio\",\"item\":\"https:\/\/psol50.org.br\/\"},{\"@type\":\"ListItem\",\"position\":2,\"name\":\"Fernanda Melchionna apresenta projeto que cria selo &#8220;Empresa Machista&#8221; para combater desigualdade salarial\"}]},{\"@type\":\"WebSite\",\"@id\":\"https:\/\/psol50.org.br\/#website\",\"url\":\"https:\/\/psol50.org.br\/\",\"name\":\"PSOL 50\",\"description\":\"Site oficial do Partido Socialismo e Liberdade\",\"publisher\":{\"@id\":\"https:\/\/psol50.org.br\/#organization\"},\"alternateName\":\"PSOL50\",\"potentialAction\":[{\"@type\":\"SearchAction\",\"target\":{\"@type\":\"EntryPoint\",\"urlTemplate\":\"https:\/\/psol50.org.br\/?s={search_term_string}\"},\"query-input\":{\"@type\":\"PropertyValueSpecification\",\"valueRequired\":true,\"valueName\":\"search_term_string\"}}],\"inLanguage\":\"pt-BR\"},{\"@type\":\"Organization\",\"@id\":\"https:\/\/psol50.org.br\/#organization\",\"name\":\"PSOL 50\",\"alternateName\":\"PSOL 50\",\"url\":\"https:\/\/psol50.org.br\/\",\"logo\":{\"@type\":\"ImageObject\",\"inLanguage\":\"pt-BR\",\"@id\":\"https:\/\/psol50.org.br\/#\/schema\/logo\/image\/\",\"url\":\"https:\/\/psol50.org.br\/inc\/uploads\/2018\/07\/capa.png\",\"contentUrl\":\"https:\/\/psol50.org.br\/inc\/uploads\/2018\/07\/capa.png\",\"width\":1350,\"height\":900,\"caption\":\"PSOL 50\"},\"image\":{\"@id\":\"https:\/\/psol50.org.br\/#\/schema\/logo\/image\/\"},\"sameAs\":[\"https:\/\/www.facebook.com\/psol50\",\"https:\/\/x.com\/psol50\",\"https:\/\/www.instagram.com\/psol50\/\",\"https:\/\/www.youtube.com\/channel\/UC7SnJS5o1os7a6CaiNabzcg\"]},{\"@type\":\"Person\",\"@id\":\"https:\/\/psol50.org.br\/#\/schema\/person\/475dfa57d0b815993c714c2e96491fcd\",\"name\":\"Comunica\u00e7\u00e3o PSOL\",\"image\":{\"@type\":\"ImageObject\",\"inLanguage\":\"pt-BR\",\"@id\":\"https:\/\/psol50.org.br\/#\/schema\/person\/image\/\",\"url\":\"https:\/\/secure.gravatar.com\/avatar\/b34fc4f4e468a4e51785917065a3db57b841f5c95dba6ad8c73aaf8f66f8f9bf?s=96&d=mm&r=g\",\"contentUrl\":\"https:\/\/secure.gravatar.com\/avatar\/b34fc4f4e468a4e51785917065a3db57b841f5c95dba6ad8c73aaf8f66f8f9bf?s=96&d=mm&r=g\",\"caption\":\"Comunica\u00e7\u00e3o PSOL\"}}]}<\/script>\n<!-- \/ Yoast SEO plugin. -->","yoast_head_json":{"title":"Fernanda Melchionna apresenta projeto que cria selo \"Empresa Machista\" para combater desigualdade salarial - PSOL 50","robots":{"index":"index","follow":"follow","max-snippet":"max-snippet:-1","max-image-preview":"max-image-preview:large","max-video-preview":"max-video-preview:-1"},"canonical":"https:\/\/psol50.org.br\/fernanda-melchionna-apresenta-projeto-que-cria-selo-empresa-machista-para-combater-desigualdade-salarial\/","og_locale":"pt_BR","og_type":"article","og_title":"Fernanda Melchionna apresenta projeto que cria selo \"Empresa Machista\"","og_description":"Conhe\u00e7a a iniciativa que vem para combater a desigualdade salarial.","og_url":"https:\/\/psol50.org.br\/fernanda-melchionna-apresenta-projeto-que-cria-selo-empresa-machista-para-combater-desigualdade-salarial\/","og_site_name":"PSOL 50","article_publisher":"https:\/\/www.facebook.com\/psol50","article_published_time":"2019-02-08T16:26:14+00:00","og_image":[{"width":1772,"height":1178,"url":"https:\/\/psol50.org.br\/inc\/uploads\/2019\/02\/EDE_4114.jpg","type":"image\/jpeg"}],"author":"Comunica\u00e7\u00e3o PSOL","twitter_card":"summary_large_image","twitter_title":"Fernanda Melchionna apresenta projeto que cria selo \"Empresa Machista\"","twitter_description":"Conhe\u00e7a a iniciativa que vem para combater a desigualdade salarial.","twitter_image":"https:\/\/psol50.org.br\/inc\/uploads\/2019\/02\/EDE_4114.jpg","twitter_creator":"@psol50","twitter_site":"@psol50","twitter_misc":{"Escrito por":"Comunica\u00e7\u00e3o PSOL","Est. tempo de leitura":"1 minuto"},"schema":{"@context":"https:\/\/schema.org","@graph":[{"@type":"Article","@id":"https:\/\/psol50.org.br\/fernanda-melchionna-apresenta-projeto-que-cria-selo-empresa-machista-para-combater-desigualdade-salarial\/#article","isPartOf":{"@id":"https:\/\/psol50.org.br\/fernanda-melchionna-apresenta-projeto-que-cria-selo-empresa-machista-para-combater-desigualdade-salarial\/"},"author":{"name":"Comunica\u00e7\u00e3o PSOL","@id":"https:\/\/psol50.org.br\/#\/schema\/person\/475dfa57d0b815993c714c2e96491fcd"},"headline":"Fernanda Melchionna apresenta projeto que cria selo &#8220;Empresa Machista&#8221; para combater desigualdade salarial","datePublished":"2019-02-08T16:26:14+00:00","mainEntityOfPage":{"@id":"https:\/\/psol50.org.br\/fernanda-melchionna-apresenta-projeto-que-cria-selo-empresa-machista-para-combater-desigualdade-salarial\/"},"wordCount":217,"publisher":{"@id":"https:\/\/psol50.org.br\/#organization"},"image":{"@id":"https:\/\/psol50.org.br\/fernanda-melchionna-apresenta-projeto-que-cria-selo-empresa-machista-para-combater-desigualdade-salarial\/#primaryimage"},"thumbnailUrl":"https:\/\/psol50.org.br\/inc\/uploads\/2019\/02\/EDE_4114.jpg","keywords":["\u00c1urea Carolina","CLT","Empresa machista","Fernanda Melchionna","Luiza Erundina","Mulheres do PSOL","Programa nacional de igualdade de g\u00eanero","projeto de lei","S\u00e2mia Bomfim","Tal\u00edria Petrone"],"articleSection":["Not\u00edcias"],"inLanguage":"pt-BR"},{"@type":"WebPage","@id":"https:\/\/psol50.org.br\/fernanda-melchionna-apresenta-projeto-que-cria-selo-empresa-machista-para-combater-desigualdade-salarial\/","url":"https:\/\/psol50.org.br\/fernanda-melchionna-apresenta-projeto-que-cria-selo-empresa-machista-para-combater-desigualdade-salarial\/","name":"Fernanda Melchionna apresenta projeto que cria selo \"Empresa Machista\" para combater desigualdade salarial - PSOL 50","isPartOf":{"@id":"https:\/\/psol50.org.br\/#website"},"primaryImageOfPage":{"@id":"https:\/\/psol50.org.br\/fernanda-melchionna-apresenta-projeto-que-cria-selo-empresa-machista-para-combater-desigualdade-salarial\/#primaryimage"},"image":{"@id":"https:\/\/psol50.org.br\/fernanda-melchionna-apresenta-projeto-que-cria-selo-empresa-machista-para-combater-desigualdade-salarial\/#primaryimage"},"thumbnailUrl":"https:\/\/psol50.org.br\/inc\/uploads\/2019\/02\/EDE_4114.jpg","datePublished":"2019-02-08T16:26:14+00:00","breadcrumb":{"@id":"https:\/\/psol50.org.br\/fernanda-melchionna-apresenta-projeto-que-cria-selo-empresa-machista-para-combater-desigualdade-salarial\/#breadcrumb"},"inLanguage":"pt-BR","potentialAction":[{"@type":"ReadAction","target":["https:\/\/psol50.org.br\/fernanda-melchionna-apresenta-projeto-que-cria-selo-empresa-machista-para-combater-desigualdade-salarial\/"]}]},{"@type":"ImageObject","inLanguage":"pt-BR","@id":"https:\/\/psol50.org.br\/fernanda-melchionna-apresenta-projeto-que-cria-selo-empresa-machista-para-combater-desigualdade-salarial\/#primaryimage","url":"https:\/\/psol50.org.br\/inc\/uploads\/2019\/02\/EDE_4114.jpg","contentUrl":"https:\/\/psol50.org.br\/inc\/uploads\/2019\/02\/EDE_4114.jpg","width":1772,"height":1178},{"@type":"BreadcrumbList","@id":"https:\/\/psol50.org.br\/fernanda-melchionna-apresenta-projeto-que-cria-selo-empresa-machista-para-combater-desigualdade-salarial\/#breadcrumb","itemListElement":[{"@type":"ListItem","position":1,"name":"In\u00edcio","item":"https:\/\/psol50.org.br\/"},{"@type":"ListItem","position":2,"name":"Fernanda Melchionna apresenta projeto que cria selo &#8220;Empresa Machista&#8221; para combater desigualdade salarial"}]},{"@type":"WebSite","@id":"https:\/\/psol50.org.br\/#website","url":"https:\/\/psol50.org.br\/","name":"PSOL 50","description":"Site oficial do Partido Socialismo e Liberdade","publisher":{"@id":"https:\/\/psol50.org.br\/#organization"},"alternateName":"PSOL50","potentialAction":[{"@type":"SearchAction","target":{"@type":"EntryPoint","urlTemplate":"https:\/\/psol50.org.br\/?s={search_term_string}"},"query-input":{"@type":"PropertyValueSpecification","valueRequired":true,"valueName":"search_term_string"}}],"inLanguage":"pt-BR"},{"@type":"Organization","@id":"https:\/\/psol50.org.br\/#organization","name":"PSOL 50","alternateName":"PSOL 50","url":"https:\/\/psol50.org.br\/","logo":{"@type":"ImageObject","inLanguage":"pt-BR","@id":"https:\/\/psol50.org.br\/#\/schema\/logo\/image\/","url":"https:\/\/psol50.org.br\/inc\/uploads\/2018\/07\/capa.png","contentUrl":"https:\/\/psol50.org.br\/inc\/uploads\/2018\/07\/capa.png","width":1350,"height":900,"caption":"PSOL 50"},"image":{"@id":"https:\/\/psol50.org.br\/#\/schema\/logo\/image\/"},"sameAs":["https:\/\/www.facebook.com\/psol50","https:\/\/x.com\/psol50","https:\/\/www.instagram.com\/psol50\/","https:\/\/www.youtube.com\/channel\/UC7SnJS5o1os7a6CaiNabzcg"]},{"@type":"Person","@id":"https:\/\/psol50.org.br\/#\/schema\/person\/475dfa57d0b815993c714c2e96491fcd","name":"Comunica\u00e7\u00e3o PSOL","image":{"@type":"ImageObject","inLanguage":"pt-BR","@id":"https:\/\/psol50.org.br\/#\/schema\/person\/image\/","url":"https:\/\/secure.gravatar.com\/avatar\/b34fc4f4e468a4e51785917065a3db57b841f5c95dba6ad8c73aaf8f66f8f9bf?s=96&d=mm&r=g","contentUrl":"https:\/\/secure.gravatar.com\/avatar\/b34fc4f4e468a4e51785917065a3db57b841f5c95dba6ad8c73aaf8f66f8f9bf?s=96&d=mm&r=g","caption":"Comunica\u00e7\u00e3o PSOL"}}]}},"_links":{"self":[{"href":"https:\/\/psol50.org.br\/rest\/wp\/v2\/posts\/24171","targetHints":{"allow":["GET"]}}],"collection":[{"href":"https:\/\/psol50.org.br\/rest\/wp\/v2\/posts"}],"about":[{"href":"https:\/\/psol50.org.br\/rest\/wp\/v2\/types\/post"}],"author":[{"embeddable":true,"href":"https:\/\/psol50.org.br\/rest\/wp\/v2\/users\/2"}],"replies":[{"embeddable":true,"href":"https:\/\/psol50.org.br\/rest\/wp\/v2\/comments?post=24171"}],"version-history":[{"count":0,"href":"https:\/\/psol50.org.br\/rest\/wp\/v2\/posts\/24171\/revisions"}],"wp:featuredmedia":[{"embeddable":true,"href":"https:\/\/psol50.org.br\/rest\/wp\/v2\/media\/24173"}],"wp:attachment":[{"href":"https:\/\/psol50.org.br\/rest\/wp\/v2\/media?parent=24171"}],"wp:term":[{"taxonomy":"category","embeddable":true,"href":"https:\/\/psol50.org.br\/rest\/wp\/v2\/categories?post=24171"},{"taxonomy":"post_tag","embeddable":true,"href":"https:\/\/psol50.org.br\/rest\/wp\/v2\/tags?post=24171"}],"curies":[{"name":"wp","href":"https:\/\/api.w.org\/{rel}","templated":true}]}}