{"id":2419,"date":"2013-11-12T00:00:00","date_gmt":"2013-11-12T00:00:00","guid":{"rendered":"http:\/\/psol50.org.br\/arquivo\/2013\/11\/12\/belo-monte-decisao-que-autorizou-retomada-das-obras-e-nula\/"},"modified":"2013-11-12T00:00:00","modified_gmt":"2013-11-12T00:00:00","slug":"belo-monte-decisao-que-autorizou-retomada-das-obras-e-nula","status":"publish","type":"post","link":"https:\/\/psol50.org.br\/belo-monte-decisao-que-autorizou-retomada-das-obras-e-nula\/","title":{"rendered":"Belo Monte: decis\u00e3o que autorizou retomada das obras \u00e9 nula"},"content":{"rendered":"<p style=\"text-align: justify;\">\n\t<em style=\"font-size: 12px;\">A afirma\u00e7\u00e3o \u00e9 do MPF. Of\u00edcio enviado ao PGR pede que caso seja levado ao Supremo Tribunal Federal<\/em><\/p>\n<p>\t<span style=\"font-size: 12px;\">A Procuradoria Regional da Rep\u00fablica da 1\u00aa Regi\u00e3o (PRR1), \u00f3rg\u00e3o do MPF, enviou na \u00faltima&nbsp;quinta-feira (7), of\u00edcio ao procurador-geral da Rep\u00fablica solicitando o ajuizamento de Reclama\u00e7\u00e3o no Supremo Tribunal Federal contra decis\u00e3o do presidente do TRF da 1\u00aa Regi\u00e3o que autorizou a retomada das obras da Usina de Belo Monte. Segundo o MPF, a decis\u00e3o do desembargador M\u00e1rio C\u00e9sar Ribeiro \u00e9 nula.<\/span><\/p>\n<p>\t<span style=\"font-size: 12px;\">No of\u00edcio, o procurador regional da Rep\u00fablica Renato Brill afirma que, diante da liminar concedida pelo relator do processo, desembargador Souza Prudente, que ordenou a paralisa\u00e7\u00e3o das obras, caberia ao Ibama interpor recurso pr\u00f3prio ou eventualmente postular a Suspens\u00e3o da Execu\u00e7\u00e3o da Antecipa\u00e7\u00e3o da Tutela (SLAT) junto ao presidente do STF. Segundo o procurador, a Suprema Corte \u00e9 o \u00f3rg\u00e3o do Poder Judici\u00e1rio a quem cabe conhecer do recurso futuro (RE), j\u00e1&nbsp; que a causa de pedir veicula tema constitucional.<\/span><\/p>\n<p>\t<span style=\"font-size: 12px;\">O que aconteceu, no entanto, foi um pedido ao pr\u00f3prio presidente do TRF1, desembargador M\u00e1rio C\u00e9sar Ribeiro, que cassou a decis\u00e3o do relator do processo e permitiu a continuidade do empreendimento. O of\u00edcio pede, ent\u00e3o, que o PGR avalie&nbsp; a oportunidade de ajuizamento da Reclama\u00e7\u00e3o&nbsp; perante o Supremo&nbsp; requerendo a anula\u00e7\u00e3o da decis\u00e3o de Ribeiro, por usurpar a compet\u00eancia que \u00e9 do pr\u00f3prio STF.<\/span><\/p>\n<p>\t<span style=\"font-size: 12px;\">A Reclama\u00e7\u00e3o \u00e9 um processo sobre compet\u00eancia, previsto no artigo 156, do Regimento Interno do STF.<\/span><\/p>\n<p>\t<strong style=\"font-size: 12px;\">Entenda o caso<\/strong><br \/>\n\t<span style=\"font-size: 12px;\">MPF e Minist\u00e9rio P\u00fablico do Mato Grosso (MP\/MT) ajuizaram, em 2011, a\u00e7\u00e3o civil p\u00fablica&nbsp;buscando suspender a efic\u00e1cia da Licen\u00e7a de Instala\u00e7\u00e3o e da Autoriza\u00e7\u00e3o de Supress\u00e3o de Vegeta\u00e7\u00e3o (ASV), ambas relativas \u00e0 constru\u00e7\u00e3o da UHE Belo Monte.&nbsp;De acordo com o pedido do Minist\u00e9rio P\u00fablico, a Licen\u00e7a de Instala\u00e7\u00e3o n\u00e3o deveria ser emitida enquanto as condicionantes previstas na Licen\u00e7a Pr\u00e9via&nbsp; n\u00e3o fossem integralmente cumpridas. A a\u00e7\u00e3o tamb\u00e9m pretende que o Banco Nacional de Desenvolvimento Econ\u00f4mico e Social (BNDES) n\u00e3o repasse nenhum recurso para Belo Monte enquanto n\u00e3o cumpridas as condicionantes.&nbsp;<\/span><\/p>\n<p>\t<span style=\"font-size: 12px;\">O processo foi extinto sem julgamento do m\u00e9rito pelo juiz de 1\u00aa inst\u00e2ncia sob a alega\u00e7\u00e3o de perda de interesse processual. O argumento do magistrado foi que j\u00e1 haveria outra Licen\u00e7a de Instala\u00e7\u00e3o que revogou a que o MPF buscava suspender. Diante dessa senten\u00e7a, o MPF recorreu ao TRF1 e obteve uma liminar do desembargador Souza Prudente, que ordenou a paralisa\u00e7\u00e3o das obras.<\/span><\/p>\n<p>\t<span style=\"font-size: 12px;\">O Ibama, ent\u00e3o, interp\u00f4s o pedido de suspens\u00e3o de seguran\u00e7a ao pr\u00f3prio presidente do TRF1, que decidiu em sentido contr\u00e1rio a Prudente e determinou a retomada dos trabalhos em Belo Monte.<\/span><\/p>\n","protected":false},"excerpt":{"rendered":"<p>A afirma\u00e7\u00e3o \u00e9 do MPF. Of\u00edcio enviado ao PGR pede que caso seja levado ao Supremo Tribunal Federal A Procuradoria Regional da Rep\u00fablica da 1\u00aa Regi\u00e3o (PRR1), \u00f3rg\u00e3o do MPF, enviou na \u00faltima&nbsp;quinta-feira (7), of\u00edcio ao procurador-geral da Rep\u00fablica solicitando o ajuizamento de Reclama\u00e7\u00e3o no Supremo Tribunal Federal contra decis\u00e3o do presidente do TRF da [&hellip;]<\/p>\n","protected":false},"author":2,"featured_media":0,"comment_status":"open","ping_status":"open","sticky":false,"template":"","format":"standard","meta":{"_acf_changed":false,"footnotes":""},"categories":[4766,6],"tags":[],"class_list":{"0":"post-2419","1":"post","2":"type-post","3":"status-publish","4":"format-standard","6":"category-arquivo","7":"category-noticias"},"acf":[],"yoast_head":"<!-- This site is optimized with the Yoast SEO plugin v26.5 - https:\/\/yoast.com\/wordpress\/plugins\/seo\/ -->\n<title>Belo Monte: decis\u00e3o que autorizou retomada das obras \u00e9 nula - PSOL 50<\/title>\n<meta name=\"robots\" content=\"index, follow, max-snippet:-1, max-image-preview:large, max-video-preview:-1\" \/>\n<link rel=\"canonical\" href=\"https:\/\/psol50.org.br\/belo-monte-decisao-que-autorizou-retomada-das-obras-e-nula\/\" \/>\n<meta property=\"og:locale\" content=\"pt_BR\" \/>\n<meta property=\"og:type\" content=\"article\" \/>\n<meta property=\"og:title\" content=\"Belo Monte: decis\u00e3o que autorizou retomada das obras \u00e9 nula - PSOL 50\" \/>\n<meta property=\"og:description\" content=\"A afirma\u00e7\u00e3o \u00e9 do MPF. Of\u00edcio enviado ao PGR pede que caso seja levado ao Supremo Tribunal Federal A Procuradoria Regional da Rep\u00fablica da 1\u00aa Regi\u00e3o (PRR1), \u00f3rg\u00e3o do MPF, enviou na \u00faltima&nbsp;quinta-feira (7), of\u00edcio ao procurador-geral da Rep\u00fablica solicitando o ajuizamento de Reclama\u00e7\u00e3o no Supremo Tribunal Federal contra decis\u00e3o do presidente do TRF da [&hellip;]\" \/>\n<meta property=\"og:url\" content=\"https:\/\/psol50.org.br\/belo-monte-decisao-que-autorizou-retomada-das-obras-e-nula\/\" \/>\n<meta property=\"og:site_name\" content=\"PSOL 50\" \/>\n<meta property=\"article:publisher\" content=\"https:\/\/www.facebook.com\/psol50\" \/>\n<meta property=\"article:published_time\" content=\"2013-11-12T00:00:00+00:00\" \/>\n<meta property=\"og:image\" content=\"https:\/\/psol50.org.br\/inc\/uploads\/2018\/07\/capa.png\" \/>\n\t<meta property=\"og:image:width\" content=\"1350\" \/>\n\t<meta property=\"og:image:height\" content=\"900\" \/>\n\t<meta property=\"og:image:type\" content=\"image\/png\" \/>\n<meta name=\"author\" content=\"Comunica\u00e7\u00e3o PSOL\" \/>\n<meta name=\"twitter:card\" content=\"summary_large_image\" \/>\n<meta name=\"twitter:creator\" content=\"@psol50\" \/>\n<meta name=\"twitter:site\" content=\"@psol50\" \/>\n<meta name=\"twitter:label1\" content=\"Escrito por\" \/>\n\t<meta name=\"twitter:data1\" content=\"Comunica\u00e7\u00e3o PSOL\" \/>\n\t<meta name=\"twitter:label2\" content=\"Est. tempo de leitura\" \/>\n\t<meta name=\"twitter:data2\" content=\"2 minutos\" \/>\n<script type=\"application\/ld+json\" class=\"yoast-schema-graph\">{\"@context\":\"https:\/\/schema.org\",\"@graph\":[{\"@type\":\"Article\",\"@id\":\"https:\/\/psol50.org.br\/belo-monte-decisao-que-autorizou-retomada-das-obras-e-nula\/#article\",\"isPartOf\":{\"@id\":\"https:\/\/psol50.org.br\/belo-monte-decisao-que-autorizou-retomada-das-obras-e-nula\/\"},\"author\":{\"name\":\"Comunica\u00e7\u00e3o PSOL\",\"@id\":\"https:\/\/psol50.org.br\/#\/schema\/person\/475dfa57d0b815993c714c2e96491fcd\"},\"headline\":\"Belo Monte: decis\u00e3o que autorizou retomada das obras \u00e9 nula\",\"datePublished\":\"2013-11-12T00:00:00+00:00\",\"mainEntityOfPage\":{\"@id\":\"https:\/\/psol50.org.br\/belo-monte-decisao-que-autorizou-retomada-das-obras-e-nula\/\"},\"wordCount\":509,\"commentCount\":0,\"publisher\":{\"@id\":\"https:\/\/psol50.org.br\/#organization\"},\"articleSection\":[\"Arquivo\",\"Not\u00edcias\"],\"inLanguage\":\"pt-BR\",\"potentialAction\":[{\"@type\":\"CommentAction\",\"name\":\"Comment\",\"target\":[\"https:\/\/psol50.org.br\/belo-monte-decisao-que-autorizou-retomada-das-obras-e-nula\/#respond\"]}]},{\"@type\":\"WebPage\",\"@id\":\"https:\/\/psol50.org.br\/belo-monte-decisao-que-autorizou-retomada-das-obras-e-nula\/\",\"url\":\"https:\/\/psol50.org.br\/belo-monte-decisao-que-autorizou-retomada-das-obras-e-nula\/\",\"name\":\"Belo Monte: decis\u00e3o que autorizou retomada das obras \u00e9 nula - PSOL 50\",\"isPartOf\":{\"@id\":\"https:\/\/psol50.org.br\/#website\"},\"datePublished\":\"2013-11-12T00:00:00+00:00\",\"breadcrumb\":{\"@id\":\"https:\/\/psol50.org.br\/belo-monte-decisao-que-autorizou-retomada-das-obras-e-nula\/#breadcrumb\"},\"inLanguage\":\"pt-BR\",\"potentialAction\":[{\"@type\":\"ReadAction\",\"target\":[\"https:\/\/psol50.org.br\/belo-monte-decisao-que-autorizou-retomada-das-obras-e-nula\/\"]}]},{\"@type\":\"BreadcrumbList\",\"@id\":\"https:\/\/psol50.org.br\/belo-monte-decisao-que-autorizou-retomada-das-obras-e-nula\/#breadcrumb\",\"itemListElement\":[{\"@type\":\"ListItem\",\"position\":1,\"name\":\"In\u00edcio\",\"item\":\"https:\/\/psol50.org.br\/\"},{\"@type\":\"ListItem\",\"position\":2,\"name\":\"Belo Monte: decis\u00e3o que autorizou retomada das obras \u00e9 nula\"}]},{\"@type\":\"WebSite\",\"@id\":\"https:\/\/psol50.org.br\/#website\",\"url\":\"https:\/\/psol50.org.br\/\",\"name\":\"PSOL 50\",\"description\":\"Site oficial do Partido Socialismo e Liberdade\",\"publisher\":{\"@id\":\"https:\/\/psol50.org.br\/#organization\"},\"alternateName\":\"PSOL50\",\"potentialAction\":[{\"@type\":\"SearchAction\",\"target\":{\"@type\":\"EntryPoint\",\"urlTemplate\":\"https:\/\/psol50.org.br\/?s={search_term_string}\"},\"query-input\":{\"@type\":\"PropertyValueSpecification\",\"valueRequired\":true,\"valueName\":\"search_term_string\"}}],\"inLanguage\":\"pt-BR\"},{\"@type\":\"Organization\",\"@id\":\"https:\/\/psol50.org.br\/#organization\",\"name\":\"PSOL 50\",\"alternateName\":\"PSOL 50\",\"url\":\"https:\/\/psol50.org.br\/\",\"logo\":{\"@type\":\"ImageObject\",\"inLanguage\":\"pt-BR\",\"@id\":\"https:\/\/psol50.org.br\/#\/schema\/logo\/image\/\",\"url\":\"https:\/\/psol50.org.br\/inc\/uploads\/2018\/07\/capa.png\",\"contentUrl\":\"https:\/\/psol50.org.br\/inc\/uploads\/2018\/07\/capa.png\",\"width\":1350,\"height\":900,\"caption\":\"PSOL 50\"},\"image\":{\"@id\":\"https:\/\/psol50.org.br\/#\/schema\/logo\/image\/\"},\"sameAs\":[\"https:\/\/www.facebook.com\/psol50\",\"https:\/\/x.com\/psol50\",\"https:\/\/www.instagram.com\/psol50\/\",\"https:\/\/www.youtube.com\/channel\/UC7SnJS5o1os7a6CaiNabzcg\"]},{\"@type\":\"Person\",\"@id\":\"https:\/\/psol50.org.br\/#\/schema\/person\/475dfa57d0b815993c714c2e96491fcd\",\"name\":\"Comunica\u00e7\u00e3o PSOL\",\"image\":{\"@type\":\"ImageObject\",\"inLanguage\":\"pt-BR\",\"@id\":\"https:\/\/psol50.org.br\/#\/schema\/person\/image\/\",\"url\":\"https:\/\/secure.gravatar.com\/avatar\/b34fc4f4e468a4e51785917065a3db57b841f5c95dba6ad8c73aaf8f66f8f9bf?s=96&d=mm&r=g\",\"contentUrl\":\"https:\/\/secure.gravatar.com\/avatar\/b34fc4f4e468a4e51785917065a3db57b841f5c95dba6ad8c73aaf8f66f8f9bf?s=96&d=mm&r=g\",\"caption\":\"Comunica\u00e7\u00e3o PSOL\"}}]}<\/script>\n<!-- \/ Yoast SEO plugin. -->","yoast_head_json":{"title":"Belo Monte: decis\u00e3o que autorizou retomada das obras \u00e9 nula - PSOL 50","robots":{"index":"index","follow":"follow","max-snippet":"max-snippet:-1","max-image-preview":"max-image-preview:large","max-video-preview":"max-video-preview:-1"},"canonical":"https:\/\/psol50.org.br\/belo-monte-decisao-que-autorizou-retomada-das-obras-e-nula\/","og_locale":"pt_BR","og_type":"article","og_title":"Belo Monte: decis\u00e3o que autorizou retomada das obras \u00e9 nula - PSOL 50","og_description":"A afirma\u00e7\u00e3o \u00e9 do MPF. Of\u00edcio enviado ao PGR pede que caso seja levado ao Supremo Tribunal Federal A Procuradoria Regional da Rep\u00fablica da 1\u00aa Regi\u00e3o (PRR1), \u00f3rg\u00e3o do MPF, enviou na \u00faltima&nbsp;quinta-feira (7), of\u00edcio ao procurador-geral da Rep\u00fablica solicitando o ajuizamento de Reclama\u00e7\u00e3o no Supremo Tribunal Federal contra decis\u00e3o do presidente do TRF da [&hellip;]","og_url":"https:\/\/psol50.org.br\/belo-monte-decisao-que-autorizou-retomada-das-obras-e-nula\/","og_site_name":"PSOL 50","article_publisher":"https:\/\/www.facebook.com\/psol50","article_published_time":"2013-11-12T00:00:00+00:00","og_image":[{"width":1350,"height":900,"url":"https:\/\/psol50.org.br\/inc\/uploads\/2018\/07\/capa.png","type":"image\/png"}],"author":"Comunica\u00e7\u00e3o PSOL","twitter_card":"summary_large_image","twitter_creator":"@psol50","twitter_site":"@psol50","twitter_misc":{"Escrito por":"Comunica\u00e7\u00e3o PSOL","Est. tempo de leitura":"2 minutos"},"schema":{"@context":"https:\/\/schema.org","@graph":[{"@type":"Article","@id":"https:\/\/psol50.org.br\/belo-monte-decisao-que-autorizou-retomada-das-obras-e-nula\/#article","isPartOf":{"@id":"https:\/\/psol50.org.br\/belo-monte-decisao-que-autorizou-retomada-das-obras-e-nula\/"},"author":{"name":"Comunica\u00e7\u00e3o PSOL","@id":"https:\/\/psol50.org.br\/#\/schema\/person\/475dfa57d0b815993c714c2e96491fcd"},"headline":"Belo Monte: decis\u00e3o que autorizou retomada das obras \u00e9 nula","datePublished":"2013-11-12T00:00:00+00:00","mainEntityOfPage":{"@id":"https:\/\/psol50.org.br\/belo-monte-decisao-que-autorizou-retomada-das-obras-e-nula\/"},"wordCount":509,"commentCount":0,"publisher":{"@id":"https:\/\/psol50.org.br\/#organization"},"articleSection":["Arquivo","Not\u00edcias"],"inLanguage":"pt-BR","potentialAction":[{"@type":"CommentAction","name":"Comment","target":["https:\/\/psol50.org.br\/belo-monte-decisao-que-autorizou-retomada-das-obras-e-nula\/#respond"]}]},{"@type":"WebPage","@id":"https:\/\/psol50.org.br\/belo-monte-decisao-que-autorizou-retomada-das-obras-e-nula\/","url":"https:\/\/psol50.org.br\/belo-monte-decisao-que-autorizou-retomada-das-obras-e-nula\/","name":"Belo Monte: decis\u00e3o que autorizou retomada das obras \u00e9 nula - PSOL 50","isPartOf":{"@id":"https:\/\/psol50.org.br\/#website"},"datePublished":"2013-11-12T00:00:00+00:00","breadcrumb":{"@id":"https:\/\/psol50.org.br\/belo-monte-decisao-que-autorizou-retomada-das-obras-e-nula\/#breadcrumb"},"inLanguage":"pt-BR","potentialAction":[{"@type":"ReadAction","target":["https:\/\/psol50.org.br\/belo-monte-decisao-que-autorizou-retomada-das-obras-e-nula\/"]}]},{"@type":"BreadcrumbList","@id":"https:\/\/psol50.org.br\/belo-monte-decisao-que-autorizou-retomada-das-obras-e-nula\/#breadcrumb","itemListElement":[{"@type":"ListItem","position":1,"name":"In\u00edcio","item":"https:\/\/psol50.org.br\/"},{"@type":"ListItem","position":2,"name":"Belo Monte: decis\u00e3o que autorizou retomada das obras \u00e9 nula"}]},{"@type":"WebSite","@id":"https:\/\/psol50.org.br\/#website","url":"https:\/\/psol50.org.br\/","name":"PSOL 50","description":"Site oficial do Partido Socialismo e Liberdade","publisher":{"@id":"https:\/\/psol50.org.br\/#organization"},"alternateName":"PSOL50","potentialAction":[{"@type":"SearchAction","target":{"@type":"EntryPoint","urlTemplate":"https:\/\/psol50.org.br\/?s={search_term_string}"},"query-input":{"@type":"PropertyValueSpecification","valueRequired":true,"valueName":"search_term_string"}}],"inLanguage":"pt-BR"},{"@type":"Organization","@id":"https:\/\/psol50.org.br\/#organization","name":"PSOL 50","alternateName":"PSOL 50","url":"https:\/\/psol50.org.br\/","logo":{"@type":"ImageObject","inLanguage":"pt-BR","@id":"https:\/\/psol50.org.br\/#\/schema\/logo\/image\/","url":"https:\/\/psol50.org.br\/inc\/uploads\/2018\/07\/capa.png","contentUrl":"https:\/\/psol50.org.br\/inc\/uploads\/2018\/07\/capa.png","width":1350,"height":900,"caption":"PSOL 50"},"image":{"@id":"https:\/\/psol50.org.br\/#\/schema\/logo\/image\/"},"sameAs":["https:\/\/www.facebook.com\/psol50","https:\/\/x.com\/psol50","https:\/\/www.instagram.com\/psol50\/","https:\/\/www.youtube.com\/channel\/UC7SnJS5o1os7a6CaiNabzcg"]},{"@type":"Person","@id":"https:\/\/psol50.org.br\/#\/schema\/person\/475dfa57d0b815993c714c2e96491fcd","name":"Comunica\u00e7\u00e3o PSOL","image":{"@type":"ImageObject","inLanguage":"pt-BR","@id":"https:\/\/psol50.org.br\/#\/schema\/person\/image\/","url":"https:\/\/secure.gravatar.com\/avatar\/b34fc4f4e468a4e51785917065a3db57b841f5c95dba6ad8c73aaf8f66f8f9bf?s=96&d=mm&r=g","contentUrl":"https:\/\/secure.gravatar.com\/avatar\/b34fc4f4e468a4e51785917065a3db57b841f5c95dba6ad8c73aaf8f66f8f9bf?s=96&d=mm&r=g","caption":"Comunica\u00e7\u00e3o PSOL"}}]}},"_links":{"self":[{"href":"https:\/\/psol50.org.br\/rest\/wp\/v2\/posts\/2419","targetHints":{"allow":["GET"]}}],"collection":[{"href":"https:\/\/psol50.org.br\/rest\/wp\/v2\/posts"}],"about":[{"href":"https:\/\/psol50.org.br\/rest\/wp\/v2\/types\/post"}],"author":[{"embeddable":true,"href":"https:\/\/psol50.org.br\/rest\/wp\/v2\/users\/2"}],"replies":[{"embeddable":true,"href":"https:\/\/psol50.org.br\/rest\/wp\/v2\/comments?post=2419"}],"version-history":[{"count":0,"href":"https:\/\/psol50.org.br\/rest\/wp\/v2\/posts\/2419\/revisions"}],"wp:attachment":[{"href":"https:\/\/psol50.org.br\/rest\/wp\/v2\/media?parent=2419"}],"wp:term":[{"taxonomy":"category","embeddable":true,"href":"https:\/\/psol50.org.br\/rest\/wp\/v2\/categories?post=2419"},{"taxonomy":"post_tag","embeddable":true,"href":"https:\/\/psol50.org.br\/rest\/wp\/v2\/tags?post=2419"}],"curies":[{"name":"wp","href":"https:\/\/api.w.org\/{rel}","templated":true}]}}