{"id":24202,"date":"2019-02-12T11:26:57","date_gmt":"2019-02-12T13:26:57","guid":{"rendered":"http:\/\/psol50.org.br\/?p=24202"},"modified":"2019-02-12T11:26:57","modified_gmt":"2019-02-12T13:26:57","slug":"projeto-de-aurea-carolina-quer-revogar-retrocessos-de-bolsonaro-nos-direitos-indigenas","status":"publish","type":"post","link":"https:\/\/psol50.org.br\/projeto-de-aurea-carolina-quer-revogar-retrocessos-de-bolsonaro-nos-direitos-indigenas\/","title":{"rendered":"Projeto de \u00c1urea Carolina quer revogar retrocessos de Bolsonaro nos direitos ind\u00edgenas"},"content":{"rendered":"\n<p>Nesta segunda-feira (11), os deputados \u00c1urea Carolina (PSOL\/MG) e Camilo Capiberibe (PSB\/AP) protocolaram na C\u00e2mara dois projetos que revertem mudan\u00e7as feitas pelo Governo Bolsonaro e que representam retrocessos nos direitos ind\u00edgenas. <\/p>\n\n\n\n<p>A a\u00e7\u00e3o foi acompanhada por Sonia Bone Guajajara, da Articula\u00e7\u00e3o dos Povos Ind\u00edgenas do Brasil (Apib) e candidata \u00e0 vice-Presid\u00eancia pelo PSOL em 2018, e Val\u00e9ria Paye Pereira, da Coordena\u00e7\u00e3o das Organiza\u00e7\u00f5es Ind\u00edgenas da Amaz\u00f4nia Brasileira (Coiab).<\/p>\n\n\n\n<p>As emendas reintegram \u00e0s \u00e1reas de compet\u00eancia do Minist\u00e9rio da Justi\u00e7a e Seguran\u00e7a P\u00fablica (MJ) as atribui\u00e7\u00f5es sobre os direitos dos povos ind\u00edgenas que a MP 870\/19 havia transferido para o Minist\u00e9rio da Mulher, da Fam\u00edlia e dos Direitos Humanos. Isso porque a pasta n\u00e3o possui aparato institucional para conflitos que envolvam a posse de terra e o uso dos recursos naturais.<\/p>\n\n\n\n<p>Com a coopera\u00e7\u00e3o de t\u00e9cnicos da Apib, propomos tamb\u00e9m a reatribui\u00e7\u00e3o de identifica\u00e7\u00e3o delimita\u00e7\u00e3o e demarca\u00e7\u00e3o de terras ind\u00edgenas no pa\u00eds ao Minist\u00e9rio da Justi\u00e7a, no qual est\u00e1 alocada a Funda\u00e7\u00e3o Nacional do \u00cdndio (Funai). <\/p>\n\n\n\n<p>\u201cTerras de uso coletivo, que garantem a dignidade e as culturas singulares dos povos ind\u00edgenas, n\u00e3o podem ser submetidas \u00e0 explora\u00e7\u00e3o econ\u00f4mica privada que pauta as a\u00e7\u00f5es do Minist\u00e9rio da Agricultura, Pecu\u00e1ria e Abastecimento (Mapa), ligado a interesses ruralistas e do agroneg\u00f3cio.\u201d, justifica \u00c1urea.<\/p>\n\n\n\n<p>Nesse mesmo ano, as atribui\u00e7\u00f5es tinham sido transferidas para o Mapa por meio da Medida Provis\u00f3ria editada pelo governo Bolsonaro.<\/p>\n\n\n\n<p>\u201cEditada sem a participa\u00e7\u00e3o dos povos ind\u00edgenas, a MP 870\/19 quer desmontar uma pol\u00edtica indigenista conquistada depois de s\u00e9culos de luta e resist\u00eancia. Seguimos juntas contra esse ataque direto \u00e0s vidas e direitos desses povos, em prol do bem viver, da retomada das terras e da justi\u00e7a social. Com os povos ind\u00edgenas n\u00f3s lutamos!\u201d, defende a deputada.<\/p>\n","protected":false},"excerpt":{"rendered":"<p>Nesta segunda-feira (11), os deputados \u00c1urea Carolina (PSOL\/MG) e Camilo Capiberibe (PSB\/AP) protocolaram na C\u00e2mara dois projetos que revertem mudan\u00e7as feitas pelo Governo Bolsonaro e que representam retrocessos nos direitos ind\u00edgenas. A a\u00e7\u00e3o foi acompanhada por Sonia Bone Guajajara, da Articula\u00e7\u00e3o dos Povos Ind\u00edgenas do Brasil (Apib) e candidata \u00e0 vice-Presid\u00eancia pelo PSOL em 2018, [&hellip;]<\/p>\n","protected":false},"author":2,"featured_media":24204,"comment_status":"closed","ping_status":"open","sticky":false,"template":"","format":"standard","meta":{"_acf_changed":false,"footnotes":""},"categories":[6],"tags":[123,29,56,709,533,891,1715],"class_list":{"0":"post-24202","1":"post","2":"type-post","3":"status-publish","4":"format-standard","5":"has-post-thumbnail","7":"category-noticias","8":"tag-apib","9":"tag-aurea-carolina","10":"tag-bolsonaro","11":"tag-camara-dos-deputados","12":"tag-funai","13":"tag-ministerio-da-justica","14":"tag-sonia-bone-guajajara"},"acf":[],"yoast_head":"<!-- This site is optimized with the Yoast SEO plugin v26.5 - https:\/\/yoast.com\/wordpress\/plugins\/seo\/ -->\n<title>Projeto de \u00c1urea Carolina quer revogar retrocessos de Bolsonaro nos direitos ind\u00edgenas - PSOL 50<\/title>\n<meta name=\"robots\" content=\"index, follow, max-snippet:-1, max-image-preview:large, max-video-preview:-1\" \/>\n<link rel=\"canonical\" href=\"https:\/\/psol50.org.br\/projeto-de-aurea-carolina-quer-revogar-retrocessos-de-bolsonaro-nos-direitos-indigenas\/\" \/>\n<meta property=\"og:locale\" content=\"pt_BR\" \/>\n<meta property=\"og:type\" content=\"article\" \/>\n<meta property=\"og:title\" content=\"Projeto de \u00c1urea Carolina quer revogar retrocessos de Bolsonaro nos direitos ind\u00edgenas\" \/>\n<meta property=\"og:description\" content=\"Conhe\u00e7a os projetos criados em parceria com Camilo Capiberibe (PSB\/AP) e os movimentos ind\u00edgenas.\" \/>\n<meta property=\"og:url\" content=\"https:\/\/psol50.org.br\/projeto-de-aurea-carolina-quer-revogar-retrocessos-de-bolsonaro-nos-direitos-indigenas\/\" \/>\n<meta property=\"og:site_name\" content=\"PSOL 50\" \/>\n<meta property=\"article:publisher\" content=\"https:\/\/www.facebook.com\/psol50\" \/>\n<meta property=\"article:published_time\" content=\"2019-02-12T13:26:57+00:00\" \/>\n<meta property=\"og:image\" content=\"https:\/\/psol50.org.br\/inc\/uploads\/2019\/02\/34416203915_7ca2cf423c_k.jpg\" \/>\n\t<meta property=\"og:image:width\" content=\"1807\" \/>\n\t<meta property=\"og:image:height\" content=\"1200\" \/>\n\t<meta property=\"og:image:type\" content=\"image\/jpeg\" \/>\n<meta name=\"author\" content=\"Comunica\u00e7\u00e3o PSOL\" \/>\n<meta name=\"twitter:card\" content=\"summary_large_image\" \/>\n<meta name=\"twitter:title\" content=\"Projeto de \u00c1urea Carolina quer revogar retrocessos de Bolsonaro nos direitos ind\u00edgenas\" \/>\n<meta name=\"twitter:description\" content=\"Conhe\u00e7a os projetos criados em parceria com Camilo Capiberibe (PSB\/AP) e os movimentos ind\u00edgenas.\" \/>\n<meta name=\"twitter:image\" content=\"https:\/\/psol50.org.br\/inc\/uploads\/2019\/02\/34416203915_7ca2cf423c_k.jpg\" \/>\n<meta name=\"twitter:creator\" content=\"@psol50\" \/>\n<meta name=\"twitter:site\" content=\"@psol50\" \/>\n<meta name=\"twitter:label1\" content=\"Escrito por\" \/>\n\t<meta name=\"twitter:data1\" content=\"Comunica\u00e7\u00e3o PSOL\" \/>\n\t<meta name=\"twitter:label2\" content=\"Est. tempo de leitura\" \/>\n\t<meta name=\"twitter:data2\" content=\"2 minutos\" \/>\n<script type=\"application\/ld+json\" class=\"yoast-schema-graph\">{\"@context\":\"https:\/\/schema.org\",\"@graph\":[{\"@type\":\"Article\",\"@id\":\"https:\/\/psol50.org.br\/projeto-de-aurea-carolina-quer-revogar-retrocessos-de-bolsonaro-nos-direitos-indigenas\/#article\",\"isPartOf\":{\"@id\":\"https:\/\/psol50.org.br\/projeto-de-aurea-carolina-quer-revogar-retrocessos-de-bolsonaro-nos-direitos-indigenas\/\"},\"author\":{\"name\":\"Comunica\u00e7\u00e3o PSOL\",\"@id\":\"https:\/\/psol50.org.br\/#\/schema\/person\/475dfa57d0b815993c714c2e96491fcd\"},\"headline\":\"Projeto de \u00c1urea Carolina quer revogar retrocessos de Bolsonaro nos direitos ind\u00edgenas\",\"datePublished\":\"2019-02-12T13:26:57+00:00\",\"mainEntityOfPage\":{\"@id\":\"https:\/\/psol50.org.br\/projeto-de-aurea-carolina-quer-revogar-retrocessos-de-bolsonaro-nos-direitos-indigenas\/\"},\"wordCount\":347,\"publisher\":{\"@id\":\"https:\/\/psol50.org.br\/#organization\"},\"image\":{\"@id\":\"https:\/\/psol50.org.br\/projeto-de-aurea-carolina-quer-revogar-retrocessos-de-bolsonaro-nos-direitos-indigenas\/#primaryimage\"},\"thumbnailUrl\":\"https:\/\/psol50.org.br\/inc\/uploads\/2019\/02\/34416203915_7ca2cf423c_k.jpg\",\"keywords\":[\"APIB\",\"\u00c1urea Carolina\",\"Bolsonaro\",\"C\u00e2mara dos Deputados\",\"Funai\",\"Minist\u00e9rio da jUSTI\u00c7A\",\"S\u00f4nia Bone Guajajara\"],\"articleSection\":[\"Not\u00edcias\"],\"inLanguage\":\"pt-BR\"},{\"@type\":\"WebPage\",\"@id\":\"https:\/\/psol50.org.br\/projeto-de-aurea-carolina-quer-revogar-retrocessos-de-bolsonaro-nos-direitos-indigenas\/\",\"url\":\"https:\/\/psol50.org.br\/projeto-de-aurea-carolina-quer-revogar-retrocessos-de-bolsonaro-nos-direitos-indigenas\/\",\"name\":\"Projeto de \u00c1urea Carolina quer revogar retrocessos de Bolsonaro nos direitos ind\u00edgenas - PSOL 50\",\"isPartOf\":{\"@id\":\"https:\/\/psol50.org.br\/#website\"},\"primaryImageOfPage\":{\"@id\":\"https:\/\/psol50.org.br\/projeto-de-aurea-carolina-quer-revogar-retrocessos-de-bolsonaro-nos-direitos-indigenas\/#primaryimage\"},\"image\":{\"@id\":\"https:\/\/psol50.org.br\/projeto-de-aurea-carolina-quer-revogar-retrocessos-de-bolsonaro-nos-direitos-indigenas\/#primaryimage\"},\"thumbnailUrl\":\"https:\/\/psol50.org.br\/inc\/uploads\/2019\/02\/34416203915_7ca2cf423c_k.jpg\",\"datePublished\":\"2019-02-12T13:26:57+00:00\",\"breadcrumb\":{\"@id\":\"https:\/\/psol50.org.br\/projeto-de-aurea-carolina-quer-revogar-retrocessos-de-bolsonaro-nos-direitos-indigenas\/#breadcrumb\"},\"inLanguage\":\"pt-BR\",\"potentialAction\":[{\"@type\":\"ReadAction\",\"target\":[\"https:\/\/psol50.org.br\/projeto-de-aurea-carolina-quer-revogar-retrocessos-de-bolsonaro-nos-direitos-indigenas\/\"]}]},{\"@type\":\"ImageObject\",\"inLanguage\":\"pt-BR\",\"@id\":\"https:\/\/psol50.org.br\/projeto-de-aurea-carolina-quer-revogar-retrocessos-de-bolsonaro-nos-direitos-indigenas\/#primaryimage\",\"url\":\"https:\/\/psol50.org.br\/inc\/uploads\/2019\/02\/34416203915_7ca2cf423c_k.jpg\",\"contentUrl\":\"https:\/\/psol50.org.br\/inc\/uploads\/2019\/02\/34416203915_7ca2cf423c_k.jpg\",\"width\":1807,\"height\":1200,\"caption\":\"Foto: M\u00eddia NINJA \/ Mobiliza\u00e7\u00e3o Nacional Ind\u00edgena\"},{\"@type\":\"BreadcrumbList\",\"@id\":\"https:\/\/psol50.org.br\/projeto-de-aurea-carolina-quer-revogar-retrocessos-de-bolsonaro-nos-direitos-indigenas\/#breadcrumb\",\"itemListElement\":[{\"@type\":\"ListItem\",\"position\":1,\"name\":\"In\u00edcio\",\"item\":\"https:\/\/psol50.org.br\/\"},{\"@type\":\"ListItem\",\"position\":2,\"name\":\"Projeto de \u00c1urea Carolina quer revogar retrocessos de Bolsonaro nos direitos ind\u00edgenas\"}]},{\"@type\":\"WebSite\",\"@id\":\"https:\/\/psol50.org.br\/#website\",\"url\":\"https:\/\/psol50.org.br\/\",\"name\":\"PSOL 50\",\"description\":\"Site oficial do Partido Socialismo e Liberdade\",\"publisher\":{\"@id\":\"https:\/\/psol50.org.br\/#organization\"},\"alternateName\":\"PSOL50\",\"potentialAction\":[{\"@type\":\"SearchAction\",\"target\":{\"@type\":\"EntryPoint\",\"urlTemplate\":\"https:\/\/psol50.org.br\/?s={search_term_string}\"},\"query-input\":{\"@type\":\"PropertyValueSpecification\",\"valueRequired\":true,\"valueName\":\"search_term_string\"}}],\"inLanguage\":\"pt-BR\"},{\"@type\":\"Organization\",\"@id\":\"https:\/\/psol50.org.br\/#organization\",\"name\":\"PSOL 50\",\"alternateName\":\"PSOL 50\",\"url\":\"https:\/\/psol50.org.br\/\",\"logo\":{\"@type\":\"ImageObject\",\"inLanguage\":\"pt-BR\",\"@id\":\"https:\/\/psol50.org.br\/#\/schema\/logo\/image\/\",\"url\":\"https:\/\/psol50.org.br\/inc\/uploads\/2018\/07\/capa.png\",\"contentUrl\":\"https:\/\/psol50.org.br\/inc\/uploads\/2018\/07\/capa.png\",\"width\":1350,\"height\":900,\"caption\":\"PSOL 50\"},\"image\":{\"@id\":\"https:\/\/psol50.org.br\/#\/schema\/logo\/image\/\"},\"sameAs\":[\"https:\/\/www.facebook.com\/psol50\",\"https:\/\/x.com\/psol50\",\"https:\/\/www.instagram.com\/psol50\/\",\"https:\/\/www.youtube.com\/channel\/UC7SnJS5o1os7a6CaiNabzcg\"]},{\"@type\":\"Person\",\"@id\":\"https:\/\/psol50.org.br\/#\/schema\/person\/475dfa57d0b815993c714c2e96491fcd\",\"name\":\"Comunica\u00e7\u00e3o PSOL\",\"image\":{\"@type\":\"ImageObject\",\"inLanguage\":\"pt-BR\",\"@id\":\"https:\/\/psol50.org.br\/#\/schema\/person\/image\/\",\"url\":\"https:\/\/secure.gravatar.com\/avatar\/b34fc4f4e468a4e51785917065a3db57b841f5c95dba6ad8c73aaf8f66f8f9bf?s=96&d=mm&r=g\",\"contentUrl\":\"https:\/\/secure.gravatar.com\/avatar\/b34fc4f4e468a4e51785917065a3db57b841f5c95dba6ad8c73aaf8f66f8f9bf?s=96&d=mm&r=g\",\"caption\":\"Comunica\u00e7\u00e3o PSOL\"}}]}<\/script>\n<!-- \/ Yoast SEO plugin. -->","yoast_head_json":{"title":"Projeto de \u00c1urea Carolina quer revogar retrocessos de Bolsonaro nos direitos ind\u00edgenas - PSOL 50","robots":{"index":"index","follow":"follow","max-snippet":"max-snippet:-1","max-image-preview":"max-image-preview:large","max-video-preview":"max-video-preview:-1"},"canonical":"https:\/\/psol50.org.br\/projeto-de-aurea-carolina-quer-revogar-retrocessos-de-bolsonaro-nos-direitos-indigenas\/","og_locale":"pt_BR","og_type":"article","og_title":"Projeto de \u00c1urea Carolina quer revogar retrocessos de Bolsonaro nos direitos ind\u00edgenas","og_description":"Conhe\u00e7a os projetos criados em parceria com Camilo Capiberibe (PSB\/AP) e os movimentos ind\u00edgenas.","og_url":"https:\/\/psol50.org.br\/projeto-de-aurea-carolina-quer-revogar-retrocessos-de-bolsonaro-nos-direitos-indigenas\/","og_site_name":"PSOL 50","article_publisher":"https:\/\/www.facebook.com\/psol50","article_published_time":"2019-02-12T13:26:57+00:00","og_image":[{"width":1807,"height":1200,"url":"https:\/\/psol50.org.br\/inc\/uploads\/2019\/02\/34416203915_7ca2cf423c_k.jpg","type":"image\/jpeg"}],"author":"Comunica\u00e7\u00e3o PSOL","twitter_card":"summary_large_image","twitter_title":"Projeto de \u00c1urea Carolina quer revogar retrocessos de Bolsonaro nos direitos ind\u00edgenas","twitter_description":"Conhe\u00e7a os projetos criados em parceria com Camilo Capiberibe (PSB\/AP) e os movimentos ind\u00edgenas.","twitter_image":"https:\/\/psol50.org.br\/inc\/uploads\/2019\/02\/34416203915_7ca2cf423c_k.jpg","twitter_creator":"@psol50","twitter_site":"@psol50","twitter_misc":{"Escrito por":"Comunica\u00e7\u00e3o PSOL","Est. tempo de leitura":"2 minutos"},"schema":{"@context":"https:\/\/schema.org","@graph":[{"@type":"Article","@id":"https:\/\/psol50.org.br\/projeto-de-aurea-carolina-quer-revogar-retrocessos-de-bolsonaro-nos-direitos-indigenas\/#article","isPartOf":{"@id":"https:\/\/psol50.org.br\/projeto-de-aurea-carolina-quer-revogar-retrocessos-de-bolsonaro-nos-direitos-indigenas\/"},"author":{"name":"Comunica\u00e7\u00e3o PSOL","@id":"https:\/\/psol50.org.br\/#\/schema\/person\/475dfa57d0b815993c714c2e96491fcd"},"headline":"Projeto de \u00c1urea Carolina quer revogar retrocessos de Bolsonaro nos direitos ind\u00edgenas","datePublished":"2019-02-12T13:26:57+00:00","mainEntityOfPage":{"@id":"https:\/\/psol50.org.br\/projeto-de-aurea-carolina-quer-revogar-retrocessos-de-bolsonaro-nos-direitos-indigenas\/"},"wordCount":347,"publisher":{"@id":"https:\/\/psol50.org.br\/#organization"},"image":{"@id":"https:\/\/psol50.org.br\/projeto-de-aurea-carolina-quer-revogar-retrocessos-de-bolsonaro-nos-direitos-indigenas\/#primaryimage"},"thumbnailUrl":"https:\/\/psol50.org.br\/inc\/uploads\/2019\/02\/34416203915_7ca2cf423c_k.jpg","keywords":["APIB","\u00c1urea Carolina","Bolsonaro","C\u00e2mara dos Deputados","Funai","Minist\u00e9rio da jUSTI\u00c7A","S\u00f4nia Bone Guajajara"],"articleSection":["Not\u00edcias"],"inLanguage":"pt-BR"},{"@type":"WebPage","@id":"https:\/\/psol50.org.br\/projeto-de-aurea-carolina-quer-revogar-retrocessos-de-bolsonaro-nos-direitos-indigenas\/","url":"https:\/\/psol50.org.br\/projeto-de-aurea-carolina-quer-revogar-retrocessos-de-bolsonaro-nos-direitos-indigenas\/","name":"Projeto de \u00c1urea Carolina quer revogar retrocessos de Bolsonaro nos direitos ind\u00edgenas - PSOL 50","isPartOf":{"@id":"https:\/\/psol50.org.br\/#website"},"primaryImageOfPage":{"@id":"https:\/\/psol50.org.br\/projeto-de-aurea-carolina-quer-revogar-retrocessos-de-bolsonaro-nos-direitos-indigenas\/#primaryimage"},"image":{"@id":"https:\/\/psol50.org.br\/projeto-de-aurea-carolina-quer-revogar-retrocessos-de-bolsonaro-nos-direitos-indigenas\/#primaryimage"},"thumbnailUrl":"https:\/\/psol50.org.br\/inc\/uploads\/2019\/02\/34416203915_7ca2cf423c_k.jpg","datePublished":"2019-02-12T13:26:57+00:00","breadcrumb":{"@id":"https:\/\/psol50.org.br\/projeto-de-aurea-carolina-quer-revogar-retrocessos-de-bolsonaro-nos-direitos-indigenas\/#breadcrumb"},"inLanguage":"pt-BR","potentialAction":[{"@type":"ReadAction","target":["https:\/\/psol50.org.br\/projeto-de-aurea-carolina-quer-revogar-retrocessos-de-bolsonaro-nos-direitos-indigenas\/"]}]},{"@type":"ImageObject","inLanguage":"pt-BR","@id":"https:\/\/psol50.org.br\/projeto-de-aurea-carolina-quer-revogar-retrocessos-de-bolsonaro-nos-direitos-indigenas\/#primaryimage","url":"https:\/\/psol50.org.br\/inc\/uploads\/2019\/02\/34416203915_7ca2cf423c_k.jpg","contentUrl":"https:\/\/psol50.org.br\/inc\/uploads\/2019\/02\/34416203915_7ca2cf423c_k.jpg","width":1807,"height":1200,"caption":"Foto: M\u00eddia NINJA \/ Mobiliza\u00e7\u00e3o Nacional Ind\u00edgena"},{"@type":"BreadcrumbList","@id":"https:\/\/psol50.org.br\/projeto-de-aurea-carolina-quer-revogar-retrocessos-de-bolsonaro-nos-direitos-indigenas\/#breadcrumb","itemListElement":[{"@type":"ListItem","position":1,"name":"In\u00edcio","item":"https:\/\/psol50.org.br\/"},{"@type":"ListItem","position":2,"name":"Projeto de \u00c1urea Carolina quer revogar retrocessos de Bolsonaro nos direitos ind\u00edgenas"}]},{"@type":"WebSite","@id":"https:\/\/psol50.org.br\/#website","url":"https:\/\/psol50.org.br\/","name":"PSOL 50","description":"Site oficial do Partido Socialismo e Liberdade","publisher":{"@id":"https:\/\/psol50.org.br\/#organization"},"alternateName":"PSOL50","potentialAction":[{"@type":"SearchAction","target":{"@type":"EntryPoint","urlTemplate":"https:\/\/psol50.org.br\/?s={search_term_string}"},"query-input":{"@type":"PropertyValueSpecification","valueRequired":true,"valueName":"search_term_string"}}],"inLanguage":"pt-BR"},{"@type":"Organization","@id":"https:\/\/psol50.org.br\/#organization","name":"PSOL 50","alternateName":"PSOL 50","url":"https:\/\/psol50.org.br\/","logo":{"@type":"ImageObject","inLanguage":"pt-BR","@id":"https:\/\/psol50.org.br\/#\/schema\/logo\/image\/","url":"https:\/\/psol50.org.br\/inc\/uploads\/2018\/07\/capa.png","contentUrl":"https:\/\/psol50.org.br\/inc\/uploads\/2018\/07\/capa.png","width":1350,"height":900,"caption":"PSOL 50"},"image":{"@id":"https:\/\/psol50.org.br\/#\/schema\/logo\/image\/"},"sameAs":["https:\/\/www.facebook.com\/psol50","https:\/\/x.com\/psol50","https:\/\/www.instagram.com\/psol50\/","https:\/\/www.youtube.com\/channel\/UC7SnJS5o1os7a6CaiNabzcg"]},{"@type":"Person","@id":"https:\/\/psol50.org.br\/#\/schema\/person\/475dfa57d0b815993c714c2e96491fcd","name":"Comunica\u00e7\u00e3o PSOL","image":{"@type":"ImageObject","inLanguage":"pt-BR","@id":"https:\/\/psol50.org.br\/#\/schema\/person\/image\/","url":"https:\/\/secure.gravatar.com\/avatar\/b34fc4f4e468a4e51785917065a3db57b841f5c95dba6ad8c73aaf8f66f8f9bf?s=96&d=mm&r=g","contentUrl":"https:\/\/secure.gravatar.com\/avatar\/b34fc4f4e468a4e51785917065a3db57b841f5c95dba6ad8c73aaf8f66f8f9bf?s=96&d=mm&r=g","caption":"Comunica\u00e7\u00e3o PSOL"}}]}},"_links":{"self":[{"href":"https:\/\/psol50.org.br\/rest\/wp\/v2\/posts\/24202","targetHints":{"allow":["GET"]}}],"collection":[{"href":"https:\/\/psol50.org.br\/rest\/wp\/v2\/posts"}],"about":[{"href":"https:\/\/psol50.org.br\/rest\/wp\/v2\/types\/post"}],"author":[{"embeddable":true,"href":"https:\/\/psol50.org.br\/rest\/wp\/v2\/users\/2"}],"replies":[{"embeddable":true,"href":"https:\/\/psol50.org.br\/rest\/wp\/v2\/comments?post=24202"}],"version-history":[{"count":0,"href":"https:\/\/psol50.org.br\/rest\/wp\/v2\/posts\/24202\/revisions"}],"wp:featuredmedia":[{"embeddable":true,"href":"https:\/\/psol50.org.br\/rest\/wp\/v2\/media\/24204"}],"wp:attachment":[{"href":"https:\/\/psol50.org.br\/rest\/wp\/v2\/media?parent=24202"}],"wp:term":[{"taxonomy":"category","embeddable":true,"href":"https:\/\/psol50.org.br\/rest\/wp\/v2\/categories?post=24202"},{"taxonomy":"post_tag","embeddable":true,"href":"https:\/\/psol50.org.br\/rest\/wp\/v2\/tags?post=24202"}],"curies":[{"name":"wp","href":"https:\/\/api.w.org\/{rel}","templated":true}]}}