{"id":24219,"date":"2019-02-13T16:31:37","date_gmt":"2019-02-13T18:31:37","guid":{"rendered":"http:\/\/psol50.org.br\/?p=24219"},"modified":"2019-02-13T16:31:37","modified_gmt":"2019-02-13T18:31:37","slug":"psol-representa-na-pgr-contra-psl-por-esquema-de-candidaturas-laranjas","status":"publish","type":"post","link":"https:\/\/psol50.org.br\/psol-representa-na-pgr-contra-psl-por-esquema-de-candidaturas-laranjas\/","title":{"rendered":"PSOL representa na PGR contra PSL por esquema de candidaturas laranjas"},"content":{"rendered":"\n<p><em>Via Lideran\u00e7a do PSOL na C\u00e2mara dos Deputados<\/em><\/p>\n\n\n\n<p>A bancada do PSOL protocolou nesta quarta-feira (13), na Procuradoria Geral da Rep\u00fablica (PGR), representa\u00e7\u00e3o contra o PSL pelo esquema envolvendo candidaturas laranja em Pernambuco e Minas Gerais. <\/p>\n\n\n\n<p>O PSOL representa contra Luciano Bivar, presidente do partido e deputado federal, Gustavo Bebianno, ministro da Secretaria-Geral da Presid\u00eancia e ex-presidente da legenda, e Marcelo \u00c1lvaro Ant\u00f4nio, ministro do Turismo.<\/p>\n\n\n\n<p>Para o PSOL, o esquema de candidaturas laranjas femininas, conforme denunciado pelo jornal Folha de S. Paulo, levanta suspeitas de lavagem de dinheiro, desvio de recursos p\u00fablicos e outros tipos penais que merecem ser investigados, al\u00e9m de apropria\u00e7\u00e3o ind\u00e9bita eleitoral e falsidade ideol\u00f3gica, conforme o C\u00f3digo Eleitoral.<\/p>\n\n\n\n<p><strong><a href=\"http:\/\/psol50.org.br\/inc\/uploads\/2019\/02\/REP-PGR-PSL-Candidatura-Laranja-Pernambuco.pdf\" target=\"_blank\" rel=\"noreferrer noopener\" aria-label=\"Clique aqui e leia na \u00edntegra a representa\u00e7\u00e3o (abre em uma nova aba)\">Clique aqui e leia na \u00edntegra a representa\u00e7\u00e3o<\/a><\/strong><\/p>\n\n\n\n<p>Na representa\u00e7\u00e3o, o PSOL cita decis\u00e3o do TSE (Recurso Especial Eleitoral n\u00ba 1-49\/PI), que aponta que o \u201clan\u00e7amento de candidaturas fict\u00edcias apenas para atender os patamares exigidos pela legisla\u00e7\u00e3o eleitoral e o oferecimento de valores e vantagens para a ren\u00fancia de candidatas s\u00e3o situa\u00e7\u00f5es que comp\u00f5em o conceito de fraude de que trata o artigo 14, \u00a710 da Constitui\u00e7\u00e3o Federal. Da mesma forma, configura o crime de falsidade ideol\u00f3gica eleitoral nos termos do art. 350 do C\u00f3digo Eleitoral.\u201d<\/p>\n\n\n\n<p>Em Pernambuco, as candidaturas ao cargo de deputada federal de Maria de Lourdes Paix\u00e3o e \u00c9rika Siqueira Santos receberam, conforme presta\u00e7\u00e3o de contas, R$ 400 mil e R$ 250 mil de verba p\u00fablica, respectivamente. Os recursos foram repassados pelo presidente do PSL a menos de quatro dias do primeiro turno da elei\u00e7\u00e3o. Maria de Lourdes recebeu 274 votos, e \u00c9rika Santos, 1.315 votos.<\/p>\n\n\n\n<p>Em Minas Gerais, o esquema de candidaturas de fachada envolve o ministro do Turismo, eleito deputado federal pelo PSL. O comando nacional do partido destinou R$ 279 mil a quatro candidatas \u2013 valor que representa o percentual m\u00ednimo de 30% exigido pela Justi\u00e7a Eleitoral. Ao menos R$ 85 mil foram parar oficialmente na conta de quatro empresas que s\u00e3o de assessores, parentes ou s\u00f3cios de assessores do ministro Marcelo Ant\u00f4nio.<\/p>\n\n\n\n<p>Para o PSOL, as fortes suspeitas de poss\u00edvel utiliza\u00e7\u00e3o de candidaturas femininas laranjas visam apenas fraudar a exig\u00eancia da legisla\u00e7\u00e3o eleitoral. \u201cO preenchimento da cota eleitoral de g\u00eanero por \u201ccandidaturas femininas laranjas\u201d implica o esvaziamento do dispositivo legal, criado para corrigir o d\u00e9ficit hist\u00f3rico da sub-representa\u00e7\u00e3o feminina no cen\u00e1rio pol\u00edtico brasileiro\u201d, destaca a representa\u00e7\u00e3o.<\/p>\n","protected":false},"excerpt":{"rendered":"<p>Via Lideran\u00e7a do PSOL na C\u00e2mara dos Deputados A bancada do PSOL protocolou nesta quarta-feira (13), na Procuradoria Geral da Rep\u00fablica (PGR), representa\u00e7\u00e3o contra o PSL pelo esquema envolvendo candidaturas laranja em Pernambuco e Minas Gerais. O PSOL representa contra Luciano Bivar, presidente do partido e deputado federal, Gustavo Bebianno, ministro da Secretaria-Geral da Presid\u00eancia [&hellip;]<\/p>\n","protected":false},"author":2,"featured_media":24222,"comment_status":"closed","ping_status":"open","sticky":false,"template":"","format":"standard","meta":{"_acf_changed":false,"footnotes":""},"categories":[10,14],"tags":[1719,1721,667,1722,417,1606],"class_list":{"0":"post-24219","1":"post","2":"type-post","3":"status-publish","4":"format-standard","5":"has-post-thumbnail","7":"category-acao-parlamentares","8":"category-partido","9":"tag-gustavo-bebianno","10":"tag-luciano-bivar","11":"tag-marcelo-alvaro-antonio","12":"tag-procuradoria-geral-da-republica","13":"tag-psol-na-camara","14":"tag-representacao"},"acf":[],"yoast_head":"<!-- This site is optimized with the Yoast SEO plugin v26.5 - https:\/\/yoast.com\/wordpress\/plugins\/seo\/ -->\n<title>PSOL representa na PGR contra PSL por esquema de candidaturas laranjas - PSOL 50<\/title>\n<meta name=\"robots\" content=\"index, follow, max-snippet:-1, max-image-preview:large, max-video-preview:-1\" \/>\n<link rel=\"canonical\" href=\"https:\/\/psol50.org.br\/psol-representa-na-pgr-contra-psl-por-esquema-de-candidaturas-laranjas\/\" \/>\n<meta property=\"og:locale\" content=\"pt_BR\" \/>\n<meta property=\"og:type\" content=\"article\" \/>\n<meta property=\"og:title\" content=\"PSOL representa na PGR contra PSL por esquema de candidaturas laranjas\" \/>\n<meta property=\"og:description\" content=\"Luciano Bivar, Gustavo Bebianno e Marcelo \u00c1lvaro Ant\u00f4nio s\u00e3o os alvos da a\u00e7\u00e3o.\" \/>\n<meta property=\"og:url\" content=\"https:\/\/psol50.org.br\/psol-representa-na-pgr-contra-psl-por-esquema-de-candidaturas-laranjas\/\" \/>\n<meta property=\"og:site_name\" content=\"PSOL 50\" \/>\n<meta property=\"article:publisher\" content=\"https:\/\/www.facebook.com\/psol50\" \/>\n<meta property=\"article:published_time\" content=\"2019-02-13T18:31:37+00:00\" \/>\n<meta property=\"og:image\" content=\"https:\/\/psol50.org.br\/inc\/uploads\/2019\/02\/PSL.laranja.png\" \/>\n\t<meta property=\"og:image:width\" content=\"1350\" \/>\n\t<meta property=\"og:image:height\" content=\"900\" \/>\n\t<meta property=\"og:image:type\" content=\"image\/png\" \/>\n<meta name=\"author\" content=\"Comunica\u00e7\u00e3o PSOL\" \/>\n<meta name=\"twitter:card\" content=\"summary_large_image\" \/>\n<meta name=\"twitter:title\" content=\"PSOL representa na PGR contra PSL por esquema de candidaturas laranjas\" \/>\n<meta name=\"twitter:description\" content=\"Luciano Bivar, Gustavo Bebianno e Marcelo \u00c1lvaro Ant\u00f4nio s\u00e3o os alvos da a\u00e7\u00e3o.\" \/>\n<meta name=\"twitter:image\" content=\"https:\/\/psol50.org.br\/inc\/uploads\/2019\/02\/PSL.laranja.png\" \/>\n<meta name=\"twitter:creator\" content=\"@psol50\" \/>\n<meta name=\"twitter:site\" content=\"@psol50\" \/>\n<meta name=\"twitter:label1\" content=\"Escrito por\" \/>\n\t<meta name=\"twitter:data1\" content=\"Comunica\u00e7\u00e3o PSOL\" \/>\n\t<meta name=\"twitter:label2\" content=\"Est. tempo de leitura\" \/>\n\t<meta name=\"twitter:data2\" content=\"2 minutos\" \/>\n<script type=\"application\/ld+json\" class=\"yoast-schema-graph\">{\"@context\":\"https:\/\/schema.org\",\"@graph\":[{\"@type\":\"Article\",\"@id\":\"https:\/\/psol50.org.br\/psol-representa-na-pgr-contra-psl-por-esquema-de-candidaturas-laranjas\/#article\",\"isPartOf\":{\"@id\":\"https:\/\/psol50.org.br\/psol-representa-na-pgr-contra-psl-por-esquema-de-candidaturas-laranjas\/\"},\"author\":{\"name\":\"Comunica\u00e7\u00e3o PSOL\",\"@id\":\"https:\/\/psol50.org.br\/#\/schema\/person\/475dfa57d0b815993c714c2e96491fcd\"},\"headline\":\"PSOL representa na PGR contra PSL por esquema de candidaturas laranjas\",\"datePublished\":\"2019-02-13T18:31:37+00:00\",\"mainEntityOfPage\":{\"@id\":\"https:\/\/psol50.org.br\/psol-representa-na-pgr-contra-psl-por-esquema-de-candidaturas-laranjas\/\"},\"wordCount\":431,\"publisher\":{\"@id\":\"https:\/\/psol50.org.br\/#organization\"},\"image\":{\"@id\":\"https:\/\/psol50.org.br\/psol-representa-na-pgr-contra-psl-por-esquema-de-candidaturas-laranjas\/#primaryimage\"},\"thumbnailUrl\":\"https:\/\/psol50.org.br\/inc\/uploads\/2019\/02\/PSL.laranja.png\",\"keywords\":[\"Gustavo Bebianno\",\"Luciano Bivar\",\"Marcelo \u00c1lvaro Ant\u00f4nio\",\"Procuradoria Geral da Rep\u00fablica\",\"PSOL na C\u00e2mara\",\"representa\u00e7\u00e3o\"],\"articleSection\":[\"A\u00e7\u00e3o Parlamentar\",\"Partido\"],\"inLanguage\":\"pt-BR\"},{\"@type\":\"WebPage\",\"@id\":\"https:\/\/psol50.org.br\/psol-representa-na-pgr-contra-psl-por-esquema-de-candidaturas-laranjas\/\",\"url\":\"https:\/\/psol50.org.br\/psol-representa-na-pgr-contra-psl-por-esquema-de-candidaturas-laranjas\/\",\"name\":\"PSOL representa na PGR contra PSL por esquema de candidaturas laranjas - PSOL 50\",\"isPartOf\":{\"@id\":\"https:\/\/psol50.org.br\/#website\"},\"primaryImageOfPage\":{\"@id\":\"https:\/\/psol50.org.br\/psol-representa-na-pgr-contra-psl-por-esquema-de-candidaturas-laranjas\/#primaryimage\"},\"image\":{\"@id\":\"https:\/\/psol50.org.br\/psol-representa-na-pgr-contra-psl-por-esquema-de-candidaturas-laranjas\/#primaryimage\"},\"thumbnailUrl\":\"https:\/\/psol50.org.br\/inc\/uploads\/2019\/02\/PSL.laranja.png\",\"datePublished\":\"2019-02-13T18:31:37+00:00\",\"breadcrumb\":{\"@id\":\"https:\/\/psol50.org.br\/psol-representa-na-pgr-contra-psl-por-esquema-de-candidaturas-laranjas\/#breadcrumb\"},\"inLanguage\":\"pt-BR\",\"potentialAction\":[{\"@type\":\"ReadAction\",\"target\":[\"https:\/\/psol50.org.br\/psol-representa-na-pgr-contra-psl-por-esquema-de-candidaturas-laranjas\/\"]}]},{\"@type\":\"ImageObject\",\"inLanguage\":\"pt-BR\",\"@id\":\"https:\/\/psol50.org.br\/psol-representa-na-pgr-contra-psl-por-esquema-de-candidaturas-laranjas\/#primaryimage\",\"url\":\"https:\/\/psol50.org.br\/inc\/uploads\/2019\/02\/PSL.laranja.png\",\"contentUrl\":\"https:\/\/psol50.org.br\/inc\/uploads\/2019\/02\/PSL.laranja.png\",\"width\":1350,\"height\":900},{\"@type\":\"BreadcrumbList\",\"@id\":\"https:\/\/psol50.org.br\/psol-representa-na-pgr-contra-psl-por-esquema-de-candidaturas-laranjas\/#breadcrumb\",\"itemListElement\":[{\"@type\":\"ListItem\",\"position\":1,\"name\":\"In\u00edcio\",\"item\":\"https:\/\/psol50.org.br\/\"},{\"@type\":\"ListItem\",\"position\":2,\"name\":\"PSOL representa na PGR contra PSL por esquema de candidaturas laranjas\"}]},{\"@type\":\"WebSite\",\"@id\":\"https:\/\/psol50.org.br\/#website\",\"url\":\"https:\/\/psol50.org.br\/\",\"name\":\"PSOL 50\",\"description\":\"Site oficial do Partido Socialismo e Liberdade\",\"publisher\":{\"@id\":\"https:\/\/psol50.org.br\/#organization\"},\"alternateName\":\"PSOL50\",\"potentialAction\":[{\"@type\":\"SearchAction\",\"target\":{\"@type\":\"EntryPoint\",\"urlTemplate\":\"https:\/\/psol50.org.br\/?s={search_term_string}\"},\"query-input\":{\"@type\":\"PropertyValueSpecification\",\"valueRequired\":true,\"valueName\":\"search_term_string\"}}],\"inLanguage\":\"pt-BR\"},{\"@type\":\"Organization\",\"@id\":\"https:\/\/psol50.org.br\/#organization\",\"name\":\"PSOL 50\",\"alternateName\":\"PSOL 50\",\"url\":\"https:\/\/psol50.org.br\/\",\"logo\":{\"@type\":\"ImageObject\",\"inLanguage\":\"pt-BR\",\"@id\":\"https:\/\/psol50.org.br\/#\/schema\/logo\/image\/\",\"url\":\"https:\/\/psol50.org.br\/inc\/uploads\/2018\/07\/capa.png\",\"contentUrl\":\"https:\/\/psol50.org.br\/inc\/uploads\/2018\/07\/capa.png\",\"width\":1350,\"height\":900,\"caption\":\"PSOL 50\"},\"image\":{\"@id\":\"https:\/\/psol50.org.br\/#\/schema\/logo\/image\/\"},\"sameAs\":[\"https:\/\/www.facebook.com\/psol50\",\"https:\/\/x.com\/psol50\",\"https:\/\/www.instagram.com\/psol50\/\",\"https:\/\/www.youtube.com\/channel\/UC7SnJS5o1os7a6CaiNabzcg\"]},{\"@type\":\"Person\",\"@id\":\"https:\/\/psol50.org.br\/#\/schema\/person\/475dfa57d0b815993c714c2e96491fcd\",\"name\":\"Comunica\u00e7\u00e3o PSOL\",\"image\":{\"@type\":\"ImageObject\",\"inLanguage\":\"pt-BR\",\"@id\":\"https:\/\/psol50.org.br\/#\/schema\/person\/image\/\",\"url\":\"https:\/\/secure.gravatar.com\/avatar\/b34fc4f4e468a4e51785917065a3db57b841f5c95dba6ad8c73aaf8f66f8f9bf?s=96&d=mm&r=g\",\"contentUrl\":\"https:\/\/secure.gravatar.com\/avatar\/b34fc4f4e468a4e51785917065a3db57b841f5c95dba6ad8c73aaf8f66f8f9bf?s=96&d=mm&r=g\",\"caption\":\"Comunica\u00e7\u00e3o PSOL\"}}]}<\/script>\n<!-- \/ Yoast SEO plugin. -->","yoast_head_json":{"title":"PSOL representa na PGR contra PSL por esquema de candidaturas laranjas - PSOL 50","robots":{"index":"index","follow":"follow","max-snippet":"max-snippet:-1","max-image-preview":"max-image-preview:large","max-video-preview":"max-video-preview:-1"},"canonical":"https:\/\/psol50.org.br\/psol-representa-na-pgr-contra-psl-por-esquema-de-candidaturas-laranjas\/","og_locale":"pt_BR","og_type":"article","og_title":"PSOL representa na PGR contra PSL por esquema de candidaturas laranjas","og_description":"Luciano Bivar, Gustavo Bebianno e Marcelo \u00c1lvaro Ant\u00f4nio s\u00e3o os alvos da a\u00e7\u00e3o.","og_url":"https:\/\/psol50.org.br\/psol-representa-na-pgr-contra-psl-por-esquema-de-candidaturas-laranjas\/","og_site_name":"PSOL 50","article_publisher":"https:\/\/www.facebook.com\/psol50","article_published_time":"2019-02-13T18:31:37+00:00","og_image":[{"width":1350,"height":900,"url":"https:\/\/psol50.org.br\/inc\/uploads\/2019\/02\/PSL.laranja.png","type":"image\/png"}],"author":"Comunica\u00e7\u00e3o PSOL","twitter_card":"summary_large_image","twitter_title":"PSOL representa na PGR contra PSL por esquema de candidaturas laranjas","twitter_description":"Luciano Bivar, Gustavo Bebianno e Marcelo \u00c1lvaro Ant\u00f4nio s\u00e3o os alvos da a\u00e7\u00e3o.","twitter_image":"https:\/\/psol50.org.br\/inc\/uploads\/2019\/02\/PSL.laranja.png","twitter_creator":"@psol50","twitter_site":"@psol50","twitter_misc":{"Escrito por":"Comunica\u00e7\u00e3o PSOL","Est. tempo de leitura":"2 minutos"},"schema":{"@context":"https:\/\/schema.org","@graph":[{"@type":"Article","@id":"https:\/\/psol50.org.br\/psol-representa-na-pgr-contra-psl-por-esquema-de-candidaturas-laranjas\/#article","isPartOf":{"@id":"https:\/\/psol50.org.br\/psol-representa-na-pgr-contra-psl-por-esquema-de-candidaturas-laranjas\/"},"author":{"name":"Comunica\u00e7\u00e3o PSOL","@id":"https:\/\/psol50.org.br\/#\/schema\/person\/475dfa57d0b815993c714c2e96491fcd"},"headline":"PSOL representa na PGR contra PSL por esquema de candidaturas laranjas","datePublished":"2019-02-13T18:31:37+00:00","mainEntityOfPage":{"@id":"https:\/\/psol50.org.br\/psol-representa-na-pgr-contra-psl-por-esquema-de-candidaturas-laranjas\/"},"wordCount":431,"publisher":{"@id":"https:\/\/psol50.org.br\/#organization"},"image":{"@id":"https:\/\/psol50.org.br\/psol-representa-na-pgr-contra-psl-por-esquema-de-candidaturas-laranjas\/#primaryimage"},"thumbnailUrl":"https:\/\/psol50.org.br\/inc\/uploads\/2019\/02\/PSL.laranja.png","keywords":["Gustavo Bebianno","Luciano Bivar","Marcelo \u00c1lvaro Ant\u00f4nio","Procuradoria Geral da Rep\u00fablica","PSOL na C\u00e2mara","representa\u00e7\u00e3o"],"articleSection":["A\u00e7\u00e3o Parlamentar","Partido"],"inLanguage":"pt-BR"},{"@type":"WebPage","@id":"https:\/\/psol50.org.br\/psol-representa-na-pgr-contra-psl-por-esquema-de-candidaturas-laranjas\/","url":"https:\/\/psol50.org.br\/psol-representa-na-pgr-contra-psl-por-esquema-de-candidaturas-laranjas\/","name":"PSOL representa na PGR contra PSL por esquema de candidaturas laranjas - PSOL 50","isPartOf":{"@id":"https:\/\/psol50.org.br\/#website"},"primaryImageOfPage":{"@id":"https:\/\/psol50.org.br\/psol-representa-na-pgr-contra-psl-por-esquema-de-candidaturas-laranjas\/#primaryimage"},"image":{"@id":"https:\/\/psol50.org.br\/psol-representa-na-pgr-contra-psl-por-esquema-de-candidaturas-laranjas\/#primaryimage"},"thumbnailUrl":"https:\/\/psol50.org.br\/inc\/uploads\/2019\/02\/PSL.laranja.png","datePublished":"2019-02-13T18:31:37+00:00","breadcrumb":{"@id":"https:\/\/psol50.org.br\/psol-representa-na-pgr-contra-psl-por-esquema-de-candidaturas-laranjas\/#breadcrumb"},"inLanguage":"pt-BR","potentialAction":[{"@type":"ReadAction","target":["https:\/\/psol50.org.br\/psol-representa-na-pgr-contra-psl-por-esquema-de-candidaturas-laranjas\/"]}]},{"@type":"ImageObject","inLanguage":"pt-BR","@id":"https:\/\/psol50.org.br\/psol-representa-na-pgr-contra-psl-por-esquema-de-candidaturas-laranjas\/#primaryimage","url":"https:\/\/psol50.org.br\/inc\/uploads\/2019\/02\/PSL.laranja.png","contentUrl":"https:\/\/psol50.org.br\/inc\/uploads\/2019\/02\/PSL.laranja.png","width":1350,"height":900},{"@type":"BreadcrumbList","@id":"https:\/\/psol50.org.br\/psol-representa-na-pgr-contra-psl-por-esquema-de-candidaturas-laranjas\/#breadcrumb","itemListElement":[{"@type":"ListItem","position":1,"name":"In\u00edcio","item":"https:\/\/psol50.org.br\/"},{"@type":"ListItem","position":2,"name":"PSOL representa na PGR contra PSL por esquema de candidaturas laranjas"}]},{"@type":"WebSite","@id":"https:\/\/psol50.org.br\/#website","url":"https:\/\/psol50.org.br\/","name":"PSOL 50","description":"Site oficial do Partido Socialismo e Liberdade","publisher":{"@id":"https:\/\/psol50.org.br\/#organization"},"alternateName":"PSOL50","potentialAction":[{"@type":"SearchAction","target":{"@type":"EntryPoint","urlTemplate":"https:\/\/psol50.org.br\/?s={search_term_string}"},"query-input":{"@type":"PropertyValueSpecification","valueRequired":true,"valueName":"search_term_string"}}],"inLanguage":"pt-BR"},{"@type":"Organization","@id":"https:\/\/psol50.org.br\/#organization","name":"PSOL 50","alternateName":"PSOL 50","url":"https:\/\/psol50.org.br\/","logo":{"@type":"ImageObject","inLanguage":"pt-BR","@id":"https:\/\/psol50.org.br\/#\/schema\/logo\/image\/","url":"https:\/\/psol50.org.br\/inc\/uploads\/2018\/07\/capa.png","contentUrl":"https:\/\/psol50.org.br\/inc\/uploads\/2018\/07\/capa.png","width":1350,"height":900,"caption":"PSOL 50"},"image":{"@id":"https:\/\/psol50.org.br\/#\/schema\/logo\/image\/"},"sameAs":["https:\/\/www.facebook.com\/psol50","https:\/\/x.com\/psol50","https:\/\/www.instagram.com\/psol50\/","https:\/\/www.youtube.com\/channel\/UC7SnJS5o1os7a6CaiNabzcg"]},{"@type":"Person","@id":"https:\/\/psol50.org.br\/#\/schema\/person\/475dfa57d0b815993c714c2e96491fcd","name":"Comunica\u00e7\u00e3o PSOL","image":{"@type":"ImageObject","inLanguage":"pt-BR","@id":"https:\/\/psol50.org.br\/#\/schema\/person\/image\/","url":"https:\/\/secure.gravatar.com\/avatar\/b34fc4f4e468a4e51785917065a3db57b841f5c95dba6ad8c73aaf8f66f8f9bf?s=96&d=mm&r=g","contentUrl":"https:\/\/secure.gravatar.com\/avatar\/b34fc4f4e468a4e51785917065a3db57b841f5c95dba6ad8c73aaf8f66f8f9bf?s=96&d=mm&r=g","caption":"Comunica\u00e7\u00e3o PSOL"}}]}},"_links":{"self":[{"href":"https:\/\/psol50.org.br\/rest\/wp\/v2\/posts\/24219","targetHints":{"allow":["GET"]}}],"collection":[{"href":"https:\/\/psol50.org.br\/rest\/wp\/v2\/posts"}],"about":[{"href":"https:\/\/psol50.org.br\/rest\/wp\/v2\/types\/post"}],"author":[{"embeddable":true,"href":"https:\/\/psol50.org.br\/rest\/wp\/v2\/users\/2"}],"replies":[{"embeddable":true,"href":"https:\/\/psol50.org.br\/rest\/wp\/v2\/comments?post=24219"}],"version-history":[{"count":0,"href":"https:\/\/psol50.org.br\/rest\/wp\/v2\/posts\/24219\/revisions"}],"wp:featuredmedia":[{"embeddable":true,"href":"https:\/\/psol50.org.br\/rest\/wp\/v2\/media\/24222"}],"wp:attachment":[{"href":"https:\/\/psol50.org.br\/rest\/wp\/v2\/media?parent=24219"}],"wp:term":[{"taxonomy":"category","embeddable":true,"href":"https:\/\/psol50.org.br\/rest\/wp\/v2\/categories?post=24219"},{"taxonomy":"post_tag","embeddable":true,"href":"https:\/\/psol50.org.br\/rest\/wp\/v2\/tags?post=24219"}],"curies":[{"name":"wp","href":"https:\/\/api.w.org\/{rel}","templated":true}]}}