{"id":24224,"date":"2019-02-14T14:12:05","date_gmt":"2019-02-14T16:12:05","guid":{"rendered":"http:\/\/psol50.org.br\/?p=24224"},"modified":"2019-02-14T14:12:05","modified_gmt":"2019-02-14T16:12:05","slug":"freixo-apresenta-projeto-para-garantir-seguranca-e-saude-a-policiais","status":"publish","type":"post","link":"https:\/\/psol50.org.br\/freixo-apresenta-projeto-para-garantir-seguranca-e-saude-a-policiais\/","title":{"rendered":"Freixo apresenta projeto para garantir seguran\u00e7a e sa\u00fade a policiais"},"content":{"rendered":"\n<p>O deputado federal Marcelo Freixo apresentou, nessa semana, projeto para criar um programa de promo\u00e7\u00e3o de seguran\u00e7a e sa\u00fade no trabalho de profissionais da seguran\u00e7a p\u00fablica em todo o pa\u00eds.<\/p>\n\n\n\n<p>A proposta prev\u00ea diversas medidas para a valoriza\u00e7\u00e3o do trabalho de agentes da pol\u00edcia federal, pol\u00edcia rodovi\u00e1ria federal, pol\u00edcia ferrovi\u00e1ria federal, pol\u00edcias civis, pol\u00edcias militares e corpos de bombeiros militares. Para Freixo, as medidas caminham no \u00e2mbito da defesa dos Direitos Humanos desses profissionais, que &#8220;precisam ser valorizados e tratados com dignidade. Toda a sociedade ganha com isso&#8221;, afirma.<\/p>\n\n\n\n<p><strong><a href=\"https:\/\/www.camara.leg.br\/proposicoesWeb\/fichadetramitacao?idProposicao=2192108\" target=\"_blank\" rel=\"noreferrer noopener\" aria-label=\"Para ler na \u00edntegra o projeto e acompanhar a tramita\u00e7\u00e3o, clique aqui (abre em uma nova aba)\">Para ler na \u00edntegra o projeto e acompanhar a tramita\u00e7\u00e3o, clique aqui<\/a><\/strong><\/p>\n\n\n\n<p>Outro projeto apresentado por Marcelo Freixo quer instituir diretrizes de prote\u00e7\u00e3o a v\u00edtimas de viol\u00eancia, no \u00e2mbito do aux\u00edlio, prote\u00e7\u00e3o e assist\u00eancia. <\/p>\n\n\n\n<p>A iniciativa prev\u00ea, por exemplo, apoio a v\u00edtimas e fam\u00edlias de v\u00edtimas de viol\u00eancia, como em campanhas de preven\u00e7\u00e3o, pagamento de indeniza\u00e7\u00f5es, assist\u00eancia social e psicol\u00f3gica, entre diversos outros pontos.<\/p>\n\n\n\n<p><strong><a rel=\"noreferrer noopener\" aria-label=\"Conhe\u00e7a o projeto de prote\u00e7\u00e3o a v\u00edtimas de viol\u00eancia clicando aqui (abre em uma nova aba)\" href=\"https:\/\/www.camara.leg.br\/proposicoesWeb\/fichadetramitacao?idProposicao=2192107\" target=\"_blank\">Conhe\u00e7a o projeto de prote\u00e7\u00e3o a v\u00edtimas de viol\u00eancia clicando aqui<\/a><\/strong><\/p>\n\n\n\n<p>Ambos os projetos apresentados por Freixo s\u00e3o inspirados em iniciativas que ele havia apresentado quando era deputado estadual no Rio de Janeiro, criados juntamente \u00e0 PM e durante o trabalho na Comiss\u00e3o de Direitos Humanos, que presidiu.<\/p>\n","protected":false},"excerpt":{"rendered":"<p>O deputado federal Marcelo Freixo apresentou, nessa semana, projeto para criar um programa de promo\u00e7\u00e3o de seguran\u00e7a e sa\u00fade no trabalho de profissionais da seguran\u00e7a p\u00fablica em todo o pa\u00eds. A proposta prev\u00ea diversas medidas para a valoriza\u00e7\u00e3o do trabalho de agentes da pol\u00edcia federal, pol\u00edcia rodovi\u00e1ria federal, pol\u00edcia ferrovi\u00e1ria federal, pol\u00edcias civis, pol\u00edcias militares [&hellip;]<\/p>\n","protected":false},"author":2,"featured_media":24225,"comment_status":"closed","ping_status":"open","sticky":false,"template":"","format":"standard","meta":{"_acf_changed":false,"footnotes":""},"categories":[10,6,14],"tags":[161,420,417,557],"class_list":{"0":"post-24224","1":"post","2":"type-post","3":"status-publish","4":"format-standard","5":"has-post-thumbnail","7":"category-acao-parlamentares","8":"category-noticias","9":"category-partido","10":"tag-marcelo-freixo","11":"tag-projeto","12":"tag-psol-na-camara","13":"tag-seguranca"},"acf":[],"yoast_head":"<!-- This site is optimized with the Yoast SEO plugin v26.5 - https:\/\/yoast.com\/wordpress\/plugins\/seo\/ -->\n<title>Freixo apresenta projeto para garantir seguran\u00e7a e sa\u00fade a policiais - PSOL 50<\/title>\n<meta name=\"robots\" content=\"index, follow, max-snippet:-1, max-image-preview:large, max-video-preview:-1\" \/>\n<link rel=\"canonical\" href=\"https:\/\/psol50.org.br\/freixo-apresenta-projeto-para-garantir-seguranca-e-saude-a-policiais\/\" \/>\n<meta property=\"og:locale\" content=\"pt_BR\" \/>\n<meta property=\"og:type\" content=\"article\" \/>\n<meta property=\"og:title\" content=\"Freixo apresenta projeto para garantir seguran\u00e7a e sa\u00fade a policiais\" \/>\n<meta property=\"og:description\" content=\"Defender direitos humanos tamb\u00e9m \u00e9 defender a vida de profissionais de seguran\u00e7a.\" \/>\n<meta property=\"og:url\" content=\"https:\/\/psol50.org.br\/freixo-apresenta-projeto-para-garantir-seguranca-e-saude-a-policiais\/\" \/>\n<meta property=\"og:site_name\" content=\"PSOL 50\" \/>\n<meta property=\"article:publisher\" content=\"https:\/\/www.facebook.com\/psol50\" \/>\n<meta property=\"article:published_time\" content=\"2019-02-14T16:12:05+00:00\" \/>\n<meta property=\"og:image\" content=\"https:\/\/psol50.org.br\/inc\/uploads\/2019\/02\/MarceloFreixo.LuisMacedo.CD_.jpg\" \/>\n\t<meta property=\"og:image:width\" content=\"1800\" \/>\n\t<meta property=\"og:image:height\" content=\"1200\" \/>\n\t<meta property=\"og:image:type\" content=\"image\/jpeg\" \/>\n<meta name=\"author\" content=\"Comunica\u00e7\u00e3o PSOL\" \/>\n<meta name=\"twitter:card\" content=\"summary_large_image\" \/>\n<meta name=\"twitter:title\" content=\"Freixo apresenta projeto para garantir seguran\u00e7a e sa\u00fade a policiais\" \/>\n<meta name=\"twitter:description\" content=\"Defender direitos humanos tamb\u00e9m \u00e9 defender a vida de profissionais de seguran\u00e7a.\" \/>\n<meta name=\"twitter:image\" content=\"https:\/\/psol50.org.br\/inc\/uploads\/2019\/02\/MarceloFreixo.LuisMacedo.CD_.jpg\" \/>\n<meta name=\"twitter:creator\" content=\"@psol50\" \/>\n<meta name=\"twitter:site\" content=\"@psol50\" \/>\n<meta name=\"twitter:label1\" content=\"Escrito por\" \/>\n\t<meta name=\"twitter:data1\" content=\"Comunica\u00e7\u00e3o PSOL\" \/>\n\t<meta name=\"twitter:label2\" content=\"Est. tempo de leitura\" \/>\n\t<meta name=\"twitter:data2\" content=\"1 minuto\" \/>\n<script type=\"application\/ld+json\" class=\"yoast-schema-graph\">{\"@context\":\"https:\/\/schema.org\",\"@graph\":[{\"@type\":\"Article\",\"@id\":\"https:\/\/psol50.org.br\/freixo-apresenta-projeto-para-garantir-seguranca-e-saude-a-policiais\/#article\",\"isPartOf\":{\"@id\":\"https:\/\/psol50.org.br\/freixo-apresenta-projeto-para-garantir-seguranca-e-saude-a-policiais\/\"},\"author\":{\"name\":\"Comunica\u00e7\u00e3o PSOL\",\"@id\":\"https:\/\/psol50.org.br\/#\/schema\/person\/475dfa57d0b815993c714c2e96491fcd\"},\"headline\":\"Freixo apresenta projeto para garantir seguran\u00e7a e sa\u00fade a policiais\",\"datePublished\":\"2019-02-14T16:12:05+00:00\",\"mainEntityOfPage\":{\"@id\":\"https:\/\/psol50.org.br\/freixo-apresenta-projeto-para-garantir-seguranca-e-saude-a-policiais\/\"},\"wordCount\":247,\"publisher\":{\"@id\":\"https:\/\/psol50.org.br\/#organization\"},\"image\":{\"@id\":\"https:\/\/psol50.org.br\/freixo-apresenta-projeto-para-garantir-seguranca-e-saude-a-policiais\/#primaryimage\"},\"thumbnailUrl\":\"https:\/\/psol50.org.br\/inc\/uploads\/2019\/02\/MarceloFreixo.LuisMacedo.CD_.jpg\",\"keywords\":[\"Marcelo Freixo\",\"projeto\",\"PSOL na C\u00e2mara\",\"seguran\u00e7a\"],\"articleSection\":[\"A\u00e7\u00e3o Parlamentar\",\"Not\u00edcias\",\"Partido\"],\"inLanguage\":\"pt-BR\"},{\"@type\":\"WebPage\",\"@id\":\"https:\/\/psol50.org.br\/freixo-apresenta-projeto-para-garantir-seguranca-e-saude-a-policiais\/\",\"url\":\"https:\/\/psol50.org.br\/freixo-apresenta-projeto-para-garantir-seguranca-e-saude-a-policiais\/\",\"name\":\"Freixo apresenta projeto para garantir seguran\u00e7a e sa\u00fade a policiais - PSOL 50\",\"isPartOf\":{\"@id\":\"https:\/\/psol50.org.br\/#website\"},\"primaryImageOfPage\":{\"@id\":\"https:\/\/psol50.org.br\/freixo-apresenta-projeto-para-garantir-seguranca-e-saude-a-policiais\/#primaryimage\"},\"image\":{\"@id\":\"https:\/\/psol50.org.br\/freixo-apresenta-projeto-para-garantir-seguranca-e-saude-a-policiais\/#primaryimage\"},\"thumbnailUrl\":\"https:\/\/psol50.org.br\/inc\/uploads\/2019\/02\/MarceloFreixo.LuisMacedo.CD_.jpg\",\"datePublished\":\"2019-02-14T16:12:05+00:00\",\"breadcrumb\":{\"@id\":\"https:\/\/psol50.org.br\/freixo-apresenta-projeto-para-garantir-seguranca-e-saude-a-policiais\/#breadcrumb\"},\"inLanguage\":\"pt-BR\",\"potentialAction\":[{\"@type\":\"ReadAction\",\"target\":[\"https:\/\/psol50.org.br\/freixo-apresenta-projeto-para-garantir-seguranca-e-saude-a-policiais\/\"]}]},{\"@type\":\"ImageObject\",\"inLanguage\":\"pt-BR\",\"@id\":\"https:\/\/psol50.org.br\/freixo-apresenta-projeto-para-garantir-seguranca-e-saude-a-policiais\/#primaryimage\",\"url\":\"https:\/\/psol50.org.br\/inc\/uploads\/2019\/02\/MarceloFreixo.LuisMacedo.CD_.jpg\",\"contentUrl\":\"https:\/\/psol50.org.br\/inc\/uploads\/2019\/02\/MarceloFreixo.LuisMacedo.CD_.jpg\",\"width\":1800,\"height\":1200,\"caption\":\"Luis Macedo \/ C\u00e2mara dos Deputados\"},{\"@type\":\"BreadcrumbList\",\"@id\":\"https:\/\/psol50.org.br\/freixo-apresenta-projeto-para-garantir-seguranca-e-saude-a-policiais\/#breadcrumb\",\"itemListElement\":[{\"@type\":\"ListItem\",\"position\":1,\"name\":\"In\u00edcio\",\"item\":\"https:\/\/psol50.org.br\/\"},{\"@type\":\"ListItem\",\"position\":2,\"name\":\"Freixo apresenta projeto para garantir seguran\u00e7a e sa\u00fade a policiais\"}]},{\"@type\":\"WebSite\",\"@id\":\"https:\/\/psol50.org.br\/#website\",\"url\":\"https:\/\/psol50.org.br\/\",\"name\":\"PSOL 50\",\"description\":\"Site oficial do Partido Socialismo e Liberdade\",\"publisher\":{\"@id\":\"https:\/\/psol50.org.br\/#organization\"},\"alternateName\":\"PSOL50\",\"potentialAction\":[{\"@type\":\"SearchAction\",\"target\":{\"@type\":\"EntryPoint\",\"urlTemplate\":\"https:\/\/psol50.org.br\/?s={search_term_string}\"},\"query-input\":{\"@type\":\"PropertyValueSpecification\",\"valueRequired\":true,\"valueName\":\"search_term_string\"}}],\"inLanguage\":\"pt-BR\"},{\"@type\":\"Organization\",\"@id\":\"https:\/\/psol50.org.br\/#organization\",\"name\":\"PSOL 50\",\"alternateName\":\"PSOL 50\",\"url\":\"https:\/\/psol50.org.br\/\",\"logo\":{\"@type\":\"ImageObject\",\"inLanguage\":\"pt-BR\",\"@id\":\"https:\/\/psol50.org.br\/#\/schema\/logo\/image\/\",\"url\":\"https:\/\/psol50.org.br\/inc\/uploads\/2018\/07\/capa.png\",\"contentUrl\":\"https:\/\/psol50.org.br\/inc\/uploads\/2018\/07\/capa.png\",\"width\":1350,\"height\":900,\"caption\":\"PSOL 50\"},\"image\":{\"@id\":\"https:\/\/psol50.org.br\/#\/schema\/logo\/image\/\"},\"sameAs\":[\"https:\/\/www.facebook.com\/psol50\",\"https:\/\/x.com\/psol50\",\"https:\/\/www.instagram.com\/psol50\/\",\"https:\/\/www.youtube.com\/channel\/UC7SnJS5o1os7a6CaiNabzcg\"]},{\"@type\":\"Person\",\"@id\":\"https:\/\/psol50.org.br\/#\/schema\/person\/475dfa57d0b815993c714c2e96491fcd\",\"name\":\"Comunica\u00e7\u00e3o PSOL\",\"image\":{\"@type\":\"ImageObject\",\"inLanguage\":\"pt-BR\",\"@id\":\"https:\/\/psol50.org.br\/#\/schema\/person\/image\/\",\"url\":\"https:\/\/secure.gravatar.com\/avatar\/b34fc4f4e468a4e51785917065a3db57b841f5c95dba6ad8c73aaf8f66f8f9bf?s=96&d=mm&r=g\",\"contentUrl\":\"https:\/\/secure.gravatar.com\/avatar\/b34fc4f4e468a4e51785917065a3db57b841f5c95dba6ad8c73aaf8f66f8f9bf?s=96&d=mm&r=g\",\"caption\":\"Comunica\u00e7\u00e3o PSOL\"}}]}<\/script>\n<!-- \/ Yoast SEO plugin. -->","yoast_head_json":{"title":"Freixo apresenta projeto para garantir seguran\u00e7a e sa\u00fade a policiais - PSOL 50","robots":{"index":"index","follow":"follow","max-snippet":"max-snippet:-1","max-image-preview":"max-image-preview:large","max-video-preview":"max-video-preview:-1"},"canonical":"https:\/\/psol50.org.br\/freixo-apresenta-projeto-para-garantir-seguranca-e-saude-a-policiais\/","og_locale":"pt_BR","og_type":"article","og_title":"Freixo apresenta projeto para garantir seguran\u00e7a e sa\u00fade a policiais","og_description":"Defender direitos humanos tamb\u00e9m \u00e9 defender a vida de profissionais de seguran\u00e7a.","og_url":"https:\/\/psol50.org.br\/freixo-apresenta-projeto-para-garantir-seguranca-e-saude-a-policiais\/","og_site_name":"PSOL 50","article_publisher":"https:\/\/www.facebook.com\/psol50","article_published_time":"2019-02-14T16:12:05+00:00","og_image":[{"width":1800,"height":1200,"url":"https:\/\/psol50.org.br\/inc\/uploads\/2019\/02\/MarceloFreixo.LuisMacedo.CD_.jpg","type":"image\/jpeg"}],"author":"Comunica\u00e7\u00e3o PSOL","twitter_card":"summary_large_image","twitter_title":"Freixo apresenta projeto para garantir seguran\u00e7a e sa\u00fade a policiais","twitter_description":"Defender direitos humanos tamb\u00e9m \u00e9 defender a vida de profissionais de seguran\u00e7a.","twitter_image":"https:\/\/psol50.org.br\/inc\/uploads\/2019\/02\/MarceloFreixo.LuisMacedo.CD_.jpg","twitter_creator":"@psol50","twitter_site":"@psol50","twitter_misc":{"Escrito por":"Comunica\u00e7\u00e3o PSOL","Est. tempo de leitura":"1 minuto"},"schema":{"@context":"https:\/\/schema.org","@graph":[{"@type":"Article","@id":"https:\/\/psol50.org.br\/freixo-apresenta-projeto-para-garantir-seguranca-e-saude-a-policiais\/#article","isPartOf":{"@id":"https:\/\/psol50.org.br\/freixo-apresenta-projeto-para-garantir-seguranca-e-saude-a-policiais\/"},"author":{"name":"Comunica\u00e7\u00e3o PSOL","@id":"https:\/\/psol50.org.br\/#\/schema\/person\/475dfa57d0b815993c714c2e96491fcd"},"headline":"Freixo apresenta projeto para garantir seguran\u00e7a e sa\u00fade a policiais","datePublished":"2019-02-14T16:12:05+00:00","mainEntityOfPage":{"@id":"https:\/\/psol50.org.br\/freixo-apresenta-projeto-para-garantir-seguranca-e-saude-a-policiais\/"},"wordCount":247,"publisher":{"@id":"https:\/\/psol50.org.br\/#organization"},"image":{"@id":"https:\/\/psol50.org.br\/freixo-apresenta-projeto-para-garantir-seguranca-e-saude-a-policiais\/#primaryimage"},"thumbnailUrl":"https:\/\/psol50.org.br\/inc\/uploads\/2019\/02\/MarceloFreixo.LuisMacedo.CD_.jpg","keywords":["Marcelo Freixo","projeto","PSOL na C\u00e2mara","seguran\u00e7a"],"articleSection":["A\u00e7\u00e3o Parlamentar","Not\u00edcias","Partido"],"inLanguage":"pt-BR"},{"@type":"WebPage","@id":"https:\/\/psol50.org.br\/freixo-apresenta-projeto-para-garantir-seguranca-e-saude-a-policiais\/","url":"https:\/\/psol50.org.br\/freixo-apresenta-projeto-para-garantir-seguranca-e-saude-a-policiais\/","name":"Freixo apresenta projeto para garantir seguran\u00e7a e sa\u00fade a policiais - PSOL 50","isPartOf":{"@id":"https:\/\/psol50.org.br\/#website"},"primaryImageOfPage":{"@id":"https:\/\/psol50.org.br\/freixo-apresenta-projeto-para-garantir-seguranca-e-saude-a-policiais\/#primaryimage"},"image":{"@id":"https:\/\/psol50.org.br\/freixo-apresenta-projeto-para-garantir-seguranca-e-saude-a-policiais\/#primaryimage"},"thumbnailUrl":"https:\/\/psol50.org.br\/inc\/uploads\/2019\/02\/MarceloFreixo.LuisMacedo.CD_.jpg","datePublished":"2019-02-14T16:12:05+00:00","breadcrumb":{"@id":"https:\/\/psol50.org.br\/freixo-apresenta-projeto-para-garantir-seguranca-e-saude-a-policiais\/#breadcrumb"},"inLanguage":"pt-BR","potentialAction":[{"@type":"ReadAction","target":["https:\/\/psol50.org.br\/freixo-apresenta-projeto-para-garantir-seguranca-e-saude-a-policiais\/"]}]},{"@type":"ImageObject","inLanguage":"pt-BR","@id":"https:\/\/psol50.org.br\/freixo-apresenta-projeto-para-garantir-seguranca-e-saude-a-policiais\/#primaryimage","url":"https:\/\/psol50.org.br\/inc\/uploads\/2019\/02\/MarceloFreixo.LuisMacedo.CD_.jpg","contentUrl":"https:\/\/psol50.org.br\/inc\/uploads\/2019\/02\/MarceloFreixo.LuisMacedo.CD_.jpg","width":1800,"height":1200,"caption":"Luis Macedo \/ C\u00e2mara dos Deputados"},{"@type":"BreadcrumbList","@id":"https:\/\/psol50.org.br\/freixo-apresenta-projeto-para-garantir-seguranca-e-saude-a-policiais\/#breadcrumb","itemListElement":[{"@type":"ListItem","position":1,"name":"In\u00edcio","item":"https:\/\/psol50.org.br\/"},{"@type":"ListItem","position":2,"name":"Freixo apresenta projeto para garantir seguran\u00e7a e sa\u00fade a policiais"}]},{"@type":"WebSite","@id":"https:\/\/psol50.org.br\/#website","url":"https:\/\/psol50.org.br\/","name":"PSOL 50","description":"Site oficial do Partido Socialismo e Liberdade","publisher":{"@id":"https:\/\/psol50.org.br\/#organization"},"alternateName":"PSOL50","potentialAction":[{"@type":"SearchAction","target":{"@type":"EntryPoint","urlTemplate":"https:\/\/psol50.org.br\/?s={search_term_string}"},"query-input":{"@type":"PropertyValueSpecification","valueRequired":true,"valueName":"search_term_string"}}],"inLanguage":"pt-BR"},{"@type":"Organization","@id":"https:\/\/psol50.org.br\/#organization","name":"PSOL 50","alternateName":"PSOL 50","url":"https:\/\/psol50.org.br\/","logo":{"@type":"ImageObject","inLanguage":"pt-BR","@id":"https:\/\/psol50.org.br\/#\/schema\/logo\/image\/","url":"https:\/\/psol50.org.br\/inc\/uploads\/2018\/07\/capa.png","contentUrl":"https:\/\/psol50.org.br\/inc\/uploads\/2018\/07\/capa.png","width":1350,"height":900,"caption":"PSOL 50"},"image":{"@id":"https:\/\/psol50.org.br\/#\/schema\/logo\/image\/"},"sameAs":["https:\/\/www.facebook.com\/psol50","https:\/\/x.com\/psol50","https:\/\/www.instagram.com\/psol50\/","https:\/\/www.youtube.com\/channel\/UC7SnJS5o1os7a6CaiNabzcg"]},{"@type":"Person","@id":"https:\/\/psol50.org.br\/#\/schema\/person\/475dfa57d0b815993c714c2e96491fcd","name":"Comunica\u00e7\u00e3o PSOL","image":{"@type":"ImageObject","inLanguage":"pt-BR","@id":"https:\/\/psol50.org.br\/#\/schema\/person\/image\/","url":"https:\/\/secure.gravatar.com\/avatar\/b34fc4f4e468a4e51785917065a3db57b841f5c95dba6ad8c73aaf8f66f8f9bf?s=96&d=mm&r=g","contentUrl":"https:\/\/secure.gravatar.com\/avatar\/b34fc4f4e468a4e51785917065a3db57b841f5c95dba6ad8c73aaf8f66f8f9bf?s=96&d=mm&r=g","caption":"Comunica\u00e7\u00e3o PSOL"}}]}},"_links":{"self":[{"href":"https:\/\/psol50.org.br\/rest\/wp\/v2\/posts\/24224","targetHints":{"allow":["GET"]}}],"collection":[{"href":"https:\/\/psol50.org.br\/rest\/wp\/v2\/posts"}],"about":[{"href":"https:\/\/psol50.org.br\/rest\/wp\/v2\/types\/post"}],"author":[{"embeddable":true,"href":"https:\/\/psol50.org.br\/rest\/wp\/v2\/users\/2"}],"replies":[{"embeddable":true,"href":"https:\/\/psol50.org.br\/rest\/wp\/v2\/comments?post=24224"}],"version-history":[{"count":0,"href":"https:\/\/psol50.org.br\/rest\/wp\/v2\/posts\/24224\/revisions"}],"wp:featuredmedia":[{"embeddable":true,"href":"https:\/\/psol50.org.br\/rest\/wp\/v2\/media\/24225"}],"wp:attachment":[{"href":"https:\/\/psol50.org.br\/rest\/wp\/v2\/media?parent=24224"}],"wp:term":[{"taxonomy":"category","embeddable":true,"href":"https:\/\/psol50.org.br\/rest\/wp\/v2\/categories?post=24224"},{"taxonomy":"post_tag","embeddable":true,"href":"https:\/\/psol50.org.br\/rest\/wp\/v2\/tags?post=24224"}],"curies":[{"name":"wp","href":"https:\/\/api.w.org\/{rel}","templated":true}]}}