{"id":24274,"date":"2019-02-19T12:08:12","date_gmt":"2019-02-19T15:08:12","guid":{"rendered":"http:\/\/psol50.org.br\/?p=24274"},"modified":"2019-02-19T12:08:12","modified_gmt":"2019-02-19T15:08:12","slug":"psol-protocola-convocacao-de-ministro-do-turismo-sobre-laranjal-do-psl","status":"publish","type":"post","link":"https:\/\/psol50.org.br\/psol-protocola-convocacao-de-ministro-do-turismo-sobre-laranjal-do-psl\/","title":{"rendered":"PSOL protocola convoca\u00e7\u00e3o de ministro do Turismo sobre Laranjal do PSL"},"content":{"rendered":"\n<p>A <strong><a href=\"https:\/\/www.facebook.com\/psolnacamara\/photos\/a.197883163649256\/1766790560091834\/\" target=\"_blank\" rel=\"noreferrer noopener\" aria-label=\"bancada do PSOL na C\u00e2mara dos Deputados protocolou (abre em uma nova aba)\">bancada do PSOL na C\u00e2mara dos Deputados protocolou<\/a><\/strong>, nesta ter\u00e7a-feira (19), um Requerimento de Convoca\u00e7\u00e3o do ministro do Turismo, Marcelo \u00c1lvaro Ant\u00f4nio, para que ele compare\u00e7a ao plen\u00e1rio e explique as den\u00fancias do esquema conhecido como &#8220;Laranjal do PSL&#8221;.<\/p>\n\n\n\n<p>H\u00e1 diversas suspeitas, amplamente divulgadas nas \u00faltimas semanas, de que o partido de Bolsonaro utilizou candidaturas falsas de mulheres para burlar a cota m\u00ednima de g\u00eanero das candidaturas e a distribui\u00e7\u00e3o do fundo eleitoral.<\/p>\n\n\n\n<p><strong><a href=\"http:\/\/psol50.org.br\/inc\/uploads\/2019\/02\/Ministro-do-Turismo-Candidaturas-Laranjas.pdf\" target=\"_blank\" rel=\"noreferrer noopener\" aria-label=\"Clique aqui para ler o requerimento na \u00edntegra (abre em uma nova aba)\">Clique aqui para ler o requerimento na \u00edntegra<\/a><\/strong><\/p>\n\n\n\n<p>As den\u00fancias apontam que o hoje ministro, filiado ao PSL, patrocinou nas elei\u00e7\u00f5es de 2018 quatro candidaturas laranjas em Minas Gerais. Uma das candidatas, Lilian Bernadino, era assessora de Marcelo \u00c1lvaro Ant\u00f4nio, recebeu R$65 mil do fundo eleitoral, mas obteve apenas 196 votos.<\/p>\n\n\n\n<p>Outra candidata, Cleuzenir Barbosa, afirmou em depoimento ao Minist\u00e9rio P\u00fablico que foi coagida por Bernadino e Haissander Souza de Paula, que foi assessor parlamentar do hoje ministro, a devolver R$50 mil dos R$60 mil que recebeu do PSL na elei\u00e7\u00e3o. Segundo o depoimento, o auxiliar teria, inclusive, utilizado uma arma de fogo para intimid\u00e1-la.<\/p>\n\n\n\n<p>Para que o ministro v\u00e1 ao plen\u00e1rio da C\u00e2mara se explicar, \u00e9 preciso aprova\u00e7\u00e3o por maioria simples dos deputados.<\/p>\n","protected":false},"excerpt":{"rendered":"<p>A bancada do PSOL na C\u00e2mara dos Deputados protocolou, nesta ter\u00e7a-feira (19), um Requerimento de Convoca\u00e7\u00e3o do ministro do Turismo, Marcelo \u00c1lvaro Ant\u00f4nio, para que ele compare\u00e7a ao plen\u00e1rio e explique as den\u00fancias do esquema conhecido como &#8220;Laranjal do PSL&#8221;. H\u00e1 diversas suspeitas, amplamente divulgadas nas \u00faltimas semanas, de que o partido de Bolsonaro utilizou [&hellip;]<\/p>\n","protected":false},"author":2,"featured_media":24277,"comment_status":"closed","ping_status":"open","sticky":false,"template":"","format":"standard","meta":{"_acf_changed":false,"footnotes":""},"categories":[10,6,14],"tags":[58,667,1724,417],"class_list":{"0":"post-24274","1":"post","2":"type-post","3":"status-publish","4":"format-standard","5":"has-post-thumbnail","7":"category-acao-parlamentares","8":"category-noticias","9":"category-partido","10":"tag-corrupcao","11":"tag-marcelo-alvaro-antonio","12":"tag-ministro-do-turismo","13":"tag-psol-na-camara"},"acf":[],"yoast_head":"<!-- This site is optimized with the Yoast SEO plugin v26.5 - https:\/\/yoast.com\/wordpress\/plugins\/seo\/ -->\n<title>PSOL protocola convoca\u00e7\u00e3o de ministro do Turismo sobre Laranjal do PSL - PSOL 50<\/title>\n<meta name=\"robots\" content=\"index, follow, max-snippet:-1, max-image-preview:large, max-video-preview:-1\" \/>\n<link rel=\"canonical\" href=\"https:\/\/psol50.org.br\/psol-protocola-convocacao-de-ministro-do-turismo-sobre-laranjal-do-psl\/\" \/>\n<meta property=\"og:locale\" content=\"pt_BR\" \/>\n<meta property=\"og:type\" content=\"article\" \/>\n<meta property=\"og:title\" content=\"PSOL protocola convoca\u00e7\u00e3o de ministro do Turismo sobre Laranjal do PSL\" \/>\n<meta property=\"og:description\" content=\"Marcelo \u00c1lvaro Ant\u00f4nio precisa se explicar sobre as den\u00fancias.\" \/>\n<meta property=\"og:url\" content=\"https:\/\/psol50.org.br\/psol-protocola-convocacao-de-ministro-do-turismo-sobre-laranjal-do-psl\/\" \/>\n<meta property=\"og:site_name\" content=\"PSOL 50\" \/>\n<meta property=\"article:publisher\" content=\"https:\/\/www.facebook.com\/psol50\" \/>\n<meta property=\"article:published_time\" content=\"2019-02-19T15:08:12+00:00\" \/>\n<meta property=\"og:image\" content=\"https:\/\/psol50.org.br\/inc\/uploads\/2019\/02\/MarceloAlvaroAntonio.ValterCampanato.Abr_.jpg\" \/>\n\t<meta property=\"og:image:width\" content=\"1140\" \/>\n\t<meta property=\"og:image:height\" content=\"760\" \/>\n\t<meta property=\"og:image:type\" content=\"image\/jpeg\" \/>\n<meta name=\"author\" content=\"Comunica\u00e7\u00e3o PSOL\" \/>\n<meta name=\"twitter:card\" content=\"summary_large_image\" \/>\n<meta name=\"twitter:title\" content=\"PSOL protocola convoca\u00e7\u00e3o de ministro do Turismo sobre Laranjal do PSL\" \/>\n<meta name=\"twitter:description\" content=\"Marcelo \u00c1lvaro Ant\u00f4nio precisa se explicar sobre as den\u00fancias.\" \/>\n<meta name=\"twitter:image\" content=\"https:\/\/psol50.org.br\/inc\/uploads\/2019\/02\/MarceloAlvaroAntonio.ValterCampanato.Abr_.jpg\" \/>\n<meta name=\"twitter:creator\" content=\"@psol50\" \/>\n<meta name=\"twitter:site\" content=\"@psol50\" \/>\n<meta name=\"twitter:label1\" content=\"Escrito por\" \/>\n\t<meta name=\"twitter:data1\" content=\"Comunica\u00e7\u00e3o PSOL\" \/>\n\t<meta name=\"twitter:label2\" content=\"Est. tempo de leitura\" \/>\n\t<meta name=\"twitter:data2\" content=\"1 minuto\" \/>\n<script type=\"application\/ld+json\" class=\"yoast-schema-graph\">{\"@context\":\"https:\/\/schema.org\",\"@graph\":[{\"@type\":\"Article\",\"@id\":\"https:\/\/psol50.org.br\/psol-protocola-convocacao-de-ministro-do-turismo-sobre-laranjal-do-psl\/#article\",\"isPartOf\":{\"@id\":\"https:\/\/psol50.org.br\/psol-protocola-convocacao-de-ministro-do-turismo-sobre-laranjal-do-psl\/\"},\"author\":{\"name\":\"Comunica\u00e7\u00e3o PSOL\",\"@id\":\"https:\/\/psol50.org.br\/#\/schema\/person\/475dfa57d0b815993c714c2e96491fcd\"},\"headline\":\"PSOL protocola convoca\u00e7\u00e3o de ministro do Turismo sobre Laranjal do PSL\",\"datePublished\":\"2019-02-19T15:08:12+00:00\",\"mainEntityOfPage\":{\"@id\":\"https:\/\/psol50.org.br\/psol-protocola-convocacao-de-ministro-do-turismo-sobre-laranjal-do-psl\/\"},\"wordCount\":226,\"publisher\":{\"@id\":\"https:\/\/psol50.org.br\/#organization\"},\"image\":{\"@id\":\"https:\/\/psol50.org.br\/psol-protocola-convocacao-de-ministro-do-turismo-sobre-laranjal-do-psl\/#primaryimage\"},\"thumbnailUrl\":\"https:\/\/psol50.org.br\/inc\/uploads\/2019\/02\/MarceloAlvaroAntonio.ValterCampanato.Abr_.jpg\",\"keywords\":[\"corrup\u00e7\u00e3o\",\"Marcelo \u00c1lvaro Ant\u00f4nio\",\"Ministro do Turismo\",\"PSOL na C\u00e2mara\"],\"articleSection\":[\"A\u00e7\u00e3o Parlamentar\",\"Not\u00edcias\",\"Partido\"],\"inLanguage\":\"pt-BR\"},{\"@type\":\"WebPage\",\"@id\":\"https:\/\/psol50.org.br\/psol-protocola-convocacao-de-ministro-do-turismo-sobre-laranjal-do-psl\/\",\"url\":\"https:\/\/psol50.org.br\/psol-protocola-convocacao-de-ministro-do-turismo-sobre-laranjal-do-psl\/\",\"name\":\"PSOL protocola convoca\u00e7\u00e3o de ministro do Turismo sobre Laranjal do PSL - PSOL 50\",\"isPartOf\":{\"@id\":\"https:\/\/psol50.org.br\/#website\"},\"primaryImageOfPage\":{\"@id\":\"https:\/\/psol50.org.br\/psol-protocola-convocacao-de-ministro-do-turismo-sobre-laranjal-do-psl\/#primaryimage\"},\"image\":{\"@id\":\"https:\/\/psol50.org.br\/psol-protocola-convocacao-de-ministro-do-turismo-sobre-laranjal-do-psl\/#primaryimage\"},\"thumbnailUrl\":\"https:\/\/psol50.org.br\/inc\/uploads\/2019\/02\/MarceloAlvaroAntonio.ValterCampanato.Abr_.jpg\",\"datePublished\":\"2019-02-19T15:08:12+00:00\",\"breadcrumb\":{\"@id\":\"https:\/\/psol50.org.br\/psol-protocola-convocacao-de-ministro-do-turismo-sobre-laranjal-do-psl\/#breadcrumb\"},\"inLanguage\":\"pt-BR\",\"potentialAction\":[{\"@type\":\"ReadAction\",\"target\":[\"https:\/\/psol50.org.br\/psol-protocola-convocacao-de-ministro-do-turismo-sobre-laranjal-do-psl\/\"]}]},{\"@type\":\"ImageObject\",\"inLanguage\":\"pt-BR\",\"@id\":\"https:\/\/psol50.org.br\/psol-protocola-convocacao-de-ministro-do-turismo-sobre-laranjal-do-psl\/#primaryimage\",\"url\":\"https:\/\/psol50.org.br\/inc\/uploads\/2019\/02\/MarceloAlvaroAntonio.ValterCampanato.Abr_.jpg\",\"contentUrl\":\"https:\/\/psol50.org.br\/inc\/uploads\/2019\/02\/MarceloAlvaroAntonio.ValterCampanato.Abr_.jpg\",\"width\":1140,\"height\":760,\"caption\":\"Valter Campanato \/ Ag\u00eancia Brasil\"},{\"@type\":\"BreadcrumbList\",\"@id\":\"https:\/\/psol50.org.br\/psol-protocola-convocacao-de-ministro-do-turismo-sobre-laranjal-do-psl\/#breadcrumb\",\"itemListElement\":[{\"@type\":\"ListItem\",\"position\":1,\"name\":\"In\u00edcio\",\"item\":\"https:\/\/psol50.org.br\/\"},{\"@type\":\"ListItem\",\"position\":2,\"name\":\"PSOL protocola convoca\u00e7\u00e3o de ministro do Turismo sobre Laranjal do PSL\"}]},{\"@type\":\"WebSite\",\"@id\":\"https:\/\/psol50.org.br\/#website\",\"url\":\"https:\/\/psol50.org.br\/\",\"name\":\"PSOL 50\",\"description\":\"Site oficial do Partido Socialismo e Liberdade\",\"publisher\":{\"@id\":\"https:\/\/psol50.org.br\/#organization\"},\"alternateName\":\"PSOL50\",\"potentialAction\":[{\"@type\":\"SearchAction\",\"target\":{\"@type\":\"EntryPoint\",\"urlTemplate\":\"https:\/\/psol50.org.br\/?s={search_term_string}\"},\"query-input\":{\"@type\":\"PropertyValueSpecification\",\"valueRequired\":true,\"valueName\":\"search_term_string\"}}],\"inLanguage\":\"pt-BR\"},{\"@type\":\"Organization\",\"@id\":\"https:\/\/psol50.org.br\/#organization\",\"name\":\"PSOL 50\",\"alternateName\":\"PSOL 50\",\"url\":\"https:\/\/psol50.org.br\/\",\"logo\":{\"@type\":\"ImageObject\",\"inLanguage\":\"pt-BR\",\"@id\":\"https:\/\/psol50.org.br\/#\/schema\/logo\/image\/\",\"url\":\"https:\/\/psol50.org.br\/inc\/uploads\/2018\/07\/capa.png\",\"contentUrl\":\"https:\/\/psol50.org.br\/inc\/uploads\/2018\/07\/capa.png\",\"width\":1350,\"height\":900,\"caption\":\"PSOL 50\"},\"image\":{\"@id\":\"https:\/\/psol50.org.br\/#\/schema\/logo\/image\/\"},\"sameAs\":[\"https:\/\/www.facebook.com\/psol50\",\"https:\/\/x.com\/psol50\",\"https:\/\/www.instagram.com\/psol50\/\",\"https:\/\/www.youtube.com\/channel\/UC7SnJS5o1os7a6CaiNabzcg\"]},{\"@type\":\"Person\",\"@id\":\"https:\/\/psol50.org.br\/#\/schema\/person\/475dfa57d0b815993c714c2e96491fcd\",\"name\":\"Comunica\u00e7\u00e3o PSOL\",\"image\":{\"@type\":\"ImageObject\",\"inLanguage\":\"pt-BR\",\"@id\":\"https:\/\/psol50.org.br\/#\/schema\/person\/image\/\",\"url\":\"https:\/\/secure.gravatar.com\/avatar\/b34fc4f4e468a4e51785917065a3db57b841f5c95dba6ad8c73aaf8f66f8f9bf?s=96&d=mm&r=g\",\"contentUrl\":\"https:\/\/secure.gravatar.com\/avatar\/b34fc4f4e468a4e51785917065a3db57b841f5c95dba6ad8c73aaf8f66f8f9bf?s=96&d=mm&r=g\",\"caption\":\"Comunica\u00e7\u00e3o PSOL\"}}]}<\/script>\n<!-- \/ Yoast SEO plugin. -->","yoast_head_json":{"title":"PSOL protocola convoca\u00e7\u00e3o de ministro do Turismo sobre Laranjal do PSL - PSOL 50","robots":{"index":"index","follow":"follow","max-snippet":"max-snippet:-1","max-image-preview":"max-image-preview:large","max-video-preview":"max-video-preview:-1"},"canonical":"https:\/\/psol50.org.br\/psol-protocola-convocacao-de-ministro-do-turismo-sobre-laranjal-do-psl\/","og_locale":"pt_BR","og_type":"article","og_title":"PSOL protocola convoca\u00e7\u00e3o de ministro do Turismo sobre Laranjal do PSL","og_description":"Marcelo \u00c1lvaro Ant\u00f4nio precisa se explicar sobre as den\u00fancias.","og_url":"https:\/\/psol50.org.br\/psol-protocola-convocacao-de-ministro-do-turismo-sobre-laranjal-do-psl\/","og_site_name":"PSOL 50","article_publisher":"https:\/\/www.facebook.com\/psol50","article_published_time":"2019-02-19T15:08:12+00:00","og_image":[{"width":1140,"height":760,"url":"https:\/\/psol50.org.br\/inc\/uploads\/2019\/02\/MarceloAlvaroAntonio.ValterCampanato.Abr_.jpg","type":"image\/jpeg"}],"author":"Comunica\u00e7\u00e3o PSOL","twitter_card":"summary_large_image","twitter_title":"PSOL protocola convoca\u00e7\u00e3o de ministro do Turismo sobre Laranjal do PSL","twitter_description":"Marcelo \u00c1lvaro Ant\u00f4nio precisa se explicar sobre as den\u00fancias.","twitter_image":"https:\/\/psol50.org.br\/inc\/uploads\/2019\/02\/MarceloAlvaroAntonio.ValterCampanato.Abr_.jpg","twitter_creator":"@psol50","twitter_site":"@psol50","twitter_misc":{"Escrito por":"Comunica\u00e7\u00e3o PSOL","Est. tempo de leitura":"1 minuto"},"schema":{"@context":"https:\/\/schema.org","@graph":[{"@type":"Article","@id":"https:\/\/psol50.org.br\/psol-protocola-convocacao-de-ministro-do-turismo-sobre-laranjal-do-psl\/#article","isPartOf":{"@id":"https:\/\/psol50.org.br\/psol-protocola-convocacao-de-ministro-do-turismo-sobre-laranjal-do-psl\/"},"author":{"name":"Comunica\u00e7\u00e3o PSOL","@id":"https:\/\/psol50.org.br\/#\/schema\/person\/475dfa57d0b815993c714c2e96491fcd"},"headline":"PSOL protocola convoca\u00e7\u00e3o de ministro do Turismo sobre Laranjal do PSL","datePublished":"2019-02-19T15:08:12+00:00","mainEntityOfPage":{"@id":"https:\/\/psol50.org.br\/psol-protocola-convocacao-de-ministro-do-turismo-sobre-laranjal-do-psl\/"},"wordCount":226,"publisher":{"@id":"https:\/\/psol50.org.br\/#organization"},"image":{"@id":"https:\/\/psol50.org.br\/psol-protocola-convocacao-de-ministro-do-turismo-sobre-laranjal-do-psl\/#primaryimage"},"thumbnailUrl":"https:\/\/psol50.org.br\/inc\/uploads\/2019\/02\/MarceloAlvaroAntonio.ValterCampanato.Abr_.jpg","keywords":["corrup\u00e7\u00e3o","Marcelo \u00c1lvaro Ant\u00f4nio","Ministro do Turismo","PSOL na C\u00e2mara"],"articleSection":["A\u00e7\u00e3o Parlamentar","Not\u00edcias","Partido"],"inLanguage":"pt-BR"},{"@type":"WebPage","@id":"https:\/\/psol50.org.br\/psol-protocola-convocacao-de-ministro-do-turismo-sobre-laranjal-do-psl\/","url":"https:\/\/psol50.org.br\/psol-protocola-convocacao-de-ministro-do-turismo-sobre-laranjal-do-psl\/","name":"PSOL protocola convoca\u00e7\u00e3o de ministro do Turismo sobre Laranjal do PSL - PSOL 50","isPartOf":{"@id":"https:\/\/psol50.org.br\/#website"},"primaryImageOfPage":{"@id":"https:\/\/psol50.org.br\/psol-protocola-convocacao-de-ministro-do-turismo-sobre-laranjal-do-psl\/#primaryimage"},"image":{"@id":"https:\/\/psol50.org.br\/psol-protocola-convocacao-de-ministro-do-turismo-sobre-laranjal-do-psl\/#primaryimage"},"thumbnailUrl":"https:\/\/psol50.org.br\/inc\/uploads\/2019\/02\/MarceloAlvaroAntonio.ValterCampanato.Abr_.jpg","datePublished":"2019-02-19T15:08:12+00:00","breadcrumb":{"@id":"https:\/\/psol50.org.br\/psol-protocola-convocacao-de-ministro-do-turismo-sobre-laranjal-do-psl\/#breadcrumb"},"inLanguage":"pt-BR","potentialAction":[{"@type":"ReadAction","target":["https:\/\/psol50.org.br\/psol-protocola-convocacao-de-ministro-do-turismo-sobre-laranjal-do-psl\/"]}]},{"@type":"ImageObject","inLanguage":"pt-BR","@id":"https:\/\/psol50.org.br\/psol-protocola-convocacao-de-ministro-do-turismo-sobre-laranjal-do-psl\/#primaryimage","url":"https:\/\/psol50.org.br\/inc\/uploads\/2019\/02\/MarceloAlvaroAntonio.ValterCampanato.Abr_.jpg","contentUrl":"https:\/\/psol50.org.br\/inc\/uploads\/2019\/02\/MarceloAlvaroAntonio.ValterCampanato.Abr_.jpg","width":1140,"height":760,"caption":"Valter Campanato \/ Ag\u00eancia Brasil"},{"@type":"BreadcrumbList","@id":"https:\/\/psol50.org.br\/psol-protocola-convocacao-de-ministro-do-turismo-sobre-laranjal-do-psl\/#breadcrumb","itemListElement":[{"@type":"ListItem","position":1,"name":"In\u00edcio","item":"https:\/\/psol50.org.br\/"},{"@type":"ListItem","position":2,"name":"PSOL protocola convoca\u00e7\u00e3o de ministro do Turismo sobre Laranjal do PSL"}]},{"@type":"WebSite","@id":"https:\/\/psol50.org.br\/#website","url":"https:\/\/psol50.org.br\/","name":"PSOL 50","description":"Site oficial do Partido Socialismo e Liberdade","publisher":{"@id":"https:\/\/psol50.org.br\/#organization"},"alternateName":"PSOL50","potentialAction":[{"@type":"SearchAction","target":{"@type":"EntryPoint","urlTemplate":"https:\/\/psol50.org.br\/?s={search_term_string}"},"query-input":{"@type":"PropertyValueSpecification","valueRequired":true,"valueName":"search_term_string"}}],"inLanguage":"pt-BR"},{"@type":"Organization","@id":"https:\/\/psol50.org.br\/#organization","name":"PSOL 50","alternateName":"PSOL 50","url":"https:\/\/psol50.org.br\/","logo":{"@type":"ImageObject","inLanguage":"pt-BR","@id":"https:\/\/psol50.org.br\/#\/schema\/logo\/image\/","url":"https:\/\/psol50.org.br\/inc\/uploads\/2018\/07\/capa.png","contentUrl":"https:\/\/psol50.org.br\/inc\/uploads\/2018\/07\/capa.png","width":1350,"height":900,"caption":"PSOL 50"},"image":{"@id":"https:\/\/psol50.org.br\/#\/schema\/logo\/image\/"},"sameAs":["https:\/\/www.facebook.com\/psol50","https:\/\/x.com\/psol50","https:\/\/www.instagram.com\/psol50\/","https:\/\/www.youtube.com\/channel\/UC7SnJS5o1os7a6CaiNabzcg"]},{"@type":"Person","@id":"https:\/\/psol50.org.br\/#\/schema\/person\/475dfa57d0b815993c714c2e96491fcd","name":"Comunica\u00e7\u00e3o PSOL","image":{"@type":"ImageObject","inLanguage":"pt-BR","@id":"https:\/\/psol50.org.br\/#\/schema\/person\/image\/","url":"https:\/\/secure.gravatar.com\/avatar\/b34fc4f4e468a4e51785917065a3db57b841f5c95dba6ad8c73aaf8f66f8f9bf?s=96&d=mm&r=g","contentUrl":"https:\/\/secure.gravatar.com\/avatar\/b34fc4f4e468a4e51785917065a3db57b841f5c95dba6ad8c73aaf8f66f8f9bf?s=96&d=mm&r=g","caption":"Comunica\u00e7\u00e3o PSOL"}}]}},"_links":{"self":[{"href":"https:\/\/psol50.org.br\/rest\/wp\/v2\/posts\/24274","targetHints":{"allow":["GET"]}}],"collection":[{"href":"https:\/\/psol50.org.br\/rest\/wp\/v2\/posts"}],"about":[{"href":"https:\/\/psol50.org.br\/rest\/wp\/v2\/types\/post"}],"author":[{"embeddable":true,"href":"https:\/\/psol50.org.br\/rest\/wp\/v2\/users\/2"}],"replies":[{"embeddable":true,"href":"https:\/\/psol50.org.br\/rest\/wp\/v2\/comments?post=24274"}],"version-history":[{"count":0,"href":"https:\/\/psol50.org.br\/rest\/wp\/v2\/posts\/24274\/revisions"}],"wp:featuredmedia":[{"embeddable":true,"href":"https:\/\/psol50.org.br\/rest\/wp\/v2\/media\/24277"}],"wp:attachment":[{"href":"https:\/\/psol50.org.br\/rest\/wp\/v2\/media?parent=24274"}],"wp:term":[{"taxonomy":"category","embeddable":true,"href":"https:\/\/psol50.org.br\/rest\/wp\/v2\/categories?post=24274"},{"taxonomy":"post_tag","embeddable":true,"href":"https:\/\/psol50.org.br\/rest\/wp\/v2\/tags?post=24274"}],"curies":[{"name":"wp","href":"https:\/\/api.w.org\/{rel}","templated":true}]}}