{"id":2428,"date":"2013-11-14T00:00:00","date_gmt":"2013-11-14T00:00:00","guid":{"rendered":"http:\/\/psol50.org.br\/arquivo\/2013\/11\/14\/mpf-pede-investigacao-sobre-execucoes-dos-tupinamba\/"},"modified":"2013-11-14T00:00:00","modified_gmt":"2013-11-14T00:00:00","slug":"mpf-pede-investigacao-sobre-execucoes-dos-tupinamba","status":"publish","type":"post","link":"https:\/\/psol50.org.br\/mpf-pede-investigacao-sobre-execucoes-dos-tupinamba\/","title":{"rendered":"MPF pede investiga\u00e7\u00e3o sobre execu\u00e7\u00f5es dos Tupinamb\u00e1"},"content":{"rendered":"<div style=\"text-align: justify;\">\n\t<em>Renato Santana, do Brasil de Fato<\/em><\/p>\n<p>\tCom base em den\u00fancias sobre o assassinato de tr\u00eas ind\u00edgenas da Terra Ind\u00edgena Tupinamb\u00e1 de Oliven\u00e7a, sul da Bahia, na \u00faltima&nbsp;sexta-feira (8), o Minist\u00e9rio P\u00fablico Federal (MPF) de Ilh\u00e9us (BA) requisitou \u00e0 Pol\u00edcia Federal investiga\u00e7\u00e3o acerca das mortes. De acordo com os procuradores da Rep\u00fablica Ov\u00eddio Augusto Amoedo Machado e Tiago Modesto Rabelo, as informa\u00e7\u00f5es d\u00e3o conta de uma emboscada premeditada contra os Tupinamb\u00e1, numa regi\u00e3o de conflitos provocados pela indefini\u00e7\u00e3o da demarca\u00e7\u00e3o da terra ind\u00edgena.<br \/>\n\t&nbsp;<br \/>\n\tA Pol\u00edcia Federal trabalha com a hip\u00f3tese de que os assassinatos tenham ocorrido depois de uma \u2018briga de bar\u2019 envolvendo as v\u00edtimas \u2013 contradizendo as suspeitas dos procuradores da Rep\u00fablica. Por\u00e9m, para os Tupinamb\u00e1 da regi\u00e3o do Mam\u00e3o, distrito de Len\u00e7\u00f3is, munic\u00edpio de Una, \u00e1rea identificada como tradicional e repleta de fazendas retomadas pelos \u00edndios, algumas quest\u00f5es n\u00e3o est\u00e3o respondidas e afirmam: h\u00e1 a participa\u00e7\u00e3o de pol\u00edtico contr\u00e1rio \u00e0 demarca\u00e7\u00e3o da terra ind\u00edgena na articula\u00e7\u00e3o da emboscada.<br \/>\n\t&nbsp;<br \/>\n\t\u201cTeve um fazendeiro que falou para a gente que tr\u00eas suspeitos (brancos) de terem participado da emboscada foram protegidos por esse pol\u00edtico e que ele teria ajudado eles a fugir. A pol\u00edcia prendeu apenas os tr\u00eas \u00edndios envolvidos, sendo um deles Lindomar Ara\u00fajo Nascimento\u201d, declara lideran\u00e7a Tupinamb\u00e1 \u2013 n\u00e3o identificada por motivos de seguran\u00e7a. No Boletim de Ocorr\u00eancia 13-02068, registrado na 7\u00aa Coorpin do munic\u00edpio de Una (BA), Lindomar aparece como o \u00fanico r\u00e9u, mesmo com a informa\u00e7\u00e3o fornecida por testemunha da exist\u00eancia de mais participantes na emboscada.<br \/>\n\t&nbsp;<br \/>\n\tInicialmente se falava em quatro indiv\u00edduos presentes nos assassinatos, mas os relatos de uma testemunha apontam para a participa\u00e7\u00e3o de seis indiv\u00edduos, sendo tr\u00eas \u00edndios e tr\u00eas brancos. Por que apenas os ind\u00edgenas suspeitos foram detidos?, perguntam as lideran\u00e7as. \u201cA inten\u00e7\u00e3o parece que \u00e9 de transformar o caso numa briga entre os ind\u00edgenas. Acontece que sabemos que os \u2018brancos\u2019 que participaram t\u00eam rela\u00e7\u00e3o com esse pol\u00edtico, com policiais e fazendeiros insatisfeitos com as retomadas. Os tr\u00eas meninos mortos sempre estavam nas lutas do povo\u201d, declara a lideran\u00e7a. Um dos \u2018brancos\u2019 envolvidos, de acordo com relatos, \u00e9 chamado de \u2018Er\u00ea\u2019 e um conhecido pistoleiro da regi\u00e3o.<br \/>\n\t&nbsp;<br \/>\n\tO irm\u00e3o de Er\u00ea, segundo os ind\u00edgenas, teria sido abordado pela Pol\u00edcia Federal no \u00faltimo&nbsp;domingo, 10, portanto um rifle. Os policiais teriam apreendido apenas a arma. A suspeita \u00e9 de que o rifle possa&nbsp;ter&nbsp;sido usado na emboscada. Um dos mortos, Aurino Calazans dos Santos, de 31 anos, que al\u00e9m dos tiros teve a cabe\u00e7a quase decepada e o corpo com marcas de tortura, de fato teria tido uma briga com Lindomar, semanas antes. Para os ind\u00edgenas, por\u00e9m, o fato teria sido usado pelo pol\u00edtico para organizar a emboscada, posto que Lindomar mantinha estreita rela\u00e7\u00e3o com os inimigos dos Tupinamb\u00e1 \u2013 ligados ao campo contr\u00e1rio \u00e0s demarca\u00e7\u00f5es.<br \/>\n\t&nbsp;<br \/>\n\t\u201cTem um lado de vingan\u00e7a, mas manipulado por quem n\u00e3o nos quer nessas terras. Os \u00edndios envolvidos foram cooptados. Ent\u00e3o precisa investigar. A comunidade encontra-se bastante traumatizada com o crime brutal. A gente sabe que os verdadeiros assassinos est\u00e3o soltos e continuam rondando por aqui. Outra coisa \u00e9 que h\u00e1 tempos que fazemos den\u00fancias contra esses indiv\u00edduos. Eles amea\u00e7am, andam armados\u201d, explica a lideran\u00e7a Tupinamb\u00e1. A comunidade aponta ainda o constante tr\u00e1fego de um gol preto, com os vidros filmados, rondando a regi\u00e3o do Mam\u00e3o desde pouco antes da emboscada.<br \/>\n\t&nbsp;<br \/>\n\tDesde o dia 14 de agosto deste ano os Tupinamb\u00e1 est\u00e3o submetidos a constantes amea\u00e7as, atentados e comumente alvos de racismo e campanha de preconceito nos munic\u00edpios do entorno da terra ind\u00edgena. Em 3 de setembro, por\u00e9m, as amea\u00e7as se concretizaram e um ind\u00edgena foi assassinado em \u00e1rea rec\u00e9m retomada pelos Tupinamb\u00e1, na Serra das Trempes. Dois meses se passaram e o crime segue impune, sem nenhuma informa\u00e7\u00e3o apresentada pela Pol\u00edcia Federal.<br \/>\n\t&nbsp;<br \/>\n\t<strong>Viol\u00eancia no sul da Bahia<\/strong><br \/>\n\tAurino Santos Calazans, 31 anos, Agenor de Souza J\u00fanior, 30 anos, e Ademilson Vieira dos Santos, 36 anos, foram executados em emboscada quando regressavam da comunidade Cajueiro, por volta das 18 horas da \u00faltima&nbsp;sexta, por\u00e7\u00e3o sul do territ\u00f3rio tradicional, quando foram emboscados por seis, de acordo com os \u00faltimos relatos da testemunha do crime. Disparos de arma de fogo foram feitos contra os ind\u00edgenas. Na sequ\u00eancia os assassinos praticaram torturas, dilaceraram os corpos com fac\u00f5es e com o que \u00e9 chamado na regi\u00e3o de \u201cchicote de rabo de arraia\u201d.<br \/>\n\t&nbsp;<br \/>\n\tNos \u00faltimos meses, cinco Tupinamb\u00e1 e um Patax\u00f3 foram assassinados no contexto da luta pela terra tradicional no extremo sul baiano. A regi\u00e3o possui diversos focos de conflito entre ind\u00edgenas, que reivindicam territ\u00f3rios tradicionais j\u00e1 identificados, e fazendeiros, que se negam a sair das \u00e1reas. O governo federal, por sua vez, paralisou os procedimentos demarcat\u00f3rios na regi\u00e3o agu\u00e7ando ainda mais o conflito. O ministro da Justi\u00e7a, Jos\u00e9 Eduardo Cardozo, justificou a suspens\u00e3o com a cria\u00e7\u00e3o de uma \u2018mesa de di\u00e1logo\u2019, que com estas mortes tem se comprovado ineficiente.<br \/>\n\t&nbsp;<br \/>\n\tO processo de identifica\u00e7\u00e3o da Terra Ind\u00edgena Tupinamb\u00e1 de Oliven\u00e7a teve in\u00edcio em 2004. Em 2009, a Funda\u00e7\u00e3o Nacional do \u00cdndio (Funai) aprovou o relat\u00f3rio circunstanciado que delimitou a terra em 47.200 mil hectares, estendendo-se por por\u00e7\u00f5es dos munic\u00edpios de Buerarema, Ilh\u00e9us e Una, no sul da Bahia. No momento, os Tupinamb\u00e1 aguardam a publica\u00e7\u00e3o da Portaria Declarat\u00f3ria, para que o processo se encaminhe para as etapas finais de retirada dos n\u00e3o-\u00edndios, pagamento de indeniza\u00e7\u00f5es, reassentamento dos pequenos e homologa\u00e7\u00e3o.&nbsp;<br \/>\n\t&nbsp;<br \/>\n\t<strong>Execu\u00e7\u00f5es chegam ao Congresso<\/strong><br \/>\n\tO deputado federal Chico Alencar (PSOL\/RJ) se pronunciou na C\u00e2mara nesta&nbsp;quarta, 13, denunciando as tr\u00eas mortes e a permanente impunidade que as permeia. Por\u00e9m, o parlamentar acredita que o caso na regi\u00e3o n\u00e3o \u00e9 de pol\u00edcia: \u201cO governo precisa fazer que se conclua com urg\u00eancia o processo de demarca\u00e7\u00e3o da Terra Ind\u00edgena Tupinamb\u00e1 (de Oliven\u00e7a), cuja paralisa\u00e7\u00e3o tem dado margem ao acirramento dos conflitos\u201d.<\/p>\n<p>\tAlencar lembra que \u201cem face da demora ilegal e abusiva do governo em cumprir a demarca\u00e7\u00e3o, o MPF prop\u00f4s a\u00e7\u00f5es civis p\u00fablicas responsabilizando o Estado por n\u00e3o cumprir a atribui\u00e7\u00e3o legal de proteger os direitos ind\u00edgenas\u201d. O parlamentar&nbsp;prestou solidariedade \u00e0s fam\u00edlias dos ind\u00edgenas mortos e clamou ao ministro da Justi\u00e7a o encaminhamento do processo demarcat\u00f3rio da terra ind\u00edgena onde vivem cerca de 4.700 tupinamb\u00e1s.&nbsp;<\/p><\/div>\n<p>&nbsp;<\/p>\n","protected":false},"excerpt":{"rendered":"<p>Renato Santana, do Brasil de Fato Com base em den\u00fancias sobre o assassinato de tr\u00eas ind\u00edgenas da Terra Ind\u00edgena Tupinamb\u00e1 de Oliven\u00e7a, sul da Bahia, na \u00faltima&nbsp;sexta-feira (8), o Minist\u00e9rio P\u00fablico Federal (MPF) de Ilh\u00e9us (BA) requisitou \u00e0 Pol\u00edcia Federal investiga\u00e7\u00e3o acerca das mortes. De acordo com os procuradores da Rep\u00fablica Ov\u00eddio Augusto Amoedo Machado [&hellip;]<\/p>\n","protected":false},"author":2,"featured_media":0,"comment_status":"open","ping_status":"open","sticky":false,"template":"","format":"standard","meta":{"_acf_changed":false,"footnotes":""},"categories":[4766,6],"tags":[],"class_list":{"0":"post-2428","1":"post","2":"type-post","3":"status-publish","4":"format-standard","6":"category-arquivo","7":"category-noticias"},"acf":[],"yoast_head":"<!-- This site is optimized with the Yoast SEO plugin v26.5 - https:\/\/yoast.com\/wordpress\/plugins\/seo\/ -->\n<title>MPF pede investiga\u00e7\u00e3o sobre execu\u00e7\u00f5es dos Tupinamb\u00e1 - PSOL 50<\/title>\n<meta name=\"robots\" content=\"index, follow, max-snippet:-1, max-image-preview:large, max-video-preview:-1\" \/>\n<link rel=\"canonical\" href=\"https:\/\/psol50.org.br\/mpf-pede-investigacao-sobre-execucoes-dos-tupinamba\/\" \/>\n<meta property=\"og:locale\" content=\"pt_BR\" \/>\n<meta property=\"og:type\" content=\"article\" \/>\n<meta property=\"og:title\" content=\"MPF pede investiga\u00e7\u00e3o sobre execu\u00e7\u00f5es dos Tupinamb\u00e1 - PSOL 50\" \/>\n<meta property=\"og:description\" content=\"Renato Santana, do Brasil de Fato Com base em den\u00fancias sobre o assassinato de tr\u00eas ind\u00edgenas da Terra Ind\u00edgena Tupinamb\u00e1 de Oliven\u00e7a, sul da Bahia, na \u00faltima&nbsp;sexta-feira (8), o Minist\u00e9rio P\u00fablico Federal (MPF) de Ilh\u00e9us (BA) requisitou \u00e0 Pol\u00edcia Federal investiga\u00e7\u00e3o acerca das mortes. De acordo com os procuradores da Rep\u00fablica Ov\u00eddio Augusto Amoedo Machado [&hellip;]\" \/>\n<meta property=\"og:url\" content=\"https:\/\/psol50.org.br\/mpf-pede-investigacao-sobre-execucoes-dos-tupinamba\/\" \/>\n<meta property=\"og:site_name\" content=\"PSOL 50\" \/>\n<meta property=\"article:publisher\" content=\"https:\/\/www.facebook.com\/psol50\" \/>\n<meta property=\"article:published_time\" content=\"2013-11-14T00:00:00+00:00\" \/>\n<meta property=\"og:image\" content=\"https:\/\/psol50.org.br\/inc\/uploads\/2018\/07\/capa.png\" \/>\n\t<meta property=\"og:image:width\" content=\"1350\" \/>\n\t<meta property=\"og:image:height\" content=\"900\" \/>\n\t<meta property=\"og:image:type\" content=\"image\/png\" \/>\n<meta name=\"author\" content=\"Comunica\u00e7\u00e3o PSOL\" \/>\n<meta name=\"twitter:card\" content=\"summary_large_image\" \/>\n<meta name=\"twitter:creator\" content=\"@psol50\" \/>\n<meta name=\"twitter:site\" content=\"@psol50\" \/>\n<meta name=\"twitter:label1\" content=\"Escrito por\" \/>\n\t<meta name=\"twitter:data1\" content=\"Comunica\u00e7\u00e3o PSOL\" \/>\n\t<meta name=\"twitter:label2\" content=\"Est. tempo de leitura\" \/>\n\t<meta name=\"twitter:data2\" content=\"6 minutos\" \/>\n<script type=\"application\/ld+json\" class=\"yoast-schema-graph\">{\"@context\":\"https:\/\/schema.org\",\"@graph\":[{\"@type\":\"Article\",\"@id\":\"https:\/\/psol50.org.br\/mpf-pede-investigacao-sobre-execucoes-dos-tupinamba\/#article\",\"isPartOf\":{\"@id\":\"https:\/\/psol50.org.br\/mpf-pede-investigacao-sobre-execucoes-dos-tupinamba\/\"},\"author\":{\"name\":\"Comunica\u00e7\u00e3o PSOL\",\"@id\":\"https:\/\/psol50.org.br\/#\/schema\/person\/475dfa57d0b815993c714c2e96491fcd\"},\"headline\":\"MPF pede investiga\u00e7\u00e3o sobre execu\u00e7\u00f5es dos Tupinamb\u00e1\",\"datePublished\":\"2013-11-14T00:00:00+00:00\",\"mainEntityOfPage\":{\"@id\":\"https:\/\/psol50.org.br\/mpf-pede-investigacao-sobre-execucoes-dos-tupinamba\/\"},\"wordCount\":1179,\"commentCount\":0,\"publisher\":{\"@id\":\"https:\/\/psol50.org.br\/#organization\"},\"articleSection\":[\"Arquivo\",\"Not\u00edcias\"],\"inLanguage\":\"pt-BR\",\"potentialAction\":[{\"@type\":\"CommentAction\",\"name\":\"Comment\",\"target\":[\"https:\/\/psol50.org.br\/mpf-pede-investigacao-sobre-execucoes-dos-tupinamba\/#respond\"]}]},{\"@type\":\"WebPage\",\"@id\":\"https:\/\/psol50.org.br\/mpf-pede-investigacao-sobre-execucoes-dos-tupinamba\/\",\"url\":\"https:\/\/psol50.org.br\/mpf-pede-investigacao-sobre-execucoes-dos-tupinamba\/\",\"name\":\"MPF pede investiga\u00e7\u00e3o sobre execu\u00e7\u00f5es dos Tupinamb\u00e1 - PSOL 50\",\"isPartOf\":{\"@id\":\"https:\/\/psol50.org.br\/#website\"},\"datePublished\":\"2013-11-14T00:00:00+00:00\",\"breadcrumb\":{\"@id\":\"https:\/\/psol50.org.br\/mpf-pede-investigacao-sobre-execucoes-dos-tupinamba\/#breadcrumb\"},\"inLanguage\":\"pt-BR\",\"potentialAction\":[{\"@type\":\"ReadAction\",\"target\":[\"https:\/\/psol50.org.br\/mpf-pede-investigacao-sobre-execucoes-dos-tupinamba\/\"]}]},{\"@type\":\"BreadcrumbList\",\"@id\":\"https:\/\/psol50.org.br\/mpf-pede-investigacao-sobre-execucoes-dos-tupinamba\/#breadcrumb\",\"itemListElement\":[{\"@type\":\"ListItem\",\"position\":1,\"name\":\"In\u00edcio\",\"item\":\"https:\/\/psol50.org.br\/\"},{\"@type\":\"ListItem\",\"position\":2,\"name\":\"MPF pede investiga\u00e7\u00e3o sobre execu\u00e7\u00f5es dos Tupinamb\u00e1\"}]},{\"@type\":\"WebSite\",\"@id\":\"https:\/\/psol50.org.br\/#website\",\"url\":\"https:\/\/psol50.org.br\/\",\"name\":\"PSOL 50\",\"description\":\"Site oficial do Partido Socialismo e Liberdade\",\"publisher\":{\"@id\":\"https:\/\/psol50.org.br\/#organization\"},\"alternateName\":\"PSOL50\",\"potentialAction\":[{\"@type\":\"SearchAction\",\"target\":{\"@type\":\"EntryPoint\",\"urlTemplate\":\"https:\/\/psol50.org.br\/?s={search_term_string}\"},\"query-input\":{\"@type\":\"PropertyValueSpecification\",\"valueRequired\":true,\"valueName\":\"search_term_string\"}}],\"inLanguage\":\"pt-BR\"},{\"@type\":\"Organization\",\"@id\":\"https:\/\/psol50.org.br\/#organization\",\"name\":\"PSOL 50\",\"alternateName\":\"PSOL 50\",\"url\":\"https:\/\/psol50.org.br\/\",\"logo\":{\"@type\":\"ImageObject\",\"inLanguage\":\"pt-BR\",\"@id\":\"https:\/\/psol50.org.br\/#\/schema\/logo\/image\/\",\"url\":\"https:\/\/psol50.org.br\/inc\/uploads\/2018\/07\/capa.png\",\"contentUrl\":\"https:\/\/psol50.org.br\/inc\/uploads\/2018\/07\/capa.png\",\"width\":1350,\"height\":900,\"caption\":\"PSOL 50\"},\"image\":{\"@id\":\"https:\/\/psol50.org.br\/#\/schema\/logo\/image\/\"},\"sameAs\":[\"https:\/\/www.facebook.com\/psol50\",\"https:\/\/x.com\/psol50\",\"https:\/\/www.instagram.com\/psol50\/\",\"https:\/\/www.youtube.com\/channel\/UC7SnJS5o1os7a6CaiNabzcg\"]},{\"@type\":\"Person\",\"@id\":\"https:\/\/psol50.org.br\/#\/schema\/person\/475dfa57d0b815993c714c2e96491fcd\",\"name\":\"Comunica\u00e7\u00e3o PSOL\",\"image\":{\"@type\":\"ImageObject\",\"inLanguage\":\"pt-BR\",\"@id\":\"https:\/\/psol50.org.br\/#\/schema\/person\/image\/\",\"url\":\"https:\/\/secure.gravatar.com\/avatar\/b34fc4f4e468a4e51785917065a3db57b841f5c95dba6ad8c73aaf8f66f8f9bf?s=96&d=mm&r=g\",\"contentUrl\":\"https:\/\/secure.gravatar.com\/avatar\/b34fc4f4e468a4e51785917065a3db57b841f5c95dba6ad8c73aaf8f66f8f9bf?s=96&d=mm&r=g\",\"caption\":\"Comunica\u00e7\u00e3o PSOL\"}}]}<\/script>\n<!-- \/ Yoast SEO plugin. -->","yoast_head_json":{"title":"MPF pede investiga\u00e7\u00e3o sobre execu\u00e7\u00f5es dos Tupinamb\u00e1 - PSOL 50","robots":{"index":"index","follow":"follow","max-snippet":"max-snippet:-1","max-image-preview":"max-image-preview:large","max-video-preview":"max-video-preview:-1"},"canonical":"https:\/\/psol50.org.br\/mpf-pede-investigacao-sobre-execucoes-dos-tupinamba\/","og_locale":"pt_BR","og_type":"article","og_title":"MPF pede investiga\u00e7\u00e3o sobre execu\u00e7\u00f5es dos Tupinamb\u00e1 - PSOL 50","og_description":"Renato Santana, do Brasil de Fato Com base em den\u00fancias sobre o assassinato de tr\u00eas ind\u00edgenas da Terra Ind\u00edgena Tupinamb\u00e1 de Oliven\u00e7a, sul da Bahia, na \u00faltima&nbsp;sexta-feira (8), o Minist\u00e9rio P\u00fablico Federal (MPF) de Ilh\u00e9us (BA) requisitou \u00e0 Pol\u00edcia Federal investiga\u00e7\u00e3o acerca das mortes. De acordo com os procuradores da Rep\u00fablica Ov\u00eddio Augusto Amoedo Machado [&hellip;]","og_url":"https:\/\/psol50.org.br\/mpf-pede-investigacao-sobre-execucoes-dos-tupinamba\/","og_site_name":"PSOL 50","article_publisher":"https:\/\/www.facebook.com\/psol50","article_published_time":"2013-11-14T00:00:00+00:00","og_image":[{"width":1350,"height":900,"url":"https:\/\/psol50.org.br\/inc\/uploads\/2018\/07\/capa.png","type":"image\/png"}],"author":"Comunica\u00e7\u00e3o PSOL","twitter_card":"summary_large_image","twitter_creator":"@psol50","twitter_site":"@psol50","twitter_misc":{"Escrito por":"Comunica\u00e7\u00e3o PSOL","Est. tempo de leitura":"6 minutos"},"schema":{"@context":"https:\/\/schema.org","@graph":[{"@type":"Article","@id":"https:\/\/psol50.org.br\/mpf-pede-investigacao-sobre-execucoes-dos-tupinamba\/#article","isPartOf":{"@id":"https:\/\/psol50.org.br\/mpf-pede-investigacao-sobre-execucoes-dos-tupinamba\/"},"author":{"name":"Comunica\u00e7\u00e3o PSOL","@id":"https:\/\/psol50.org.br\/#\/schema\/person\/475dfa57d0b815993c714c2e96491fcd"},"headline":"MPF pede investiga\u00e7\u00e3o sobre execu\u00e7\u00f5es dos Tupinamb\u00e1","datePublished":"2013-11-14T00:00:00+00:00","mainEntityOfPage":{"@id":"https:\/\/psol50.org.br\/mpf-pede-investigacao-sobre-execucoes-dos-tupinamba\/"},"wordCount":1179,"commentCount":0,"publisher":{"@id":"https:\/\/psol50.org.br\/#organization"},"articleSection":["Arquivo","Not\u00edcias"],"inLanguage":"pt-BR","potentialAction":[{"@type":"CommentAction","name":"Comment","target":["https:\/\/psol50.org.br\/mpf-pede-investigacao-sobre-execucoes-dos-tupinamba\/#respond"]}]},{"@type":"WebPage","@id":"https:\/\/psol50.org.br\/mpf-pede-investigacao-sobre-execucoes-dos-tupinamba\/","url":"https:\/\/psol50.org.br\/mpf-pede-investigacao-sobre-execucoes-dos-tupinamba\/","name":"MPF pede investiga\u00e7\u00e3o sobre execu\u00e7\u00f5es dos Tupinamb\u00e1 - PSOL 50","isPartOf":{"@id":"https:\/\/psol50.org.br\/#website"},"datePublished":"2013-11-14T00:00:00+00:00","breadcrumb":{"@id":"https:\/\/psol50.org.br\/mpf-pede-investigacao-sobre-execucoes-dos-tupinamba\/#breadcrumb"},"inLanguage":"pt-BR","potentialAction":[{"@type":"ReadAction","target":["https:\/\/psol50.org.br\/mpf-pede-investigacao-sobre-execucoes-dos-tupinamba\/"]}]},{"@type":"BreadcrumbList","@id":"https:\/\/psol50.org.br\/mpf-pede-investigacao-sobre-execucoes-dos-tupinamba\/#breadcrumb","itemListElement":[{"@type":"ListItem","position":1,"name":"In\u00edcio","item":"https:\/\/psol50.org.br\/"},{"@type":"ListItem","position":2,"name":"MPF pede investiga\u00e7\u00e3o sobre execu\u00e7\u00f5es dos Tupinamb\u00e1"}]},{"@type":"WebSite","@id":"https:\/\/psol50.org.br\/#website","url":"https:\/\/psol50.org.br\/","name":"PSOL 50","description":"Site oficial do Partido Socialismo e Liberdade","publisher":{"@id":"https:\/\/psol50.org.br\/#organization"},"alternateName":"PSOL50","potentialAction":[{"@type":"SearchAction","target":{"@type":"EntryPoint","urlTemplate":"https:\/\/psol50.org.br\/?s={search_term_string}"},"query-input":{"@type":"PropertyValueSpecification","valueRequired":true,"valueName":"search_term_string"}}],"inLanguage":"pt-BR"},{"@type":"Organization","@id":"https:\/\/psol50.org.br\/#organization","name":"PSOL 50","alternateName":"PSOL 50","url":"https:\/\/psol50.org.br\/","logo":{"@type":"ImageObject","inLanguage":"pt-BR","@id":"https:\/\/psol50.org.br\/#\/schema\/logo\/image\/","url":"https:\/\/psol50.org.br\/inc\/uploads\/2018\/07\/capa.png","contentUrl":"https:\/\/psol50.org.br\/inc\/uploads\/2018\/07\/capa.png","width":1350,"height":900,"caption":"PSOL 50"},"image":{"@id":"https:\/\/psol50.org.br\/#\/schema\/logo\/image\/"},"sameAs":["https:\/\/www.facebook.com\/psol50","https:\/\/x.com\/psol50","https:\/\/www.instagram.com\/psol50\/","https:\/\/www.youtube.com\/channel\/UC7SnJS5o1os7a6CaiNabzcg"]},{"@type":"Person","@id":"https:\/\/psol50.org.br\/#\/schema\/person\/475dfa57d0b815993c714c2e96491fcd","name":"Comunica\u00e7\u00e3o PSOL","image":{"@type":"ImageObject","inLanguage":"pt-BR","@id":"https:\/\/psol50.org.br\/#\/schema\/person\/image\/","url":"https:\/\/secure.gravatar.com\/avatar\/b34fc4f4e468a4e51785917065a3db57b841f5c95dba6ad8c73aaf8f66f8f9bf?s=96&d=mm&r=g","contentUrl":"https:\/\/secure.gravatar.com\/avatar\/b34fc4f4e468a4e51785917065a3db57b841f5c95dba6ad8c73aaf8f66f8f9bf?s=96&d=mm&r=g","caption":"Comunica\u00e7\u00e3o PSOL"}}]}},"_links":{"self":[{"href":"https:\/\/psol50.org.br\/rest\/wp\/v2\/posts\/2428","targetHints":{"allow":["GET"]}}],"collection":[{"href":"https:\/\/psol50.org.br\/rest\/wp\/v2\/posts"}],"about":[{"href":"https:\/\/psol50.org.br\/rest\/wp\/v2\/types\/post"}],"author":[{"embeddable":true,"href":"https:\/\/psol50.org.br\/rest\/wp\/v2\/users\/2"}],"replies":[{"embeddable":true,"href":"https:\/\/psol50.org.br\/rest\/wp\/v2\/comments?post=2428"}],"version-history":[{"count":0,"href":"https:\/\/psol50.org.br\/rest\/wp\/v2\/posts\/2428\/revisions"}],"wp:attachment":[{"href":"https:\/\/psol50.org.br\/rest\/wp\/v2\/media?parent=2428"}],"wp:term":[{"taxonomy":"category","embeddable":true,"href":"https:\/\/psol50.org.br\/rest\/wp\/v2\/categories?post=2428"},{"taxonomy":"post_tag","embeddable":true,"href":"https:\/\/psol50.org.br\/rest\/wp\/v2\/tags?post=2428"}],"curies":[{"name":"wp","href":"https:\/\/api.w.org\/{rel}","templated":true}]}}