{"id":24288,"date":"2019-02-20T09:43:42","date_gmt":"2019-02-20T12:43:42","guid":{"rendered":"http:\/\/psol50.org.br\/?p=24288"},"modified":"2019-02-20T09:43:42","modified_gmt":"2019-02-20T12:43:42","slug":"vanguarda-compartilhada-uma-ideia-em-movimento","status":"publish","type":"post","link":"https:\/\/psol50.org.br\/vanguarda-compartilhada-uma-ideia-em-movimento\/","title":{"rendered":"Vanguarda compartilhada: uma ideia em movimento"},"content":{"rendered":"\n<p><em>F\u00e1bio Nogueira, Secret\u00e1rio Nacional de Organiza\u00e7\u00e3o do PSOL, e Ivan Alex, Secret\u00e1rio Nacional de Movimentos Populares do PT.<\/em><\/p>\n\n\n\n<p>Em <em>Vanguarda e Crise Atual<\/em>, de 1990, a intelectual marxista Marta Harnecker utiliza o m\u00e9todo de entrevista com dirigentes pol\u00edticos de esquerda para estabelecer a ideia de vanguarda compartilhada ou coletiva como a unidade de todos os agentes de transforma\u00e7\u00e3o social. Vanguarda \u00e9 definida por Harnecker como \u201cfor\u00e7a social dirigente\u201d dos processos pol\u00edticos de transforma\u00e7\u00e3o social. Logo, vanguarda n\u00e3o pode ser confundida com <em>movimentos sem estrutura<\/em> que se caracterizariam pela aus\u00eancia de condu\u00e7\u00e3o pol\u00edtica.<\/p>\n\n\n\n<p>A obra de Harnecker tem como pano de fundo a articula\u00e7\u00e3o das cinco organiza\u00e7\u00f5es que deram origem a Frente Farabundo Mart\u00ed de Liberta\u00e7\u00e3o Nacional (FMLN) que, em 1989, chegou a ocupar a capital de El Salvador mas foi derrotada pela inger\u00eancia do presidente dos Estados Unidos, Ronald Reagen. A conclus\u00e3o de Harnecker a partir do caso salvadorenho e de outros na Am\u00e9rica Latina \u00e9 que as organiza\u00e7\u00f5es de vanguarda desenvolvem caracter\u00edsticas pr\u00f3prias a partir da origem social dos seus militantes e do trabalho pol\u00edtico que desenvolvem. H\u00e1 organiza\u00e7\u00f5es de vanguarda que constru\u00edram seu trabalho entre camponeses; outras entre estudantes e setores de classe m\u00e9dia e outras entre os trabalhadores das f\u00e1bricas e nas cidades. As organiza\u00e7\u00f5es representam individualmente for\u00e7as sociais relevantes, mas n\u00e3o conseguem alcan\u00e7ar toda a atividade pol\u00edtica nacional e setores sociais<em>.<\/em> Esta conclus\u00e3o de Harnecker se op\u00f5e a uma vis\u00e3o idealista de vanguarda e est\u00e1 voltada para as <em>condu\u00e7\u00f5es reais do processo pol\u00edtico<\/em> ao inv\u00e9s do somat\u00f3rio de siglas de organiza\u00e7\u00f5es autoproclamadas revolucion\u00e1rias.<\/p>\n\n\n\n<p>Quando a intelectual marxista distingue <em>vanguarda compartilhada<\/em> e <em>frente pol\u00edtica<\/em>, fica ainda mais n\u00edtida a import\u00e2ncia que d\u00e1 a vanguarda na condu\u00e7\u00e3o do processo de transforma\u00e7\u00e3o global. A frente pol\u00edtica \u00e9, portanto, algo mais amplo \u2013 a exemplo de uma frente democr\u00e1tica e de resist\u00eancia \u2013 em que a vanguarda define a condu\u00e7\u00e3o real do processo de forma compartilhada \u2013 n\u00e3o obstante os demais setores que a comp\u00f5e n\u00e3o terem a mesma vis\u00e3o de conjunto. Vanguarda compartilhada exige, portanto, mais do que criar frentes \u2013 fundamentais e necess\u00e1rias \u2013 mas estabelecer programas compartilhados de a\u00e7\u00e3o de vanguarda, ou seja, que apontem a uma transforma\u00e7\u00e3o profunda da ordem social e pol\u00edtica. Outra contribui\u00e7\u00e3o importante de Harnecker \u00e9 que <em>vanguarda compartilhada n\u00e3o \u00e9 sin\u00f4nimo de fus\u00e3o entre organiza\u00e7\u00f5es<\/em>. Ao contr\u00e1rio, as caracter\u00edsticas que singularizam cada organiza\u00e7\u00e3o podem ser preservadas em nome do ac\u00famulo do trabalho pol\u00edtico. O que d\u00e1 a elas <em>sentido de transforma\u00e7\u00e3o comum<\/em> \u00e9 a <em>articula\u00e7\u00e3o de sujeitos sociais reais<\/em> em torno de um programa pol\u00edtico que estabele\u00e7a <em>direcionamento<\/em> e <em>intencionalidade<\/em> \u00e0s suas a\u00e7\u00f5es.<\/p>\n\n\n\n<p>Na atual conjuntura do pa\u00eds, vanguarda compartilhada pode ser uma <em>ideia for\u00e7a<\/em> que contribua para um maior estreitamento \u00e0s organiza\u00e7\u00f5es de vanguarda, partid\u00e1rias ou n\u00e3o. A unidade pol\u00edtica n\u00e3o prescinde da pluralidade da vanguarda e deve ser constru\u00edda a partir dela. O nosso desafio \u00e9, a partir da realidade de cada grupo e organiza\u00e7\u00e3o, superar nossas reservas e construir um debate franco e aberto sobre os termos da resist\u00eancia a Bolsonaro, recuperando nossas formula\u00e7\u00f5es sobre socialismo, democracia e luta popular.<\/p>\n","protected":false},"excerpt":{"rendered":"<p>F\u00e1bio Nogueira, Secret\u00e1rio Nacional de Organiza\u00e7\u00e3o do PSOL, e Ivan Alex, Secret\u00e1rio Nacional de Movimentos Populares do PT. Em Vanguarda e Crise Atual, de 1990, a intelectual marxista Marta Harnecker utiliza o m\u00e9todo de entrevista com dirigentes pol\u00edticos de esquerda para estabelecer a ideia de vanguarda compartilhada ou coletiva como a unidade de todos os [&hellip;]<\/p>\n","protected":false},"author":2,"featured_media":24136,"comment_status":"closed","ping_status":"open","sticky":false,"template":"","format":"standard","meta":{"_acf_changed":false,"footnotes":""},"categories":[3,6],"tags":[1726,319,1563],"class_list":{"0":"post-24288","1":"post","2":"type-post","3":"status-publish","4":"format-standard","5":"has-post-thumbnail","7":"category-artigos-e-entrevistas","8":"category-noticias","9":"tag-frente-unica","10":"tag-pt","11":"tag-resistencia"},"acf":[],"yoast_head":"<!-- This site is optimized with the Yoast SEO plugin v26.5 - https:\/\/yoast.com\/wordpress\/plugins\/seo\/ -->\n<title>Vanguarda compartilhada: uma ideia em movimento - PSOL 50<\/title>\n<meta name=\"robots\" content=\"index, follow, max-snippet:-1, max-image-preview:large, max-video-preview:-1\" \/>\n<link rel=\"canonical\" href=\"https:\/\/psol50.org.br\/vanguarda-compartilhada-uma-ideia-em-movimento\/\" \/>\n<meta property=\"og:locale\" content=\"pt_BR\" \/>\n<meta property=\"og:type\" content=\"article\" \/>\n<meta property=\"og:title\" content=\"Vanguarda compartilhada: uma ideia em movimento\" \/>\n<meta property=\"og:description\" content=\"Leia o artigo de F\u00e1bio Nogueira, Secret\u00e1rio Nacional de Organiza\u00e7\u00e3o do PSOL, e Ivan Alex, Secret\u00e1rio Nacional de Movimentos Populares do PT.\ufeff\" \/>\n<meta property=\"og:url\" content=\"https:\/\/psol50.org.br\/vanguarda-compartilhada-uma-ideia-em-movimento\/\" \/>\n<meta property=\"og:site_name\" content=\"PSOL 50\" \/>\n<meta property=\"article:publisher\" content=\"https:\/\/www.facebook.com\/psol50\" \/>\n<meta property=\"article:published_time\" content=\"2019-02-20T12:43:42+00:00\" \/>\n<meta property=\"og:image\" content=\"https:\/\/psol50.org.br\/inc\/uploads\/2019\/02\/blocooposicao2.jpeg\" \/>\n\t<meta property=\"og:image:width\" content=\"1024\" \/>\n\t<meta property=\"og:image:height\" content=\"587\" \/>\n\t<meta property=\"og:image:type\" content=\"image\/jpeg\" \/>\n<meta name=\"author\" content=\"Comunica\u00e7\u00e3o PSOL\" \/>\n<meta name=\"twitter:card\" content=\"summary_large_image\" \/>\n<meta name=\"twitter:title\" content=\"Vanguarda compartilhada: uma ideia em movimento\" \/>\n<meta name=\"twitter:description\" content=\"Leia o artigo de F\u00e1bio Nogueira, Secret\u00e1rio Nacional de Organiza\u00e7\u00e3o do PSOL, e Ivan Alex, Secret\u00e1rio Nacional de Movimentos Populares do PT.\ufeff\" \/>\n<meta name=\"twitter:image\" content=\"https:\/\/psol50.org.br\/inc\/uploads\/2019\/02\/blocooposicao2.jpeg\" \/>\n<meta name=\"twitter:creator\" content=\"@psol50\" \/>\n<meta name=\"twitter:site\" content=\"@psol50\" \/>\n<meta name=\"twitter:label1\" content=\"Escrito por\" \/>\n\t<meta name=\"twitter:data1\" content=\"Comunica\u00e7\u00e3o PSOL\" \/>\n\t<meta name=\"twitter:label2\" content=\"Est. tempo de leitura\" \/>\n\t<meta name=\"twitter:data2\" content=\"3 minutos\" \/>\n<script type=\"application\/ld+json\" class=\"yoast-schema-graph\">{\"@context\":\"https:\/\/schema.org\",\"@graph\":[{\"@type\":\"Article\",\"@id\":\"https:\/\/psol50.org.br\/vanguarda-compartilhada-uma-ideia-em-movimento\/#article\",\"isPartOf\":{\"@id\":\"https:\/\/psol50.org.br\/vanguarda-compartilhada-uma-ideia-em-movimento\/\"},\"author\":{\"name\":\"Comunica\u00e7\u00e3o PSOL\",\"@id\":\"https:\/\/psol50.org.br\/#\/schema\/person\/475dfa57d0b815993c714c2e96491fcd\"},\"headline\":\"Vanguarda compartilhada: uma ideia em movimento\",\"datePublished\":\"2019-02-20T12:43:42+00:00\",\"mainEntityOfPage\":{\"@id\":\"https:\/\/psol50.org.br\/vanguarda-compartilhada-uma-ideia-em-movimento\/\"},\"wordCount\":588,\"publisher\":{\"@id\":\"https:\/\/psol50.org.br\/#organization\"},\"image\":{\"@id\":\"https:\/\/psol50.org.br\/vanguarda-compartilhada-uma-ideia-em-movimento\/#primaryimage\"},\"thumbnailUrl\":\"https:\/\/psol50.org.br\/inc\/uploads\/2019\/02\/blocooposicao2.jpeg\",\"keywords\":[\"Frente \u00fanica\",\"PT\",\"resist\u00eancia\"],\"articleSection\":[\"Artigos\",\"Not\u00edcias\"],\"inLanguage\":\"pt-BR\"},{\"@type\":\"WebPage\",\"@id\":\"https:\/\/psol50.org.br\/vanguarda-compartilhada-uma-ideia-em-movimento\/\",\"url\":\"https:\/\/psol50.org.br\/vanguarda-compartilhada-uma-ideia-em-movimento\/\",\"name\":\"Vanguarda compartilhada: uma ideia em movimento - PSOL 50\",\"isPartOf\":{\"@id\":\"https:\/\/psol50.org.br\/#website\"},\"primaryImageOfPage\":{\"@id\":\"https:\/\/psol50.org.br\/vanguarda-compartilhada-uma-ideia-em-movimento\/#primaryimage\"},\"image\":{\"@id\":\"https:\/\/psol50.org.br\/vanguarda-compartilhada-uma-ideia-em-movimento\/#primaryimage\"},\"thumbnailUrl\":\"https:\/\/psol50.org.br\/inc\/uploads\/2019\/02\/blocooposicao2.jpeg\",\"datePublished\":\"2019-02-20T12:43:42+00:00\",\"breadcrumb\":{\"@id\":\"https:\/\/psol50.org.br\/vanguarda-compartilhada-uma-ideia-em-movimento\/#breadcrumb\"},\"inLanguage\":\"pt-BR\",\"potentialAction\":[{\"@type\":\"ReadAction\",\"target\":[\"https:\/\/psol50.org.br\/vanguarda-compartilhada-uma-ideia-em-movimento\/\"]}]},{\"@type\":\"ImageObject\",\"inLanguage\":\"pt-BR\",\"@id\":\"https:\/\/psol50.org.br\/vanguarda-compartilhada-uma-ideia-em-movimento\/#primaryimage\",\"url\":\"https:\/\/psol50.org.br\/inc\/uploads\/2019\/02\/blocooposicao2.jpeg\",\"contentUrl\":\"https:\/\/psol50.org.br\/inc\/uploads\/2019\/02\/blocooposicao2.jpeg\",\"width\":1024,\"height\":587},{\"@type\":\"BreadcrumbList\",\"@id\":\"https:\/\/psol50.org.br\/vanguarda-compartilhada-uma-ideia-em-movimento\/#breadcrumb\",\"itemListElement\":[{\"@type\":\"ListItem\",\"position\":1,\"name\":\"In\u00edcio\",\"item\":\"https:\/\/psol50.org.br\/\"},{\"@type\":\"ListItem\",\"position\":2,\"name\":\"Vanguarda compartilhada: uma ideia em movimento\"}]},{\"@type\":\"WebSite\",\"@id\":\"https:\/\/psol50.org.br\/#website\",\"url\":\"https:\/\/psol50.org.br\/\",\"name\":\"PSOL 50\",\"description\":\"Site oficial do Partido Socialismo e Liberdade\",\"publisher\":{\"@id\":\"https:\/\/psol50.org.br\/#organization\"},\"alternateName\":\"PSOL50\",\"potentialAction\":[{\"@type\":\"SearchAction\",\"target\":{\"@type\":\"EntryPoint\",\"urlTemplate\":\"https:\/\/psol50.org.br\/?s={search_term_string}\"},\"query-input\":{\"@type\":\"PropertyValueSpecification\",\"valueRequired\":true,\"valueName\":\"search_term_string\"}}],\"inLanguage\":\"pt-BR\"},{\"@type\":\"Organization\",\"@id\":\"https:\/\/psol50.org.br\/#organization\",\"name\":\"PSOL 50\",\"alternateName\":\"PSOL 50\",\"url\":\"https:\/\/psol50.org.br\/\",\"logo\":{\"@type\":\"ImageObject\",\"inLanguage\":\"pt-BR\",\"@id\":\"https:\/\/psol50.org.br\/#\/schema\/logo\/image\/\",\"url\":\"https:\/\/psol50.org.br\/inc\/uploads\/2018\/07\/capa.png\",\"contentUrl\":\"https:\/\/psol50.org.br\/inc\/uploads\/2018\/07\/capa.png\",\"width\":1350,\"height\":900,\"caption\":\"PSOL 50\"},\"image\":{\"@id\":\"https:\/\/psol50.org.br\/#\/schema\/logo\/image\/\"},\"sameAs\":[\"https:\/\/www.facebook.com\/psol50\",\"https:\/\/x.com\/psol50\",\"https:\/\/www.instagram.com\/psol50\/\",\"https:\/\/www.youtube.com\/channel\/UC7SnJS5o1os7a6CaiNabzcg\"]},{\"@type\":\"Person\",\"@id\":\"https:\/\/psol50.org.br\/#\/schema\/person\/475dfa57d0b815993c714c2e96491fcd\",\"name\":\"Comunica\u00e7\u00e3o PSOL\",\"image\":{\"@type\":\"ImageObject\",\"inLanguage\":\"pt-BR\",\"@id\":\"https:\/\/psol50.org.br\/#\/schema\/person\/image\/\",\"url\":\"https:\/\/secure.gravatar.com\/avatar\/b34fc4f4e468a4e51785917065a3db57b841f5c95dba6ad8c73aaf8f66f8f9bf?s=96&d=mm&r=g\",\"contentUrl\":\"https:\/\/secure.gravatar.com\/avatar\/b34fc4f4e468a4e51785917065a3db57b841f5c95dba6ad8c73aaf8f66f8f9bf?s=96&d=mm&r=g\",\"caption\":\"Comunica\u00e7\u00e3o PSOL\"}}]}<\/script>\n<!-- \/ Yoast SEO plugin. -->","yoast_head_json":{"title":"Vanguarda compartilhada: uma ideia em movimento - PSOL 50","robots":{"index":"index","follow":"follow","max-snippet":"max-snippet:-1","max-image-preview":"max-image-preview:large","max-video-preview":"max-video-preview:-1"},"canonical":"https:\/\/psol50.org.br\/vanguarda-compartilhada-uma-ideia-em-movimento\/","og_locale":"pt_BR","og_type":"article","og_title":"Vanguarda compartilhada: uma ideia em movimento","og_description":"Leia o artigo de F\u00e1bio Nogueira, Secret\u00e1rio Nacional de Organiza\u00e7\u00e3o do PSOL, e Ivan Alex, Secret\u00e1rio Nacional de Movimentos Populares do PT.\ufeff","og_url":"https:\/\/psol50.org.br\/vanguarda-compartilhada-uma-ideia-em-movimento\/","og_site_name":"PSOL 50","article_publisher":"https:\/\/www.facebook.com\/psol50","article_published_time":"2019-02-20T12:43:42+00:00","og_image":[{"width":1024,"height":587,"url":"https:\/\/psol50.org.br\/inc\/uploads\/2019\/02\/blocooposicao2.jpeg","type":"image\/jpeg"}],"author":"Comunica\u00e7\u00e3o PSOL","twitter_card":"summary_large_image","twitter_title":"Vanguarda compartilhada: uma ideia em movimento","twitter_description":"Leia o artigo de F\u00e1bio Nogueira, Secret\u00e1rio Nacional de Organiza\u00e7\u00e3o do PSOL, e Ivan Alex, Secret\u00e1rio Nacional de Movimentos Populares do PT.\ufeff","twitter_image":"https:\/\/psol50.org.br\/inc\/uploads\/2019\/02\/blocooposicao2.jpeg","twitter_creator":"@psol50","twitter_site":"@psol50","twitter_misc":{"Escrito por":"Comunica\u00e7\u00e3o PSOL","Est. tempo de leitura":"3 minutos"},"schema":{"@context":"https:\/\/schema.org","@graph":[{"@type":"Article","@id":"https:\/\/psol50.org.br\/vanguarda-compartilhada-uma-ideia-em-movimento\/#article","isPartOf":{"@id":"https:\/\/psol50.org.br\/vanguarda-compartilhada-uma-ideia-em-movimento\/"},"author":{"name":"Comunica\u00e7\u00e3o PSOL","@id":"https:\/\/psol50.org.br\/#\/schema\/person\/475dfa57d0b815993c714c2e96491fcd"},"headline":"Vanguarda compartilhada: uma ideia em movimento","datePublished":"2019-02-20T12:43:42+00:00","mainEntityOfPage":{"@id":"https:\/\/psol50.org.br\/vanguarda-compartilhada-uma-ideia-em-movimento\/"},"wordCount":588,"publisher":{"@id":"https:\/\/psol50.org.br\/#organization"},"image":{"@id":"https:\/\/psol50.org.br\/vanguarda-compartilhada-uma-ideia-em-movimento\/#primaryimage"},"thumbnailUrl":"https:\/\/psol50.org.br\/inc\/uploads\/2019\/02\/blocooposicao2.jpeg","keywords":["Frente \u00fanica","PT","resist\u00eancia"],"articleSection":["Artigos","Not\u00edcias"],"inLanguage":"pt-BR"},{"@type":"WebPage","@id":"https:\/\/psol50.org.br\/vanguarda-compartilhada-uma-ideia-em-movimento\/","url":"https:\/\/psol50.org.br\/vanguarda-compartilhada-uma-ideia-em-movimento\/","name":"Vanguarda compartilhada: uma ideia em movimento - PSOL 50","isPartOf":{"@id":"https:\/\/psol50.org.br\/#website"},"primaryImageOfPage":{"@id":"https:\/\/psol50.org.br\/vanguarda-compartilhada-uma-ideia-em-movimento\/#primaryimage"},"image":{"@id":"https:\/\/psol50.org.br\/vanguarda-compartilhada-uma-ideia-em-movimento\/#primaryimage"},"thumbnailUrl":"https:\/\/psol50.org.br\/inc\/uploads\/2019\/02\/blocooposicao2.jpeg","datePublished":"2019-02-20T12:43:42+00:00","breadcrumb":{"@id":"https:\/\/psol50.org.br\/vanguarda-compartilhada-uma-ideia-em-movimento\/#breadcrumb"},"inLanguage":"pt-BR","potentialAction":[{"@type":"ReadAction","target":["https:\/\/psol50.org.br\/vanguarda-compartilhada-uma-ideia-em-movimento\/"]}]},{"@type":"ImageObject","inLanguage":"pt-BR","@id":"https:\/\/psol50.org.br\/vanguarda-compartilhada-uma-ideia-em-movimento\/#primaryimage","url":"https:\/\/psol50.org.br\/inc\/uploads\/2019\/02\/blocooposicao2.jpeg","contentUrl":"https:\/\/psol50.org.br\/inc\/uploads\/2019\/02\/blocooposicao2.jpeg","width":1024,"height":587},{"@type":"BreadcrumbList","@id":"https:\/\/psol50.org.br\/vanguarda-compartilhada-uma-ideia-em-movimento\/#breadcrumb","itemListElement":[{"@type":"ListItem","position":1,"name":"In\u00edcio","item":"https:\/\/psol50.org.br\/"},{"@type":"ListItem","position":2,"name":"Vanguarda compartilhada: uma ideia em movimento"}]},{"@type":"WebSite","@id":"https:\/\/psol50.org.br\/#website","url":"https:\/\/psol50.org.br\/","name":"PSOL 50","description":"Site oficial do Partido Socialismo e Liberdade","publisher":{"@id":"https:\/\/psol50.org.br\/#organization"},"alternateName":"PSOL50","potentialAction":[{"@type":"SearchAction","target":{"@type":"EntryPoint","urlTemplate":"https:\/\/psol50.org.br\/?s={search_term_string}"},"query-input":{"@type":"PropertyValueSpecification","valueRequired":true,"valueName":"search_term_string"}}],"inLanguage":"pt-BR"},{"@type":"Organization","@id":"https:\/\/psol50.org.br\/#organization","name":"PSOL 50","alternateName":"PSOL 50","url":"https:\/\/psol50.org.br\/","logo":{"@type":"ImageObject","inLanguage":"pt-BR","@id":"https:\/\/psol50.org.br\/#\/schema\/logo\/image\/","url":"https:\/\/psol50.org.br\/inc\/uploads\/2018\/07\/capa.png","contentUrl":"https:\/\/psol50.org.br\/inc\/uploads\/2018\/07\/capa.png","width":1350,"height":900,"caption":"PSOL 50"},"image":{"@id":"https:\/\/psol50.org.br\/#\/schema\/logo\/image\/"},"sameAs":["https:\/\/www.facebook.com\/psol50","https:\/\/x.com\/psol50","https:\/\/www.instagram.com\/psol50\/","https:\/\/www.youtube.com\/channel\/UC7SnJS5o1os7a6CaiNabzcg"]},{"@type":"Person","@id":"https:\/\/psol50.org.br\/#\/schema\/person\/475dfa57d0b815993c714c2e96491fcd","name":"Comunica\u00e7\u00e3o PSOL","image":{"@type":"ImageObject","inLanguage":"pt-BR","@id":"https:\/\/psol50.org.br\/#\/schema\/person\/image\/","url":"https:\/\/secure.gravatar.com\/avatar\/b34fc4f4e468a4e51785917065a3db57b841f5c95dba6ad8c73aaf8f66f8f9bf?s=96&d=mm&r=g","contentUrl":"https:\/\/secure.gravatar.com\/avatar\/b34fc4f4e468a4e51785917065a3db57b841f5c95dba6ad8c73aaf8f66f8f9bf?s=96&d=mm&r=g","caption":"Comunica\u00e7\u00e3o PSOL"}}]}},"_links":{"self":[{"href":"https:\/\/psol50.org.br\/rest\/wp\/v2\/posts\/24288","targetHints":{"allow":["GET"]}}],"collection":[{"href":"https:\/\/psol50.org.br\/rest\/wp\/v2\/posts"}],"about":[{"href":"https:\/\/psol50.org.br\/rest\/wp\/v2\/types\/post"}],"author":[{"embeddable":true,"href":"https:\/\/psol50.org.br\/rest\/wp\/v2\/users\/2"}],"replies":[{"embeddable":true,"href":"https:\/\/psol50.org.br\/rest\/wp\/v2\/comments?post=24288"}],"version-history":[{"count":0,"href":"https:\/\/psol50.org.br\/rest\/wp\/v2\/posts\/24288\/revisions"}],"wp:featuredmedia":[{"embeddable":true,"href":"https:\/\/psol50.org.br\/rest\/wp\/v2\/media\/24136"}],"wp:attachment":[{"href":"https:\/\/psol50.org.br\/rest\/wp\/v2\/media?parent=24288"}],"wp:term":[{"taxonomy":"category","embeddable":true,"href":"https:\/\/psol50.org.br\/rest\/wp\/v2\/categories?post=24288"},{"taxonomy":"post_tag","embeddable":true,"href":"https:\/\/psol50.org.br\/rest\/wp\/v2\/tags?post=24288"}],"curies":[{"name":"wp","href":"https:\/\/api.w.org\/{rel}","templated":true}]}}