{"id":2429,"date":"2013-11-25T00:00:00","date_gmt":"2013-11-25T00:00:00","guid":{"rendered":"http:\/\/psol50.org.br\/arquivo\/2013\/11\/25\/por-iniciativa-de-ivan-valente-camara-vai-debater-transgenicos-resistentes-a-agrotoxicos\/"},"modified":"2013-11-25T00:00:00","modified_gmt":"2013-11-25T00:00:00","slug":"por-iniciativa-de-ivan-valente-camara-vai-debater-transgenicos-resistentes-a-agrotoxicos","status":"publish","type":"post","link":"https:\/\/psol50.org.br\/por-iniciativa-de-ivan-valente-camara-vai-debater-transgenicos-resistentes-a-agrotoxicos\/","title":{"rendered":"Por iniciativa de Ivan Valente, C\u00e2mara vai debater transg\u00eanicos resistentes a agrot\u00f3xicos"},"content":{"rendered":"<div style=\"text-align: justify;\">\n\tO deputado Ivan Valente, l\u00edder do PSOL na C\u00e2mara, prop\u00f4s a realiza\u00e7\u00e3o de audi\u00eancia p\u00fablica para debater a possibilidade de libera\u00e7\u00e3o de transg\u00eanicos resistentes a agrot\u00f3xico feito a partir do agente laranja. O debate foi aprovado por unanimidade na Comiss\u00e3o de Meio Ambiente da C\u00e2mara.<br \/>\n\t&nbsp;<br \/>\n\t\u201cEsta subst\u00e2ncia, o agente laranja, achei que estivesse banida, mas n\u00e3o. A sa\u00fade p\u00fablica, a seguran\u00e7a alimentar e o meio ambiente est\u00e3o diretamente ligados ao uso desta subst\u00e2ncia na produ\u00e7\u00e3o de alimentos\u201d, afirmou Ivan Valente. A libera\u00e7\u00e3o de transg\u00eanicos resistentes a agrot\u00f3xico est\u00e1 sob an\u00e1lise da Comiss\u00e3o T\u00e9cnica Nacional de Biosseguran\u00e7a (CTNBio).<br \/>\n\t&nbsp;<br \/>\n\tDe acordo com o deputado, o agente laranja \u00e9 uma mistura de dois herbicidas e foi utilizado pelo ex\u00e9rcito dos Estados Unidos durante a Guerra do Vietn\u00e3. A subst\u00e2ncia, borrifada por avi\u00f5es, foi usada como desfolhante \u2013 o que permitia aos norte-americanos localizar com facilidade os inimigos. No entanto, al\u00e9m de destruir o habitat natural, o agente laranja provocou graves enfermidades nas pessoas, como malforma\u00e7\u00f5es cong\u00eanitas, c\u00e2ncer e s\u00edndromes neurol\u00f3gicas.<br \/>\n\t&nbsp;<br \/>\n\tPara Ivan Valente, a audi\u00eancia p\u00fablica \u00e9 de extrema import\u00e2ncia para o futuro do direito fundamental \u00e0 sa\u00fade e do meio ambiente ecologicamente equilibrado no pa\u00eds. O deputado disse ainda que considera a necessidade do uso de defensivos agr\u00edcolas para proteger lavoura, mas que sua utiliza\u00e7\u00e3o deve ser feita com muita cautela.<br \/>\n\t&nbsp;<br \/>\n\tNo requerimento, tamb\u00e9m assinado pelo deputado Jos\u00e9 Luiz Penna (PV\/SP), Ivan Valente solicita a presen\u00e7a de representantes do CTBBio, do Instituto de Defesa do Consumidor, do Minist\u00e9rio P\u00fablico Federal, entre outros especialistas do meio acad\u00eamico. Deputados da bancada ruralista propuseram que tamb\u00e9m fossem convidados especialistas que lidam com o uso de agrot\u00f3xicos.<br \/>\n\t&nbsp;<\/div>\n<p>&nbsp;<\/p>\n","protected":false},"excerpt":{"rendered":"<p>O deputado Ivan Valente, l\u00edder do PSOL na C\u00e2mara, prop\u00f4s a realiza\u00e7\u00e3o de audi\u00eancia p\u00fablica para debater a possibilidade de libera\u00e7\u00e3o de transg\u00eanicos resistentes a agrot\u00f3xico feito a partir do agente laranja. O debate foi aprovado por unanimidade na Comiss\u00e3o de Meio Ambiente da C\u00e2mara. &nbsp; \u201cEsta subst\u00e2ncia, o agente laranja, achei que estivesse banida, [&hellip;]<\/p>\n","protected":false},"author":2,"featured_media":0,"comment_status":"open","ping_status":"open","sticky":false,"template":"","format":"standard","meta":{"_acf_changed":false,"footnotes":""},"categories":[10,4766,6],"tags":[],"class_list":{"0":"post-2429","1":"post","2":"type-post","3":"status-publish","4":"format-standard","6":"category-acao-parlamentares","7":"category-arquivo","8":"category-noticias"},"acf":[],"yoast_head":"<!-- This site is optimized with the Yoast SEO plugin v26.5 - https:\/\/yoast.com\/wordpress\/plugins\/seo\/ -->\n<title>Por iniciativa de Ivan Valente, C\u00e2mara vai debater transg\u00eanicos resistentes a agrot\u00f3xicos - PSOL 50<\/title>\n<meta name=\"robots\" content=\"index, follow, max-snippet:-1, max-image-preview:large, max-video-preview:-1\" \/>\n<link rel=\"canonical\" href=\"https:\/\/psol50.org.br\/por-iniciativa-de-ivan-valente-camara-vai-debater-transgenicos-resistentes-a-agrotoxicos\/\" \/>\n<meta property=\"og:locale\" content=\"pt_BR\" \/>\n<meta property=\"og:type\" content=\"article\" \/>\n<meta property=\"og:title\" content=\"Por iniciativa de Ivan Valente, C\u00e2mara vai debater transg\u00eanicos resistentes a agrot\u00f3xicos - PSOL 50\" \/>\n<meta property=\"og:description\" content=\"O deputado Ivan Valente, l\u00edder do PSOL na C\u00e2mara, prop\u00f4s a realiza\u00e7\u00e3o de audi\u00eancia p\u00fablica para debater a possibilidade de libera\u00e7\u00e3o de transg\u00eanicos resistentes a agrot\u00f3xico feito a partir do agente laranja. O debate foi aprovado por unanimidade na Comiss\u00e3o de Meio Ambiente da C\u00e2mara. &nbsp; \u201cEsta subst\u00e2ncia, o agente laranja, achei que estivesse banida, [&hellip;]\" \/>\n<meta property=\"og:url\" content=\"https:\/\/psol50.org.br\/por-iniciativa-de-ivan-valente-camara-vai-debater-transgenicos-resistentes-a-agrotoxicos\/\" \/>\n<meta property=\"og:site_name\" content=\"PSOL 50\" \/>\n<meta property=\"article:publisher\" content=\"https:\/\/www.facebook.com\/psol50\" \/>\n<meta property=\"article:published_time\" content=\"2013-11-25T00:00:00+00:00\" \/>\n<meta property=\"og:image\" content=\"https:\/\/psol50.org.br\/inc\/uploads\/2018\/07\/capa.png\" \/>\n\t<meta property=\"og:image:width\" content=\"1350\" \/>\n\t<meta property=\"og:image:height\" content=\"900\" \/>\n\t<meta property=\"og:image:type\" content=\"image\/png\" \/>\n<meta name=\"author\" content=\"Comunica\u00e7\u00e3o PSOL\" \/>\n<meta name=\"twitter:card\" content=\"summary_large_image\" \/>\n<meta name=\"twitter:creator\" content=\"@psol50\" \/>\n<meta name=\"twitter:site\" content=\"@psol50\" \/>\n<meta name=\"twitter:label1\" content=\"Escrito por\" \/>\n\t<meta name=\"twitter:data1\" content=\"Comunica\u00e7\u00e3o PSOL\" \/>\n\t<meta name=\"twitter:label2\" content=\"Est. tempo de leitura\" \/>\n\t<meta name=\"twitter:data2\" content=\"2 minutos\" \/>\n<script type=\"application\/ld+json\" class=\"yoast-schema-graph\">{\"@context\":\"https:\/\/schema.org\",\"@graph\":[{\"@type\":\"Article\",\"@id\":\"https:\/\/psol50.org.br\/por-iniciativa-de-ivan-valente-camara-vai-debater-transgenicos-resistentes-a-agrotoxicos\/#article\",\"isPartOf\":{\"@id\":\"https:\/\/psol50.org.br\/por-iniciativa-de-ivan-valente-camara-vai-debater-transgenicos-resistentes-a-agrotoxicos\/\"},\"author\":{\"name\":\"Comunica\u00e7\u00e3o PSOL\",\"@id\":\"https:\/\/psol50.org.br\/#\/schema\/person\/475dfa57d0b815993c714c2e96491fcd\"},\"headline\":\"Por iniciativa de Ivan Valente, C\u00e2mara vai debater transg\u00eanicos resistentes a agrot\u00f3xicos\",\"datePublished\":\"2013-11-25T00:00:00+00:00\",\"mainEntityOfPage\":{\"@id\":\"https:\/\/psol50.org.br\/por-iniciativa-de-ivan-valente-camara-vai-debater-transgenicos-resistentes-a-agrotoxicos\/\"},\"wordCount\":338,\"commentCount\":0,\"publisher\":{\"@id\":\"https:\/\/psol50.org.br\/#organization\"},\"articleSection\":[\"A\u00e7\u00e3o Parlamentar\",\"Arquivo\",\"Not\u00edcias\"],\"inLanguage\":\"pt-BR\",\"potentialAction\":[{\"@type\":\"CommentAction\",\"name\":\"Comment\",\"target\":[\"https:\/\/psol50.org.br\/por-iniciativa-de-ivan-valente-camara-vai-debater-transgenicos-resistentes-a-agrotoxicos\/#respond\"]}]},{\"@type\":\"WebPage\",\"@id\":\"https:\/\/psol50.org.br\/por-iniciativa-de-ivan-valente-camara-vai-debater-transgenicos-resistentes-a-agrotoxicos\/\",\"url\":\"https:\/\/psol50.org.br\/por-iniciativa-de-ivan-valente-camara-vai-debater-transgenicos-resistentes-a-agrotoxicos\/\",\"name\":\"Por iniciativa de Ivan Valente, C\u00e2mara vai debater transg\u00eanicos resistentes a agrot\u00f3xicos - PSOL 50\",\"isPartOf\":{\"@id\":\"https:\/\/psol50.org.br\/#website\"},\"datePublished\":\"2013-11-25T00:00:00+00:00\",\"breadcrumb\":{\"@id\":\"https:\/\/psol50.org.br\/por-iniciativa-de-ivan-valente-camara-vai-debater-transgenicos-resistentes-a-agrotoxicos\/#breadcrumb\"},\"inLanguage\":\"pt-BR\",\"potentialAction\":[{\"@type\":\"ReadAction\",\"target\":[\"https:\/\/psol50.org.br\/por-iniciativa-de-ivan-valente-camara-vai-debater-transgenicos-resistentes-a-agrotoxicos\/\"]}]},{\"@type\":\"BreadcrumbList\",\"@id\":\"https:\/\/psol50.org.br\/por-iniciativa-de-ivan-valente-camara-vai-debater-transgenicos-resistentes-a-agrotoxicos\/#breadcrumb\",\"itemListElement\":[{\"@type\":\"ListItem\",\"position\":1,\"name\":\"In\u00edcio\",\"item\":\"https:\/\/psol50.org.br\/\"},{\"@type\":\"ListItem\",\"position\":2,\"name\":\"Por iniciativa de Ivan Valente, C\u00e2mara vai debater transg\u00eanicos resistentes a agrot\u00f3xicos\"}]},{\"@type\":\"WebSite\",\"@id\":\"https:\/\/psol50.org.br\/#website\",\"url\":\"https:\/\/psol50.org.br\/\",\"name\":\"PSOL 50\",\"description\":\"Site oficial do Partido Socialismo e Liberdade\",\"publisher\":{\"@id\":\"https:\/\/psol50.org.br\/#organization\"},\"alternateName\":\"PSOL50\",\"potentialAction\":[{\"@type\":\"SearchAction\",\"target\":{\"@type\":\"EntryPoint\",\"urlTemplate\":\"https:\/\/psol50.org.br\/?s={search_term_string}\"},\"query-input\":{\"@type\":\"PropertyValueSpecification\",\"valueRequired\":true,\"valueName\":\"search_term_string\"}}],\"inLanguage\":\"pt-BR\"},{\"@type\":\"Organization\",\"@id\":\"https:\/\/psol50.org.br\/#organization\",\"name\":\"PSOL 50\",\"alternateName\":\"PSOL 50\",\"url\":\"https:\/\/psol50.org.br\/\",\"logo\":{\"@type\":\"ImageObject\",\"inLanguage\":\"pt-BR\",\"@id\":\"https:\/\/psol50.org.br\/#\/schema\/logo\/image\/\",\"url\":\"https:\/\/psol50.org.br\/inc\/uploads\/2018\/07\/capa.png\",\"contentUrl\":\"https:\/\/psol50.org.br\/inc\/uploads\/2018\/07\/capa.png\",\"width\":1350,\"height\":900,\"caption\":\"PSOL 50\"},\"image\":{\"@id\":\"https:\/\/psol50.org.br\/#\/schema\/logo\/image\/\"},\"sameAs\":[\"https:\/\/www.facebook.com\/psol50\",\"https:\/\/x.com\/psol50\",\"https:\/\/www.instagram.com\/psol50\/\",\"https:\/\/www.youtube.com\/channel\/UC7SnJS5o1os7a6CaiNabzcg\"]},{\"@type\":\"Person\",\"@id\":\"https:\/\/psol50.org.br\/#\/schema\/person\/475dfa57d0b815993c714c2e96491fcd\",\"name\":\"Comunica\u00e7\u00e3o PSOL\",\"image\":{\"@type\":\"ImageObject\",\"inLanguage\":\"pt-BR\",\"@id\":\"https:\/\/psol50.org.br\/#\/schema\/person\/image\/\",\"url\":\"https:\/\/secure.gravatar.com\/avatar\/b34fc4f4e468a4e51785917065a3db57b841f5c95dba6ad8c73aaf8f66f8f9bf?s=96&d=mm&r=g\",\"contentUrl\":\"https:\/\/secure.gravatar.com\/avatar\/b34fc4f4e468a4e51785917065a3db57b841f5c95dba6ad8c73aaf8f66f8f9bf?s=96&d=mm&r=g\",\"caption\":\"Comunica\u00e7\u00e3o PSOL\"}}]}<\/script>\n<!-- \/ Yoast SEO plugin. -->","yoast_head_json":{"title":"Por iniciativa de Ivan Valente, C\u00e2mara vai debater transg\u00eanicos resistentes a agrot\u00f3xicos - PSOL 50","robots":{"index":"index","follow":"follow","max-snippet":"max-snippet:-1","max-image-preview":"max-image-preview:large","max-video-preview":"max-video-preview:-1"},"canonical":"https:\/\/psol50.org.br\/por-iniciativa-de-ivan-valente-camara-vai-debater-transgenicos-resistentes-a-agrotoxicos\/","og_locale":"pt_BR","og_type":"article","og_title":"Por iniciativa de Ivan Valente, C\u00e2mara vai debater transg\u00eanicos resistentes a agrot\u00f3xicos - PSOL 50","og_description":"O deputado Ivan Valente, l\u00edder do PSOL na C\u00e2mara, prop\u00f4s a realiza\u00e7\u00e3o de audi\u00eancia p\u00fablica para debater a possibilidade de libera\u00e7\u00e3o de transg\u00eanicos resistentes a agrot\u00f3xico feito a partir do agente laranja. O debate foi aprovado por unanimidade na Comiss\u00e3o de Meio Ambiente da C\u00e2mara. &nbsp; \u201cEsta subst\u00e2ncia, o agente laranja, achei que estivesse banida, [&hellip;]","og_url":"https:\/\/psol50.org.br\/por-iniciativa-de-ivan-valente-camara-vai-debater-transgenicos-resistentes-a-agrotoxicos\/","og_site_name":"PSOL 50","article_publisher":"https:\/\/www.facebook.com\/psol50","article_published_time":"2013-11-25T00:00:00+00:00","og_image":[{"width":1350,"height":900,"url":"https:\/\/psol50.org.br\/inc\/uploads\/2018\/07\/capa.png","type":"image\/png"}],"author":"Comunica\u00e7\u00e3o PSOL","twitter_card":"summary_large_image","twitter_creator":"@psol50","twitter_site":"@psol50","twitter_misc":{"Escrito por":"Comunica\u00e7\u00e3o PSOL","Est. tempo de leitura":"2 minutos"},"schema":{"@context":"https:\/\/schema.org","@graph":[{"@type":"Article","@id":"https:\/\/psol50.org.br\/por-iniciativa-de-ivan-valente-camara-vai-debater-transgenicos-resistentes-a-agrotoxicos\/#article","isPartOf":{"@id":"https:\/\/psol50.org.br\/por-iniciativa-de-ivan-valente-camara-vai-debater-transgenicos-resistentes-a-agrotoxicos\/"},"author":{"name":"Comunica\u00e7\u00e3o PSOL","@id":"https:\/\/psol50.org.br\/#\/schema\/person\/475dfa57d0b815993c714c2e96491fcd"},"headline":"Por iniciativa de Ivan Valente, C\u00e2mara vai debater transg\u00eanicos resistentes a agrot\u00f3xicos","datePublished":"2013-11-25T00:00:00+00:00","mainEntityOfPage":{"@id":"https:\/\/psol50.org.br\/por-iniciativa-de-ivan-valente-camara-vai-debater-transgenicos-resistentes-a-agrotoxicos\/"},"wordCount":338,"commentCount":0,"publisher":{"@id":"https:\/\/psol50.org.br\/#organization"},"articleSection":["A\u00e7\u00e3o Parlamentar","Arquivo","Not\u00edcias"],"inLanguage":"pt-BR","potentialAction":[{"@type":"CommentAction","name":"Comment","target":["https:\/\/psol50.org.br\/por-iniciativa-de-ivan-valente-camara-vai-debater-transgenicos-resistentes-a-agrotoxicos\/#respond"]}]},{"@type":"WebPage","@id":"https:\/\/psol50.org.br\/por-iniciativa-de-ivan-valente-camara-vai-debater-transgenicos-resistentes-a-agrotoxicos\/","url":"https:\/\/psol50.org.br\/por-iniciativa-de-ivan-valente-camara-vai-debater-transgenicos-resistentes-a-agrotoxicos\/","name":"Por iniciativa de Ivan Valente, C\u00e2mara vai debater transg\u00eanicos resistentes a agrot\u00f3xicos - PSOL 50","isPartOf":{"@id":"https:\/\/psol50.org.br\/#website"},"datePublished":"2013-11-25T00:00:00+00:00","breadcrumb":{"@id":"https:\/\/psol50.org.br\/por-iniciativa-de-ivan-valente-camara-vai-debater-transgenicos-resistentes-a-agrotoxicos\/#breadcrumb"},"inLanguage":"pt-BR","potentialAction":[{"@type":"ReadAction","target":["https:\/\/psol50.org.br\/por-iniciativa-de-ivan-valente-camara-vai-debater-transgenicos-resistentes-a-agrotoxicos\/"]}]},{"@type":"BreadcrumbList","@id":"https:\/\/psol50.org.br\/por-iniciativa-de-ivan-valente-camara-vai-debater-transgenicos-resistentes-a-agrotoxicos\/#breadcrumb","itemListElement":[{"@type":"ListItem","position":1,"name":"In\u00edcio","item":"https:\/\/psol50.org.br\/"},{"@type":"ListItem","position":2,"name":"Por iniciativa de Ivan Valente, C\u00e2mara vai debater transg\u00eanicos resistentes a agrot\u00f3xicos"}]},{"@type":"WebSite","@id":"https:\/\/psol50.org.br\/#website","url":"https:\/\/psol50.org.br\/","name":"PSOL 50","description":"Site oficial do Partido Socialismo e Liberdade","publisher":{"@id":"https:\/\/psol50.org.br\/#organization"},"alternateName":"PSOL50","potentialAction":[{"@type":"SearchAction","target":{"@type":"EntryPoint","urlTemplate":"https:\/\/psol50.org.br\/?s={search_term_string}"},"query-input":{"@type":"PropertyValueSpecification","valueRequired":true,"valueName":"search_term_string"}}],"inLanguage":"pt-BR"},{"@type":"Organization","@id":"https:\/\/psol50.org.br\/#organization","name":"PSOL 50","alternateName":"PSOL 50","url":"https:\/\/psol50.org.br\/","logo":{"@type":"ImageObject","inLanguage":"pt-BR","@id":"https:\/\/psol50.org.br\/#\/schema\/logo\/image\/","url":"https:\/\/psol50.org.br\/inc\/uploads\/2018\/07\/capa.png","contentUrl":"https:\/\/psol50.org.br\/inc\/uploads\/2018\/07\/capa.png","width":1350,"height":900,"caption":"PSOL 50"},"image":{"@id":"https:\/\/psol50.org.br\/#\/schema\/logo\/image\/"},"sameAs":["https:\/\/www.facebook.com\/psol50","https:\/\/x.com\/psol50","https:\/\/www.instagram.com\/psol50\/","https:\/\/www.youtube.com\/channel\/UC7SnJS5o1os7a6CaiNabzcg"]},{"@type":"Person","@id":"https:\/\/psol50.org.br\/#\/schema\/person\/475dfa57d0b815993c714c2e96491fcd","name":"Comunica\u00e7\u00e3o PSOL","image":{"@type":"ImageObject","inLanguage":"pt-BR","@id":"https:\/\/psol50.org.br\/#\/schema\/person\/image\/","url":"https:\/\/secure.gravatar.com\/avatar\/b34fc4f4e468a4e51785917065a3db57b841f5c95dba6ad8c73aaf8f66f8f9bf?s=96&d=mm&r=g","contentUrl":"https:\/\/secure.gravatar.com\/avatar\/b34fc4f4e468a4e51785917065a3db57b841f5c95dba6ad8c73aaf8f66f8f9bf?s=96&d=mm&r=g","caption":"Comunica\u00e7\u00e3o PSOL"}}]}},"_links":{"self":[{"href":"https:\/\/psol50.org.br\/rest\/wp\/v2\/posts\/2429","targetHints":{"allow":["GET"]}}],"collection":[{"href":"https:\/\/psol50.org.br\/rest\/wp\/v2\/posts"}],"about":[{"href":"https:\/\/psol50.org.br\/rest\/wp\/v2\/types\/post"}],"author":[{"embeddable":true,"href":"https:\/\/psol50.org.br\/rest\/wp\/v2\/users\/2"}],"replies":[{"embeddable":true,"href":"https:\/\/psol50.org.br\/rest\/wp\/v2\/comments?post=2429"}],"version-history":[{"count":0,"href":"https:\/\/psol50.org.br\/rest\/wp\/v2\/posts\/2429\/revisions"}],"wp:attachment":[{"href":"https:\/\/psol50.org.br\/rest\/wp\/v2\/media?parent=2429"}],"wp:term":[{"taxonomy":"category","embeddable":true,"href":"https:\/\/psol50.org.br\/rest\/wp\/v2\/categories?post=2429"},{"taxonomy":"post_tag","embeddable":true,"href":"https:\/\/psol50.org.br\/rest\/wp\/v2\/tags?post=2429"}],"curies":[{"name":"wp","href":"https:\/\/api.w.org\/{rel}","templated":true}]}}