{"id":24290,"date":"2019-02-20T12:23:26","date_gmt":"2019-02-20T15:23:26","guid":{"rendered":"http:\/\/psol50.org.br\/?p=24290"},"modified":"2019-02-20T12:23:26","modified_gmt":"2019-02-20T15:23:26","slug":"juliano-medeiros-a-reforma-da-previdencia-e-o-primeiro-grande-ataque-ao-povo-brasileiro","status":"publish","type":"post","link":"https:\/\/psol50.org.br\/juliano-medeiros-a-reforma-da-previdencia-e-o-primeiro-grande-ataque-ao-povo-brasileiro\/","title":{"rendered":"Juliano Medeiros | A reforma da Previd\u00eancia \u00e9 o primeiro grande ataque ao povo brasileiro"},"content":{"rendered":"\n<p><em><a href=\"https:\/\/www.cartacapital.com.br\/opiniao\/a-reforma-da-previdencia-e-o-primeiro-grande-ataque-ao-povo-brasileiro\/\" target=\"_blank\" rel=\"noreferrer noopener\" aria-label=\"Originalmente publicado em Carta Capital. (abre em uma nova aba)\">Originalmente publicado em Carta Capital.<\/a><\/em><\/p>\n\n\n\n<p>A&nbsp;proposta de reforma da Previd\u00eancia&nbsp;de Paulo Guedes e Bolsonaro chega ao Congresso Nacional nesta quarta-feira 20, em meio a uma crise envolvendo o agora&nbsp;ex-ministro da Secretaria-Geral da Presid\u00eancia da Rep\u00fablica, Gustavo Bebianno. O ex-presidente do PSL \u00e9 acusado de ser o respons\u00e1vel por um esquema de desvios de recursos do fundo eleitoral em Pernambuco, onde mais de 400 mil reais foram destinados a candidaturas inexpressivas, numa clara opera\u00e7\u00e3o de utiliza\u00e7\u00e3o ilegal do dinheiro que deveria ser destinado obrigatoriamente a candidaturas femininas.<\/p>\n\n\n\n<p>A demiss\u00e3o do ministro tomou ares de folhetim, com a&nbsp;interfer\u00eancia do filho mais novo de Bolsonaro, Carlos, e ataques de Bebianno nas redes sociais e imprensa ao presidente que ajudou a eleger. Detentor de informa\u00e7\u00f5es privilegiadas, o ex-homem forte do PSL tem feito amea\u00e7as veladas a Bolsonaro e se diz desapontado com o tratamento que vem recebendo.<\/p>\n\n\n\n<p>Em meio \u00e0 instabilidade, o presidente da C\u00e2mara dos Deputados, Rodrigo Maia, entusiasta da reforma da Previd\u00eancia, chegou a manifestar preocupa\u00e7\u00e3o com a iminente demiss\u00e3o do ministro. Dias depois de afirmar que \u201cqualquer um trabalha hoje em dia at\u00e9 os 80 anos\u201d, Maia veio a p\u00fablico dizer que a crise poderia trazer dificuldades para a aprova\u00e7\u00e3o da reforma. Para aprova\u00e7\u00e3o, a PEC precisa de maioria qualificada (tr\u00eas quintos) na C\u00e2mara e no Senado.<\/p>\n\n\n\n<p>Mas na verdade, Maia sabe que a reforma \u00e9 de dif\u00edcil aprova\u00e7\u00e3o com ou sem crise no minist\u00e9rio de Bolsonaro. Isso porque, al\u00e9m de atacar direitos dos trabalhadores e aposentados, a reforma coloca os congressistas em contradi\u00e7\u00e3o com suas bases eleitorais, j\u00e1 que a proposta \u00e9 ainda pior que aquela enviada pelo ent\u00e3o presidente Michel Temer ao Congresso Nacional. A proposta do ex-presidente previa uma idade m\u00ednima para aposentadoria id\u00eantica \u00e0 de Bolsonaro (62 anos para mulheres, 65 para homens), mas um per\u00edodo de transi\u00e7\u00e3o de 20 anos. Na proposta de Paulo Guedes, a transi\u00e7\u00e3o \u00e9 de apenas 12 anos.<\/p>\n\n\n\n<p>O texto ainda n\u00e3o \u00e9 p\u00fablico e outros temas como a situa\u00e7\u00e3o dos militares, ajustes no Benef\u00edcio de Presta\u00e7\u00e3o Continuada (BPC) e a rela\u00e7\u00e3o entre trabalhadores urbanos e rurais tamb\u00e9m devem ser objeto do texto que chega ao Congresso Nacional essa semana. Seja como for, o objetivo do projeto final de Paulo Guedes e Bolsonaro \u00e9 reduzir de forma consider\u00e1vel o alcance do regime de colabora\u00e7\u00e3o e instituir o modelo de capitaliza\u00e7\u00e3o, copiado do Chile, campe\u00e3o continental de suic\u00eddio entre idosos.<\/p>\n\n\n\n<p>O modelo de capitaliza\u00e7\u00e3o \u00e9 uma esp\u00e9cie de poupan\u00e7a individual. O trabalhador define o percentual de contribui\u00e7\u00e3o e por quanto tempo, assim como na previd\u00eancia privada. Esse \u00e9 o objetivo final de Guedes: criar um regime de previd\u00eancia p\u00fablica t\u00e3o parecida com a previd\u00eancia privada que fa\u00e7a com que os trabalhadores gradualmente optem pelos produtos ofertados pelo mercado, ao inv\u00e9s do INSS. Essa proposta, ali\u00e1s, foi elaborada por entidades ligadas ao sistema financeiro por meio da FIPE e entregue, j\u00e1 pronta, a Paulo Guedes, conforme atesta mat\u00e9ria do jornal&nbsp;<em>Valor.<\/em><\/p>\n\n\n\n<p>As tentativas de alterar o modelo de Seguridade Social tal como pensado pela Constitui\u00e7\u00e3o Federal de 1988 \u00e9 antigo. O governo de Fernando Henrique Cardoso tentou aprovar uma idade m\u00ednima para todos os trabalhadores, mas foi derrotado. Para minimizar os impactos da derrota, foi aprovada a lei 9876, que criou o fator previdenci\u00e1rio. No governo Lula, a reforma da Previd\u00eancia aprovada em 2003 retirou direitos dos trabalhadores do setor p\u00fablico. Em ambos os casos as reformas se ampararam em dois argumentos principais para afirmar a \u201cinviabilidade do sistema\u201d: o rombo fiscal e o envelhecimento da popula\u00e7\u00e3o.<\/p>\n\n\n\n<p>Os dados demogr\u00e1ficos mostram que, de fato, o envelhecimento \u00e9 uma realidade que requer planejamento do governo. J\u00e1 o chamado \u201crombo da previd\u00eancia\u201d, mencionado como um mantra por \u201cespecialistas\u201d da grande imprensa, \u00e9 resultado de pol\u00edticas pr\u00f3-mercado que desequilibraram as contas p\u00fablicas. N\u00e3o \u00e9, portanto, um ato da natureza, mas efeito de op\u00e7\u00f5es pol\u00edticas equivocadas de todos os governos nos \u00faltimos 30 anos.<\/p>\n\n\n\n<p>Uma reforma verdadeira deveria enfrentar as pol\u00edticas que fragilizaram o sistema de Seguridade Social, retirando recursos constitucionais da Previd\u00eancia para o pagamento do servi\u00e7o da d\u00edvida p\u00fablica e a forma\u00e7\u00e3o do famigerado super\u00e1vit prim\u00e1rio. A primeira medida, portanto, deveria ser o fim da Desvincula\u00e7\u00e3o de Receitas da Uni\u00e3o (DRU), criada por FHC e renovada nos governo do PT, e a revoga\u00e7\u00e3o do teto de gastos criada por Temer, que estrangula a capacidade de investimento p\u00fablico e interdita a retomada do crescimento \u2013 amea\u00e7ando a pr\u00f3pria manuten\u00e7\u00e3o do sistema.<\/p>\n\n\n\n<p>Outra medida urgente \u00e9 o fim das desonera\u00e7\u00f5es em folha. Com o prop\u00f3sito de incentivar o investimento produtivo, o governo \u2013 especialmente na gest\u00e3o de Dilma \u2013 deu imensas isen\u00e7\u00f5es fiscais a v\u00e1rios setores da economia, que simplesmente pararam de pagar o INSS de seus funcion\u00e1rios com a promessa de usar esses recursos para ampliar investimentos e gerar empregos. Acontece que a economia brasileira est\u00e1 praticamente estagnada h\u00e1 cinco anos e essas desonera\u00e7\u00f5es n\u00e3o foram revistas at\u00e9 agora. Ao inv\u00e9s de investir os patr\u00f5es usaram os recursos poupados com as desonera\u00e7\u00f5es para recompor sua margem de lucro.<\/p>\n\n\n\n<p>Al\u00e9m de rever as desonera\u00e7\u00f5es, um governo que quisesse retomar a sa\u00fade financeira da Seguridade Social deveria tamb\u00e9m iniciar um grande programa de cobran\u00e7a dos caloteiros da previd\u00eancia. S\u00e3o quase R$ 500 bilh\u00f5es em d\u00edvidas de empresas com o governo. Algumas delas faliram, mas a maioria est\u00e1 em atividade. Cobrando essas d\u00edvidas \u2013 atrav\u00e9s, por exemplo, de um programa de renegocia\u00e7\u00e3o \u2013 o governo arrecadaria mais recursos para a Previd\u00eancia.<\/p>\n\n\n\n<p>Mencionamos aqui apenas tr\u00eas medidas b\u00e1sicas que poderiam enfrentar o problema do d\u00e9ficit artificial criado na Previd\u00eancia: fim da DRU, revis\u00e3o das desonera\u00e7\u00f5es em folha e cobran\u00e7a dos caloteiros do INSS. Tudo sem penalizar os aposentados ou trabalhadores. Se al\u00e9m disso o governo revisse o sistema de aposentadorias das For\u00e7as Armadas e do Judici\u00e1rio, sobrariam recursos.<\/p>\n\n\n\n<p>Diante da proposta de destrui\u00e7\u00e3o da previd\u00eancia, ser\u00e1 preciso denunciar a farsa montada para justificar os ataques \u00e0s aposentadorias, mas tamb\u00e9m, apresentar medidas concretas para demonstrar que o sistema de colabora\u00e7\u00e3o \u00e9 vi\u00e1vel. Tudo isso em meio \u00e0 mobiliza\u00e7\u00e3o de rua em defesa dos direitos.<br><\/p>\n","protected":false},"excerpt":{"rendered":"<p>Originalmente publicado em Carta Capital. A&nbsp;proposta de reforma da Previd\u00eancia&nbsp;de Paulo Guedes e Bolsonaro chega ao Congresso Nacional nesta quarta-feira 20, em meio a uma crise envolvendo o agora&nbsp;ex-ministro da Secretaria-Geral da Presid\u00eancia da Rep\u00fablica, Gustavo Bebianno. O ex-presidente do PSL \u00e9 acusado de ser o respons\u00e1vel por um esquema de desvios de recursos do [&hellip;]<\/p>\n","protected":false},"author":2,"featured_media":24291,"comment_status":"closed","ping_status":"open","sticky":false,"template":"","format":"standard","meta":{"_acf_changed":false,"footnotes":""},"categories":[6],"tags":[1727,1719,259,225,756,39,64],"class_list":{"0":"post-24290","1":"post","2":"type-post","3":"status-publish","4":"format-standard","5":"has-post-thumbnail","7":"category-noticias","8":"tag-carta-capital","9":"tag-gustavo-bebianno","10":"tag-juliano-medeiros","11":"tag-paulo-guedes","12":"tag-psl","13":"tag-reforma-da-previdencia","14":"tag-rodrigo-maia"},"acf":[],"yoast_head":"<!-- This site is optimized with the Yoast SEO plugin v26.5 - https:\/\/yoast.com\/wordpress\/plugins\/seo\/ -->\n<title>Juliano Medeiros | A reforma da Previd\u00eancia \u00e9 o primeiro grande ataque ao povo brasileiro - PSOL 50<\/title>\n<meta name=\"robots\" content=\"index, follow, max-snippet:-1, max-image-preview:large, max-video-preview:-1\" \/>\n<link rel=\"canonical\" href=\"https:\/\/psol50.org.br\/juliano-medeiros-a-reforma-da-previdencia-e-o-primeiro-grande-ataque-ao-povo-brasileiro\/\" \/>\n<meta property=\"og:locale\" content=\"pt_BR\" \/>\n<meta property=\"og:type\" content=\"article\" \/>\n<meta property=\"og:title\" content=\"A reforma da Previd\u00eancia \u00e9 o primeiro grande ataque ao povo brasileiro\" \/>\n<meta property=\"og:description\" content=\"Leia o artigo de Juliano Medeiros, presidente nacional do PSOL.\" \/>\n<meta property=\"og:url\" content=\"https:\/\/psol50.org.br\/juliano-medeiros-a-reforma-da-previdencia-e-o-primeiro-grande-ataque-ao-povo-brasileiro\/\" \/>\n<meta property=\"og:site_name\" content=\"PSOL 50\" \/>\n<meta property=\"article:publisher\" content=\"https:\/\/www.facebook.com\/psol50\" \/>\n<meta property=\"article:published_time\" content=\"2019-02-20T15:23:26+00:00\" \/>\n<meta property=\"og:image\" content=\"https:\/\/psol50.org.br\/inc\/uploads\/2019\/02\/4165484279_6dc8364cd7_o.jpg\" \/>\n\t<meta property=\"og:image:width\" content=\"1783\" \/>\n\t<meta property=\"og:image:height\" content=\"1200\" \/>\n\t<meta property=\"og:image:type\" content=\"image\/jpeg\" \/>\n<meta name=\"author\" content=\"Comunica\u00e7\u00e3o PSOL\" \/>\n<meta name=\"twitter:card\" content=\"summary_large_image\" \/>\n<meta name=\"twitter:title\" content=\"Reforma da Previd\u00eancia \u00e9 o primeiro grande ataque ao povo brasileiro\" \/>\n<meta name=\"twitter:description\" content=\"Leia o artigo de Juliano Medeiros, presidente nacional do PSOL.\" \/>\n<meta name=\"twitter:image\" content=\"https:\/\/psol50.org.br\/inc\/uploads\/2019\/02\/4165484279_6dc8364cd7_o.jpg\" \/>\n<meta name=\"twitter:creator\" content=\"@psol50\" \/>\n<meta name=\"twitter:site\" content=\"@psol50\" \/>\n<meta name=\"twitter:label1\" content=\"Escrito por\" \/>\n\t<meta name=\"twitter:data1\" content=\"Comunica\u00e7\u00e3o PSOL\" \/>\n\t<meta name=\"twitter:label2\" content=\"Est. tempo de leitura\" \/>\n\t<meta name=\"twitter:data2\" content=\"6 minutos\" \/>\n<script type=\"application\/ld+json\" class=\"yoast-schema-graph\">{\"@context\":\"https:\/\/schema.org\",\"@graph\":[{\"@type\":\"Article\",\"@id\":\"https:\/\/psol50.org.br\/juliano-medeiros-a-reforma-da-previdencia-e-o-primeiro-grande-ataque-ao-povo-brasileiro\/#article\",\"isPartOf\":{\"@id\":\"https:\/\/psol50.org.br\/juliano-medeiros-a-reforma-da-previdencia-e-o-primeiro-grande-ataque-ao-povo-brasileiro\/\"},\"author\":{\"name\":\"Comunica\u00e7\u00e3o PSOL\",\"@id\":\"https:\/\/psol50.org.br\/#\/schema\/person\/475dfa57d0b815993c714c2e96491fcd\"},\"headline\":\"Juliano Medeiros | A reforma da Previd\u00eancia \u00e9 o primeiro grande ataque ao povo brasileiro\",\"datePublished\":\"2019-02-20T15:23:26+00:00\",\"mainEntityOfPage\":{\"@id\":\"https:\/\/psol50.org.br\/juliano-medeiros-a-reforma-da-previdencia-e-o-primeiro-grande-ataque-ao-povo-brasileiro\/\"},\"wordCount\":1115,\"publisher\":{\"@id\":\"https:\/\/psol50.org.br\/#organization\"},\"image\":{\"@id\":\"https:\/\/psol50.org.br\/juliano-medeiros-a-reforma-da-previdencia-e-o-primeiro-grande-ataque-ao-povo-brasileiro\/#primaryimage\"},\"thumbnailUrl\":\"https:\/\/psol50.org.br\/inc\/uploads\/2019\/02\/4165484279_6dc8364cd7_o.jpg\",\"keywords\":[\"Carta Capital\",\"Gustavo Bebianno\",\"Juliano Medeiros\",\"Paulo Guedes\",\"PSL\",\"reforma da previd\u00eancia\",\"Rodrigo Maia\"],\"articleSection\":[\"Not\u00edcias\"],\"inLanguage\":\"pt-BR\"},{\"@type\":\"WebPage\",\"@id\":\"https:\/\/psol50.org.br\/juliano-medeiros-a-reforma-da-previdencia-e-o-primeiro-grande-ataque-ao-povo-brasileiro\/\",\"url\":\"https:\/\/psol50.org.br\/juliano-medeiros-a-reforma-da-previdencia-e-o-primeiro-grande-ataque-ao-povo-brasileiro\/\",\"name\":\"Juliano Medeiros | A reforma da Previd\u00eancia \u00e9 o primeiro grande ataque ao povo brasileiro - PSOL 50\",\"isPartOf\":{\"@id\":\"https:\/\/psol50.org.br\/#website\"},\"primaryImageOfPage\":{\"@id\":\"https:\/\/psol50.org.br\/juliano-medeiros-a-reforma-da-previdencia-e-o-primeiro-grande-ataque-ao-povo-brasileiro\/#primaryimage\"},\"image\":{\"@id\":\"https:\/\/psol50.org.br\/juliano-medeiros-a-reforma-da-previdencia-e-o-primeiro-grande-ataque-ao-povo-brasileiro\/#primaryimage\"},\"thumbnailUrl\":\"https:\/\/psol50.org.br\/inc\/uploads\/2019\/02\/4165484279_6dc8364cd7_o.jpg\",\"datePublished\":\"2019-02-20T15:23:26+00:00\",\"breadcrumb\":{\"@id\":\"https:\/\/psol50.org.br\/juliano-medeiros-a-reforma-da-previdencia-e-o-primeiro-grande-ataque-ao-povo-brasileiro\/#breadcrumb\"},\"inLanguage\":\"pt-BR\",\"potentialAction\":[{\"@type\":\"ReadAction\",\"target\":[\"https:\/\/psol50.org.br\/juliano-medeiros-a-reforma-da-previdencia-e-o-primeiro-grande-ataque-ao-povo-brasileiro\/\"]}]},{\"@type\":\"ImageObject\",\"inLanguage\":\"pt-BR\",\"@id\":\"https:\/\/psol50.org.br\/juliano-medeiros-a-reforma-da-previdencia-e-o-primeiro-grande-ataque-ao-povo-brasileiro\/#primaryimage\",\"url\":\"https:\/\/psol50.org.br\/inc\/uploads\/2019\/02\/4165484279_6dc8364cd7_o.jpg\",\"contentUrl\":\"https:\/\/psol50.org.br\/inc\/uploads\/2019\/02\/4165484279_6dc8364cd7_o.jpg\",\"width\":1783,\"height\":1200,\"caption\":\"Passarinho\/Prefeitura de Olinda\"},{\"@type\":\"BreadcrumbList\",\"@id\":\"https:\/\/psol50.org.br\/juliano-medeiros-a-reforma-da-previdencia-e-o-primeiro-grande-ataque-ao-povo-brasileiro\/#breadcrumb\",\"itemListElement\":[{\"@type\":\"ListItem\",\"position\":1,\"name\":\"In\u00edcio\",\"item\":\"https:\/\/psol50.org.br\/\"},{\"@type\":\"ListItem\",\"position\":2,\"name\":\"Juliano Medeiros | A reforma da Previd\u00eancia \u00e9 o primeiro grande ataque ao povo brasileiro\"}]},{\"@type\":\"WebSite\",\"@id\":\"https:\/\/psol50.org.br\/#website\",\"url\":\"https:\/\/psol50.org.br\/\",\"name\":\"PSOL 50\",\"description\":\"Site oficial do Partido Socialismo e Liberdade\",\"publisher\":{\"@id\":\"https:\/\/psol50.org.br\/#organization\"},\"alternateName\":\"PSOL50\",\"potentialAction\":[{\"@type\":\"SearchAction\",\"target\":{\"@type\":\"EntryPoint\",\"urlTemplate\":\"https:\/\/psol50.org.br\/?s={search_term_string}\"},\"query-input\":{\"@type\":\"PropertyValueSpecification\",\"valueRequired\":true,\"valueName\":\"search_term_string\"}}],\"inLanguage\":\"pt-BR\"},{\"@type\":\"Organization\",\"@id\":\"https:\/\/psol50.org.br\/#organization\",\"name\":\"PSOL 50\",\"alternateName\":\"PSOL 50\",\"url\":\"https:\/\/psol50.org.br\/\",\"logo\":{\"@type\":\"ImageObject\",\"inLanguage\":\"pt-BR\",\"@id\":\"https:\/\/psol50.org.br\/#\/schema\/logo\/image\/\",\"url\":\"https:\/\/psol50.org.br\/inc\/uploads\/2018\/07\/capa.png\",\"contentUrl\":\"https:\/\/psol50.org.br\/inc\/uploads\/2018\/07\/capa.png\",\"width\":1350,\"height\":900,\"caption\":\"PSOL 50\"},\"image\":{\"@id\":\"https:\/\/psol50.org.br\/#\/schema\/logo\/image\/\"},\"sameAs\":[\"https:\/\/www.facebook.com\/psol50\",\"https:\/\/x.com\/psol50\",\"https:\/\/www.instagram.com\/psol50\/\",\"https:\/\/www.youtube.com\/channel\/UC7SnJS5o1os7a6CaiNabzcg\"]},{\"@type\":\"Person\",\"@id\":\"https:\/\/psol50.org.br\/#\/schema\/person\/475dfa57d0b815993c714c2e96491fcd\",\"name\":\"Comunica\u00e7\u00e3o PSOL\",\"image\":{\"@type\":\"ImageObject\",\"inLanguage\":\"pt-BR\",\"@id\":\"https:\/\/psol50.org.br\/#\/schema\/person\/image\/\",\"url\":\"https:\/\/secure.gravatar.com\/avatar\/b34fc4f4e468a4e51785917065a3db57b841f5c95dba6ad8c73aaf8f66f8f9bf?s=96&d=mm&r=g\",\"contentUrl\":\"https:\/\/secure.gravatar.com\/avatar\/b34fc4f4e468a4e51785917065a3db57b841f5c95dba6ad8c73aaf8f66f8f9bf?s=96&d=mm&r=g\",\"caption\":\"Comunica\u00e7\u00e3o PSOL\"}}]}<\/script>\n<!-- \/ Yoast SEO plugin. -->","yoast_head_json":{"title":"Juliano Medeiros | A reforma da Previd\u00eancia \u00e9 o primeiro grande ataque ao povo brasileiro - PSOL 50","robots":{"index":"index","follow":"follow","max-snippet":"max-snippet:-1","max-image-preview":"max-image-preview:large","max-video-preview":"max-video-preview:-1"},"canonical":"https:\/\/psol50.org.br\/juliano-medeiros-a-reforma-da-previdencia-e-o-primeiro-grande-ataque-ao-povo-brasileiro\/","og_locale":"pt_BR","og_type":"article","og_title":"A reforma da Previd\u00eancia \u00e9 o primeiro grande ataque ao povo brasileiro","og_description":"Leia o artigo de Juliano Medeiros, presidente nacional do PSOL.","og_url":"https:\/\/psol50.org.br\/juliano-medeiros-a-reforma-da-previdencia-e-o-primeiro-grande-ataque-ao-povo-brasileiro\/","og_site_name":"PSOL 50","article_publisher":"https:\/\/www.facebook.com\/psol50","article_published_time":"2019-02-20T15:23:26+00:00","og_image":[{"width":1783,"height":1200,"url":"https:\/\/psol50.org.br\/inc\/uploads\/2019\/02\/4165484279_6dc8364cd7_o.jpg","type":"image\/jpeg"}],"author":"Comunica\u00e7\u00e3o PSOL","twitter_card":"summary_large_image","twitter_title":"Reforma da Previd\u00eancia \u00e9 o primeiro grande ataque ao povo brasileiro","twitter_description":"Leia o artigo de Juliano Medeiros, presidente nacional do PSOL.","twitter_image":"https:\/\/psol50.org.br\/inc\/uploads\/2019\/02\/4165484279_6dc8364cd7_o.jpg","twitter_creator":"@psol50","twitter_site":"@psol50","twitter_misc":{"Escrito por":"Comunica\u00e7\u00e3o PSOL","Est. tempo de leitura":"6 minutos"},"schema":{"@context":"https:\/\/schema.org","@graph":[{"@type":"Article","@id":"https:\/\/psol50.org.br\/juliano-medeiros-a-reforma-da-previdencia-e-o-primeiro-grande-ataque-ao-povo-brasileiro\/#article","isPartOf":{"@id":"https:\/\/psol50.org.br\/juliano-medeiros-a-reforma-da-previdencia-e-o-primeiro-grande-ataque-ao-povo-brasileiro\/"},"author":{"name":"Comunica\u00e7\u00e3o PSOL","@id":"https:\/\/psol50.org.br\/#\/schema\/person\/475dfa57d0b815993c714c2e96491fcd"},"headline":"Juliano Medeiros | A reforma da Previd\u00eancia \u00e9 o primeiro grande ataque ao povo brasileiro","datePublished":"2019-02-20T15:23:26+00:00","mainEntityOfPage":{"@id":"https:\/\/psol50.org.br\/juliano-medeiros-a-reforma-da-previdencia-e-o-primeiro-grande-ataque-ao-povo-brasileiro\/"},"wordCount":1115,"publisher":{"@id":"https:\/\/psol50.org.br\/#organization"},"image":{"@id":"https:\/\/psol50.org.br\/juliano-medeiros-a-reforma-da-previdencia-e-o-primeiro-grande-ataque-ao-povo-brasileiro\/#primaryimage"},"thumbnailUrl":"https:\/\/psol50.org.br\/inc\/uploads\/2019\/02\/4165484279_6dc8364cd7_o.jpg","keywords":["Carta Capital","Gustavo Bebianno","Juliano Medeiros","Paulo Guedes","PSL","reforma da previd\u00eancia","Rodrigo Maia"],"articleSection":["Not\u00edcias"],"inLanguage":"pt-BR"},{"@type":"WebPage","@id":"https:\/\/psol50.org.br\/juliano-medeiros-a-reforma-da-previdencia-e-o-primeiro-grande-ataque-ao-povo-brasileiro\/","url":"https:\/\/psol50.org.br\/juliano-medeiros-a-reforma-da-previdencia-e-o-primeiro-grande-ataque-ao-povo-brasileiro\/","name":"Juliano Medeiros | A reforma da Previd\u00eancia \u00e9 o primeiro grande ataque ao povo brasileiro - PSOL 50","isPartOf":{"@id":"https:\/\/psol50.org.br\/#website"},"primaryImageOfPage":{"@id":"https:\/\/psol50.org.br\/juliano-medeiros-a-reforma-da-previdencia-e-o-primeiro-grande-ataque-ao-povo-brasileiro\/#primaryimage"},"image":{"@id":"https:\/\/psol50.org.br\/juliano-medeiros-a-reforma-da-previdencia-e-o-primeiro-grande-ataque-ao-povo-brasileiro\/#primaryimage"},"thumbnailUrl":"https:\/\/psol50.org.br\/inc\/uploads\/2019\/02\/4165484279_6dc8364cd7_o.jpg","datePublished":"2019-02-20T15:23:26+00:00","breadcrumb":{"@id":"https:\/\/psol50.org.br\/juliano-medeiros-a-reforma-da-previdencia-e-o-primeiro-grande-ataque-ao-povo-brasileiro\/#breadcrumb"},"inLanguage":"pt-BR","potentialAction":[{"@type":"ReadAction","target":["https:\/\/psol50.org.br\/juliano-medeiros-a-reforma-da-previdencia-e-o-primeiro-grande-ataque-ao-povo-brasileiro\/"]}]},{"@type":"ImageObject","inLanguage":"pt-BR","@id":"https:\/\/psol50.org.br\/juliano-medeiros-a-reforma-da-previdencia-e-o-primeiro-grande-ataque-ao-povo-brasileiro\/#primaryimage","url":"https:\/\/psol50.org.br\/inc\/uploads\/2019\/02\/4165484279_6dc8364cd7_o.jpg","contentUrl":"https:\/\/psol50.org.br\/inc\/uploads\/2019\/02\/4165484279_6dc8364cd7_o.jpg","width":1783,"height":1200,"caption":"Passarinho\/Prefeitura de Olinda"},{"@type":"BreadcrumbList","@id":"https:\/\/psol50.org.br\/juliano-medeiros-a-reforma-da-previdencia-e-o-primeiro-grande-ataque-ao-povo-brasileiro\/#breadcrumb","itemListElement":[{"@type":"ListItem","position":1,"name":"In\u00edcio","item":"https:\/\/psol50.org.br\/"},{"@type":"ListItem","position":2,"name":"Juliano Medeiros | A reforma da Previd\u00eancia \u00e9 o primeiro grande ataque ao povo brasileiro"}]},{"@type":"WebSite","@id":"https:\/\/psol50.org.br\/#website","url":"https:\/\/psol50.org.br\/","name":"PSOL 50","description":"Site oficial do Partido Socialismo e Liberdade","publisher":{"@id":"https:\/\/psol50.org.br\/#organization"},"alternateName":"PSOL50","potentialAction":[{"@type":"SearchAction","target":{"@type":"EntryPoint","urlTemplate":"https:\/\/psol50.org.br\/?s={search_term_string}"},"query-input":{"@type":"PropertyValueSpecification","valueRequired":true,"valueName":"search_term_string"}}],"inLanguage":"pt-BR"},{"@type":"Organization","@id":"https:\/\/psol50.org.br\/#organization","name":"PSOL 50","alternateName":"PSOL 50","url":"https:\/\/psol50.org.br\/","logo":{"@type":"ImageObject","inLanguage":"pt-BR","@id":"https:\/\/psol50.org.br\/#\/schema\/logo\/image\/","url":"https:\/\/psol50.org.br\/inc\/uploads\/2018\/07\/capa.png","contentUrl":"https:\/\/psol50.org.br\/inc\/uploads\/2018\/07\/capa.png","width":1350,"height":900,"caption":"PSOL 50"},"image":{"@id":"https:\/\/psol50.org.br\/#\/schema\/logo\/image\/"},"sameAs":["https:\/\/www.facebook.com\/psol50","https:\/\/x.com\/psol50","https:\/\/www.instagram.com\/psol50\/","https:\/\/www.youtube.com\/channel\/UC7SnJS5o1os7a6CaiNabzcg"]},{"@type":"Person","@id":"https:\/\/psol50.org.br\/#\/schema\/person\/475dfa57d0b815993c714c2e96491fcd","name":"Comunica\u00e7\u00e3o PSOL","image":{"@type":"ImageObject","inLanguage":"pt-BR","@id":"https:\/\/psol50.org.br\/#\/schema\/person\/image\/","url":"https:\/\/secure.gravatar.com\/avatar\/b34fc4f4e468a4e51785917065a3db57b841f5c95dba6ad8c73aaf8f66f8f9bf?s=96&d=mm&r=g","contentUrl":"https:\/\/secure.gravatar.com\/avatar\/b34fc4f4e468a4e51785917065a3db57b841f5c95dba6ad8c73aaf8f66f8f9bf?s=96&d=mm&r=g","caption":"Comunica\u00e7\u00e3o PSOL"}}]}},"_links":{"self":[{"href":"https:\/\/psol50.org.br\/rest\/wp\/v2\/posts\/24290","targetHints":{"allow":["GET"]}}],"collection":[{"href":"https:\/\/psol50.org.br\/rest\/wp\/v2\/posts"}],"about":[{"href":"https:\/\/psol50.org.br\/rest\/wp\/v2\/types\/post"}],"author":[{"embeddable":true,"href":"https:\/\/psol50.org.br\/rest\/wp\/v2\/users\/2"}],"replies":[{"embeddable":true,"href":"https:\/\/psol50.org.br\/rest\/wp\/v2\/comments?post=24290"}],"version-history":[{"count":0,"href":"https:\/\/psol50.org.br\/rest\/wp\/v2\/posts\/24290\/revisions"}],"wp:featuredmedia":[{"embeddable":true,"href":"https:\/\/psol50.org.br\/rest\/wp\/v2\/media\/24291"}],"wp:attachment":[{"href":"https:\/\/psol50.org.br\/rest\/wp\/v2\/media?parent=24290"}],"wp:term":[{"taxonomy":"category","embeddable":true,"href":"https:\/\/psol50.org.br\/rest\/wp\/v2\/categories?post=24290"},{"taxonomy":"post_tag","embeddable":true,"href":"https:\/\/psol50.org.br\/rest\/wp\/v2\/tags?post=24290"}],"curies":[{"name":"wp","href":"https:\/\/api.w.org\/{rel}","templated":true}]}}