{"id":243,"date":"2012-08-08T00:00:00","date_gmt":"2012-08-08T00:00:00","guid":{"rendered":"http:\/\/psol50.org.br\/arquivo\/2012\/08\/08\/psol-entra-com-representacao-no-tre-ce-para-publicacao-de-todos-os-doadores\/"},"modified":"2012-08-08T00:00:00","modified_gmt":"2012-08-08T00:00:00","slug":"psol-entra-com-representacao-no-tre-ce-para-publicacao-de-todos-os-doadores","status":"publish","type":"post","link":"https:\/\/psol50.org.br\/psol-entra-com-representacao-no-tre-ce-para-publicacao-de-todos-os-doadores\/","title":{"rendered":"Psol entra com representa\u00e7\u00e3o no TRE-CE para publica\u00e7\u00e3o de todos os doadores"},"content":{"rendered":"<p>O Partido Socialismo e Liberdade (PSOL) ajuizou dia 3 de agosto uma representa\u00e7\u00e3o no Tribunal Regional Eleitoral do Cear\u00e1 (TRE-CE). Objetivo da a\u00e7\u00e3o \u00e9 que a Justi\u00e7a Eleitoral em Fortaleza promova uma publiciza\u00e7\u00e3o dos nomes dos doadores de campanha e valores doados nas elei\u00e7\u00f5es de 2012 j\u00e1 nos relat\u00f3rios parciais.<\/p>\n<p>O candidato do PSOL \u00e0 prefeitura da Capital, Renato Roseno, explica que a divulga\u00e7\u00e3o dos nomes dos doadores bem como os valores doados j\u00e1 nos relat\u00f3rios parciais e n\u00e3o s\u00f3 no relat\u00f3rio final de financiamento de campanha \u00e9 uma forma de promover mais transpar\u00eancia no pleito eleitoral. Roseno afirma que em algumas Zonas Eleitorais ju\u00edzes t\u00eam tomado esta atitude. \u201cEsta representa\u00e7\u00e3o \u00e9 uma forma de praticarmos o que defendemos\u201d, diz o candidato. Ele detalha que o Psol j\u00e1 disponibilizou quatro presta\u00e7\u00f5es de contas da atual campanha no site do partido.<\/p>\n<p>No representa\u00e7\u00e3o ajuizada ontem na 116\u00aa Zona Eleitoral a sigla pede, com base na Lei de Acesso \u00e0 Informa\u00e7\u00e3o (Lei 12.527, de 18 de novembro de 2011), os candidatos aos cargos de prefeito, vice-prefeito e vereador em Fortaleza sejam obrigados a fornecer, em meio digital (em formato de planilha eletr\u00f4nica), os nomes dos doadores de campanha, seus respectivos CNPJ ou CPF, bem como os valores doados por cada um nos relat\u00f3rios parciais de financiamento. Pedem tamb\u00e9m que os dados sejam divulgados no site da Justi\u00e7a Eleitoral do Cear\u00e1, com dados expostos em formato aberto e com ampla publicidade pelos meios dispon\u00edveis. A sigla requer ainda que os candidatos que n\u00e3o observem a publica\u00e7\u00e3o dos referidos dados sejam declarados em d\u00e9bito com a Justi\u00e7a Eleitoral. N\u00e3o h\u00e1 prazo para que a representa\u00e7\u00e3o ajuizada pelo PSOL seja analisada pelo juiz da 116 \u00aa Zona Eleitoral. (MS)<\/p>\n<p><em>Do site www.opovo.com.br, publicado em 04\/08\/2012<\/em><\/p>\n","protected":false},"excerpt":{"rendered":"<p>O Partido Socialismo e Liberdade (PSOL) ajuizou dia 3 de agosto uma representa\u00e7\u00e3o no Tribunal Regional Eleitoral do Cear\u00e1 (TRE-CE). Objetivo da a\u00e7\u00e3o \u00e9 que a Justi\u00e7a Eleitoral em Fortaleza promova uma publiciza\u00e7\u00e3o dos nomes dos doadores de campanha e valores doados nas elei\u00e7\u00f5es de 2012 j\u00e1 nos relat\u00f3rios parciais. O candidato do PSOL \u00e0 [&hellip;]<\/p>\n","protected":false},"author":2,"featured_media":0,"comment_status":"open","ping_status":"open","sticky":false,"template":"","format":"standard","meta":{"_acf_changed":false,"footnotes":""},"categories":[4766,4974],"tags":[4975,22],"class_list":{"0":"post-243","1":"post","2":"type-post","3":"status-publish","4":"format-standard","6":"category-arquivo","7":"category-eleicoes-2012","8":"tag-eleicoes-2012","9":"tag-psol"},"acf":[],"yoast_head":"<!-- This site is optimized with the Yoast SEO plugin v26.5 - https:\/\/yoast.com\/wordpress\/plugins\/seo\/ -->\n<title>Psol entra com representa\u00e7\u00e3o no TRE-CE para publica\u00e7\u00e3o de todos os doadores - PSOL 50<\/title>\n<meta name=\"robots\" content=\"index, follow, max-snippet:-1, max-image-preview:large, max-video-preview:-1\" \/>\n<link rel=\"canonical\" href=\"https:\/\/psol50.org.br\/psol-entra-com-representacao-no-tre-ce-para-publicacao-de-todos-os-doadores\/\" \/>\n<meta property=\"og:locale\" content=\"pt_BR\" \/>\n<meta property=\"og:type\" content=\"article\" \/>\n<meta property=\"og:title\" content=\"Psol entra com representa\u00e7\u00e3o no TRE-CE para publica\u00e7\u00e3o de todos os doadores - PSOL 50\" \/>\n<meta property=\"og:description\" content=\"O Partido Socialismo e Liberdade (PSOL) ajuizou dia 3 de agosto uma representa\u00e7\u00e3o no Tribunal Regional Eleitoral do Cear\u00e1 (TRE-CE). Objetivo da a\u00e7\u00e3o \u00e9 que a Justi\u00e7a Eleitoral em Fortaleza promova uma publiciza\u00e7\u00e3o dos nomes dos doadores de campanha e valores doados nas elei\u00e7\u00f5es de 2012 j\u00e1 nos relat\u00f3rios parciais. O candidato do PSOL \u00e0 [&hellip;]\" \/>\n<meta property=\"og:url\" content=\"https:\/\/psol50.org.br\/psol-entra-com-representacao-no-tre-ce-para-publicacao-de-todos-os-doadores\/\" \/>\n<meta property=\"og:site_name\" content=\"PSOL 50\" \/>\n<meta property=\"article:publisher\" content=\"https:\/\/www.facebook.com\/psol50\" \/>\n<meta property=\"article:published_time\" content=\"2012-08-08T00:00:00+00:00\" \/>\n<meta property=\"og:image\" content=\"https:\/\/psol50.org.br\/inc\/uploads\/2018\/07\/capa.png\" \/>\n\t<meta property=\"og:image:width\" content=\"1350\" \/>\n\t<meta property=\"og:image:height\" content=\"900\" \/>\n\t<meta property=\"og:image:type\" content=\"image\/png\" \/>\n<meta name=\"author\" content=\"Comunica\u00e7\u00e3o PSOL\" \/>\n<meta name=\"twitter:card\" content=\"summary_large_image\" \/>\n<meta name=\"twitter:creator\" content=\"@psol50\" \/>\n<meta name=\"twitter:site\" content=\"@psol50\" \/>\n<meta name=\"twitter:label1\" content=\"Escrito por\" \/>\n\t<meta name=\"twitter:data1\" content=\"Comunica\u00e7\u00e3o PSOL\" \/>\n\t<meta name=\"twitter:label2\" content=\"Est. tempo de leitura\" \/>\n\t<meta name=\"twitter:data2\" content=\"2 minutos\" \/>\n<script type=\"application\/ld+json\" class=\"yoast-schema-graph\">{\"@context\":\"https:\/\/schema.org\",\"@graph\":[{\"@type\":\"Article\",\"@id\":\"https:\/\/psol50.org.br\/psol-entra-com-representacao-no-tre-ce-para-publicacao-de-todos-os-doadores\/#article\",\"isPartOf\":{\"@id\":\"https:\/\/psol50.org.br\/psol-entra-com-representacao-no-tre-ce-para-publicacao-de-todos-os-doadores\/\"},\"author\":{\"name\":\"Comunica\u00e7\u00e3o PSOL\",\"@id\":\"https:\/\/psol50.org.br\/#\/schema\/person\/475dfa57d0b815993c714c2e96491fcd\"},\"headline\":\"Psol entra com representa\u00e7\u00e3o no TRE-CE para publica\u00e7\u00e3o de todos os doadores\",\"datePublished\":\"2012-08-08T00:00:00+00:00\",\"mainEntityOfPage\":{\"@id\":\"https:\/\/psol50.org.br\/psol-entra-com-representacao-no-tre-ce-para-publicacao-de-todos-os-doadores\/\"},\"wordCount\":321,\"commentCount\":0,\"publisher\":{\"@id\":\"https:\/\/psol50.org.br\/#organization\"},\"keywords\":[\"Elei\u00e7\u00f5es 2012\",\"PSOL\"],\"articleSection\":[\"Arquivo\",\"ELEI\u00c7\u00d5ES 2012\"],\"inLanguage\":\"pt-BR\",\"potentialAction\":[{\"@type\":\"CommentAction\",\"name\":\"Comment\",\"target\":[\"https:\/\/psol50.org.br\/psol-entra-com-representacao-no-tre-ce-para-publicacao-de-todos-os-doadores\/#respond\"]}]},{\"@type\":\"WebPage\",\"@id\":\"https:\/\/psol50.org.br\/psol-entra-com-representacao-no-tre-ce-para-publicacao-de-todos-os-doadores\/\",\"url\":\"https:\/\/psol50.org.br\/psol-entra-com-representacao-no-tre-ce-para-publicacao-de-todos-os-doadores\/\",\"name\":\"Psol entra com representa\u00e7\u00e3o no TRE-CE para publica\u00e7\u00e3o de todos os doadores - PSOL 50\",\"isPartOf\":{\"@id\":\"https:\/\/psol50.org.br\/#website\"},\"datePublished\":\"2012-08-08T00:00:00+00:00\",\"breadcrumb\":{\"@id\":\"https:\/\/psol50.org.br\/psol-entra-com-representacao-no-tre-ce-para-publicacao-de-todos-os-doadores\/#breadcrumb\"},\"inLanguage\":\"pt-BR\",\"potentialAction\":[{\"@type\":\"ReadAction\",\"target\":[\"https:\/\/psol50.org.br\/psol-entra-com-representacao-no-tre-ce-para-publicacao-de-todos-os-doadores\/\"]}]},{\"@type\":\"BreadcrumbList\",\"@id\":\"https:\/\/psol50.org.br\/psol-entra-com-representacao-no-tre-ce-para-publicacao-de-todos-os-doadores\/#breadcrumb\",\"itemListElement\":[{\"@type\":\"ListItem\",\"position\":1,\"name\":\"In\u00edcio\",\"item\":\"https:\/\/psol50.org.br\/\"},{\"@type\":\"ListItem\",\"position\":2,\"name\":\"Psol entra com representa\u00e7\u00e3o no TRE-CE para publica\u00e7\u00e3o de todos os doadores\"}]},{\"@type\":\"WebSite\",\"@id\":\"https:\/\/psol50.org.br\/#website\",\"url\":\"https:\/\/psol50.org.br\/\",\"name\":\"PSOL 50\",\"description\":\"Site oficial do Partido Socialismo e Liberdade\",\"publisher\":{\"@id\":\"https:\/\/psol50.org.br\/#organization\"},\"alternateName\":\"PSOL50\",\"potentialAction\":[{\"@type\":\"SearchAction\",\"target\":{\"@type\":\"EntryPoint\",\"urlTemplate\":\"https:\/\/psol50.org.br\/?s={search_term_string}\"},\"query-input\":{\"@type\":\"PropertyValueSpecification\",\"valueRequired\":true,\"valueName\":\"search_term_string\"}}],\"inLanguage\":\"pt-BR\"},{\"@type\":\"Organization\",\"@id\":\"https:\/\/psol50.org.br\/#organization\",\"name\":\"PSOL 50\",\"alternateName\":\"PSOL 50\",\"url\":\"https:\/\/psol50.org.br\/\",\"logo\":{\"@type\":\"ImageObject\",\"inLanguage\":\"pt-BR\",\"@id\":\"https:\/\/psol50.org.br\/#\/schema\/logo\/image\/\",\"url\":\"https:\/\/psol50.org.br\/inc\/uploads\/2018\/07\/capa.png\",\"contentUrl\":\"https:\/\/psol50.org.br\/inc\/uploads\/2018\/07\/capa.png\",\"width\":1350,\"height\":900,\"caption\":\"PSOL 50\"},\"image\":{\"@id\":\"https:\/\/psol50.org.br\/#\/schema\/logo\/image\/\"},\"sameAs\":[\"https:\/\/www.facebook.com\/psol50\",\"https:\/\/x.com\/psol50\",\"https:\/\/www.instagram.com\/psol50\/\",\"https:\/\/www.youtube.com\/channel\/UC7SnJS5o1os7a6CaiNabzcg\"]},{\"@type\":\"Person\",\"@id\":\"https:\/\/psol50.org.br\/#\/schema\/person\/475dfa57d0b815993c714c2e96491fcd\",\"name\":\"Comunica\u00e7\u00e3o PSOL\",\"image\":{\"@type\":\"ImageObject\",\"inLanguage\":\"pt-BR\",\"@id\":\"https:\/\/psol50.org.br\/#\/schema\/person\/image\/\",\"url\":\"https:\/\/secure.gravatar.com\/avatar\/b34fc4f4e468a4e51785917065a3db57b841f5c95dba6ad8c73aaf8f66f8f9bf?s=96&d=mm&r=g\",\"contentUrl\":\"https:\/\/secure.gravatar.com\/avatar\/b34fc4f4e468a4e51785917065a3db57b841f5c95dba6ad8c73aaf8f66f8f9bf?s=96&d=mm&r=g\",\"caption\":\"Comunica\u00e7\u00e3o PSOL\"}}]}<\/script>\n<!-- \/ Yoast SEO plugin. -->","yoast_head_json":{"title":"Psol entra com representa\u00e7\u00e3o no TRE-CE para publica\u00e7\u00e3o de todos os doadores - PSOL 50","robots":{"index":"index","follow":"follow","max-snippet":"max-snippet:-1","max-image-preview":"max-image-preview:large","max-video-preview":"max-video-preview:-1"},"canonical":"https:\/\/psol50.org.br\/psol-entra-com-representacao-no-tre-ce-para-publicacao-de-todos-os-doadores\/","og_locale":"pt_BR","og_type":"article","og_title":"Psol entra com representa\u00e7\u00e3o no TRE-CE para publica\u00e7\u00e3o de todos os doadores - PSOL 50","og_description":"O Partido Socialismo e Liberdade (PSOL) ajuizou dia 3 de agosto uma representa\u00e7\u00e3o no Tribunal Regional Eleitoral do Cear\u00e1 (TRE-CE). Objetivo da a\u00e7\u00e3o \u00e9 que a Justi\u00e7a Eleitoral em Fortaleza promova uma publiciza\u00e7\u00e3o dos nomes dos doadores de campanha e valores doados nas elei\u00e7\u00f5es de 2012 j\u00e1 nos relat\u00f3rios parciais. O candidato do PSOL \u00e0 [&hellip;]","og_url":"https:\/\/psol50.org.br\/psol-entra-com-representacao-no-tre-ce-para-publicacao-de-todos-os-doadores\/","og_site_name":"PSOL 50","article_publisher":"https:\/\/www.facebook.com\/psol50","article_published_time":"2012-08-08T00:00:00+00:00","og_image":[{"width":1350,"height":900,"url":"https:\/\/psol50.org.br\/inc\/uploads\/2018\/07\/capa.png","type":"image\/png"}],"author":"Comunica\u00e7\u00e3o PSOL","twitter_card":"summary_large_image","twitter_creator":"@psol50","twitter_site":"@psol50","twitter_misc":{"Escrito por":"Comunica\u00e7\u00e3o PSOL","Est. tempo de leitura":"2 minutos"},"schema":{"@context":"https:\/\/schema.org","@graph":[{"@type":"Article","@id":"https:\/\/psol50.org.br\/psol-entra-com-representacao-no-tre-ce-para-publicacao-de-todos-os-doadores\/#article","isPartOf":{"@id":"https:\/\/psol50.org.br\/psol-entra-com-representacao-no-tre-ce-para-publicacao-de-todos-os-doadores\/"},"author":{"name":"Comunica\u00e7\u00e3o PSOL","@id":"https:\/\/psol50.org.br\/#\/schema\/person\/475dfa57d0b815993c714c2e96491fcd"},"headline":"Psol entra com representa\u00e7\u00e3o no TRE-CE para publica\u00e7\u00e3o de todos os doadores","datePublished":"2012-08-08T00:00:00+00:00","mainEntityOfPage":{"@id":"https:\/\/psol50.org.br\/psol-entra-com-representacao-no-tre-ce-para-publicacao-de-todos-os-doadores\/"},"wordCount":321,"commentCount":0,"publisher":{"@id":"https:\/\/psol50.org.br\/#organization"},"keywords":["Elei\u00e7\u00f5es 2012","PSOL"],"articleSection":["Arquivo","ELEI\u00c7\u00d5ES 2012"],"inLanguage":"pt-BR","potentialAction":[{"@type":"CommentAction","name":"Comment","target":["https:\/\/psol50.org.br\/psol-entra-com-representacao-no-tre-ce-para-publicacao-de-todos-os-doadores\/#respond"]}]},{"@type":"WebPage","@id":"https:\/\/psol50.org.br\/psol-entra-com-representacao-no-tre-ce-para-publicacao-de-todos-os-doadores\/","url":"https:\/\/psol50.org.br\/psol-entra-com-representacao-no-tre-ce-para-publicacao-de-todos-os-doadores\/","name":"Psol entra com representa\u00e7\u00e3o no TRE-CE para publica\u00e7\u00e3o de todos os doadores - PSOL 50","isPartOf":{"@id":"https:\/\/psol50.org.br\/#website"},"datePublished":"2012-08-08T00:00:00+00:00","breadcrumb":{"@id":"https:\/\/psol50.org.br\/psol-entra-com-representacao-no-tre-ce-para-publicacao-de-todos-os-doadores\/#breadcrumb"},"inLanguage":"pt-BR","potentialAction":[{"@type":"ReadAction","target":["https:\/\/psol50.org.br\/psol-entra-com-representacao-no-tre-ce-para-publicacao-de-todos-os-doadores\/"]}]},{"@type":"BreadcrumbList","@id":"https:\/\/psol50.org.br\/psol-entra-com-representacao-no-tre-ce-para-publicacao-de-todos-os-doadores\/#breadcrumb","itemListElement":[{"@type":"ListItem","position":1,"name":"In\u00edcio","item":"https:\/\/psol50.org.br\/"},{"@type":"ListItem","position":2,"name":"Psol entra com representa\u00e7\u00e3o no TRE-CE para publica\u00e7\u00e3o de todos os doadores"}]},{"@type":"WebSite","@id":"https:\/\/psol50.org.br\/#website","url":"https:\/\/psol50.org.br\/","name":"PSOL 50","description":"Site oficial do Partido Socialismo e Liberdade","publisher":{"@id":"https:\/\/psol50.org.br\/#organization"},"alternateName":"PSOL50","potentialAction":[{"@type":"SearchAction","target":{"@type":"EntryPoint","urlTemplate":"https:\/\/psol50.org.br\/?s={search_term_string}"},"query-input":{"@type":"PropertyValueSpecification","valueRequired":true,"valueName":"search_term_string"}}],"inLanguage":"pt-BR"},{"@type":"Organization","@id":"https:\/\/psol50.org.br\/#organization","name":"PSOL 50","alternateName":"PSOL 50","url":"https:\/\/psol50.org.br\/","logo":{"@type":"ImageObject","inLanguage":"pt-BR","@id":"https:\/\/psol50.org.br\/#\/schema\/logo\/image\/","url":"https:\/\/psol50.org.br\/inc\/uploads\/2018\/07\/capa.png","contentUrl":"https:\/\/psol50.org.br\/inc\/uploads\/2018\/07\/capa.png","width":1350,"height":900,"caption":"PSOL 50"},"image":{"@id":"https:\/\/psol50.org.br\/#\/schema\/logo\/image\/"},"sameAs":["https:\/\/www.facebook.com\/psol50","https:\/\/x.com\/psol50","https:\/\/www.instagram.com\/psol50\/","https:\/\/www.youtube.com\/channel\/UC7SnJS5o1os7a6CaiNabzcg"]},{"@type":"Person","@id":"https:\/\/psol50.org.br\/#\/schema\/person\/475dfa57d0b815993c714c2e96491fcd","name":"Comunica\u00e7\u00e3o PSOL","image":{"@type":"ImageObject","inLanguage":"pt-BR","@id":"https:\/\/psol50.org.br\/#\/schema\/person\/image\/","url":"https:\/\/secure.gravatar.com\/avatar\/b34fc4f4e468a4e51785917065a3db57b841f5c95dba6ad8c73aaf8f66f8f9bf?s=96&d=mm&r=g","contentUrl":"https:\/\/secure.gravatar.com\/avatar\/b34fc4f4e468a4e51785917065a3db57b841f5c95dba6ad8c73aaf8f66f8f9bf?s=96&d=mm&r=g","caption":"Comunica\u00e7\u00e3o PSOL"}}]}},"_links":{"self":[{"href":"https:\/\/psol50.org.br\/rest\/wp\/v2\/posts\/243","targetHints":{"allow":["GET"]}}],"collection":[{"href":"https:\/\/psol50.org.br\/rest\/wp\/v2\/posts"}],"about":[{"href":"https:\/\/psol50.org.br\/rest\/wp\/v2\/types\/post"}],"author":[{"embeddable":true,"href":"https:\/\/psol50.org.br\/rest\/wp\/v2\/users\/2"}],"replies":[{"embeddable":true,"href":"https:\/\/psol50.org.br\/rest\/wp\/v2\/comments?post=243"}],"version-history":[{"count":0,"href":"https:\/\/psol50.org.br\/rest\/wp\/v2\/posts\/243\/revisions"}],"wp:attachment":[{"href":"https:\/\/psol50.org.br\/rest\/wp\/v2\/media?parent=243"}],"wp:term":[{"taxonomy":"category","embeddable":true,"href":"https:\/\/psol50.org.br\/rest\/wp\/v2\/categories?post=243"},{"taxonomy":"post_tag","embeddable":true,"href":"https:\/\/psol50.org.br\/rest\/wp\/v2\/tags?post=243"}],"curies":[{"name":"wp","href":"https:\/\/api.w.org\/{rel}","templated":true}]}}