{"id":24319,"date":"2019-02-26T15:07:39","date_gmt":"2019-02-26T18:07:39","guid":{"rendered":"http:\/\/psol50.org.br\/?p=24319"},"modified":"2019-02-26T15:07:39","modified_gmt":"2019-02-26T18:07:39","slug":"psol-e-pt-vao-a-justica-e-a-pgr-contra-ministro-da-educacao","status":"publish","type":"post","link":"https:\/\/psol50.org.br\/psol-e-pt-vao-a-justica-e-a-pgr-contra-ministro-da-educacao\/","title":{"rendered":"PSOL e PT v\u00e3o \u00e0 Justi\u00e7a e \u00e0 PGR contra ministro da Educa\u00e7\u00e3o"},"content":{"rendered":"\n\t\t\t\t\n<p>As bancadas do PSOL e do Partido dos Trabalhadores (PT) na C\u00e2mara dos Deputados protocolaram, nesta ter\u00e7a-feira (26), uma a\u00e7\u00e3o popular na Justi\u00e7a Federal contra contra o ministro da Educa\u00e7\u00e3o, Ricardo V\u00e9lez Rodr\u00edguez, e o presidente Jair Bolsonaro. Os partidos tamb\u00e9m entraram com representa\u00e7\u00e3o contra o ministro na Procuradoria-Geral da Rep\u00fablica (PGR).<\/p>\n\n\n\n<p>Na segunda-feira (25), V\u00e9lez enviou e-mail para escolas de todo o pa\u00eds determinando que fosse lida uma carta de sua autoria para os estudantes com o slogan de campanha de Jair Bolsonaro, &#8220;Brasil acima de tudo, Deus acima de todos&#8221;.<\/p>\n\n\n\n<p>A a\u00e7\u00e3o na Justi\u00e7a argumenta que o ministro violou princ\u00edpios constitucionais, como o da impessoalidade, e tamb\u00e9m infringiu o Estatuto da Crian\u00e7a e do Adolescente. Para o PSOL e o PT, o ato de V\u00e9lez \u00e9 ilegal, abusivo e imoral, al\u00e9m de ter utilizado recursos p\u00fablicos de forma irregular. O ministro pode ser enquadrado nos crimes de improbidade administrativa e abuso de autoridade.<\/p>\n\n\n\n<p>\u00c0 PGR, os partidos pedem investiga\u00e7\u00e3o do ministro, podendo tamb\u00e9m caber puni\u00e7\u00f5es &#8211; tanto administrativas quanto criminais.<\/p>\n\n\n\n<p><p>O deputado Marcelo Freixo comentou a a\u00e7\u00e3o dos partidos:<\/p>\n<p><blockquote class=\"twitter-tweet\" data-width=\"550\" data-dnt=\"true\"><p lang=\"pt\" dir=\"ltr\">Acabamos de protocolar a\u00e7\u00e3o contra o ministro da Educa\u00e7\u00e3o Ricardo V\u00e9lez! <a href=\"https:\/\/t.co\/N0nC84ZYBx\">pic.twitter.com\/N0nC84ZYBx<\/a><\/p>&mdash; Marcelo Freixo (@MarceloFreixo) <a href=\"https:\/\/twitter.com\/MarceloFreixo\/status\/1100450176739786752?ref_src=twsrc%5Etfw\">February 26, 2019<\/a><\/blockquote><script async src=\"https:\/\/platform.twitter.com\/widgets.js\" charset=\"utf-8\"><\/script><\/p>\n<p>Tal\u00edria Petrone tamb\u00e9m falou sobre o caso:<\/p>\n<p>https:\/\/www.facebook.com\/taliriapetronepsol\/videos\/2368791499806063\/<\/p>\n<p>&nbsp;<\/p><\/p>\n\t\t","protected":false},"excerpt":{"rendered":"<p>As bancadas do PSOL e do Partido dos Trabalhadores (PT) na C\u00e2mara dos Deputados protocolaram, nesta ter\u00e7a-feira (26), uma a\u00e7\u00e3o popular na Justi\u00e7a Federal contra contra o ministro da Educa\u00e7\u00e3o, Ricardo V\u00e9lez Rodr\u00edguez, e o presidente Jair Bolsonaro. Os partidos tamb\u00e9m entraram com representa\u00e7\u00e3o contra o ministro na Procuradoria-Geral da Rep\u00fablica (PGR). Na segunda-feira (25), [&hellip;]<\/p>\n","protected":false},"author":2,"featured_media":24320,"comment_status":"closed","ping_status":"open","sticky":false,"template":"","format":"standard","meta":{"_acf_changed":false,"footnotes":""},"categories":[10,6,14],"tags":[758,1384,161,1732,417,319,1733,382],"class_list":{"0":"post-24319","1":"post","2":"type-post","3":"status-publish","4":"format-standard","5":"has-post-thumbnail","7":"category-acao-parlamentares","8":"category-noticias","9":"category-partido","10":"tag-carta","11":"tag-escolas","12":"tag-marcelo-freixo","13":"tag-ministro-da-educacao","14":"tag-psol-na-camara","15":"tag-pt","16":"tag-ricardo-velez-rodrigues","17":"tag-taliria-petrone"},"acf":[],"yoast_head":"<!-- This site is optimized with the Yoast SEO plugin v26.5 - https:\/\/yoast.com\/wordpress\/plugins\/seo\/ -->\n<title>PSOL e PT v\u00e3o \u00e0 Justi\u00e7a e \u00e0 PGR contra ministro da Educa\u00e7\u00e3o - PSOL 50<\/title>\n<meta name=\"robots\" content=\"index, follow, max-snippet:-1, max-image-preview:large, max-video-preview:-1\" \/>\n<link rel=\"canonical\" href=\"https:\/\/psol50.org.br\/psol-e-pt-vao-a-justica-e-a-pgr-contra-ministro-da-educacao\/\" \/>\n<meta property=\"og:locale\" content=\"pt_BR\" \/>\n<meta property=\"og:type\" content=\"article\" \/>\n<meta property=\"og:title\" content=\"PSOL e PT v\u00e3o \u00e0 Justi\u00e7a e \u00e0 PGR contra ministro da Educa\u00e7\u00e3o\" \/>\n<meta property=\"og:description\" content=\"Em abuso de autoridade, V\u00e9lez utilizou fun\u00e7\u00e3o p\u00fablica pra fazer propaganda do governo.\" \/>\n<meta property=\"og:url\" content=\"https:\/\/psol50.org.br\/psol-e-pt-vao-a-justica-e-a-pgr-contra-ministro-da-educacao\/\" \/>\n<meta property=\"og:site_name\" content=\"PSOL 50\" \/>\n<meta property=\"article:publisher\" content=\"https:\/\/www.facebook.com\/psol50\" \/>\n<meta property=\"article:published_time\" content=\"2019-02-26T18:07:39+00:00\" \/>\n<meta property=\"og:image\" content=\"https:\/\/psol50.org.br\/inc\/uploads\/2018\/07\/capa.png\" \/>\n\t<meta property=\"og:image:width\" content=\"1350\" \/>\n\t<meta property=\"og:image:height\" content=\"900\" \/>\n\t<meta property=\"og:image:type\" content=\"image\/png\" \/>\n<meta name=\"author\" content=\"Comunica\u00e7\u00e3o PSOL\" \/>\n<meta name=\"twitter:card\" content=\"summary_large_image\" \/>\n<meta name=\"twitter:title\" content=\"PSOL e PT v\u00e3o \u00e0 Justi\u00e7a e \u00e0 PGR contra ministro da Educa\u00e7\u00e3o\" \/>\n<meta name=\"twitter:description\" content=\"Em abuso de autoridade, V\u00e9lez utilizou fun\u00e7\u00e3o p\u00fablica pra fazer propaganda do governo.\" \/>\n<meta name=\"twitter:creator\" content=\"@psol50\" \/>\n<meta name=\"twitter:site\" content=\"@psol50\" \/>\n<meta name=\"twitter:label1\" content=\"Escrito por\" \/>\n\t<meta name=\"twitter:data1\" content=\"Comunica\u00e7\u00e3o PSOL\" \/>\n\t<meta name=\"twitter:label2\" content=\"Est. tempo de leitura\" \/>\n\t<meta name=\"twitter:data2\" content=\"1 minuto\" \/>\n<script type=\"application\/ld+json\" class=\"yoast-schema-graph\">{\"@context\":\"https:\/\/schema.org\",\"@graph\":[{\"@type\":\"Article\",\"@id\":\"https:\/\/psol50.org.br\/psol-e-pt-vao-a-justica-e-a-pgr-contra-ministro-da-educacao\/#article\",\"isPartOf\":{\"@id\":\"https:\/\/psol50.org.br\/psol-e-pt-vao-a-justica-e-a-pgr-contra-ministro-da-educacao\/\"},\"author\":{\"name\":\"Comunica\u00e7\u00e3o PSOL\",\"@id\":\"https:\/\/psol50.org.br\/#\/schema\/person\/475dfa57d0b815993c714c2e96491fcd\"},\"headline\":\"PSOL e PT v\u00e3o \u00e0 Justi\u00e7a e \u00e0 PGR contra ministro da Educa\u00e7\u00e3o\",\"datePublished\":\"2019-02-26T18:07:39+00:00\",\"mainEntityOfPage\":{\"@id\":\"https:\/\/psol50.org.br\/psol-e-pt-vao-a-justica-e-a-pgr-contra-ministro-da-educacao\/\"},\"wordCount\":236,\"publisher\":{\"@id\":\"https:\/\/psol50.org.br\/#organization\"},\"image\":{\"@id\":\"https:\/\/psol50.org.br\/psol-e-pt-vao-a-justica-e-a-pgr-contra-ministro-da-educacao\/#primaryimage\"},\"thumbnailUrl\":\"\",\"keywords\":[\"carta\",\"escolas\",\"Marcelo Freixo\",\"Ministro da Educa\u00e7\u00e3o\",\"PSOL na C\u00e2mara\",\"PT\",\"Ricardo V\u00e9lez Rodrigues\",\"Tal\u00edria Petrone\"],\"articleSection\":[\"A\u00e7\u00e3o Parlamentar\",\"Not\u00edcias\",\"Partido\"],\"inLanguage\":\"pt-BR\"},{\"@type\":\"WebPage\",\"@id\":\"https:\/\/psol50.org.br\/psol-e-pt-vao-a-justica-e-a-pgr-contra-ministro-da-educacao\/\",\"url\":\"https:\/\/psol50.org.br\/psol-e-pt-vao-a-justica-e-a-pgr-contra-ministro-da-educacao\/\",\"name\":\"PSOL e PT v\u00e3o \u00e0 Justi\u00e7a e \u00e0 PGR contra ministro da Educa\u00e7\u00e3o - PSOL 50\",\"isPartOf\":{\"@id\":\"https:\/\/psol50.org.br\/#website\"},\"primaryImageOfPage\":{\"@id\":\"https:\/\/psol50.org.br\/psol-e-pt-vao-a-justica-e-a-pgr-contra-ministro-da-educacao\/#primaryimage\"},\"image\":{\"@id\":\"https:\/\/psol50.org.br\/psol-e-pt-vao-a-justica-e-a-pgr-contra-ministro-da-educacao\/#primaryimage\"},\"thumbnailUrl\":\"\",\"datePublished\":\"2019-02-26T18:07:39+00:00\",\"breadcrumb\":{\"@id\":\"https:\/\/psol50.org.br\/psol-e-pt-vao-a-justica-e-a-pgr-contra-ministro-da-educacao\/#breadcrumb\"},\"inLanguage\":\"pt-BR\",\"potentialAction\":[{\"@type\":\"ReadAction\",\"target\":[\"https:\/\/psol50.org.br\/psol-e-pt-vao-a-justica-e-a-pgr-contra-ministro-da-educacao\/\"]}]},{\"@type\":\"ImageObject\",\"inLanguage\":\"pt-BR\",\"@id\":\"https:\/\/psol50.org.br\/psol-e-pt-vao-a-justica-e-a-pgr-contra-ministro-da-educacao\/#primaryimage\",\"url\":\"\",\"contentUrl\":\"\"},{\"@type\":\"BreadcrumbList\",\"@id\":\"https:\/\/psol50.org.br\/psol-e-pt-vao-a-justica-e-a-pgr-contra-ministro-da-educacao\/#breadcrumb\",\"itemListElement\":[{\"@type\":\"ListItem\",\"position\":1,\"name\":\"In\u00edcio\",\"item\":\"https:\/\/psol50.org.br\/\"},{\"@type\":\"ListItem\",\"position\":2,\"name\":\"PSOL e PT v\u00e3o \u00e0 Justi\u00e7a e \u00e0 PGR contra ministro da Educa\u00e7\u00e3o\"}]},{\"@type\":\"WebSite\",\"@id\":\"https:\/\/psol50.org.br\/#website\",\"url\":\"https:\/\/psol50.org.br\/\",\"name\":\"PSOL 50\",\"description\":\"Site oficial do Partido Socialismo e Liberdade\",\"publisher\":{\"@id\":\"https:\/\/psol50.org.br\/#organization\"},\"alternateName\":\"PSOL50\",\"potentialAction\":[{\"@type\":\"SearchAction\",\"target\":{\"@type\":\"EntryPoint\",\"urlTemplate\":\"https:\/\/psol50.org.br\/?s={search_term_string}\"},\"query-input\":{\"@type\":\"PropertyValueSpecification\",\"valueRequired\":true,\"valueName\":\"search_term_string\"}}],\"inLanguage\":\"pt-BR\"},{\"@type\":\"Organization\",\"@id\":\"https:\/\/psol50.org.br\/#organization\",\"name\":\"PSOL 50\",\"alternateName\":\"PSOL 50\",\"url\":\"https:\/\/psol50.org.br\/\",\"logo\":{\"@type\":\"ImageObject\",\"inLanguage\":\"pt-BR\",\"@id\":\"https:\/\/psol50.org.br\/#\/schema\/logo\/image\/\",\"url\":\"https:\/\/psol50.org.br\/inc\/uploads\/2018\/07\/capa.png\",\"contentUrl\":\"https:\/\/psol50.org.br\/inc\/uploads\/2018\/07\/capa.png\",\"width\":1350,\"height\":900,\"caption\":\"PSOL 50\"},\"image\":{\"@id\":\"https:\/\/psol50.org.br\/#\/schema\/logo\/image\/\"},\"sameAs\":[\"https:\/\/www.facebook.com\/psol50\",\"https:\/\/x.com\/psol50\",\"https:\/\/www.instagram.com\/psol50\/\",\"https:\/\/www.youtube.com\/channel\/UC7SnJS5o1os7a6CaiNabzcg\"]},{\"@type\":\"Person\",\"@id\":\"https:\/\/psol50.org.br\/#\/schema\/person\/475dfa57d0b815993c714c2e96491fcd\",\"name\":\"Comunica\u00e7\u00e3o PSOL\",\"image\":{\"@type\":\"ImageObject\",\"inLanguage\":\"pt-BR\",\"@id\":\"https:\/\/psol50.org.br\/#\/schema\/person\/image\/\",\"url\":\"https:\/\/secure.gravatar.com\/avatar\/b34fc4f4e468a4e51785917065a3db57b841f5c95dba6ad8c73aaf8f66f8f9bf?s=96&d=mm&r=g\",\"contentUrl\":\"https:\/\/secure.gravatar.com\/avatar\/b34fc4f4e468a4e51785917065a3db57b841f5c95dba6ad8c73aaf8f66f8f9bf?s=96&d=mm&r=g\",\"caption\":\"Comunica\u00e7\u00e3o PSOL\"}}]}<\/script>\n<!-- \/ Yoast SEO plugin. -->","yoast_head_json":{"title":"PSOL e PT v\u00e3o \u00e0 Justi\u00e7a e \u00e0 PGR contra ministro da Educa\u00e7\u00e3o - PSOL 50","robots":{"index":"index","follow":"follow","max-snippet":"max-snippet:-1","max-image-preview":"max-image-preview:large","max-video-preview":"max-video-preview:-1"},"canonical":"https:\/\/psol50.org.br\/psol-e-pt-vao-a-justica-e-a-pgr-contra-ministro-da-educacao\/","og_locale":"pt_BR","og_type":"article","og_title":"PSOL e PT v\u00e3o \u00e0 Justi\u00e7a e \u00e0 PGR contra ministro da Educa\u00e7\u00e3o","og_description":"Em abuso de autoridade, V\u00e9lez utilizou fun\u00e7\u00e3o p\u00fablica pra fazer propaganda do governo.","og_url":"https:\/\/psol50.org.br\/psol-e-pt-vao-a-justica-e-a-pgr-contra-ministro-da-educacao\/","og_site_name":"PSOL 50","article_publisher":"https:\/\/www.facebook.com\/psol50","article_published_time":"2019-02-26T18:07:39+00:00","og_image":[{"width":1350,"height":900,"url":"https:\/\/psol50.org.br\/inc\/uploads\/2018\/07\/capa.png","type":"image\/png"}],"author":"Comunica\u00e7\u00e3o PSOL","twitter_card":"summary_large_image","twitter_title":"PSOL e PT v\u00e3o \u00e0 Justi\u00e7a e \u00e0 PGR contra ministro da Educa\u00e7\u00e3o","twitter_description":"Em abuso de autoridade, V\u00e9lez utilizou fun\u00e7\u00e3o p\u00fablica pra fazer propaganda do governo.","twitter_creator":"@psol50","twitter_site":"@psol50","twitter_misc":{"Escrito por":"Comunica\u00e7\u00e3o PSOL","Est. tempo de leitura":"1 minuto"},"schema":{"@context":"https:\/\/schema.org","@graph":[{"@type":"Article","@id":"https:\/\/psol50.org.br\/psol-e-pt-vao-a-justica-e-a-pgr-contra-ministro-da-educacao\/#article","isPartOf":{"@id":"https:\/\/psol50.org.br\/psol-e-pt-vao-a-justica-e-a-pgr-contra-ministro-da-educacao\/"},"author":{"name":"Comunica\u00e7\u00e3o PSOL","@id":"https:\/\/psol50.org.br\/#\/schema\/person\/475dfa57d0b815993c714c2e96491fcd"},"headline":"PSOL e PT v\u00e3o \u00e0 Justi\u00e7a e \u00e0 PGR contra ministro da Educa\u00e7\u00e3o","datePublished":"2019-02-26T18:07:39+00:00","mainEntityOfPage":{"@id":"https:\/\/psol50.org.br\/psol-e-pt-vao-a-justica-e-a-pgr-contra-ministro-da-educacao\/"},"wordCount":236,"publisher":{"@id":"https:\/\/psol50.org.br\/#organization"},"image":{"@id":"https:\/\/psol50.org.br\/psol-e-pt-vao-a-justica-e-a-pgr-contra-ministro-da-educacao\/#primaryimage"},"thumbnailUrl":"","keywords":["carta","escolas","Marcelo Freixo","Ministro da Educa\u00e7\u00e3o","PSOL na C\u00e2mara","PT","Ricardo V\u00e9lez Rodrigues","Tal\u00edria Petrone"],"articleSection":["A\u00e7\u00e3o Parlamentar","Not\u00edcias","Partido"],"inLanguage":"pt-BR"},{"@type":"WebPage","@id":"https:\/\/psol50.org.br\/psol-e-pt-vao-a-justica-e-a-pgr-contra-ministro-da-educacao\/","url":"https:\/\/psol50.org.br\/psol-e-pt-vao-a-justica-e-a-pgr-contra-ministro-da-educacao\/","name":"PSOL e PT v\u00e3o \u00e0 Justi\u00e7a e \u00e0 PGR contra ministro da Educa\u00e7\u00e3o - PSOL 50","isPartOf":{"@id":"https:\/\/psol50.org.br\/#website"},"primaryImageOfPage":{"@id":"https:\/\/psol50.org.br\/psol-e-pt-vao-a-justica-e-a-pgr-contra-ministro-da-educacao\/#primaryimage"},"image":{"@id":"https:\/\/psol50.org.br\/psol-e-pt-vao-a-justica-e-a-pgr-contra-ministro-da-educacao\/#primaryimage"},"thumbnailUrl":"","datePublished":"2019-02-26T18:07:39+00:00","breadcrumb":{"@id":"https:\/\/psol50.org.br\/psol-e-pt-vao-a-justica-e-a-pgr-contra-ministro-da-educacao\/#breadcrumb"},"inLanguage":"pt-BR","potentialAction":[{"@type":"ReadAction","target":["https:\/\/psol50.org.br\/psol-e-pt-vao-a-justica-e-a-pgr-contra-ministro-da-educacao\/"]}]},{"@type":"ImageObject","inLanguage":"pt-BR","@id":"https:\/\/psol50.org.br\/psol-e-pt-vao-a-justica-e-a-pgr-contra-ministro-da-educacao\/#primaryimage","url":"","contentUrl":""},{"@type":"BreadcrumbList","@id":"https:\/\/psol50.org.br\/psol-e-pt-vao-a-justica-e-a-pgr-contra-ministro-da-educacao\/#breadcrumb","itemListElement":[{"@type":"ListItem","position":1,"name":"In\u00edcio","item":"https:\/\/psol50.org.br\/"},{"@type":"ListItem","position":2,"name":"PSOL e PT v\u00e3o \u00e0 Justi\u00e7a e \u00e0 PGR contra ministro da Educa\u00e7\u00e3o"}]},{"@type":"WebSite","@id":"https:\/\/psol50.org.br\/#website","url":"https:\/\/psol50.org.br\/","name":"PSOL 50","description":"Site oficial do Partido Socialismo e Liberdade","publisher":{"@id":"https:\/\/psol50.org.br\/#organization"},"alternateName":"PSOL50","potentialAction":[{"@type":"SearchAction","target":{"@type":"EntryPoint","urlTemplate":"https:\/\/psol50.org.br\/?s={search_term_string}"},"query-input":{"@type":"PropertyValueSpecification","valueRequired":true,"valueName":"search_term_string"}}],"inLanguage":"pt-BR"},{"@type":"Organization","@id":"https:\/\/psol50.org.br\/#organization","name":"PSOL 50","alternateName":"PSOL 50","url":"https:\/\/psol50.org.br\/","logo":{"@type":"ImageObject","inLanguage":"pt-BR","@id":"https:\/\/psol50.org.br\/#\/schema\/logo\/image\/","url":"https:\/\/psol50.org.br\/inc\/uploads\/2018\/07\/capa.png","contentUrl":"https:\/\/psol50.org.br\/inc\/uploads\/2018\/07\/capa.png","width":1350,"height":900,"caption":"PSOL 50"},"image":{"@id":"https:\/\/psol50.org.br\/#\/schema\/logo\/image\/"},"sameAs":["https:\/\/www.facebook.com\/psol50","https:\/\/x.com\/psol50","https:\/\/www.instagram.com\/psol50\/","https:\/\/www.youtube.com\/channel\/UC7SnJS5o1os7a6CaiNabzcg"]},{"@type":"Person","@id":"https:\/\/psol50.org.br\/#\/schema\/person\/475dfa57d0b815993c714c2e96491fcd","name":"Comunica\u00e7\u00e3o PSOL","image":{"@type":"ImageObject","inLanguage":"pt-BR","@id":"https:\/\/psol50.org.br\/#\/schema\/person\/image\/","url":"https:\/\/secure.gravatar.com\/avatar\/b34fc4f4e468a4e51785917065a3db57b841f5c95dba6ad8c73aaf8f66f8f9bf?s=96&d=mm&r=g","contentUrl":"https:\/\/secure.gravatar.com\/avatar\/b34fc4f4e468a4e51785917065a3db57b841f5c95dba6ad8c73aaf8f66f8f9bf?s=96&d=mm&r=g","caption":"Comunica\u00e7\u00e3o PSOL"}}]}},"_links":{"self":[{"href":"https:\/\/psol50.org.br\/rest\/wp\/v2\/posts\/24319","targetHints":{"allow":["GET"]}}],"collection":[{"href":"https:\/\/psol50.org.br\/rest\/wp\/v2\/posts"}],"about":[{"href":"https:\/\/psol50.org.br\/rest\/wp\/v2\/types\/post"}],"author":[{"embeddable":true,"href":"https:\/\/psol50.org.br\/rest\/wp\/v2\/users\/2"}],"replies":[{"embeddable":true,"href":"https:\/\/psol50.org.br\/rest\/wp\/v2\/comments?post=24319"}],"version-history":[{"count":0,"href":"https:\/\/psol50.org.br\/rest\/wp\/v2\/posts\/24319\/revisions"}],"wp:featuredmedia":[{"embeddable":true,"href":"https:\/\/psol50.org.br\/rest\/"}],"wp:attachment":[{"href":"https:\/\/psol50.org.br\/rest\/wp\/v2\/media?parent=24319"}],"wp:term":[{"taxonomy":"category","embeddable":true,"href":"https:\/\/psol50.org.br\/rest\/wp\/v2\/categories?post=24319"},{"taxonomy":"post_tag","embeddable":true,"href":"https:\/\/psol50.org.br\/rest\/wp\/v2\/tags?post=24319"}],"curies":[{"name":"wp","href":"https:\/\/api.w.org\/{rel}","templated":true}]}}