{"id":24369,"date":"2019-03-08T09:31:12","date_gmt":"2019-03-08T12:31:12","guid":{"rendered":"http:\/\/psol50.org.br\/?p=24369"},"modified":"2019-03-08T09:31:12","modified_gmt":"2019-03-08T12:31:12","slug":"fernando-silva-carnaval-de-resistencias","status":"publish","type":"post","link":"https:\/\/psol50.org.br\/fernando-silva-carnaval-de-resistencias\/","title":{"rendered":"Fernando Silva | Carnaval de resist\u00eancias"},"content":{"rendered":"\n\t\t\t\t\n<p>H\u00e1 resist\u00eancias poss\u00edveis. A festa mais popular do pa\u00eds foi a primeira grande manifesta\u00e7\u00e3o de massas de cr\u00edtica \u00e0 onda conservadora e ao governo Bolsonaro. N\u00e3o apenas como nega\u00e7\u00e3o, mas afirma\u00e7\u00e3o, dos direitos e da nossa hist\u00f3ria n\u00e3o contada.<\/p>\n\n\n\n<p>De norte a sul, nas escolas de samba, nos blocos de rua, nos enredos, marchinhas, alegorias e fantasias n\u00e3o faltaram bom humor e muita cr\u00edtica. Uma pluralidade que bem representa a diversidade do nosso povo e sua disposi\u00e7\u00e3o em n\u00e3o deixar o novo condom\u00ednio no poder esquecer que a intoler\u00e2ncia e o \u00f3dio n\u00e3o s\u00e3o a identidade do Brasil.<\/p>\n\n\n\n<p>A verdadeira identidade foi apresentada no resgate da resist\u00eancia hist\u00f3rica e atual dos negros e negras, dos povos ind\u00edgenas, das mulheres, da nossa classe trabalhadora.&nbsp;<\/p>\n\n\n\n<p>O laranjal de Bolsonaro e do PSL, as perip\u00e9cias e negociatas da sua fam\u00edlia e amigos n\u00e3o passaram desapercebidos. Laranja foi um das cores predominantes em in\u00fameros blocos e alegorias. E n\u00e3o estamos falando de pouca gente. S\u00f3 na cidade de S\u00e3o Paulo, segundo n\u00fameros da prefeitura, 5 milh\u00f5es de pessoas participaram dos blocos de rua!<\/p>\n\n\n\n<p>O an\u00fancio da vit\u00f3ria da Mangueira, no final da tarde da quarta-feira de cinzas, com o seu enredo &#8221; a hist\u00f3ria pra ninar gente grande&#8221;, acabou sendo uma bel\u00edssima s\u00edntese para coroar esse Carnaval de resist\u00eancias, das &#8220;Marias, Mahins, Marielles, Mal\u00e9s&#8221;.<\/p>\n\n\n\n<p>E o governo enquanto isso? Continua dur\u00edssimo e aloprado.&nbsp;<\/p>\n\n\n\n<p>Na v\u00e9spera do Carnaval, em edi\u00e7\u00e3o extra do Di\u00e1rio Oficial na noite de sexta feira, dia 1\u00ba o governo publicou Medida Provis\u00f3ria que elimina a contribui\u00e7\u00e3o sindical da folha de pagamento dos trabalhadores. Uma forma de estrangular os sindicatos e aumentar o poder de press\u00e3o e chantagem sobre as centrais na negocia\u00e7\u00e3o da reforma da Previd\u00eancia. A MP foi assinada por Bolsonaro e Paulo Guedes, sinalizando que \u00e9 parte da pol\u00edtica ultraliberal do mercado financeiro de promover reformas, arrancar direitos e atacar as possibilidades de organiza\u00e7\u00e3o e resist\u00eancia.&nbsp;<\/p>\n\n\n\n<p>Mas para o presidente isso n\u00e3o foi o suficiente para ele mostrar como se &#8220;brinca&#8221; o Carnaval. Longe disso, no meio dos dias de folia e cr\u00edticas, o pr\u00f3prio presidente publicou em suas redes sociais um v\u00eddeo preconceituoso, inadequado, homofobico e com n\u00edtido objetivo de atacar o carnaval e sua diversidade. Um protocolar comunicado da presid\u00eancia, ainda na ter\u00e7a de carnaval, tentou negar esse \u00faltimo objetivo ap\u00f3s o estrago feito e a polariza\u00e7\u00e3o causada. Quem acredita?&nbsp;<\/p>\n\n\n\n<p>Bolsonaro deu mostra inequ\u00edvoca que pretende governar chefiando apenas sua ala mais extremista e intolerante for\u00e7ando a polariza\u00e7\u00e3o e atraindo mais seguidores desse nicho de intoler\u00e2ncia, ainda que as custas de aumentar a oposi\u00e7\u00e3o e a repulsa ao seu governo.<\/p>\n\n\n\n<p>Andaram junto nessa onda de intoler\u00e2ncia presidencial as c\u00fapulas do fundamentalismo religioso, tanto evang\u00e9lico como cat\u00f3lico, que destilaram ataques a enredos de escolas de samba, blocos etc. Mostrando que s\u00e3o incompat\u00edveis com a liberdade de manifesta\u00e7\u00e3o, a diversidade cultural e sequer entendem o significado de liberdade e toler\u00e2ncia religiosa.&nbsp;<\/p>\n\n\n\n<p>Esperamos que no 8 de mar\u00e7o e no 14 de mar\u00e7o milhares voltem as ruas para afirmar os direitos e bandeiras das mulheres e todos os &#8220;esquecidos&#8221; pela hist\u00f3ria oficial; que no 14 de mar\u00e7o a mem\u00f3ria e a defesa por justi\u00e7a para Marielle e Anderson continuem de p\u00e9, pois os executores, e t\u00e3o importante quanto, os mandantes deste crime precisam ser descobertos.&nbsp;<\/p>\n\n\n\n<p>Teremos a dif\u00edcil tarefa de convencer o povo de que o pior est\u00e1 por vir no terreno dos direitos sociais com a reforma da Previd\u00eancia dos banqueiros e de Bolsonaro e que valer\u00e1 a pena colocar nossos blocos na rua para que possamos ter um futuro com direitos.<\/p>\n\n\n\n<p>Uma \u00faltima reflex\u00e3o. Alguns comentaristas, na pr\u00f3pria Rede Globo que det\u00e9m os direitos da cobertura dos desfiles das escolas de samba, disseram que o enredo da Mangueira era a hist\u00f3ria dos vencidos. Ser\u00e1 mesmo?<\/p>\n\n\n\n<p>O Brasil de hoje, e o que essas imensas festas populares mostram \u00e9 produto de quase 520 anos de resist\u00eancias, de seculares lutas e revoltas populares, desde que a coloniza\u00e7\u00e3o aqui chegou: lutas de ind\u00edgenas, negros, mulheres, dos LGBTs, camponeses, movimentos sociais e da din\u00e2mica classe trabalhadora brasileira, forjada na brutalidade do &#8220;desenvolvimento&#8221; predat\u00f3rio do nosso peculiar capitalismo colonizador e olig\u00e1rquico. &nbsp; &nbsp;<\/p>\n\n\n\n<p>Esta hist\u00f3ria ainda est\u00e1 sendo feita e contada, n\u00e3o terminou. N\u00e3o estamos vencidos, nem esquecidos.&nbsp; &nbsp; &nbsp;<\/p>\n\t\t","protected":false},"excerpt":{"rendered":"<p>H\u00e1 resist\u00eancias poss\u00edveis. A festa mais popular do pa\u00eds foi a primeira grande manifesta\u00e7\u00e3o de massas de cr\u00edtica \u00e0 onda conservadora e ao governo Bolsonaro. N\u00e3o apenas como nega\u00e7\u00e3o, mas afirma\u00e7\u00e3o, dos direitos e da nossa hist\u00f3ria n\u00e3o contada. De norte a sul, nas escolas de samba, nos blocos de rua, nos enredos, marchinhas, alegorias [&hellip;]<\/p>\n","protected":false},"author":2,"featured_media":24371,"comment_status":"closed","ping_status":"open","sticky":false,"template":"","format":"standard","meta":{"_acf_changed":false,"footnotes":""},"categories":[3,6],"tags":[1742,56,52,1743],"class_list":{"0":"post-24369","1":"post","2":"type-post","3":"status-publish","4":"format-standard","5":"has-post-thumbnail","7":"category-artigos-e-entrevistas","8":"category-noticias","9":"tag-blocos-carnavalescos","10":"tag-bolsonaro","11":"tag-carnaval","12":"tag-mangueira"},"acf":[],"yoast_head":"<!-- This site is optimized with the Yoast SEO plugin v26.5 - https:\/\/yoast.com\/wordpress\/plugins\/seo\/ -->\n<title>Fernando Silva | Carnaval de resist\u00eancias - PSOL 50<\/title>\n<meta name=\"robots\" content=\"index, follow, max-snippet:-1, max-image-preview:large, max-video-preview:-1\" \/>\n<link rel=\"canonical\" href=\"https:\/\/psol50.org.br\/fernando-silva-carnaval-de-resistencias\/\" \/>\n<meta property=\"og:locale\" content=\"pt_BR\" \/>\n<meta property=\"og:type\" content=\"article\" \/>\n<meta property=\"og:title\" content=\"Carnaval de resist\u00eancias\" \/>\n<meta property=\"og:description\" content=\"Leia o artigo de Fernando Silva, jornalista e membro do Diret\u00f3rio Nacional do PSOL, sobre as resist\u00eancias poss\u00edveis na festa mais popular do pa\u00eds.\" \/>\n<meta property=\"og:url\" content=\"https:\/\/psol50.org.br\/fernando-silva-carnaval-de-resistencias\/\" \/>\n<meta property=\"og:site_name\" content=\"PSOL 50\" \/>\n<meta property=\"article:publisher\" content=\"https:\/\/www.facebook.com\/psol50\" \/>\n<meta property=\"article:published_time\" content=\"2019-03-08T12:31:12+00:00\" \/>\n<meta property=\"og:image\" content=\"https:\/\/psol50.org.br\/inc\/uploads\/2019\/03\/46560228414_5b67297845_o.jpg\" \/>\n\t<meta property=\"og:image:width\" content=\"1800\" \/>\n\t<meta property=\"og:image:height\" content=\"1200\" \/>\n\t<meta property=\"og:image:type\" content=\"image\/jpeg\" \/>\n<meta name=\"author\" content=\"Comunica\u00e7\u00e3o PSOL\" \/>\n<meta name=\"twitter:card\" content=\"summary_large_image\" \/>\n<meta name=\"twitter:title\" content=\"Carnaval de resist\u00eancias\" \/>\n<meta name=\"twitter:description\" content=\"Leia o artigo de Fernando Silva, jornalista e membro do Diret\u00f3rio Nacional do PSOL, sobre as resist\u00eancias poss\u00edveis na festa mais popular do pa\u00eds.\" \/>\n<meta name=\"twitter:image\" content=\"https:\/\/psol50.org.br\/inc\/uploads\/2019\/03\/46560228414_5b67297845_o.jpg\" \/>\n<meta name=\"twitter:creator\" content=\"@psol50\" \/>\n<meta name=\"twitter:site\" content=\"@psol50\" \/>\n<meta name=\"twitter:label1\" content=\"Escrito por\" \/>\n\t<meta name=\"twitter:data1\" content=\"Comunica\u00e7\u00e3o PSOL\" \/>\n\t<meta name=\"twitter:label2\" content=\"Est. tempo de leitura\" \/>\n\t<meta name=\"twitter:data2\" content=\"4 minutos\" \/>\n<script type=\"application\/ld+json\" class=\"yoast-schema-graph\">{\"@context\":\"https:\/\/schema.org\",\"@graph\":[{\"@type\":\"Article\",\"@id\":\"https:\/\/psol50.org.br\/fernando-silva-carnaval-de-resistencias\/#article\",\"isPartOf\":{\"@id\":\"https:\/\/psol50.org.br\/fernando-silva-carnaval-de-resistencias\/\"},\"author\":{\"name\":\"Comunica\u00e7\u00e3o PSOL\",\"@id\":\"https:\/\/psol50.org.br\/#\/schema\/person\/475dfa57d0b815993c714c2e96491fcd\"},\"headline\":\"Fernando Silva | Carnaval de resist\u00eancias\",\"datePublished\":\"2019-03-08T12:31:12+00:00\",\"mainEntityOfPage\":{\"@id\":\"https:\/\/psol50.org.br\/fernando-silva-carnaval-de-resistencias\/\"},\"wordCount\":802,\"publisher\":{\"@id\":\"https:\/\/psol50.org.br\/#organization\"},\"image\":{\"@id\":\"https:\/\/psol50.org.br\/fernando-silva-carnaval-de-resistencias\/#primaryimage\"},\"thumbnailUrl\":\"https:\/\/psol50.org.br\/inc\/uploads\/2019\/03\/46560228414_5b67297845_o.jpg\",\"keywords\":[\"blocos carnavalescos\",\"Bolsonaro\",\"carnaval\",\"Mangueira\"],\"articleSection\":[\"Artigos\",\"Not\u00edcias\"],\"inLanguage\":\"pt-BR\"},{\"@type\":\"WebPage\",\"@id\":\"https:\/\/psol50.org.br\/fernando-silva-carnaval-de-resistencias\/\",\"url\":\"https:\/\/psol50.org.br\/fernando-silva-carnaval-de-resistencias\/\",\"name\":\"Fernando Silva | Carnaval de resist\u00eancias - PSOL 50\",\"isPartOf\":{\"@id\":\"https:\/\/psol50.org.br\/#website\"},\"primaryImageOfPage\":{\"@id\":\"https:\/\/psol50.org.br\/fernando-silva-carnaval-de-resistencias\/#primaryimage\"},\"image\":{\"@id\":\"https:\/\/psol50.org.br\/fernando-silva-carnaval-de-resistencias\/#primaryimage\"},\"thumbnailUrl\":\"https:\/\/psol50.org.br\/inc\/uploads\/2019\/03\/46560228414_5b67297845_o.jpg\",\"datePublished\":\"2019-03-08T12:31:12+00:00\",\"breadcrumb\":{\"@id\":\"https:\/\/psol50.org.br\/fernando-silva-carnaval-de-resistencias\/#breadcrumb\"},\"inLanguage\":\"pt-BR\",\"potentialAction\":[{\"@type\":\"ReadAction\",\"target\":[\"https:\/\/psol50.org.br\/fernando-silva-carnaval-de-resistencias\/\"]}]},{\"@type\":\"ImageObject\",\"inLanguage\":\"pt-BR\",\"@id\":\"https:\/\/psol50.org.br\/fernando-silva-carnaval-de-resistencias\/#primaryimage\",\"url\":\"https:\/\/psol50.org.br\/inc\/uploads\/2019\/03\/46560228414_5b67297845_o.jpg\",\"contentUrl\":\"https:\/\/psol50.org.br\/inc\/uploads\/2019\/03\/46560228414_5b67297845_o.jpg\",\"width\":1800,\"height\":1200,\"caption\":\"Midia Ninja\"},{\"@type\":\"BreadcrumbList\",\"@id\":\"https:\/\/psol50.org.br\/fernando-silva-carnaval-de-resistencias\/#breadcrumb\",\"itemListElement\":[{\"@type\":\"ListItem\",\"position\":1,\"name\":\"In\u00edcio\",\"item\":\"https:\/\/psol50.org.br\/\"},{\"@type\":\"ListItem\",\"position\":2,\"name\":\"Fernando Silva | Carnaval de resist\u00eancias\"}]},{\"@type\":\"WebSite\",\"@id\":\"https:\/\/psol50.org.br\/#website\",\"url\":\"https:\/\/psol50.org.br\/\",\"name\":\"PSOL 50\",\"description\":\"Site oficial do Partido Socialismo e Liberdade\",\"publisher\":{\"@id\":\"https:\/\/psol50.org.br\/#organization\"},\"alternateName\":\"PSOL50\",\"potentialAction\":[{\"@type\":\"SearchAction\",\"target\":{\"@type\":\"EntryPoint\",\"urlTemplate\":\"https:\/\/psol50.org.br\/?s={search_term_string}\"},\"query-input\":{\"@type\":\"PropertyValueSpecification\",\"valueRequired\":true,\"valueName\":\"search_term_string\"}}],\"inLanguage\":\"pt-BR\"},{\"@type\":\"Organization\",\"@id\":\"https:\/\/psol50.org.br\/#organization\",\"name\":\"PSOL 50\",\"alternateName\":\"PSOL 50\",\"url\":\"https:\/\/psol50.org.br\/\",\"logo\":{\"@type\":\"ImageObject\",\"inLanguage\":\"pt-BR\",\"@id\":\"https:\/\/psol50.org.br\/#\/schema\/logo\/image\/\",\"url\":\"https:\/\/psol50.org.br\/inc\/uploads\/2018\/07\/capa.png\",\"contentUrl\":\"https:\/\/psol50.org.br\/inc\/uploads\/2018\/07\/capa.png\",\"width\":1350,\"height\":900,\"caption\":\"PSOL 50\"},\"image\":{\"@id\":\"https:\/\/psol50.org.br\/#\/schema\/logo\/image\/\"},\"sameAs\":[\"https:\/\/www.facebook.com\/psol50\",\"https:\/\/x.com\/psol50\",\"https:\/\/www.instagram.com\/psol50\/\",\"https:\/\/www.youtube.com\/channel\/UC7SnJS5o1os7a6CaiNabzcg\"]},{\"@type\":\"Person\",\"@id\":\"https:\/\/psol50.org.br\/#\/schema\/person\/475dfa57d0b815993c714c2e96491fcd\",\"name\":\"Comunica\u00e7\u00e3o PSOL\",\"image\":{\"@type\":\"ImageObject\",\"inLanguage\":\"pt-BR\",\"@id\":\"https:\/\/psol50.org.br\/#\/schema\/person\/image\/\",\"url\":\"https:\/\/secure.gravatar.com\/avatar\/b34fc4f4e468a4e51785917065a3db57b841f5c95dba6ad8c73aaf8f66f8f9bf?s=96&d=mm&r=g\",\"contentUrl\":\"https:\/\/secure.gravatar.com\/avatar\/b34fc4f4e468a4e51785917065a3db57b841f5c95dba6ad8c73aaf8f66f8f9bf?s=96&d=mm&r=g\",\"caption\":\"Comunica\u00e7\u00e3o PSOL\"}}]}<\/script>\n<!-- \/ Yoast SEO plugin. -->","yoast_head_json":{"title":"Fernando Silva | Carnaval de resist\u00eancias - PSOL 50","robots":{"index":"index","follow":"follow","max-snippet":"max-snippet:-1","max-image-preview":"max-image-preview:large","max-video-preview":"max-video-preview:-1"},"canonical":"https:\/\/psol50.org.br\/fernando-silva-carnaval-de-resistencias\/","og_locale":"pt_BR","og_type":"article","og_title":"Carnaval de resist\u00eancias","og_description":"Leia o artigo de Fernando Silva, jornalista e membro do Diret\u00f3rio Nacional do PSOL, sobre as resist\u00eancias poss\u00edveis na festa mais popular do pa\u00eds.","og_url":"https:\/\/psol50.org.br\/fernando-silva-carnaval-de-resistencias\/","og_site_name":"PSOL 50","article_publisher":"https:\/\/www.facebook.com\/psol50","article_published_time":"2019-03-08T12:31:12+00:00","og_image":[{"width":1800,"height":1200,"url":"https:\/\/psol50.org.br\/inc\/uploads\/2019\/03\/46560228414_5b67297845_o.jpg","type":"image\/jpeg"}],"author":"Comunica\u00e7\u00e3o PSOL","twitter_card":"summary_large_image","twitter_title":"Carnaval de resist\u00eancias","twitter_description":"Leia o artigo de Fernando Silva, jornalista e membro do Diret\u00f3rio Nacional do PSOL, sobre as resist\u00eancias poss\u00edveis na festa mais popular do pa\u00eds.","twitter_image":"https:\/\/psol50.org.br\/inc\/uploads\/2019\/03\/46560228414_5b67297845_o.jpg","twitter_creator":"@psol50","twitter_site":"@psol50","twitter_misc":{"Escrito por":"Comunica\u00e7\u00e3o PSOL","Est. tempo de leitura":"4 minutos"},"schema":{"@context":"https:\/\/schema.org","@graph":[{"@type":"Article","@id":"https:\/\/psol50.org.br\/fernando-silva-carnaval-de-resistencias\/#article","isPartOf":{"@id":"https:\/\/psol50.org.br\/fernando-silva-carnaval-de-resistencias\/"},"author":{"name":"Comunica\u00e7\u00e3o PSOL","@id":"https:\/\/psol50.org.br\/#\/schema\/person\/475dfa57d0b815993c714c2e96491fcd"},"headline":"Fernando Silva | Carnaval de resist\u00eancias","datePublished":"2019-03-08T12:31:12+00:00","mainEntityOfPage":{"@id":"https:\/\/psol50.org.br\/fernando-silva-carnaval-de-resistencias\/"},"wordCount":802,"publisher":{"@id":"https:\/\/psol50.org.br\/#organization"},"image":{"@id":"https:\/\/psol50.org.br\/fernando-silva-carnaval-de-resistencias\/#primaryimage"},"thumbnailUrl":"https:\/\/psol50.org.br\/inc\/uploads\/2019\/03\/46560228414_5b67297845_o.jpg","keywords":["blocos carnavalescos","Bolsonaro","carnaval","Mangueira"],"articleSection":["Artigos","Not\u00edcias"],"inLanguage":"pt-BR"},{"@type":"WebPage","@id":"https:\/\/psol50.org.br\/fernando-silva-carnaval-de-resistencias\/","url":"https:\/\/psol50.org.br\/fernando-silva-carnaval-de-resistencias\/","name":"Fernando Silva | Carnaval de resist\u00eancias - PSOL 50","isPartOf":{"@id":"https:\/\/psol50.org.br\/#website"},"primaryImageOfPage":{"@id":"https:\/\/psol50.org.br\/fernando-silva-carnaval-de-resistencias\/#primaryimage"},"image":{"@id":"https:\/\/psol50.org.br\/fernando-silva-carnaval-de-resistencias\/#primaryimage"},"thumbnailUrl":"https:\/\/psol50.org.br\/inc\/uploads\/2019\/03\/46560228414_5b67297845_o.jpg","datePublished":"2019-03-08T12:31:12+00:00","breadcrumb":{"@id":"https:\/\/psol50.org.br\/fernando-silva-carnaval-de-resistencias\/#breadcrumb"},"inLanguage":"pt-BR","potentialAction":[{"@type":"ReadAction","target":["https:\/\/psol50.org.br\/fernando-silva-carnaval-de-resistencias\/"]}]},{"@type":"ImageObject","inLanguage":"pt-BR","@id":"https:\/\/psol50.org.br\/fernando-silva-carnaval-de-resistencias\/#primaryimage","url":"https:\/\/psol50.org.br\/inc\/uploads\/2019\/03\/46560228414_5b67297845_o.jpg","contentUrl":"https:\/\/psol50.org.br\/inc\/uploads\/2019\/03\/46560228414_5b67297845_o.jpg","width":1800,"height":1200,"caption":"Midia Ninja"},{"@type":"BreadcrumbList","@id":"https:\/\/psol50.org.br\/fernando-silva-carnaval-de-resistencias\/#breadcrumb","itemListElement":[{"@type":"ListItem","position":1,"name":"In\u00edcio","item":"https:\/\/psol50.org.br\/"},{"@type":"ListItem","position":2,"name":"Fernando Silva | Carnaval de resist\u00eancias"}]},{"@type":"WebSite","@id":"https:\/\/psol50.org.br\/#website","url":"https:\/\/psol50.org.br\/","name":"PSOL 50","description":"Site oficial do Partido Socialismo e Liberdade","publisher":{"@id":"https:\/\/psol50.org.br\/#organization"},"alternateName":"PSOL50","potentialAction":[{"@type":"SearchAction","target":{"@type":"EntryPoint","urlTemplate":"https:\/\/psol50.org.br\/?s={search_term_string}"},"query-input":{"@type":"PropertyValueSpecification","valueRequired":true,"valueName":"search_term_string"}}],"inLanguage":"pt-BR"},{"@type":"Organization","@id":"https:\/\/psol50.org.br\/#organization","name":"PSOL 50","alternateName":"PSOL 50","url":"https:\/\/psol50.org.br\/","logo":{"@type":"ImageObject","inLanguage":"pt-BR","@id":"https:\/\/psol50.org.br\/#\/schema\/logo\/image\/","url":"https:\/\/psol50.org.br\/inc\/uploads\/2018\/07\/capa.png","contentUrl":"https:\/\/psol50.org.br\/inc\/uploads\/2018\/07\/capa.png","width":1350,"height":900,"caption":"PSOL 50"},"image":{"@id":"https:\/\/psol50.org.br\/#\/schema\/logo\/image\/"},"sameAs":["https:\/\/www.facebook.com\/psol50","https:\/\/x.com\/psol50","https:\/\/www.instagram.com\/psol50\/","https:\/\/www.youtube.com\/channel\/UC7SnJS5o1os7a6CaiNabzcg"]},{"@type":"Person","@id":"https:\/\/psol50.org.br\/#\/schema\/person\/475dfa57d0b815993c714c2e96491fcd","name":"Comunica\u00e7\u00e3o PSOL","image":{"@type":"ImageObject","inLanguage":"pt-BR","@id":"https:\/\/psol50.org.br\/#\/schema\/person\/image\/","url":"https:\/\/secure.gravatar.com\/avatar\/b34fc4f4e468a4e51785917065a3db57b841f5c95dba6ad8c73aaf8f66f8f9bf?s=96&d=mm&r=g","contentUrl":"https:\/\/secure.gravatar.com\/avatar\/b34fc4f4e468a4e51785917065a3db57b841f5c95dba6ad8c73aaf8f66f8f9bf?s=96&d=mm&r=g","caption":"Comunica\u00e7\u00e3o PSOL"}}]}},"_links":{"self":[{"href":"https:\/\/psol50.org.br\/rest\/wp\/v2\/posts\/24369","targetHints":{"allow":["GET"]}}],"collection":[{"href":"https:\/\/psol50.org.br\/rest\/wp\/v2\/posts"}],"about":[{"href":"https:\/\/psol50.org.br\/rest\/wp\/v2\/types\/post"}],"author":[{"embeddable":true,"href":"https:\/\/psol50.org.br\/rest\/wp\/v2\/users\/2"}],"replies":[{"embeddable":true,"href":"https:\/\/psol50.org.br\/rest\/wp\/v2\/comments?post=24369"}],"version-history":[{"count":0,"href":"https:\/\/psol50.org.br\/rest\/wp\/v2\/posts\/24369\/revisions"}],"wp:featuredmedia":[{"embeddable":true,"href":"https:\/\/psol50.org.br\/rest\/wp\/v2\/media\/24371"}],"wp:attachment":[{"href":"https:\/\/psol50.org.br\/rest\/wp\/v2\/media?parent=24369"}],"wp:term":[{"taxonomy":"category","embeddable":true,"href":"https:\/\/psol50.org.br\/rest\/wp\/v2\/categories?post=24369"},{"taxonomy":"post_tag","embeddable":true,"href":"https:\/\/psol50.org.br\/rest\/wp\/v2\/tags?post=24369"}],"curies":[{"name":"wp","href":"https:\/\/api.w.org\/{rel}","templated":true}]}}