{"id":24387,"date":"2019-03-13T12:03:36","date_gmt":"2019-03-13T15:03:36","guid":{"rendered":"http:\/\/psol50.org.br\/?p=24387"},"modified":"2019-03-13T12:03:36","modified_gmt":"2019-03-13T15:03:36","slug":"marcelo-freixo-marias-mahins-marielles-males","status":"publish","type":"post","link":"https:\/\/psol50.org.br\/marcelo-freixo-marias-mahins-marielles-males\/","title":{"rendered":"Marcelo Freixo | Marias, Mahins, Marielles, mal\u00eas"},"content":{"rendered":"\n\t\t\t\t\n<p><a href=\"https:\/\/oglobo.globo.com\/opiniao\/artigo-marias-mahins-marielles-males-23514496\" target=\"_blank\" rel=\"noreferrer noopener\" aria-label=\"Originalmente publicado em O Globo. (abre numa nova aba)\">Originalmente publicado em O Globo.<\/a><\/p>\n\n\n\n<p>Na quinta-feira, completaremos um ano sem Marielle Franco e Anderson Gomes. O assassinato de Mari n\u00e3o significou para mim a perda de uma companheira de trabalho, mas de uma pessoa com quem constru\u00ed por muitos anos uma rela\u00e7\u00e3o de muito amor e cumplicidade.<\/p>\n\n\n\n<p>Nossa hist\u00f3ria vem de longe. Conheci Marielle em 2002, na formatura de Anielle, sua irm\u00e3, de quem era professor. Nossos caminhos voltaram a se cruzar, e depois disso n\u00e3o mais se separaram, em 2006, num evento chamado Domingo \u00e9 Dia de Cinema, que reunia alunos de pr\u00e9-vestibulares comunit\u00e1rios para assistir a filmes e debat\u00ea-los. Mari era uma dessas alunas.<\/p>\n\n\n\n<p>Ela estava come\u00e7ando a se interessar por pol\u00edtica, a pensar sobre seu lugar como mulher negra, m\u00e3e, moradora da Mar\u00e9, numa cidade marcada pelo racismo. Nesse despertar, Mari se engajou em minha campanha a deputado estadual em 2006 e, ap\u00f3s nos elegermos, ela e Renata Souza, hoje deputada estadual, foram escolhidas pelos moradores da Mar\u00e9 para ingressarem na equipe.<\/p>\n\n\n\n<p>Nesses 12 anos de conviv\u00eancia, constru\u00edmos uma rela\u00e7\u00e3o de pai e filha, nunca perdemos o cuidado um com o outro. Sempre encontr\u00e1vamos tempo para conversar sobre a fam\u00edlia, nossos cora\u00e7\u00f5es, nossas ang\u00fastias.<\/p>\n\n\n\n<p>Fiquei muito orgulhoso ao ver eleita vereadora, com 46.502 votos, aquela menina que veio de um pr\u00e9-vestibular comunit\u00e1rio, que come\u00e7ou a trabalhar muito nova, que foi m\u00e3e cedo, que na sua fome de descobrir e mudar o mundo se envolveu na luta por direitos humanos, se formou soci\u00f3loga e fez mestrado em Administra\u00e7\u00e3o P\u00fablica. Marielle Franco era uma pot\u00eancia, carregava em si, em sua hist\u00f3ria, as esperan\u00e7as de muita gente, das mulheres, dos negros, dos moradores de favela, por uma democracia cujo eixo fosse a promo\u00e7\u00e3o da igualdade e da justi\u00e7a social.<\/p>\n\n\n\n<p>Vivemos num pa\u00eds em que mais de 60 mil pessoas s\u00e3o assassinadas por ano. A vida de Marielle n\u00e3o valia mais do que qualquer uma dessas vidas. Mas precisamos sempre reafirmar que ela n\u00e3o foi morta devido a um assalto, viol\u00eancia dom\u00e9stica, crime passional. Marielle foi sumariamente executada. E o assassinato de uma vereadora \u00e9 um crime pol\u00edtico que atenta contra a democracia e o estado de direito.<\/p>\n\n\n\n<p>A sua execu\u00e7\u00e3o foi um recado. N\u00e3o sabemos ainda quem s\u00e3o os seus autores, mas entendemos a mensagem e precisamos respond\u00ea-la. Para fazermos isso, n\u00e3o \u00e9 suficiente saber quem a matou, mas principalmente quem a mandou matar. Precisamos identificar que grupo pol\u00edtico, em pleno s\u00e9culo XXI, \u00e9 capaz de assassinar uma autoridade p\u00fablica que atravesse seu caminho.<\/p>\n\n\n\n<p>Em 2008, durante a CPI das Mil\u00edcias, definimos o Rio como um lugar em que pol\u00edcia, pol\u00edtica e crime est\u00e3o envolvidos como em nenhuma outra parte do pa\u00eds. Um exemplo disso \u00e9 a rela\u00e7\u00e3o de pol\u00edticos com milicianos, que transformam o seu dom\u00ednio territorial, imposto atrav\u00e9s do terror, em dom\u00ednio eleitoral. N\u00e3o podemos naturalizar que pol\u00edticos se associem a grupos criminosos para se fortalecer politicamente. Assim como n\u00e3o podemos naturalizar a exist\u00eancia de um grupo de exterm\u00ednio chamado Escrit\u00f3rio do Crime, muito conhecido de todas as autoridades da \u00e1rea da seguran\u00e7a p\u00fablica, mas que continua agindo impunemente. O nome escrit\u00f3rio, inclusive, \u00e9 apropriado para uma cidade em que o crime virou neg\u00f3cio, principalmente eleitoral. Por que precisamos perder pessoas como Marielle para que grupos criminosos e os poderosos que os protegem comecem a ser investigados?<\/p>\n\n\n\n<p>Desta vez ser\u00e1 diferente. Os poderosos pensaram que Marielle Franco seria apenas mais uma mulher negra morta, mas as rea\u00e7\u00f5es mostraram que eles, que fazem isso desde o Brasil Col\u00f4nia, est\u00e3o fora do tempo. Mais do que saudade, o mundo tem muita fome de justi\u00e7a, igualdade e liberdade. E agora est\u00e1 gritando que finalmente chegou a vez de ouvir as Marias, Mahins, Marielles, mal\u00eas.<\/p>\n\t\t","protected":false},"excerpt":{"rendered":"<p>Originalmente publicado em O Globo. Na quinta-feira, completaremos um ano sem Marielle Franco e Anderson Gomes. O assassinato de Mari n\u00e3o significou para mim a perda de uma companheira de trabalho, mas de uma pessoa com quem constru\u00ed por muitos anos uma rela\u00e7\u00e3o de muito amor e cumplicidade. Nossa hist\u00f3ria vem de longe. Conheci Marielle [&hellip;]<\/p>\n","protected":false},"author":2,"featured_media":24388,"comment_status":"closed","ping_status":"open","sticky":false,"template":"","format":"standard","meta":{"_acf_changed":false,"footnotes":""},"categories":[3],"tags":[1304,1745,161,194,1746],"class_list":{"0":"post-24387","1":"post","2":"type-post","3":"status-publish","4":"format-standard","5":"has-post-thumbnail","7":"category-artigos-e-entrevistas","8":"tag-anderson-gomes","9":"tag-florescer-por-marielle","10":"tag-marcelo-freixo","11":"tag-marielle-franco","12":"tag-um-ano"},"acf":[],"yoast_head":"<!-- This site is optimized with the Yoast SEO plugin v26.5 - https:\/\/yoast.com\/wordpress\/plugins\/seo\/ -->\n<title>Marcelo Freixo | Marias, Mahins, Marielles, mal\u00eas - PSOL 50<\/title>\n<meta name=\"robots\" content=\"index, follow, max-snippet:-1, max-image-preview:large, max-video-preview:-1\" \/>\n<link rel=\"canonical\" href=\"https:\/\/psol50.org.br\/marcelo-freixo-marias-mahins-marielles-males\/\" \/>\n<meta property=\"og:locale\" content=\"pt_BR\" \/>\n<meta property=\"og:type\" content=\"article\" \/>\n<meta property=\"og:title\" content=\"Marias, Mahins, Marielles, mal\u00eas\" \/>\n<meta property=\"og:description\" content=\"Leia o artigo de Marcelo Freixo sobre o um ano da execu\u00e7\u00e3o de Marielle Franco.\" \/>\n<meta property=\"og:url\" content=\"https:\/\/psol50.org.br\/marcelo-freixo-marias-mahins-marielles-males\/\" \/>\n<meta property=\"og:site_name\" content=\"PSOL 50\" \/>\n<meta property=\"article:publisher\" content=\"https:\/\/www.facebook.com\/psol50\" \/>\n<meta property=\"article:published_time\" content=\"2019-03-13T15:03:36+00:00\" \/>\n<meta property=\"og:image\" content=\"https:\/\/psol50.org.br\/inc\/uploads\/2019\/03\/freixo-marielle.jpg\" \/>\n\t<meta property=\"og:image:width\" content=\"1086\" \/>\n\t<meta property=\"og:image:height\" content=\"652\" \/>\n\t<meta property=\"og:image:type\" content=\"image\/jpeg\" \/>\n<meta name=\"author\" content=\"Comunica\u00e7\u00e3o PSOL\" \/>\n<meta name=\"twitter:card\" content=\"summary_large_image\" \/>\n<meta name=\"twitter:title\" content=\"Marias, Mahins, Marielles, mal\u00eas\" \/>\n<meta name=\"twitter:description\" content=\"Leia o artigo de Marcelo Freixo sobre o um ano da execu\u00e7\u00e3o de Marielle Franco.\" \/>\n<meta name=\"twitter:image\" content=\"https:\/\/psol50.org.br\/inc\/uploads\/2019\/03\/freixo-marielle.jpg\" \/>\n<meta name=\"twitter:creator\" content=\"@psol50\" \/>\n<meta name=\"twitter:site\" content=\"@psol50\" \/>\n<meta name=\"twitter:label1\" content=\"Escrito por\" \/>\n\t<meta name=\"twitter:data1\" content=\"Comunica\u00e7\u00e3o PSOL\" \/>\n\t<meta name=\"twitter:label2\" content=\"Est. tempo de leitura\" \/>\n\t<meta name=\"twitter:data2\" content=\"3 minutos\" \/>\n<script type=\"application\/ld+json\" class=\"yoast-schema-graph\">{\"@context\":\"https:\/\/schema.org\",\"@graph\":[{\"@type\":\"Article\",\"@id\":\"https:\/\/psol50.org.br\/marcelo-freixo-marias-mahins-marielles-males\/#article\",\"isPartOf\":{\"@id\":\"https:\/\/psol50.org.br\/marcelo-freixo-marias-mahins-marielles-males\/\"},\"author\":{\"name\":\"Comunica\u00e7\u00e3o PSOL\",\"@id\":\"https:\/\/psol50.org.br\/#\/schema\/person\/475dfa57d0b815993c714c2e96491fcd\"},\"headline\":\"Marcelo Freixo | Marias, Mahins, Marielles, mal\u00eas\",\"datePublished\":\"2019-03-13T15:03:36+00:00\",\"mainEntityOfPage\":{\"@id\":\"https:\/\/psol50.org.br\/marcelo-freixo-marias-mahins-marielles-males\/\"},\"wordCount\":678,\"publisher\":{\"@id\":\"https:\/\/psol50.org.br\/#organization\"},\"image\":{\"@id\":\"https:\/\/psol50.org.br\/marcelo-freixo-marias-mahins-marielles-males\/#primaryimage\"},\"thumbnailUrl\":\"https:\/\/psol50.org.br\/inc\/uploads\/2019\/03\/freixo-marielle.jpg\",\"keywords\":[\"Anderson Gomes\",\"Florescer Por Marielle\",\"Marcelo Freixo\",\"Marielle Franco\",\"Um ano\"],\"articleSection\":[\"Artigos\"],\"inLanguage\":\"pt-BR\"},{\"@type\":\"WebPage\",\"@id\":\"https:\/\/psol50.org.br\/marcelo-freixo-marias-mahins-marielles-males\/\",\"url\":\"https:\/\/psol50.org.br\/marcelo-freixo-marias-mahins-marielles-males\/\",\"name\":\"Marcelo Freixo | Marias, Mahins, Marielles, mal\u00eas - PSOL 50\",\"isPartOf\":{\"@id\":\"https:\/\/psol50.org.br\/#website\"},\"primaryImageOfPage\":{\"@id\":\"https:\/\/psol50.org.br\/marcelo-freixo-marias-mahins-marielles-males\/#primaryimage\"},\"image\":{\"@id\":\"https:\/\/psol50.org.br\/marcelo-freixo-marias-mahins-marielles-males\/#primaryimage\"},\"thumbnailUrl\":\"https:\/\/psol50.org.br\/inc\/uploads\/2019\/03\/freixo-marielle.jpg\",\"datePublished\":\"2019-03-13T15:03:36+00:00\",\"breadcrumb\":{\"@id\":\"https:\/\/psol50.org.br\/marcelo-freixo-marias-mahins-marielles-males\/#breadcrumb\"},\"inLanguage\":\"pt-BR\",\"potentialAction\":[{\"@type\":\"ReadAction\",\"target\":[\"https:\/\/psol50.org.br\/marcelo-freixo-marias-mahins-marielles-males\/\"]}]},{\"@type\":\"ImageObject\",\"inLanguage\":\"pt-BR\",\"@id\":\"https:\/\/psol50.org.br\/marcelo-freixo-marias-mahins-marielles-males\/#primaryimage\",\"url\":\"https:\/\/psol50.org.br\/inc\/uploads\/2019\/03\/freixo-marielle.jpg\",\"contentUrl\":\"https:\/\/psol50.org.br\/inc\/uploads\/2019\/03\/freixo-marielle.jpg\",\"width\":1086,\"height\":652,\"caption\":\"\"},{\"@type\":\"BreadcrumbList\",\"@id\":\"https:\/\/psol50.org.br\/marcelo-freixo-marias-mahins-marielles-males\/#breadcrumb\",\"itemListElement\":[{\"@type\":\"ListItem\",\"position\":1,\"name\":\"In\u00edcio\",\"item\":\"https:\/\/psol50.org.br\/\"},{\"@type\":\"ListItem\",\"position\":2,\"name\":\"Marcelo Freixo | Marias, Mahins, Marielles, mal\u00eas\"}]},{\"@type\":\"WebSite\",\"@id\":\"https:\/\/psol50.org.br\/#website\",\"url\":\"https:\/\/psol50.org.br\/\",\"name\":\"PSOL 50\",\"description\":\"Site oficial do Partido Socialismo e Liberdade\",\"publisher\":{\"@id\":\"https:\/\/psol50.org.br\/#organization\"},\"alternateName\":\"PSOL50\",\"potentialAction\":[{\"@type\":\"SearchAction\",\"target\":{\"@type\":\"EntryPoint\",\"urlTemplate\":\"https:\/\/psol50.org.br\/?s={search_term_string}\"},\"query-input\":{\"@type\":\"PropertyValueSpecification\",\"valueRequired\":true,\"valueName\":\"search_term_string\"}}],\"inLanguage\":\"pt-BR\"},{\"@type\":\"Organization\",\"@id\":\"https:\/\/psol50.org.br\/#organization\",\"name\":\"PSOL 50\",\"alternateName\":\"PSOL 50\",\"url\":\"https:\/\/psol50.org.br\/\",\"logo\":{\"@type\":\"ImageObject\",\"inLanguage\":\"pt-BR\",\"@id\":\"https:\/\/psol50.org.br\/#\/schema\/logo\/image\/\",\"url\":\"https:\/\/psol50.org.br\/inc\/uploads\/2018\/07\/capa.png\",\"contentUrl\":\"https:\/\/psol50.org.br\/inc\/uploads\/2018\/07\/capa.png\",\"width\":1350,\"height\":900,\"caption\":\"PSOL 50\"},\"image\":{\"@id\":\"https:\/\/psol50.org.br\/#\/schema\/logo\/image\/\"},\"sameAs\":[\"https:\/\/www.facebook.com\/psol50\",\"https:\/\/x.com\/psol50\",\"https:\/\/www.instagram.com\/psol50\/\",\"https:\/\/www.youtube.com\/channel\/UC7SnJS5o1os7a6CaiNabzcg\"]},{\"@type\":\"Person\",\"@id\":\"https:\/\/psol50.org.br\/#\/schema\/person\/475dfa57d0b815993c714c2e96491fcd\",\"name\":\"Comunica\u00e7\u00e3o PSOL\",\"image\":{\"@type\":\"ImageObject\",\"inLanguage\":\"pt-BR\",\"@id\":\"https:\/\/psol50.org.br\/#\/schema\/person\/image\/\",\"url\":\"https:\/\/secure.gravatar.com\/avatar\/b34fc4f4e468a4e51785917065a3db57b841f5c95dba6ad8c73aaf8f66f8f9bf?s=96&d=mm&r=g\",\"contentUrl\":\"https:\/\/secure.gravatar.com\/avatar\/b34fc4f4e468a4e51785917065a3db57b841f5c95dba6ad8c73aaf8f66f8f9bf?s=96&d=mm&r=g\",\"caption\":\"Comunica\u00e7\u00e3o PSOL\"}}]}<\/script>\n<!-- \/ Yoast SEO plugin. -->","yoast_head_json":{"title":"Marcelo Freixo | Marias, Mahins, Marielles, mal\u00eas - PSOL 50","robots":{"index":"index","follow":"follow","max-snippet":"max-snippet:-1","max-image-preview":"max-image-preview:large","max-video-preview":"max-video-preview:-1"},"canonical":"https:\/\/psol50.org.br\/marcelo-freixo-marias-mahins-marielles-males\/","og_locale":"pt_BR","og_type":"article","og_title":"Marias, Mahins, Marielles, mal\u00eas","og_description":"Leia o artigo de Marcelo Freixo sobre o um ano da execu\u00e7\u00e3o de Marielle Franco.","og_url":"https:\/\/psol50.org.br\/marcelo-freixo-marias-mahins-marielles-males\/","og_site_name":"PSOL 50","article_publisher":"https:\/\/www.facebook.com\/psol50","article_published_time":"2019-03-13T15:03:36+00:00","og_image":[{"width":1086,"height":652,"url":"https:\/\/psol50.org.br\/inc\/uploads\/2019\/03\/freixo-marielle.jpg","type":"image\/jpeg"}],"author":"Comunica\u00e7\u00e3o PSOL","twitter_card":"summary_large_image","twitter_title":"Marias, Mahins, Marielles, mal\u00eas","twitter_description":"Leia o artigo de Marcelo Freixo sobre o um ano da execu\u00e7\u00e3o de Marielle Franco.","twitter_image":"https:\/\/psol50.org.br\/inc\/uploads\/2019\/03\/freixo-marielle.jpg","twitter_creator":"@psol50","twitter_site":"@psol50","twitter_misc":{"Escrito por":"Comunica\u00e7\u00e3o PSOL","Est. tempo de leitura":"3 minutos"},"schema":{"@context":"https:\/\/schema.org","@graph":[{"@type":"Article","@id":"https:\/\/psol50.org.br\/marcelo-freixo-marias-mahins-marielles-males\/#article","isPartOf":{"@id":"https:\/\/psol50.org.br\/marcelo-freixo-marias-mahins-marielles-males\/"},"author":{"name":"Comunica\u00e7\u00e3o PSOL","@id":"https:\/\/psol50.org.br\/#\/schema\/person\/475dfa57d0b815993c714c2e96491fcd"},"headline":"Marcelo Freixo | Marias, Mahins, Marielles, mal\u00eas","datePublished":"2019-03-13T15:03:36+00:00","mainEntityOfPage":{"@id":"https:\/\/psol50.org.br\/marcelo-freixo-marias-mahins-marielles-males\/"},"wordCount":678,"publisher":{"@id":"https:\/\/psol50.org.br\/#organization"},"image":{"@id":"https:\/\/psol50.org.br\/marcelo-freixo-marias-mahins-marielles-males\/#primaryimage"},"thumbnailUrl":"https:\/\/psol50.org.br\/inc\/uploads\/2019\/03\/freixo-marielle.jpg","keywords":["Anderson Gomes","Florescer Por Marielle","Marcelo Freixo","Marielle Franco","Um ano"],"articleSection":["Artigos"],"inLanguage":"pt-BR"},{"@type":"WebPage","@id":"https:\/\/psol50.org.br\/marcelo-freixo-marias-mahins-marielles-males\/","url":"https:\/\/psol50.org.br\/marcelo-freixo-marias-mahins-marielles-males\/","name":"Marcelo Freixo | Marias, Mahins, Marielles, mal\u00eas - PSOL 50","isPartOf":{"@id":"https:\/\/psol50.org.br\/#website"},"primaryImageOfPage":{"@id":"https:\/\/psol50.org.br\/marcelo-freixo-marias-mahins-marielles-males\/#primaryimage"},"image":{"@id":"https:\/\/psol50.org.br\/marcelo-freixo-marias-mahins-marielles-males\/#primaryimage"},"thumbnailUrl":"https:\/\/psol50.org.br\/inc\/uploads\/2019\/03\/freixo-marielle.jpg","datePublished":"2019-03-13T15:03:36+00:00","breadcrumb":{"@id":"https:\/\/psol50.org.br\/marcelo-freixo-marias-mahins-marielles-males\/#breadcrumb"},"inLanguage":"pt-BR","potentialAction":[{"@type":"ReadAction","target":["https:\/\/psol50.org.br\/marcelo-freixo-marias-mahins-marielles-males\/"]}]},{"@type":"ImageObject","inLanguage":"pt-BR","@id":"https:\/\/psol50.org.br\/marcelo-freixo-marias-mahins-marielles-males\/#primaryimage","url":"https:\/\/psol50.org.br\/inc\/uploads\/2019\/03\/freixo-marielle.jpg","contentUrl":"https:\/\/psol50.org.br\/inc\/uploads\/2019\/03\/freixo-marielle.jpg","width":1086,"height":652,"caption":""},{"@type":"BreadcrumbList","@id":"https:\/\/psol50.org.br\/marcelo-freixo-marias-mahins-marielles-males\/#breadcrumb","itemListElement":[{"@type":"ListItem","position":1,"name":"In\u00edcio","item":"https:\/\/psol50.org.br\/"},{"@type":"ListItem","position":2,"name":"Marcelo Freixo | Marias, Mahins, Marielles, mal\u00eas"}]},{"@type":"WebSite","@id":"https:\/\/psol50.org.br\/#website","url":"https:\/\/psol50.org.br\/","name":"PSOL 50","description":"Site oficial do Partido Socialismo e Liberdade","publisher":{"@id":"https:\/\/psol50.org.br\/#organization"},"alternateName":"PSOL50","potentialAction":[{"@type":"SearchAction","target":{"@type":"EntryPoint","urlTemplate":"https:\/\/psol50.org.br\/?s={search_term_string}"},"query-input":{"@type":"PropertyValueSpecification","valueRequired":true,"valueName":"search_term_string"}}],"inLanguage":"pt-BR"},{"@type":"Organization","@id":"https:\/\/psol50.org.br\/#organization","name":"PSOL 50","alternateName":"PSOL 50","url":"https:\/\/psol50.org.br\/","logo":{"@type":"ImageObject","inLanguage":"pt-BR","@id":"https:\/\/psol50.org.br\/#\/schema\/logo\/image\/","url":"https:\/\/psol50.org.br\/inc\/uploads\/2018\/07\/capa.png","contentUrl":"https:\/\/psol50.org.br\/inc\/uploads\/2018\/07\/capa.png","width":1350,"height":900,"caption":"PSOL 50"},"image":{"@id":"https:\/\/psol50.org.br\/#\/schema\/logo\/image\/"},"sameAs":["https:\/\/www.facebook.com\/psol50","https:\/\/x.com\/psol50","https:\/\/www.instagram.com\/psol50\/","https:\/\/www.youtube.com\/channel\/UC7SnJS5o1os7a6CaiNabzcg"]},{"@type":"Person","@id":"https:\/\/psol50.org.br\/#\/schema\/person\/475dfa57d0b815993c714c2e96491fcd","name":"Comunica\u00e7\u00e3o PSOL","image":{"@type":"ImageObject","inLanguage":"pt-BR","@id":"https:\/\/psol50.org.br\/#\/schema\/person\/image\/","url":"https:\/\/secure.gravatar.com\/avatar\/b34fc4f4e468a4e51785917065a3db57b841f5c95dba6ad8c73aaf8f66f8f9bf?s=96&d=mm&r=g","contentUrl":"https:\/\/secure.gravatar.com\/avatar\/b34fc4f4e468a4e51785917065a3db57b841f5c95dba6ad8c73aaf8f66f8f9bf?s=96&d=mm&r=g","caption":"Comunica\u00e7\u00e3o PSOL"}}]}},"_links":{"self":[{"href":"https:\/\/psol50.org.br\/rest\/wp\/v2\/posts\/24387","targetHints":{"allow":["GET"]}}],"collection":[{"href":"https:\/\/psol50.org.br\/rest\/wp\/v2\/posts"}],"about":[{"href":"https:\/\/psol50.org.br\/rest\/wp\/v2\/types\/post"}],"author":[{"embeddable":true,"href":"https:\/\/psol50.org.br\/rest\/wp\/v2\/users\/2"}],"replies":[{"embeddable":true,"href":"https:\/\/psol50.org.br\/rest\/wp\/v2\/comments?post=24387"}],"version-history":[{"count":0,"href":"https:\/\/psol50.org.br\/rest\/wp\/v2\/posts\/24387\/revisions"}],"wp:featuredmedia":[{"embeddable":true,"href":"https:\/\/psol50.org.br\/rest\/wp\/v2\/media\/24388"}],"wp:attachment":[{"href":"https:\/\/psol50.org.br\/rest\/wp\/v2\/media?parent=24387"}],"wp:term":[{"taxonomy":"category","embeddable":true,"href":"https:\/\/psol50.org.br\/rest\/wp\/v2\/categories?post=24387"},{"taxonomy":"post_tag","embeddable":true,"href":"https:\/\/psol50.org.br\/rest\/wp\/v2\/tags?post=24387"}],"curies":[{"name":"wp","href":"https:\/\/api.w.org\/{rel}","templated":true}]}}