{"id":24398,"date":"2019-03-14T12:13:24","date_gmt":"2019-03-14T15:13:24","guid":{"rendered":"http:\/\/psol50.org.br\/?p=24398"},"modified":"2019-03-14T12:13:24","modified_gmt":"2019-03-14T15:13:24","slug":"juliano-medeiros-a-espera-da-verdade-sobre-a-morte-de-marielle-franco","status":"publish","type":"post","link":"https:\/\/psol50.org.br\/juliano-medeiros-a-espera-da-verdade-sobre-a-morte-de-marielle-franco\/","title":{"rendered":"Juliano Medeiros | \u00c0 espera da verdade sobre a morte de Marielle Franco"},"content":{"rendered":"\n<p><a rel=\"noreferrer noopener\" aria-label=\"Originalmente publicado na Carta Capital. (abre numa nova aba)\" href=\"https:\/\/www.cartacapital.com.br\/opiniao\/a-espera-da-verdade-sobre-a-morte-de-marielle-franco\/\" target=\"_blank\">Originalmente publicado na Carta Capital.<\/a><\/p>\n\n\n\n<p>Passava das 22h quando o ent\u00e3o deputado estadual Marcelo Freixo me ligou. Estava com a voz embargada e repetia \u201cmataram a Marielle, mataram a Marielle\u201d. Confesso que levei alguns segundos para entender o que estava acontecendo. Como assim \u201cmataram\u201d? Quem matou? E por que a Marielle? Eram as perguntas que eu gostaria de ter feito naquele momento. Mas n\u00e3o havia tempo. Freixo estava indo ao local do crime e eu precisava informar ao PSOL que uma das nossas fora assassinada. Estava at\u00f4nito. Nunca imaginei viver uma trag\u00e9dia dessas t\u00e3o de perto.<\/p>\n\n\n\n<p>Depois dos primeiros dias de tristeza e indigna\u00e7\u00e3o acreditei que o caso seria desvendado rapidamente, talvez em poucas semanas. Afinal, tratava-se de uma vereadora da segunda maior cidade do pa\u00eds que, al\u00e9m disso, estava sob interven\u00e7\u00e3o militar do Governo Federal. Que governo deixaria um assassinato desses sem resposta? Logo surgiram as primeiras hip\u00f3teses. Uma afirmava que o atentado poderia ter rela\u00e7\u00e3o com den\u00fancias de viol\u00eancia feitas por Marielle contra um batalh\u00e3o da Pol\u00edcia Militar acusado de disseminar o terror entre os moradores de uma comunidade. Outra envolvia o vereador Marcello Siciliano, acusado de rela\u00e7\u00e3o com as mil\u00edcias. Mas nenhuma dessas hip\u00f3teses parecia consistente.<\/p>\n\n\n\n<p>N\u00e3o demorou tamb\u00e9m para que uma m\u00e1quina de destrui\u00e7\u00e3o de reputa\u00e7\u00f5es fosse acionada nas redes sociais. Foi a mesma m\u00e1quina usada em favor de Jair Bolsonaro na campanha eleitoral meses depois. Uma das mentiras disseminadas tentava associar Marielle ao tr\u00e1fico de drogas, afirmando que sua campanha fora financiada por fac\u00e7\u00f5es criminosas e sua morte seria algum acerto de contas. Mentira canalha, difundida at\u00e9 por um deputado federal \u2013 Alberto Fraga \u2013 integrante da \u201cbancada da bala\u201d e apoiador de Bolsonaro.<\/p>\n\n\n\n<p><strong>Persistem as primeiras perguntas<\/strong><\/p>\n\n\n\n<p>Felizmente a campanha de mentiras contra Marielle foi derrotada, contando com o apoio decisivo da imprensa. Com o passar do tempo, restaram as perguntas que me fiz naquele 14 de mar\u00e7o, quando Freixo me telefonou. Quem realmente matou Marielle e Anderson? Por que? Quem pagaria para executar uma parlamentar do PSOL? Um ano se passou e ainda n\u00e3o temos respostas definitivas.<\/p>\n\n\n\n<p>Nesse meio tempo as \u201cfake news\u201d n\u00e3o s\u00f3 venceram uma elei\u00e7\u00e3o presidencial (e v\u00e1rias elei\u00e7\u00f5es estaduais, incluindo no pr\u00f3prio Rio de Janeiro), como se tornaram recurso constante da guerra suja que o grupo pol\u00edtico que est\u00e1 no poder usa contra seus advers\u00e1rios. Durante esses doze meses outras mentiras foram disseminadas pelos \u00f3rg\u00e3os de seguran\u00e7a, sempre sustentando que as investiga\u00e7\u00f5es caminhavam para uma conclus\u00e3o. Do chefe da Pol\u00edcia Civil ao Ministro da Justi\u00e7a do governo Temer, passando pelo governador do Rio de Janeiro e pelo comandante da interven\u00e7\u00e3o militar: todos afirmaram em algum momento que o crime estava prestes a ser solucionado.<\/p>\n\n\n\n<p>Um ano depois, finalmente, a investiga\u00e7\u00e3o chegou a dois ex-PMs. Ronie Lessa e \u00c9lcio Queiroz s\u00e3o acusados da autoria dos assassinatos de Marielle e Anderson. Um deles vivia no mesmo condom\u00ednio de luxo da fam\u00edlia Bolsonaro. Nas redes e na imprensa circulam fotos dos acusados posando ao lado do presidente da Rep\u00fablica. E o delegado que investigava o caso \u2013 afastado logo depois da pris\u00e3o dos acusados \u2013 admitiu que a filha de um deles teria sido namorada de um dos filhos do presidente. Ao inv\u00e9s de vir a p\u00fablico esclarecer que tipo de rela\u00e7\u00e3o sua fam\u00edlia mant\u00e9m com esses indiv\u00edduos, Jair Bolsonaro se limitou a dizer: \u201cTamb\u00e9m quero que descubram quem mandou me matar\u201d. Uma piada de mau gosto.<\/p>\n\n\n\n<p>A impunidade no caso de Marielle e Anderson \u00e9 uma ferida aberta na democracia brasileira. \u00c9 claro que Marielle n\u00e3o foi a primeira nem a \u00faltima defensora de direitos humanos assassinada no Brasil. Sequer foi a \u00fanica detentora de mandato eletivo executada em 2018. Mas seu crime tomou dimens\u00f5es internacionais. E isso se deve, n\u00e3o h\u00e1 d\u00favida, ao s\u00edmbolo de resist\u00eancia que Marielle se tornou para toda uma nova gera\u00e7\u00e3o de novos ativistas. \u00c9 poss\u00edvel que a maioria das pessoas que foram \u00e0s ruas no dia seguinte ao assassinato da Marielle em todo o Brasil n\u00e3o conhecessem at\u00e9 ent\u00e3o seu trabalho como vereadora. Mesmo assim, sua morte tocou fundo no cora\u00e7\u00e3o de muitas mulheres, jovens, negras, militantes LGBT, ativistas de direitos humanos, cidad\u00e3os indignados, que naquele momento perceberam como pode ser cruel a viol\u00eancia dos detentores do poder.<\/p>\n\n\n\n<p>A morte de Marielle foi um feminic\u00eddio pol\u00edtico. Ela foi morta porque era mulher e negra, mas tamb\u00e9m por ser socialista e militante do PSOL. Quem encomendou sua morte est\u00e1, portanto, do outro lado de nossas trincheiras. N\u00e3o h\u00e1 d\u00favida de que o crime que vitimou Marielle e Anderson foi altamente sofisticado, planejado com muita anteced\u00eancia e financiado por gente poderosa. Considerando as pessoas cuja presen\u00e7a e a\u00e7\u00e3o de Marielle na C\u00e2mara de Vereadores afrontava, al\u00e9m dos interesses que o PSOL sempre contrariou no Rio de Janeiro, a lista de poss\u00edveis envolvidos n\u00e3o pode ser t\u00e3o extensa que impe\u00e7a a elucida\u00e7\u00e3o do caso. Levantar a hip\u00f3tese de um crime de \u00f3dio \u2013 como sugeriram, em coletiva \u00e0 imprensa, as promotoras que apuram o caso \u2013 \u00e9 um desrespeito \u00e0 intelig\u00eancia dos brasileiros e uma afronta \u00e0 mem\u00f3ria de Marielle.<\/p>\n\n\n\n<p><strong>Os poss\u00edveis endere\u00e7os dos mandantes<\/strong><\/p>\n\n\n\n<p>Os mandantes dos assassinatos de Marielle e Anderson devem ser procurados entre as autoridades que defenderam as mil\u00edcias que o PSOL denuncia desde 2010. Devem ser procurados entre aqueles que disseminaram mentiras na internet para tentar diminuir o impacto do crime da opini\u00e3o p\u00fablica. Devem ser buscados entre os que combatem os defensores de direitos humanos e n\u00e3o suportam mulheres e negros nos espa\u00e7os de poder. Os mandantes devem ser procurados tamb\u00e9m entre aqueles pol\u00edticos que homenageiam, empregam parentes ou defendem milicianos publicamente.<\/p>\n\n\n\n<p>Pode ser que as conclus\u00f5es sejam quase insuport\u00e1veis para as pessoas que n\u00e3o acreditam que a degrada\u00e7\u00e3o do ambiente pol\u00edtico tenha chegado t\u00e3o longe, ao ponto de envolver, quem sabe, indiv\u00edduos que hoje est\u00e3o no topo do poder. Mas a verdade precisa vir \u00e0 tona. Por Marielle, por Anderson, por todos aqueles que hoje sentem medo de assumir seu lado na hist\u00f3ria. Nem que seja para encerrar de vez a agonia que vivemos nesses \u00faltimos 365 dias. Queremos verdade e justi\u00e7a.<\/p>\n","protected":false},"excerpt":{"rendered":"<p>Originalmente publicado na Carta Capital. Passava das 22h quando o ent\u00e3o deputado estadual Marcelo Freixo me ligou. Estava com a voz embargada e repetia \u201cmataram a Marielle, mataram a Marielle\u201d. Confesso que levei alguns segundos para entender o que estava acontecendo. Como assim \u201cmataram\u201d? Quem matou? E por que a Marielle? Eram as perguntas que [&hellip;]<\/p>\n","protected":false},"author":2,"featured_media":24401,"comment_status":"closed","ping_status":"open","sticky":false,"template":"","format":"standard","meta":{"_acf_changed":false,"footnotes":""},"categories":[3],"tags":[],"class_list":{"0":"post-24398","1":"post","2":"type-post","3":"status-publish","4":"format-standard","5":"has-post-thumbnail","7":"category-artigos-e-entrevistas"},"acf":[],"yoast_head":"<!-- This site is optimized with the Yoast SEO plugin v26.5 - https:\/\/yoast.com\/wordpress\/plugins\/seo\/ -->\n<title>Juliano Medeiros | \u00c0 espera da verdade sobre a morte de Marielle Franco - PSOL 50<\/title>\n<meta name=\"robots\" content=\"index, follow, max-snippet:-1, max-image-preview:large, max-video-preview:-1\" \/>\n<link rel=\"canonical\" href=\"https:\/\/psol50.org.br\/juliano-medeiros-a-espera-da-verdade-sobre-a-morte-de-marielle-franco\/\" \/>\n<meta property=\"og:locale\" content=\"pt_BR\" \/>\n<meta property=\"og:type\" content=\"article\" \/>\n<meta property=\"og:title\" content=\"\u00c0 espera da verdade sobre a morte de Marielle Franco\" \/>\n<meta property=\"og:description\" content=\"Leia o artigo de Juliano Medeiros, presidente nacional do PSOL, sobre o um ano da execu\u00e7\u00e3o de Marielle.\" \/>\n<meta property=\"og:url\" content=\"https:\/\/psol50.org.br\/juliano-medeiros-a-espera-da-verdade-sobre-a-morte-de-marielle-franco\/\" \/>\n<meta property=\"og:site_name\" content=\"PSOL 50\" \/>\n<meta property=\"article:publisher\" content=\"https:\/\/www.facebook.com\/psol50\" \/>\n<meta property=\"article:published_time\" content=\"2019-03-14T15:13:24+00:00\" \/>\n<meta property=\"og:image\" content=\"https:\/\/psol50.org.br\/inc\/uploads\/2018\/07\/capa.png\" \/>\n\t<meta property=\"og:image:width\" content=\"1350\" \/>\n\t<meta property=\"og:image:height\" content=\"900\" \/>\n\t<meta property=\"og:image:type\" content=\"image\/png\" \/>\n<meta name=\"author\" content=\"Comunica\u00e7\u00e3o PSOL\" \/>\n<meta name=\"twitter:card\" content=\"summary_large_image\" \/>\n<meta name=\"twitter:title\" content=\"\u00c0 espera da verdade sobre a morte de Marielle Franco\" \/>\n<meta name=\"twitter:description\" content=\"Leia o artigo de Juliano Medeiros, presidente nacional do PSOL, sobre o um ano da execu\u00e7\u00e3o de Marielle.\" \/>\n<meta name=\"twitter:creator\" content=\"@psol50\" \/>\n<meta name=\"twitter:site\" content=\"@psol50\" \/>\n<meta name=\"twitter:label1\" content=\"Escrito por\" \/>\n\t<meta name=\"twitter:data1\" content=\"Comunica\u00e7\u00e3o PSOL\" \/>\n\t<meta name=\"twitter:label2\" content=\"Est. tempo de leitura\" \/>\n\t<meta name=\"twitter:data2\" content=\"5 minutos\" \/>\n<script type=\"application\/ld+json\" class=\"yoast-schema-graph\">{\"@context\":\"https:\/\/schema.org\",\"@graph\":[{\"@type\":\"Article\",\"@id\":\"https:\/\/psol50.org.br\/juliano-medeiros-a-espera-da-verdade-sobre-a-morte-de-marielle-franco\/#article\",\"isPartOf\":{\"@id\":\"https:\/\/psol50.org.br\/juliano-medeiros-a-espera-da-verdade-sobre-a-morte-de-marielle-franco\/\"},\"author\":{\"name\":\"Comunica\u00e7\u00e3o PSOL\",\"@id\":\"https:\/\/psol50.org.br\/#\/schema\/person\/475dfa57d0b815993c714c2e96491fcd\"},\"headline\":\"Juliano Medeiros | \u00c0 espera da verdade sobre a morte de Marielle Franco\",\"datePublished\":\"2019-03-14T15:13:24+00:00\",\"mainEntityOfPage\":{\"@id\":\"https:\/\/psol50.org.br\/juliano-medeiros-a-espera-da-verdade-sobre-a-morte-de-marielle-franco\/\"},\"wordCount\":1109,\"publisher\":{\"@id\":\"https:\/\/psol50.org.br\/#organization\"},\"image\":{\"@id\":\"https:\/\/psol50.org.br\/juliano-medeiros-a-espera-da-verdade-sobre-a-morte-de-marielle-franco\/#primaryimage\"},\"thumbnailUrl\":\"https:\/\/psol50.org.br\/inc\/uploads\/2019\/03\/photo_2019-03-14_12-11-13.jpg\",\"articleSection\":[\"Artigos\"],\"inLanguage\":\"pt-BR\"},{\"@type\":\"WebPage\",\"@id\":\"https:\/\/psol50.org.br\/juliano-medeiros-a-espera-da-verdade-sobre-a-morte-de-marielle-franco\/\",\"url\":\"https:\/\/psol50.org.br\/juliano-medeiros-a-espera-da-verdade-sobre-a-morte-de-marielle-franco\/\",\"name\":\"Juliano Medeiros | \u00c0 espera da verdade sobre a morte de Marielle Franco - PSOL 50\",\"isPartOf\":{\"@id\":\"https:\/\/psol50.org.br\/#website\"},\"primaryImageOfPage\":{\"@id\":\"https:\/\/psol50.org.br\/juliano-medeiros-a-espera-da-verdade-sobre-a-morte-de-marielle-franco\/#primaryimage\"},\"image\":{\"@id\":\"https:\/\/psol50.org.br\/juliano-medeiros-a-espera-da-verdade-sobre-a-morte-de-marielle-franco\/#primaryimage\"},\"thumbnailUrl\":\"https:\/\/psol50.org.br\/inc\/uploads\/2019\/03\/photo_2019-03-14_12-11-13.jpg\",\"datePublished\":\"2019-03-14T15:13:24+00:00\",\"breadcrumb\":{\"@id\":\"https:\/\/psol50.org.br\/juliano-medeiros-a-espera-da-verdade-sobre-a-morte-de-marielle-franco\/#breadcrumb\"},\"inLanguage\":\"pt-BR\",\"potentialAction\":[{\"@type\":\"ReadAction\",\"target\":[\"https:\/\/psol50.org.br\/juliano-medeiros-a-espera-da-verdade-sobre-a-morte-de-marielle-franco\/\"]}]},{\"@type\":\"ImageObject\",\"inLanguage\":\"pt-BR\",\"@id\":\"https:\/\/psol50.org.br\/juliano-medeiros-a-espera-da-verdade-sobre-a-morte-de-marielle-franco\/#primaryimage\",\"url\":\"https:\/\/psol50.org.br\/inc\/uploads\/2019\/03\/photo_2019-03-14_12-11-13.jpg\",\"contentUrl\":\"https:\/\/psol50.org.br\/inc\/uploads\/2019\/03\/photo_2019-03-14_12-11-13.jpg\",\"width\":1280,\"height\":855,\"caption\":\"Tamas Bodolay\"},{\"@type\":\"BreadcrumbList\",\"@id\":\"https:\/\/psol50.org.br\/juliano-medeiros-a-espera-da-verdade-sobre-a-morte-de-marielle-franco\/#breadcrumb\",\"itemListElement\":[{\"@type\":\"ListItem\",\"position\":1,\"name\":\"In\u00edcio\",\"item\":\"https:\/\/psol50.org.br\/\"},{\"@type\":\"ListItem\",\"position\":2,\"name\":\"Juliano Medeiros | \u00c0 espera da verdade sobre a morte de Marielle Franco\"}]},{\"@type\":\"WebSite\",\"@id\":\"https:\/\/psol50.org.br\/#website\",\"url\":\"https:\/\/psol50.org.br\/\",\"name\":\"PSOL 50\",\"description\":\"Site oficial do Partido Socialismo e Liberdade\",\"publisher\":{\"@id\":\"https:\/\/psol50.org.br\/#organization\"},\"alternateName\":\"PSOL50\",\"potentialAction\":[{\"@type\":\"SearchAction\",\"target\":{\"@type\":\"EntryPoint\",\"urlTemplate\":\"https:\/\/psol50.org.br\/?s={search_term_string}\"},\"query-input\":{\"@type\":\"PropertyValueSpecification\",\"valueRequired\":true,\"valueName\":\"search_term_string\"}}],\"inLanguage\":\"pt-BR\"},{\"@type\":\"Organization\",\"@id\":\"https:\/\/psol50.org.br\/#organization\",\"name\":\"PSOL 50\",\"alternateName\":\"PSOL 50\",\"url\":\"https:\/\/psol50.org.br\/\",\"logo\":{\"@type\":\"ImageObject\",\"inLanguage\":\"pt-BR\",\"@id\":\"https:\/\/psol50.org.br\/#\/schema\/logo\/image\/\",\"url\":\"https:\/\/psol50.org.br\/inc\/uploads\/2018\/07\/capa.png\",\"contentUrl\":\"https:\/\/psol50.org.br\/inc\/uploads\/2018\/07\/capa.png\",\"width\":1350,\"height\":900,\"caption\":\"PSOL 50\"},\"image\":{\"@id\":\"https:\/\/psol50.org.br\/#\/schema\/logo\/image\/\"},\"sameAs\":[\"https:\/\/www.facebook.com\/psol50\",\"https:\/\/x.com\/psol50\",\"https:\/\/www.instagram.com\/psol50\/\",\"https:\/\/www.youtube.com\/channel\/UC7SnJS5o1os7a6CaiNabzcg\"]},{\"@type\":\"Person\",\"@id\":\"https:\/\/psol50.org.br\/#\/schema\/person\/475dfa57d0b815993c714c2e96491fcd\",\"name\":\"Comunica\u00e7\u00e3o PSOL\",\"image\":{\"@type\":\"ImageObject\",\"inLanguage\":\"pt-BR\",\"@id\":\"https:\/\/psol50.org.br\/#\/schema\/person\/image\/\",\"url\":\"https:\/\/secure.gravatar.com\/avatar\/b34fc4f4e468a4e51785917065a3db57b841f5c95dba6ad8c73aaf8f66f8f9bf?s=96&d=mm&r=g\",\"contentUrl\":\"https:\/\/secure.gravatar.com\/avatar\/b34fc4f4e468a4e51785917065a3db57b841f5c95dba6ad8c73aaf8f66f8f9bf?s=96&d=mm&r=g\",\"caption\":\"Comunica\u00e7\u00e3o PSOL\"}}]}<\/script>\n<!-- \/ Yoast SEO plugin. -->","yoast_head_json":{"title":"Juliano Medeiros | \u00c0 espera da verdade sobre a morte de Marielle Franco - PSOL 50","robots":{"index":"index","follow":"follow","max-snippet":"max-snippet:-1","max-image-preview":"max-image-preview:large","max-video-preview":"max-video-preview:-1"},"canonical":"https:\/\/psol50.org.br\/juliano-medeiros-a-espera-da-verdade-sobre-a-morte-de-marielle-franco\/","og_locale":"pt_BR","og_type":"article","og_title":"\u00c0 espera da verdade sobre a morte de Marielle Franco","og_description":"Leia o artigo de Juliano Medeiros, presidente nacional do PSOL, sobre o um ano da execu\u00e7\u00e3o de Marielle.","og_url":"https:\/\/psol50.org.br\/juliano-medeiros-a-espera-da-verdade-sobre-a-morte-de-marielle-franco\/","og_site_name":"PSOL 50","article_publisher":"https:\/\/www.facebook.com\/psol50","article_published_time":"2019-03-14T15:13:24+00:00","og_image":[{"width":1350,"height":900,"url":"https:\/\/psol50.org.br\/inc\/uploads\/2018\/07\/capa.png","type":"image\/png"}],"author":"Comunica\u00e7\u00e3o PSOL","twitter_card":"summary_large_image","twitter_title":"\u00c0 espera da verdade sobre a morte de Marielle Franco","twitter_description":"Leia o artigo de Juliano Medeiros, presidente nacional do PSOL, sobre o um ano da execu\u00e7\u00e3o de Marielle.","twitter_creator":"@psol50","twitter_site":"@psol50","twitter_misc":{"Escrito por":"Comunica\u00e7\u00e3o PSOL","Est. tempo de leitura":"5 minutos"},"schema":{"@context":"https:\/\/schema.org","@graph":[{"@type":"Article","@id":"https:\/\/psol50.org.br\/juliano-medeiros-a-espera-da-verdade-sobre-a-morte-de-marielle-franco\/#article","isPartOf":{"@id":"https:\/\/psol50.org.br\/juliano-medeiros-a-espera-da-verdade-sobre-a-morte-de-marielle-franco\/"},"author":{"name":"Comunica\u00e7\u00e3o PSOL","@id":"https:\/\/psol50.org.br\/#\/schema\/person\/475dfa57d0b815993c714c2e96491fcd"},"headline":"Juliano Medeiros | \u00c0 espera da verdade sobre a morte de Marielle Franco","datePublished":"2019-03-14T15:13:24+00:00","mainEntityOfPage":{"@id":"https:\/\/psol50.org.br\/juliano-medeiros-a-espera-da-verdade-sobre-a-morte-de-marielle-franco\/"},"wordCount":1109,"publisher":{"@id":"https:\/\/psol50.org.br\/#organization"},"image":{"@id":"https:\/\/psol50.org.br\/juliano-medeiros-a-espera-da-verdade-sobre-a-morte-de-marielle-franco\/#primaryimage"},"thumbnailUrl":"https:\/\/psol50.org.br\/inc\/uploads\/2019\/03\/photo_2019-03-14_12-11-13.jpg","articleSection":["Artigos"],"inLanguage":"pt-BR"},{"@type":"WebPage","@id":"https:\/\/psol50.org.br\/juliano-medeiros-a-espera-da-verdade-sobre-a-morte-de-marielle-franco\/","url":"https:\/\/psol50.org.br\/juliano-medeiros-a-espera-da-verdade-sobre-a-morte-de-marielle-franco\/","name":"Juliano Medeiros | \u00c0 espera da verdade sobre a morte de Marielle Franco - PSOL 50","isPartOf":{"@id":"https:\/\/psol50.org.br\/#website"},"primaryImageOfPage":{"@id":"https:\/\/psol50.org.br\/juliano-medeiros-a-espera-da-verdade-sobre-a-morte-de-marielle-franco\/#primaryimage"},"image":{"@id":"https:\/\/psol50.org.br\/juliano-medeiros-a-espera-da-verdade-sobre-a-morte-de-marielle-franco\/#primaryimage"},"thumbnailUrl":"https:\/\/psol50.org.br\/inc\/uploads\/2019\/03\/photo_2019-03-14_12-11-13.jpg","datePublished":"2019-03-14T15:13:24+00:00","breadcrumb":{"@id":"https:\/\/psol50.org.br\/juliano-medeiros-a-espera-da-verdade-sobre-a-morte-de-marielle-franco\/#breadcrumb"},"inLanguage":"pt-BR","potentialAction":[{"@type":"ReadAction","target":["https:\/\/psol50.org.br\/juliano-medeiros-a-espera-da-verdade-sobre-a-morte-de-marielle-franco\/"]}]},{"@type":"ImageObject","inLanguage":"pt-BR","@id":"https:\/\/psol50.org.br\/juliano-medeiros-a-espera-da-verdade-sobre-a-morte-de-marielle-franco\/#primaryimage","url":"https:\/\/psol50.org.br\/inc\/uploads\/2019\/03\/photo_2019-03-14_12-11-13.jpg","contentUrl":"https:\/\/psol50.org.br\/inc\/uploads\/2019\/03\/photo_2019-03-14_12-11-13.jpg","width":1280,"height":855,"caption":"Tamas Bodolay"},{"@type":"BreadcrumbList","@id":"https:\/\/psol50.org.br\/juliano-medeiros-a-espera-da-verdade-sobre-a-morte-de-marielle-franco\/#breadcrumb","itemListElement":[{"@type":"ListItem","position":1,"name":"In\u00edcio","item":"https:\/\/psol50.org.br\/"},{"@type":"ListItem","position":2,"name":"Juliano Medeiros | \u00c0 espera da verdade sobre a morte de Marielle Franco"}]},{"@type":"WebSite","@id":"https:\/\/psol50.org.br\/#website","url":"https:\/\/psol50.org.br\/","name":"PSOL 50","description":"Site oficial do Partido Socialismo e Liberdade","publisher":{"@id":"https:\/\/psol50.org.br\/#organization"},"alternateName":"PSOL50","potentialAction":[{"@type":"SearchAction","target":{"@type":"EntryPoint","urlTemplate":"https:\/\/psol50.org.br\/?s={search_term_string}"},"query-input":{"@type":"PropertyValueSpecification","valueRequired":true,"valueName":"search_term_string"}}],"inLanguage":"pt-BR"},{"@type":"Organization","@id":"https:\/\/psol50.org.br\/#organization","name":"PSOL 50","alternateName":"PSOL 50","url":"https:\/\/psol50.org.br\/","logo":{"@type":"ImageObject","inLanguage":"pt-BR","@id":"https:\/\/psol50.org.br\/#\/schema\/logo\/image\/","url":"https:\/\/psol50.org.br\/inc\/uploads\/2018\/07\/capa.png","contentUrl":"https:\/\/psol50.org.br\/inc\/uploads\/2018\/07\/capa.png","width":1350,"height":900,"caption":"PSOL 50"},"image":{"@id":"https:\/\/psol50.org.br\/#\/schema\/logo\/image\/"},"sameAs":["https:\/\/www.facebook.com\/psol50","https:\/\/x.com\/psol50","https:\/\/www.instagram.com\/psol50\/","https:\/\/www.youtube.com\/channel\/UC7SnJS5o1os7a6CaiNabzcg"]},{"@type":"Person","@id":"https:\/\/psol50.org.br\/#\/schema\/person\/475dfa57d0b815993c714c2e96491fcd","name":"Comunica\u00e7\u00e3o PSOL","image":{"@type":"ImageObject","inLanguage":"pt-BR","@id":"https:\/\/psol50.org.br\/#\/schema\/person\/image\/","url":"https:\/\/secure.gravatar.com\/avatar\/b34fc4f4e468a4e51785917065a3db57b841f5c95dba6ad8c73aaf8f66f8f9bf?s=96&d=mm&r=g","contentUrl":"https:\/\/secure.gravatar.com\/avatar\/b34fc4f4e468a4e51785917065a3db57b841f5c95dba6ad8c73aaf8f66f8f9bf?s=96&d=mm&r=g","caption":"Comunica\u00e7\u00e3o PSOL"}}]}},"_links":{"self":[{"href":"https:\/\/psol50.org.br\/rest\/wp\/v2\/posts\/24398","targetHints":{"allow":["GET"]}}],"collection":[{"href":"https:\/\/psol50.org.br\/rest\/wp\/v2\/posts"}],"about":[{"href":"https:\/\/psol50.org.br\/rest\/wp\/v2\/types\/post"}],"author":[{"embeddable":true,"href":"https:\/\/psol50.org.br\/rest\/wp\/v2\/users\/2"}],"replies":[{"embeddable":true,"href":"https:\/\/psol50.org.br\/rest\/wp\/v2\/comments?post=24398"}],"version-history":[{"count":0,"href":"https:\/\/psol50.org.br\/rest\/wp\/v2\/posts\/24398\/revisions"}],"wp:featuredmedia":[{"embeddable":true,"href":"https:\/\/psol50.org.br\/rest\/wp\/v2\/media\/24401"}],"wp:attachment":[{"href":"https:\/\/psol50.org.br\/rest\/wp\/v2\/media?parent=24398"}],"wp:term":[{"taxonomy":"category","embeddable":true,"href":"https:\/\/psol50.org.br\/rest\/wp\/v2\/categories?post=24398"},{"taxonomy":"post_tag","embeddable":true,"href":"https:\/\/psol50.org.br\/rest\/wp\/v2\/tags?post=24398"}],"curies":[{"name":"wp","href":"https:\/\/api.w.org\/{rel}","templated":true}]}}