{"id":2442,"date":"2013-11-29T00:00:00","date_gmt":"2013-11-29T00:00:00","guid":{"rendered":"http:\/\/psol50.org.br\/arquivo\/2013\/11\/29\/diretorio-nacional-do-psol-debate-organizacao-do-4o-congresso-nacional-que-tera-inicio-nesta-noite\/"},"modified":"2013-11-29T00:00:00","modified_gmt":"2013-11-29T00:00:00","slug":"diretorio-nacional-do-psol-debate-organizacao-do-4o-congresso-nacional-que-tera-inicio-nesta-noite","status":"publish","type":"post","link":"https:\/\/psol50.org.br\/diretorio-nacional-do-psol-debate-organizacao-do-4o-congresso-nacional-que-tera-inicio-nesta-noite\/","title":{"rendered":"Diret\u00f3rio Nacional do PSOL debate organiza\u00e7\u00e3o do 4\u00ba Congresso Nacional, que ter\u00e1 in\u00edcio nesta noite"},"content":{"rendered":"<p style=\"margin-bottom: 0cm; text-align: justify;\">\n\t<i>Dirigentes nacionais analisaram recursos apresentados \u00e0 comiss\u00e3o organizadora e referendaram o qu\u00f3rum dos delegados aptos as participar do principal f\u00f3rum deliberativo do partido<\/i><\/p>\n<p>\tReunidos na tarde desta sexta-feira (29), no Centro de Treinamento da CNTI (Confedera\u00e7\u00e3o Nacional dos Trabalhadores da Ind\u00fastria), em Luzi\u00e2nia, no entorno do Distrito Federal, membros do Diret\u00f3rio Nacional do PSOL debateram a organiza\u00e7\u00e3o do 4\u00ba Congresso Nacional do partido, que ter\u00e1 in\u00edcio logo mais \u00e0s 19h, tamb\u00e9m na CNTI. No in\u00edcio, os membros presentes \u00e0 reuni\u00e3o analisaram os 11 recursos apresentados \u00e0 comiss\u00e3o organizadora do 4\u00ba Congresso Nacional.<\/p>\n<p>\tAp\u00f3s a apresenta\u00e7\u00e3o dos recursos, os dirigentes nacionais votaram caso a caso e aprovaram, por unanimidade, o entendimento da comiss\u00e3o organizadora sobre os questionamentos. A partir dessa an\u00e1lise, os membros do Diret\u00f3rio Nacional referendaram o n\u00famero de delegados que est\u00e3o aptos a participar do 4\u00ba Congresso Nacional do PSOL, contabilizando um total de 391 delegados. O credenciamento dos delegados e observadores teve in\u00edcio \u00e0s 17h de hoje.<\/p>\n<p>\tAo final da reuni\u00e3o, o Diret\u00f3rio Nacional aprovou o entendimento que revoga a posi\u00e7\u00e3o da Executiva Estadual do Rio de Janeiro em rela\u00e7\u00e3o \u00e0 deputada Janira Rocha, preservando o andamento dos trabalhos da Comiss\u00e3o de \u00c9tica Nacional.<\/p>\n<p>\tO presidente do PSOL, deputado Ivan Valente, encerrou a reuni\u00e3o reafirmando os avan\u00e7os do PSOL nos \u00faltimos anos e apontando os desafios que o partido tem a enfrentar no pr\u00f3ximo per\u00edodo. \u201cO PSOL \u00e9 um partido que, nos \u00faltimos dois anos, se afirmou como um partido democr\u00e1tico, popular, de massas e socialista. E essa dire\u00e7\u00e3o \u00e9 a respons\u00e1vel pelo crescimento do nosso partido e pelo avan\u00e7o nos espa\u00e7os que ocupamos. Temos ainda um imenso espa\u00e7o a ocupar \u00e0 esquerda. Vamos ao nosso 4\u00ba Congresso Nacional\u201d, afirmou Ivan. &nbsp;<\/p>\n","protected":false},"excerpt":{"rendered":"<p>Dirigentes nacionais analisaram recursos apresentados \u00e0 comiss\u00e3o organizadora e referendaram o qu\u00f3rum dos delegados aptos as participar do principal f\u00f3rum deliberativo do partido Reunidos na tarde desta sexta-feira (29), no Centro de Treinamento da CNTI (Confedera\u00e7\u00e3o Nacional dos Trabalhadores da Ind\u00fastria), em Luzi\u00e2nia, no entorno do Distrito Federal, membros do Diret\u00f3rio Nacional do PSOL debateram [&hellip;]<\/p>\n","protected":false},"author":2,"featured_media":0,"comment_status":"open","ping_status":"open","sticky":false,"template":"","format":"standard","meta":{"_acf_changed":false,"footnotes":""},"categories":[4766,6,14],"tags":[22],"class_list":{"0":"post-2442","1":"post","2":"type-post","3":"status-publish","4":"format-standard","6":"category-arquivo","7":"category-noticias","8":"category-partido","9":"tag-psol"},"acf":[],"yoast_head":"<!-- This site is optimized with the Yoast SEO plugin v26.5 - https:\/\/yoast.com\/wordpress\/plugins\/seo\/ -->\n<title>Diret\u00f3rio Nacional do PSOL debate organiza\u00e7\u00e3o do 4\u00ba Congresso Nacional, que ter\u00e1 in\u00edcio nesta noite - PSOL 50<\/title>\n<meta name=\"robots\" content=\"index, follow, max-snippet:-1, max-image-preview:large, max-video-preview:-1\" \/>\n<link rel=\"canonical\" href=\"https:\/\/psol50.org.br\/diretorio-nacional-do-psol-debate-organizacao-do-4o-congresso-nacional-que-tera-inicio-nesta-noite\/\" \/>\n<meta property=\"og:locale\" content=\"pt_BR\" \/>\n<meta property=\"og:type\" content=\"article\" \/>\n<meta property=\"og:title\" content=\"Diret\u00f3rio Nacional do PSOL debate organiza\u00e7\u00e3o do 4\u00ba Congresso Nacional, que ter\u00e1 in\u00edcio nesta noite - PSOL 50\" \/>\n<meta property=\"og:description\" content=\"Dirigentes nacionais analisaram recursos apresentados \u00e0 comiss\u00e3o organizadora e referendaram o qu\u00f3rum dos delegados aptos as participar do principal f\u00f3rum deliberativo do partido Reunidos na tarde desta sexta-feira (29), no Centro de Treinamento da CNTI (Confedera\u00e7\u00e3o Nacional dos Trabalhadores da Ind\u00fastria), em Luzi\u00e2nia, no entorno do Distrito Federal, membros do Diret\u00f3rio Nacional do PSOL debateram [&hellip;]\" \/>\n<meta property=\"og:url\" content=\"https:\/\/psol50.org.br\/diretorio-nacional-do-psol-debate-organizacao-do-4o-congresso-nacional-que-tera-inicio-nesta-noite\/\" \/>\n<meta property=\"og:site_name\" content=\"PSOL 50\" \/>\n<meta property=\"article:publisher\" content=\"https:\/\/www.facebook.com\/psol50\" \/>\n<meta property=\"article:published_time\" content=\"2013-11-29T00:00:00+00:00\" \/>\n<meta property=\"og:image\" content=\"https:\/\/psol50.org.br\/inc\/uploads\/2018\/07\/capa.png\" \/>\n\t<meta property=\"og:image:width\" content=\"1350\" \/>\n\t<meta property=\"og:image:height\" content=\"900\" \/>\n\t<meta property=\"og:image:type\" content=\"image\/png\" \/>\n<meta name=\"author\" content=\"Comunica\u00e7\u00e3o PSOL\" \/>\n<meta name=\"twitter:card\" content=\"summary_large_image\" \/>\n<meta name=\"twitter:creator\" content=\"@psol50\" \/>\n<meta name=\"twitter:site\" content=\"@psol50\" \/>\n<meta name=\"twitter:label1\" content=\"Escrito por\" \/>\n\t<meta name=\"twitter:data1\" content=\"Comunica\u00e7\u00e3o PSOL\" \/>\n\t<meta name=\"twitter:label2\" content=\"Est. tempo de leitura\" \/>\n\t<meta name=\"twitter:data2\" content=\"2 minutos\" \/>\n<script type=\"application\/ld+json\" class=\"yoast-schema-graph\">{\"@context\":\"https:\/\/schema.org\",\"@graph\":[{\"@type\":\"Article\",\"@id\":\"https:\/\/psol50.org.br\/diretorio-nacional-do-psol-debate-organizacao-do-4o-congresso-nacional-que-tera-inicio-nesta-noite\/#article\",\"isPartOf\":{\"@id\":\"https:\/\/psol50.org.br\/diretorio-nacional-do-psol-debate-organizacao-do-4o-congresso-nacional-que-tera-inicio-nesta-noite\/\"},\"author\":{\"name\":\"Comunica\u00e7\u00e3o PSOL\",\"@id\":\"https:\/\/psol50.org.br\/#\/schema\/person\/475dfa57d0b815993c714c2e96491fcd\"},\"headline\":\"Diret\u00f3rio Nacional do PSOL debate organiza\u00e7\u00e3o do 4\u00ba Congresso Nacional, que ter\u00e1 in\u00edcio nesta noite\",\"datePublished\":\"2013-11-29T00:00:00+00:00\",\"mainEntityOfPage\":{\"@id\":\"https:\/\/psol50.org.br\/diretorio-nacional-do-psol-debate-organizacao-do-4o-congresso-nacional-que-tera-inicio-nesta-noite\/\"},\"wordCount\":323,\"commentCount\":0,\"publisher\":{\"@id\":\"https:\/\/psol50.org.br\/#organization\"},\"keywords\":[\"PSOL\"],\"articleSection\":[\"Arquivo\",\"Not\u00edcias\",\"Partido\"],\"inLanguage\":\"pt-BR\",\"potentialAction\":[{\"@type\":\"CommentAction\",\"name\":\"Comment\",\"target\":[\"https:\/\/psol50.org.br\/diretorio-nacional-do-psol-debate-organizacao-do-4o-congresso-nacional-que-tera-inicio-nesta-noite\/#respond\"]}]},{\"@type\":\"WebPage\",\"@id\":\"https:\/\/psol50.org.br\/diretorio-nacional-do-psol-debate-organizacao-do-4o-congresso-nacional-que-tera-inicio-nesta-noite\/\",\"url\":\"https:\/\/psol50.org.br\/diretorio-nacional-do-psol-debate-organizacao-do-4o-congresso-nacional-que-tera-inicio-nesta-noite\/\",\"name\":\"Diret\u00f3rio Nacional do PSOL debate organiza\u00e7\u00e3o do 4\u00ba Congresso Nacional, que ter\u00e1 in\u00edcio nesta noite - PSOL 50\",\"isPartOf\":{\"@id\":\"https:\/\/psol50.org.br\/#website\"},\"datePublished\":\"2013-11-29T00:00:00+00:00\",\"breadcrumb\":{\"@id\":\"https:\/\/psol50.org.br\/diretorio-nacional-do-psol-debate-organizacao-do-4o-congresso-nacional-que-tera-inicio-nesta-noite\/#breadcrumb\"},\"inLanguage\":\"pt-BR\",\"potentialAction\":[{\"@type\":\"ReadAction\",\"target\":[\"https:\/\/psol50.org.br\/diretorio-nacional-do-psol-debate-organizacao-do-4o-congresso-nacional-que-tera-inicio-nesta-noite\/\"]}]},{\"@type\":\"BreadcrumbList\",\"@id\":\"https:\/\/psol50.org.br\/diretorio-nacional-do-psol-debate-organizacao-do-4o-congresso-nacional-que-tera-inicio-nesta-noite\/#breadcrumb\",\"itemListElement\":[{\"@type\":\"ListItem\",\"position\":1,\"name\":\"In\u00edcio\",\"item\":\"https:\/\/psol50.org.br\/\"},{\"@type\":\"ListItem\",\"position\":2,\"name\":\"Diret\u00f3rio Nacional do PSOL debate organiza\u00e7\u00e3o do 4\u00ba Congresso Nacional, que ter\u00e1 in\u00edcio nesta noite\"}]},{\"@type\":\"WebSite\",\"@id\":\"https:\/\/psol50.org.br\/#website\",\"url\":\"https:\/\/psol50.org.br\/\",\"name\":\"PSOL 50\",\"description\":\"Site oficial do Partido Socialismo e Liberdade\",\"publisher\":{\"@id\":\"https:\/\/psol50.org.br\/#organization\"},\"alternateName\":\"PSOL50\",\"potentialAction\":[{\"@type\":\"SearchAction\",\"target\":{\"@type\":\"EntryPoint\",\"urlTemplate\":\"https:\/\/psol50.org.br\/?s={search_term_string}\"},\"query-input\":{\"@type\":\"PropertyValueSpecification\",\"valueRequired\":true,\"valueName\":\"search_term_string\"}}],\"inLanguage\":\"pt-BR\"},{\"@type\":\"Organization\",\"@id\":\"https:\/\/psol50.org.br\/#organization\",\"name\":\"PSOL 50\",\"alternateName\":\"PSOL 50\",\"url\":\"https:\/\/psol50.org.br\/\",\"logo\":{\"@type\":\"ImageObject\",\"inLanguage\":\"pt-BR\",\"@id\":\"https:\/\/psol50.org.br\/#\/schema\/logo\/image\/\",\"url\":\"https:\/\/psol50.org.br\/inc\/uploads\/2018\/07\/capa.png\",\"contentUrl\":\"https:\/\/psol50.org.br\/inc\/uploads\/2018\/07\/capa.png\",\"width\":1350,\"height\":900,\"caption\":\"PSOL 50\"},\"image\":{\"@id\":\"https:\/\/psol50.org.br\/#\/schema\/logo\/image\/\"},\"sameAs\":[\"https:\/\/www.facebook.com\/psol50\",\"https:\/\/x.com\/psol50\",\"https:\/\/www.instagram.com\/psol50\/\",\"https:\/\/www.youtube.com\/channel\/UC7SnJS5o1os7a6CaiNabzcg\"]},{\"@type\":\"Person\",\"@id\":\"https:\/\/psol50.org.br\/#\/schema\/person\/475dfa57d0b815993c714c2e96491fcd\",\"name\":\"Comunica\u00e7\u00e3o PSOL\",\"image\":{\"@type\":\"ImageObject\",\"inLanguage\":\"pt-BR\",\"@id\":\"https:\/\/psol50.org.br\/#\/schema\/person\/image\/\",\"url\":\"https:\/\/secure.gravatar.com\/avatar\/b34fc4f4e468a4e51785917065a3db57b841f5c95dba6ad8c73aaf8f66f8f9bf?s=96&d=mm&r=g\",\"contentUrl\":\"https:\/\/secure.gravatar.com\/avatar\/b34fc4f4e468a4e51785917065a3db57b841f5c95dba6ad8c73aaf8f66f8f9bf?s=96&d=mm&r=g\",\"caption\":\"Comunica\u00e7\u00e3o PSOL\"}}]}<\/script>\n<!-- \/ Yoast SEO plugin. -->","yoast_head_json":{"title":"Diret\u00f3rio Nacional do PSOL debate organiza\u00e7\u00e3o do 4\u00ba Congresso Nacional, que ter\u00e1 in\u00edcio nesta noite - PSOL 50","robots":{"index":"index","follow":"follow","max-snippet":"max-snippet:-1","max-image-preview":"max-image-preview:large","max-video-preview":"max-video-preview:-1"},"canonical":"https:\/\/psol50.org.br\/diretorio-nacional-do-psol-debate-organizacao-do-4o-congresso-nacional-que-tera-inicio-nesta-noite\/","og_locale":"pt_BR","og_type":"article","og_title":"Diret\u00f3rio Nacional do PSOL debate organiza\u00e7\u00e3o do 4\u00ba Congresso Nacional, que ter\u00e1 in\u00edcio nesta noite - PSOL 50","og_description":"Dirigentes nacionais analisaram recursos apresentados \u00e0 comiss\u00e3o organizadora e referendaram o qu\u00f3rum dos delegados aptos as participar do principal f\u00f3rum deliberativo do partido Reunidos na tarde desta sexta-feira (29), no Centro de Treinamento da CNTI (Confedera\u00e7\u00e3o Nacional dos Trabalhadores da Ind\u00fastria), em Luzi\u00e2nia, no entorno do Distrito Federal, membros do Diret\u00f3rio Nacional do PSOL debateram [&hellip;]","og_url":"https:\/\/psol50.org.br\/diretorio-nacional-do-psol-debate-organizacao-do-4o-congresso-nacional-que-tera-inicio-nesta-noite\/","og_site_name":"PSOL 50","article_publisher":"https:\/\/www.facebook.com\/psol50","article_published_time":"2013-11-29T00:00:00+00:00","og_image":[{"width":1350,"height":900,"url":"https:\/\/psol50.org.br\/inc\/uploads\/2018\/07\/capa.png","type":"image\/png"}],"author":"Comunica\u00e7\u00e3o PSOL","twitter_card":"summary_large_image","twitter_creator":"@psol50","twitter_site":"@psol50","twitter_misc":{"Escrito por":"Comunica\u00e7\u00e3o PSOL","Est. tempo de leitura":"2 minutos"},"schema":{"@context":"https:\/\/schema.org","@graph":[{"@type":"Article","@id":"https:\/\/psol50.org.br\/diretorio-nacional-do-psol-debate-organizacao-do-4o-congresso-nacional-que-tera-inicio-nesta-noite\/#article","isPartOf":{"@id":"https:\/\/psol50.org.br\/diretorio-nacional-do-psol-debate-organizacao-do-4o-congresso-nacional-que-tera-inicio-nesta-noite\/"},"author":{"name":"Comunica\u00e7\u00e3o PSOL","@id":"https:\/\/psol50.org.br\/#\/schema\/person\/475dfa57d0b815993c714c2e96491fcd"},"headline":"Diret\u00f3rio Nacional do PSOL debate organiza\u00e7\u00e3o do 4\u00ba Congresso Nacional, que ter\u00e1 in\u00edcio nesta noite","datePublished":"2013-11-29T00:00:00+00:00","mainEntityOfPage":{"@id":"https:\/\/psol50.org.br\/diretorio-nacional-do-psol-debate-organizacao-do-4o-congresso-nacional-que-tera-inicio-nesta-noite\/"},"wordCount":323,"commentCount":0,"publisher":{"@id":"https:\/\/psol50.org.br\/#organization"},"keywords":["PSOL"],"articleSection":["Arquivo","Not\u00edcias","Partido"],"inLanguage":"pt-BR","potentialAction":[{"@type":"CommentAction","name":"Comment","target":["https:\/\/psol50.org.br\/diretorio-nacional-do-psol-debate-organizacao-do-4o-congresso-nacional-que-tera-inicio-nesta-noite\/#respond"]}]},{"@type":"WebPage","@id":"https:\/\/psol50.org.br\/diretorio-nacional-do-psol-debate-organizacao-do-4o-congresso-nacional-que-tera-inicio-nesta-noite\/","url":"https:\/\/psol50.org.br\/diretorio-nacional-do-psol-debate-organizacao-do-4o-congresso-nacional-que-tera-inicio-nesta-noite\/","name":"Diret\u00f3rio Nacional do PSOL debate organiza\u00e7\u00e3o do 4\u00ba Congresso Nacional, que ter\u00e1 in\u00edcio nesta noite - PSOL 50","isPartOf":{"@id":"https:\/\/psol50.org.br\/#website"},"datePublished":"2013-11-29T00:00:00+00:00","breadcrumb":{"@id":"https:\/\/psol50.org.br\/diretorio-nacional-do-psol-debate-organizacao-do-4o-congresso-nacional-que-tera-inicio-nesta-noite\/#breadcrumb"},"inLanguage":"pt-BR","potentialAction":[{"@type":"ReadAction","target":["https:\/\/psol50.org.br\/diretorio-nacional-do-psol-debate-organizacao-do-4o-congresso-nacional-que-tera-inicio-nesta-noite\/"]}]},{"@type":"BreadcrumbList","@id":"https:\/\/psol50.org.br\/diretorio-nacional-do-psol-debate-organizacao-do-4o-congresso-nacional-que-tera-inicio-nesta-noite\/#breadcrumb","itemListElement":[{"@type":"ListItem","position":1,"name":"In\u00edcio","item":"https:\/\/psol50.org.br\/"},{"@type":"ListItem","position":2,"name":"Diret\u00f3rio Nacional do PSOL debate organiza\u00e7\u00e3o do 4\u00ba Congresso Nacional, que ter\u00e1 in\u00edcio nesta noite"}]},{"@type":"WebSite","@id":"https:\/\/psol50.org.br\/#website","url":"https:\/\/psol50.org.br\/","name":"PSOL 50","description":"Site oficial do Partido Socialismo e Liberdade","publisher":{"@id":"https:\/\/psol50.org.br\/#organization"},"alternateName":"PSOL50","potentialAction":[{"@type":"SearchAction","target":{"@type":"EntryPoint","urlTemplate":"https:\/\/psol50.org.br\/?s={search_term_string}"},"query-input":{"@type":"PropertyValueSpecification","valueRequired":true,"valueName":"search_term_string"}}],"inLanguage":"pt-BR"},{"@type":"Organization","@id":"https:\/\/psol50.org.br\/#organization","name":"PSOL 50","alternateName":"PSOL 50","url":"https:\/\/psol50.org.br\/","logo":{"@type":"ImageObject","inLanguage":"pt-BR","@id":"https:\/\/psol50.org.br\/#\/schema\/logo\/image\/","url":"https:\/\/psol50.org.br\/inc\/uploads\/2018\/07\/capa.png","contentUrl":"https:\/\/psol50.org.br\/inc\/uploads\/2018\/07\/capa.png","width":1350,"height":900,"caption":"PSOL 50"},"image":{"@id":"https:\/\/psol50.org.br\/#\/schema\/logo\/image\/"},"sameAs":["https:\/\/www.facebook.com\/psol50","https:\/\/x.com\/psol50","https:\/\/www.instagram.com\/psol50\/","https:\/\/www.youtube.com\/channel\/UC7SnJS5o1os7a6CaiNabzcg"]},{"@type":"Person","@id":"https:\/\/psol50.org.br\/#\/schema\/person\/475dfa57d0b815993c714c2e96491fcd","name":"Comunica\u00e7\u00e3o PSOL","image":{"@type":"ImageObject","inLanguage":"pt-BR","@id":"https:\/\/psol50.org.br\/#\/schema\/person\/image\/","url":"https:\/\/secure.gravatar.com\/avatar\/b34fc4f4e468a4e51785917065a3db57b841f5c95dba6ad8c73aaf8f66f8f9bf?s=96&d=mm&r=g","contentUrl":"https:\/\/secure.gravatar.com\/avatar\/b34fc4f4e468a4e51785917065a3db57b841f5c95dba6ad8c73aaf8f66f8f9bf?s=96&d=mm&r=g","caption":"Comunica\u00e7\u00e3o PSOL"}}]}},"_links":{"self":[{"href":"https:\/\/psol50.org.br\/rest\/wp\/v2\/posts\/2442","targetHints":{"allow":["GET"]}}],"collection":[{"href":"https:\/\/psol50.org.br\/rest\/wp\/v2\/posts"}],"about":[{"href":"https:\/\/psol50.org.br\/rest\/wp\/v2\/types\/post"}],"author":[{"embeddable":true,"href":"https:\/\/psol50.org.br\/rest\/wp\/v2\/users\/2"}],"replies":[{"embeddable":true,"href":"https:\/\/psol50.org.br\/rest\/wp\/v2\/comments?post=2442"}],"version-history":[{"count":0,"href":"https:\/\/psol50.org.br\/rest\/wp\/v2\/posts\/2442\/revisions"}],"wp:attachment":[{"href":"https:\/\/psol50.org.br\/rest\/wp\/v2\/media?parent=2442"}],"wp:term":[{"taxonomy":"category","embeddable":true,"href":"https:\/\/psol50.org.br\/rest\/wp\/v2\/categories?post=2442"},{"taxonomy":"post_tag","embeddable":true,"href":"https:\/\/psol50.org.br\/rest\/wp\/v2\/tags?post=2442"}],"curies":[{"name":"wp","href":"https:\/\/api.w.org\/{rel}","templated":true}]}}