{"id":245,"date":"2012-08-09T00:00:00","date_gmt":"2012-08-09T00:00:00","guid":{"rendered":"http:\/\/psol50.org.br\/arquivo\/2012\/08\/09\/presidente-do-psol-reforca-as-campanhas-em-sao-luis-e-belem\/"},"modified":"2012-08-09T00:00:00","modified_gmt":"2012-08-09T00:00:00","slug":"presidente-do-psol-reforca-as-campanhas-em-sao-luis-e-belem","status":"publish","type":"post","link":"https:\/\/psol50.org.br\/presidente-do-psol-reforca-as-campanhas-em-sao-luis-e-belem\/","title":{"rendered":"Presidente do PSOL refor\u00e7a as campanhas em S\u00e3o Luis e Bel\u00e9m"},"content":{"rendered":"<p>O presidente nacional do PSOL, Ivan Valente, vai se juntar hoje \u00e0 tarde (9) \u00e0 milit\u00e2ncia do partido numa caminhada pelas ruas do Centro da capital maranhense para refor\u00e7ar a campanha do candidato a prefeito de S\u00e3o Luis, Haroldo Saboia (foto), e de candidatos a vereador e a prefeito de outros munic\u00edpios do estado que estar\u00e3o na cidade para o encontro. Ivan Valente deve chegar a S\u00e3o Luis por volta das 13h e logo em seguida participa de um almo\u00e7o com lideran\u00e7as do PSOL no estado. \u00c0 noite, Ivan Valente fala para um grupo de militantes na Capital.<\/p>\n<p>Saboia, que preside o diret\u00f3rio estadual do partido no Maranh\u00e3o, informa que a mobiliza\u00e7\u00e3o da milit\u00e2ncia come\u00e7a \u00e0s 15h nas ruas centrais de S\u00e3o Luis e vai at\u00e9 a noite.<\/p>\n<p>Candidato pela coliga\u00e7\u00e3o \u201cS\u00e3o Luis, o caminho \u00e9 pela esquerda\u201d (PSOL-PCB), Haroldo Saboia afirma que a sua candidatura tem um rosto e est\u00e1 profundamente ligada \u00e0 cidade. \u201cNasci aqui, sempre estudei em escola p\u00fablica e desde cedo convivi com a desigualdade\u201d, diz o advogado de 62 anos, que sonha com uma S\u00e3o Luis livre, voltada para as necessidades da popula\u00e7\u00e3o. \u201cO povo n\u00e3o suporta mais tanta engana\u00e7\u00e3o, quero ser prefeito para dar uma nova dire\u00e7\u00e3o para esta cidade\u201d. A candidata a vice-prefeita na chapa de Haroldo \u00e9 Sildeane Coutinho, do PCB.<\/p>\n<p>O diret\u00f3rio estadual espera fazer uma grande mobiliza\u00e7\u00e3o na cidade, onde a coliga\u00e7\u00e3o \u201cS\u00e3o Luis, o caminho \u00e9 pela esquerda\u201d concorre com 36 candidatos a vereador, al\u00e9m dos cargos majorit\u00e1rios.<\/p>\n<p><strong>Caminhada<\/strong><\/p>\n<p>Al\u00e9m dos nomes de S\u00e3o Luis, v\u00e3o participar da mobiliza\u00e7\u00e3o do PSOL candidatos do partido no interior do estado. De Imperatriz, , vem Major Melo (Francisco Melo da Silva), candidato a prefeito com chapa pura. O munic\u00edpio, localizado na regi\u00e3o oeste, \u00e9 o segundo mais populoso do estado, com quase 250 mil habitantes. Do norte do Maranh\u00e3o, participam da caminhada o candidato a prefeito Valdeny Barrros (Companheiro Valdeny) e o candidato a vice, Geraldo Amorim, da cidade de Pinheiro, munic\u00edpio com cerca de 80 mil habitantes.<\/p>\n<p><strong>Bel\u00e9m<\/strong><\/p>\n<p>Amanh\u00e3 (10), o presidente nacional do PSOL estar\u00e1 em Bel\u00e9m, fazendo campanha junto com os candidatos do partido a vereador e o candidato a prefeito Edmilson Rodrigues (Jorge Panzera, como vice), da coliga\u00e7\u00e3o \u201cBel\u00e9m nas m\u00e3os do povo\u201d (PSOL, PCdoB e PSTU).<\/p>\n","protected":false},"excerpt":{"rendered":"<p>O presidente nacional do PSOL, Ivan Valente, vai se juntar hoje \u00e0 tarde (9) \u00e0 milit\u00e2ncia do partido numa caminhada pelas ruas do Centro da capital maranhense para refor\u00e7ar a campanha do candidato a prefeito de S\u00e3o Luis, Haroldo Saboia (foto), e de candidatos a vereador e a prefeito de outros munic\u00edpios do estado que [&hellip;]<\/p>\n","protected":false},"author":2,"featured_media":0,"comment_status":"open","ping_status":"open","sticky":false,"template":"","format":"standard","meta":{"_acf_changed":false,"footnotes":""},"categories":[4766,4974,654],"tags":[4975,22],"class_list":{"0":"post-245","1":"post","2":"type-post","3":"status-publish","4":"format-standard","6":"category-arquivo","7":"category-eleicoes-2012","8":"category-estados","9":"tag-eleicoes-2012","10":"tag-psol"},"acf":[],"yoast_head":"<!-- This site is optimized with the Yoast SEO plugin v26.5 - https:\/\/yoast.com\/wordpress\/plugins\/seo\/ -->\n<title>Presidente do PSOL refor\u00e7a as campanhas em S\u00e3o Luis e Bel\u00e9m - PSOL 50<\/title>\n<meta name=\"robots\" content=\"index, follow, max-snippet:-1, max-image-preview:large, max-video-preview:-1\" \/>\n<link rel=\"canonical\" href=\"https:\/\/psol50.org.br\/presidente-do-psol-reforca-as-campanhas-em-sao-luis-e-belem\/\" \/>\n<meta property=\"og:locale\" content=\"pt_BR\" \/>\n<meta property=\"og:type\" content=\"article\" \/>\n<meta property=\"og:title\" content=\"Presidente do PSOL refor\u00e7a as campanhas em S\u00e3o Luis e Bel\u00e9m - PSOL 50\" \/>\n<meta property=\"og:description\" content=\"O presidente nacional do PSOL, Ivan Valente, vai se juntar hoje \u00e0 tarde (9) \u00e0 milit\u00e2ncia do partido numa caminhada pelas ruas do Centro da capital maranhense para refor\u00e7ar a campanha do candidato a prefeito de S\u00e3o Luis, Haroldo Saboia (foto), e de candidatos a vereador e a prefeito de outros munic\u00edpios do estado que [&hellip;]\" \/>\n<meta property=\"og:url\" content=\"https:\/\/psol50.org.br\/presidente-do-psol-reforca-as-campanhas-em-sao-luis-e-belem\/\" \/>\n<meta property=\"og:site_name\" content=\"PSOL 50\" \/>\n<meta property=\"article:publisher\" content=\"https:\/\/www.facebook.com\/psol50\" \/>\n<meta property=\"article:published_time\" content=\"2012-08-09T00:00:00+00:00\" \/>\n<meta property=\"og:image\" content=\"https:\/\/psol50.org.br\/inc\/uploads\/2018\/07\/capa.png\" \/>\n\t<meta property=\"og:image:width\" content=\"1350\" \/>\n\t<meta property=\"og:image:height\" content=\"900\" \/>\n\t<meta property=\"og:image:type\" content=\"image\/png\" \/>\n<meta name=\"author\" content=\"Comunica\u00e7\u00e3o PSOL\" \/>\n<meta name=\"twitter:card\" content=\"summary_large_image\" \/>\n<meta name=\"twitter:creator\" content=\"@psol50\" \/>\n<meta name=\"twitter:site\" content=\"@psol50\" \/>\n<meta name=\"twitter:label1\" content=\"Escrito por\" \/>\n\t<meta name=\"twitter:data1\" content=\"Comunica\u00e7\u00e3o PSOL\" \/>\n\t<meta name=\"twitter:label2\" content=\"Est. tempo de leitura\" \/>\n\t<meta name=\"twitter:data2\" content=\"2 minutos\" \/>\n<script type=\"application\/ld+json\" class=\"yoast-schema-graph\">{\"@context\":\"https:\/\/schema.org\",\"@graph\":[{\"@type\":\"Article\",\"@id\":\"https:\/\/psol50.org.br\/presidente-do-psol-reforca-as-campanhas-em-sao-luis-e-belem\/#article\",\"isPartOf\":{\"@id\":\"https:\/\/psol50.org.br\/presidente-do-psol-reforca-as-campanhas-em-sao-luis-e-belem\/\"},\"author\":{\"name\":\"Comunica\u00e7\u00e3o PSOL\",\"@id\":\"https:\/\/psol50.org.br\/#\/schema\/person\/475dfa57d0b815993c714c2e96491fcd\"},\"headline\":\"Presidente do PSOL refor\u00e7a as campanhas em S\u00e3o Luis e Bel\u00e9m\",\"datePublished\":\"2012-08-09T00:00:00+00:00\",\"mainEntityOfPage\":{\"@id\":\"https:\/\/psol50.org.br\/presidente-do-psol-reforca-as-campanhas-em-sao-luis-e-belem\/\"},\"wordCount\":419,\"commentCount\":0,\"publisher\":{\"@id\":\"https:\/\/psol50.org.br\/#organization\"},\"keywords\":[\"Elei\u00e7\u00f5es 2012\",\"PSOL\"],\"articleSection\":[\"Arquivo\",\"ELEI\u00c7\u00d5ES 2012\",\"Estados\"],\"inLanguage\":\"pt-BR\",\"potentialAction\":[{\"@type\":\"CommentAction\",\"name\":\"Comment\",\"target\":[\"https:\/\/psol50.org.br\/presidente-do-psol-reforca-as-campanhas-em-sao-luis-e-belem\/#respond\"]}]},{\"@type\":\"WebPage\",\"@id\":\"https:\/\/psol50.org.br\/presidente-do-psol-reforca-as-campanhas-em-sao-luis-e-belem\/\",\"url\":\"https:\/\/psol50.org.br\/presidente-do-psol-reforca-as-campanhas-em-sao-luis-e-belem\/\",\"name\":\"Presidente do PSOL refor\u00e7a as campanhas em S\u00e3o Luis e Bel\u00e9m - PSOL 50\",\"isPartOf\":{\"@id\":\"https:\/\/psol50.org.br\/#website\"},\"datePublished\":\"2012-08-09T00:00:00+00:00\",\"breadcrumb\":{\"@id\":\"https:\/\/psol50.org.br\/presidente-do-psol-reforca-as-campanhas-em-sao-luis-e-belem\/#breadcrumb\"},\"inLanguage\":\"pt-BR\",\"potentialAction\":[{\"@type\":\"ReadAction\",\"target\":[\"https:\/\/psol50.org.br\/presidente-do-psol-reforca-as-campanhas-em-sao-luis-e-belem\/\"]}]},{\"@type\":\"BreadcrumbList\",\"@id\":\"https:\/\/psol50.org.br\/presidente-do-psol-reforca-as-campanhas-em-sao-luis-e-belem\/#breadcrumb\",\"itemListElement\":[{\"@type\":\"ListItem\",\"position\":1,\"name\":\"In\u00edcio\",\"item\":\"https:\/\/psol50.org.br\/\"},{\"@type\":\"ListItem\",\"position\":2,\"name\":\"Presidente do PSOL refor\u00e7a as campanhas em S\u00e3o Luis e Bel\u00e9m\"}]},{\"@type\":\"WebSite\",\"@id\":\"https:\/\/psol50.org.br\/#website\",\"url\":\"https:\/\/psol50.org.br\/\",\"name\":\"PSOL 50\",\"description\":\"Site oficial do Partido Socialismo e Liberdade\",\"publisher\":{\"@id\":\"https:\/\/psol50.org.br\/#organization\"},\"alternateName\":\"PSOL50\",\"potentialAction\":[{\"@type\":\"SearchAction\",\"target\":{\"@type\":\"EntryPoint\",\"urlTemplate\":\"https:\/\/psol50.org.br\/?s={search_term_string}\"},\"query-input\":{\"@type\":\"PropertyValueSpecification\",\"valueRequired\":true,\"valueName\":\"search_term_string\"}}],\"inLanguage\":\"pt-BR\"},{\"@type\":\"Organization\",\"@id\":\"https:\/\/psol50.org.br\/#organization\",\"name\":\"PSOL 50\",\"alternateName\":\"PSOL 50\",\"url\":\"https:\/\/psol50.org.br\/\",\"logo\":{\"@type\":\"ImageObject\",\"inLanguage\":\"pt-BR\",\"@id\":\"https:\/\/psol50.org.br\/#\/schema\/logo\/image\/\",\"url\":\"https:\/\/psol50.org.br\/inc\/uploads\/2018\/07\/capa.png\",\"contentUrl\":\"https:\/\/psol50.org.br\/inc\/uploads\/2018\/07\/capa.png\",\"width\":1350,\"height\":900,\"caption\":\"PSOL 50\"},\"image\":{\"@id\":\"https:\/\/psol50.org.br\/#\/schema\/logo\/image\/\"},\"sameAs\":[\"https:\/\/www.facebook.com\/psol50\",\"https:\/\/x.com\/psol50\",\"https:\/\/www.instagram.com\/psol50\/\",\"https:\/\/www.youtube.com\/channel\/UC7SnJS5o1os7a6CaiNabzcg\"]},{\"@type\":\"Person\",\"@id\":\"https:\/\/psol50.org.br\/#\/schema\/person\/475dfa57d0b815993c714c2e96491fcd\",\"name\":\"Comunica\u00e7\u00e3o PSOL\",\"image\":{\"@type\":\"ImageObject\",\"inLanguage\":\"pt-BR\",\"@id\":\"https:\/\/psol50.org.br\/#\/schema\/person\/image\/\",\"url\":\"https:\/\/secure.gravatar.com\/avatar\/b34fc4f4e468a4e51785917065a3db57b841f5c95dba6ad8c73aaf8f66f8f9bf?s=96&d=mm&r=g\",\"contentUrl\":\"https:\/\/secure.gravatar.com\/avatar\/b34fc4f4e468a4e51785917065a3db57b841f5c95dba6ad8c73aaf8f66f8f9bf?s=96&d=mm&r=g\",\"caption\":\"Comunica\u00e7\u00e3o PSOL\"}}]}<\/script>\n<!-- \/ Yoast SEO plugin. -->","yoast_head_json":{"title":"Presidente do PSOL refor\u00e7a as campanhas em S\u00e3o Luis e Bel\u00e9m - PSOL 50","robots":{"index":"index","follow":"follow","max-snippet":"max-snippet:-1","max-image-preview":"max-image-preview:large","max-video-preview":"max-video-preview:-1"},"canonical":"https:\/\/psol50.org.br\/presidente-do-psol-reforca-as-campanhas-em-sao-luis-e-belem\/","og_locale":"pt_BR","og_type":"article","og_title":"Presidente do PSOL refor\u00e7a as campanhas em S\u00e3o Luis e Bel\u00e9m - PSOL 50","og_description":"O presidente nacional do PSOL, Ivan Valente, vai se juntar hoje \u00e0 tarde (9) \u00e0 milit\u00e2ncia do partido numa caminhada pelas ruas do Centro da capital maranhense para refor\u00e7ar a campanha do candidato a prefeito de S\u00e3o Luis, Haroldo Saboia (foto), e de candidatos a vereador e a prefeito de outros munic\u00edpios do estado que [&hellip;]","og_url":"https:\/\/psol50.org.br\/presidente-do-psol-reforca-as-campanhas-em-sao-luis-e-belem\/","og_site_name":"PSOL 50","article_publisher":"https:\/\/www.facebook.com\/psol50","article_published_time":"2012-08-09T00:00:00+00:00","og_image":[{"width":1350,"height":900,"url":"https:\/\/psol50.org.br\/inc\/uploads\/2018\/07\/capa.png","type":"image\/png"}],"author":"Comunica\u00e7\u00e3o PSOL","twitter_card":"summary_large_image","twitter_creator":"@psol50","twitter_site":"@psol50","twitter_misc":{"Escrito por":"Comunica\u00e7\u00e3o PSOL","Est. tempo de leitura":"2 minutos"},"schema":{"@context":"https:\/\/schema.org","@graph":[{"@type":"Article","@id":"https:\/\/psol50.org.br\/presidente-do-psol-reforca-as-campanhas-em-sao-luis-e-belem\/#article","isPartOf":{"@id":"https:\/\/psol50.org.br\/presidente-do-psol-reforca-as-campanhas-em-sao-luis-e-belem\/"},"author":{"name":"Comunica\u00e7\u00e3o PSOL","@id":"https:\/\/psol50.org.br\/#\/schema\/person\/475dfa57d0b815993c714c2e96491fcd"},"headline":"Presidente do PSOL refor\u00e7a as campanhas em S\u00e3o Luis e Bel\u00e9m","datePublished":"2012-08-09T00:00:00+00:00","mainEntityOfPage":{"@id":"https:\/\/psol50.org.br\/presidente-do-psol-reforca-as-campanhas-em-sao-luis-e-belem\/"},"wordCount":419,"commentCount":0,"publisher":{"@id":"https:\/\/psol50.org.br\/#organization"},"keywords":["Elei\u00e7\u00f5es 2012","PSOL"],"articleSection":["Arquivo","ELEI\u00c7\u00d5ES 2012","Estados"],"inLanguage":"pt-BR","potentialAction":[{"@type":"CommentAction","name":"Comment","target":["https:\/\/psol50.org.br\/presidente-do-psol-reforca-as-campanhas-em-sao-luis-e-belem\/#respond"]}]},{"@type":"WebPage","@id":"https:\/\/psol50.org.br\/presidente-do-psol-reforca-as-campanhas-em-sao-luis-e-belem\/","url":"https:\/\/psol50.org.br\/presidente-do-psol-reforca-as-campanhas-em-sao-luis-e-belem\/","name":"Presidente do PSOL refor\u00e7a as campanhas em S\u00e3o Luis e Bel\u00e9m - PSOL 50","isPartOf":{"@id":"https:\/\/psol50.org.br\/#website"},"datePublished":"2012-08-09T00:00:00+00:00","breadcrumb":{"@id":"https:\/\/psol50.org.br\/presidente-do-psol-reforca-as-campanhas-em-sao-luis-e-belem\/#breadcrumb"},"inLanguage":"pt-BR","potentialAction":[{"@type":"ReadAction","target":["https:\/\/psol50.org.br\/presidente-do-psol-reforca-as-campanhas-em-sao-luis-e-belem\/"]}]},{"@type":"BreadcrumbList","@id":"https:\/\/psol50.org.br\/presidente-do-psol-reforca-as-campanhas-em-sao-luis-e-belem\/#breadcrumb","itemListElement":[{"@type":"ListItem","position":1,"name":"In\u00edcio","item":"https:\/\/psol50.org.br\/"},{"@type":"ListItem","position":2,"name":"Presidente do PSOL refor\u00e7a as campanhas em S\u00e3o Luis e Bel\u00e9m"}]},{"@type":"WebSite","@id":"https:\/\/psol50.org.br\/#website","url":"https:\/\/psol50.org.br\/","name":"PSOL 50","description":"Site oficial do Partido Socialismo e Liberdade","publisher":{"@id":"https:\/\/psol50.org.br\/#organization"},"alternateName":"PSOL50","potentialAction":[{"@type":"SearchAction","target":{"@type":"EntryPoint","urlTemplate":"https:\/\/psol50.org.br\/?s={search_term_string}"},"query-input":{"@type":"PropertyValueSpecification","valueRequired":true,"valueName":"search_term_string"}}],"inLanguage":"pt-BR"},{"@type":"Organization","@id":"https:\/\/psol50.org.br\/#organization","name":"PSOL 50","alternateName":"PSOL 50","url":"https:\/\/psol50.org.br\/","logo":{"@type":"ImageObject","inLanguage":"pt-BR","@id":"https:\/\/psol50.org.br\/#\/schema\/logo\/image\/","url":"https:\/\/psol50.org.br\/inc\/uploads\/2018\/07\/capa.png","contentUrl":"https:\/\/psol50.org.br\/inc\/uploads\/2018\/07\/capa.png","width":1350,"height":900,"caption":"PSOL 50"},"image":{"@id":"https:\/\/psol50.org.br\/#\/schema\/logo\/image\/"},"sameAs":["https:\/\/www.facebook.com\/psol50","https:\/\/x.com\/psol50","https:\/\/www.instagram.com\/psol50\/","https:\/\/www.youtube.com\/channel\/UC7SnJS5o1os7a6CaiNabzcg"]},{"@type":"Person","@id":"https:\/\/psol50.org.br\/#\/schema\/person\/475dfa57d0b815993c714c2e96491fcd","name":"Comunica\u00e7\u00e3o PSOL","image":{"@type":"ImageObject","inLanguage":"pt-BR","@id":"https:\/\/psol50.org.br\/#\/schema\/person\/image\/","url":"https:\/\/secure.gravatar.com\/avatar\/b34fc4f4e468a4e51785917065a3db57b841f5c95dba6ad8c73aaf8f66f8f9bf?s=96&d=mm&r=g","contentUrl":"https:\/\/secure.gravatar.com\/avatar\/b34fc4f4e468a4e51785917065a3db57b841f5c95dba6ad8c73aaf8f66f8f9bf?s=96&d=mm&r=g","caption":"Comunica\u00e7\u00e3o PSOL"}}]}},"_links":{"self":[{"href":"https:\/\/psol50.org.br\/rest\/wp\/v2\/posts\/245","targetHints":{"allow":["GET"]}}],"collection":[{"href":"https:\/\/psol50.org.br\/rest\/wp\/v2\/posts"}],"about":[{"href":"https:\/\/psol50.org.br\/rest\/wp\/v2\/types\/post"}],"author":[{"embeddable":true,"href":"https:\/\/psol50.org.br\/rest\/wp\/v2\/users\/2"}],"replies":[{"embeddable":true,"href":"https:\/\/psol50.org.br\/rest\/wp\/v2\/comments?post=245"}],"version-history":[{"count":0,"href":"https:\/\/psol50.org.br\/rest\/wp\/v2\/posts\/245\/revisions"}],"wp:attachment":[{"href":"https:\/\/psol50.org.br\/rest\/wp\/v2\/media?parent=245"}],"wp:term":[{"taxonomy":"category","embeddable":true,"href":"https:\/\/psol50.org.br\/rest\/wp\/v2\/categories?post=245"},{"taxonomy":"post_tag","embeddable":true,"href":"https:\/\/psol50.org.br\/rest\/wp\/v2\/tags?post=245"}],"curies":[{"name":"wp","href":"https:\/\/api.w.org\/{rel}","templated":true}]}}