{"id":2453,"date":"2013-12-06T00:00:00","date_gmt":"2013-12-06T00:00:00","guid":{"rendered":"http:\/\/psol50.org.br\/arquivo\/2013\/12\/06\/bancada-do-psol-no-congresso-nacional-emite-nota-em-apoio-ao-prefeito-gelsimar-gonzaga\/"},"modified":"2013-12-06T00:00:00","modified_gmt":"2013-12-06T00:00:00","slug":"bancada-do-psol-no-congresso-nacional-emite-nota-em-apoio-ao-prefeito-gelsimar-gonzaga","status":"publish","type":"post","link":"https:\/\/psol50.org.br\/bancada-do-psol-no-congresso-nacional-emite-nota-em-apoio-ao-prefeito-gelsimar-gonzaga\/","title":{"rendered":"Bancada do PSOL no Congresso Nacional emite nota em apoio ao prefeito Gelsimar Gonzaga"},"content":{"rendered":"<div style=\"text-align: justify;\">\n\tNesta quinta-feira (05), os deputados Ivan Valente (SP), Chico Alencar (RJ) e Jean Wyllys (RJ) e o senador Randolfe Rodrigues (AP) emitiram uma nota em que apoiam o prefeito Gelsimar Gonzaga, da Itaocara, no estado do Rio de Janeiro. No texto, os parlamentares do PSOL se dirigem ao prefeito, que \u00e9 do partido, \u00e0 sua equipe na Prefeitura Municipal e \u00e0 popula\u00e7\u00e3o de Itaocara. \u201cA administra\u00e7\u00e3o participativa, popular, radicalmente democr\u00e1tica incomoda velhas pr\u00e1ticas, mas a popula\u00e7\u00e3o de Itaocara sabe o quanto j\u00e1 conquistou, em menos de um ano\u201d, afirma a nota.<br \/>\n\t&nbsp;<br \/>\n\tEm sess\u00e3o nesta ter\u00e7a-feira (03), a C\u00e2mara, por 10 voto a 1 (do \u00fanico vereador do PSOL), decidiu pela abertura de uma Comiss\u00e3o Parlamentar de Inqu\u00e9rito (CPI) contra o prefeito Gelsimar Gonzaga. Os argumentos dos vereadores s\u00e3o infundados e remetem a alguns requerimentos supostamente n\u00e3o respondidos.<br \/>\n\t&nbsp;<br \/>\n\tPara os militantes do PSOL em Itaocara, o que est\u00e1 por tr\u00e1s dessa atitude \u00e9 a tentativa de derrubar o governo por raz\u00f5es pol\u00edticas, uma vez que a gest\u00e3o de Gelsimar est\u00e1 conseguindo acabar com v\u00e1rios privil\u00e9gios, governa com o povo e sem ceder a chantagens da direita. \u201cA CPI s\u00f3 acontece porque Gelsimar est\u00e1 cumprindo o que prometeu em campanha, que \u00e9 governar com os trabalhadores, o povo e a juventude, para aqueles que nunca tiveram vez nem voz na cidade, que sempre foram humilhados e que agora tem vez e voz na administra\u00e7\u00e3o municipal\u201d, explica nota emitida pelo Diret\u00f3rio Municipal do PSOL.<br \/>\n\t&nbsp;<br \/>\n\tLeia abaixo a nota assinado pelos parlamentares do PSOL.<br \/>\n\t&nbsp;<br \/>\n\t<strong>CPI fora do lugar <\/strong><\/p>\n<p>\tPrefeito Gelsimar, equipe e popula\u00e7\u00e3o de Itaocara:<\/p>\n<p>\tChegou at\u00e9 n\u00f3s a not\u00edcia de que a C\u00e2mara Municipal de Itaocara aprovou, contra um voto, procedimentos para avaliar a instala\u00e7\u00e3o de uma CPI contra o prefeito, pelo alegado fato de que h\u00e1 Requerimentos de Informa\u00e7\u00e3o n\u00e3o respondidos. \u00c9 praxe nas rela\u00e7\u00f5es Legislativo-Executivo, quando isso acontece &#8211; e esse atraso em respostas \u00e9 frequente, no Brasil inteiro -, se fazer um pacto m\u00ednimo para que a quest\u00e3o se resolva, pois o importante n\u00e3o \u00e9 a &#8216;queda-de-bra\u00e7o&#8217; mas a informa\u00e7\u00e3o. \u00c9 un\u00e2nime aqui na C\u00e2mara dos Deputados, inclusive por parte de parlamentares que conhecem Itaocara e s\u00e3o dos mesmos partidos que os vereadores que aprovaram a iniciativa preliminar da CPI, que o prefeito Gelsimar \u00e9 ABSOLUTAMENTE HONESTO e sua gest\u00e3o totalmente transparente. Assim sendo, fica patente que se trata de uma press\u00e3o pol\u00edtica, de uma disputa de car\u00e1ter meramente partid\u00e1rio.<br \/>\n\t&nbsp;<br \/>\n\tA administra\u00e7\u00e3o participativa, popular, radicalmente democr\u00e1tica incomoda velhas pr\u00e1ticas, mas a popula\u00e7\u00e3o de Itaocara sabe o quanto j\u00e1 conquistou, em menos de um ano. Eventuais insufici\u00eancias burocr\u00e1ticas ou morosidade t\u00e9cnica s\u00e3o absolutamente irrelevantes frente \u00e0s pol\u00edticas p\u00fablicas de interesse da maioria e voltadas para o bem comum, experi\u00eancia in\u00e9dita no Munic\u00edpio. A quem interessaria esta CPI? Ao povo de Itaocara, que j\u00e1 v\u00ea avan\u00e7os que lhe beneficiam e agora sabe onde cada centavo do dinheiro p\u00fablico est\u00e1 sendo aplicado? Certamente n\u00e3o.<\/p>\n<p>\tRecebam toda a solidariedade da bancada do PSOL na C\u00e2mara dos Deputados e no Senado da Rep\u00fablica.<\/p>\n<p>\t<strong>Ivan Valente (l\u00edder), Chico Alencar, Jean Wyllys, Randolfe Rodrigues<\/strong><\/div>\n","protected":false},"excerpt":{"rendered":"<p>Nesta quinta-feira (05), os deputados Ivan Valente (SP), Chico Alencar (RJ) e Jean Wyllys (RJ) e o senador Randolfe Rodrigues (AP) emitiram uma nota em que apoiam o prefeito Gelsimar Gonzaga, da Itaocara, no estado do Rio de Janeiro. No texto, os parlamentares do PSOL se dirigem ao prefeito, que \u00e9 do partido, \u00e0 sua [&hellip;]<\/p>\n","protected":false},"author":2,"featured_media":0,"comment_status":"open","ping_status":"open","sticky":false,"template":"","format":"standard","meta":{"_acf_changed":false,"footnotes":""},"categories":[10,4766,6],"tags":[22],"class_list":{"0":"post-2453","1":"post","2":"type-post","3":"status-publish","4":"format-standard","6":"category-acao-parlamentares","7":"category-arquivo","8":"category-noticias","9":"tag-psol"},"acf":[],"yoast_head":"<!-- This site is optimized with the Yoast SEO plugin v26.5 - https:\/\/yoast.com\/wordpress\/plugins\/seo\/ -->\n<title>Bancada do PSOL no Congresso Nacional emite nota em apoio ao prefeito Gelsimar Gonzaga - PSOL 50<\/title>\n<meta name=\"robots\" content=\"index, follow, max-snippet:-1, max-image-preview:large, max-video-preview:-1\" \/>\n<link rel=\"canonical\" href=\"https:\/\/psol50.org.br\/bancada-do-psol-no-congresso-nacional-emite-nota-em-apoio-ao-prefeito-gelsimar-gonzaga\/\" \/>\n<meta property=\"og:locale\" content=\"pt_BR\" \/>\n<meta property=\"og:type\" content=\"article\" \/>\n<meta property=\"og:title\" content=\"Bancada do PSOL no Congresso Nacional emite nota em apoio ao prefeito Gelsimar Gonzaga - PSOL 50\" \/>\n<meta property=\"og:description\" content=\"Nesta quinta-feira (05), os deputados Ivan Valente (SP), Chico Alencar (RJ) e Jean Wyllys (RJ) e o senador Randolfe Rodrigues (AP) emitiram uma nota em que apoiam o prefeito Gelsimar Gonzaga, da Itaocara, no estado do Rio de Janeiro. No texto, os parlamentares do PSOL se dirigem ao prefeito, que \u00e9 do partido, \u00e0 sua [&hellip;]\" \/>\n<meta property=\"og:url\" content=\"https:\/\/psol50.org.br\/bancada-do-psol-no-congresso-nacional-emite-nota-em-apoio-ao-prefeito-gelsimar-gonzaga\/\" \/>\n<meta property=\"og:site_name\" content=\"PSOL 50\" \/>\n<meta property=\"article:publisher\" content=\"https:\/\/www.facebook.com\/psol50\" \/>\n<meta property=\"article:published_time\" content=\"2013-12-06T00:00:00+00:00\" \/>\n<meta property=\"og:image\" content=\"https:\/\/psol50.org.br\/inc\/uploads\/2018\/07\/capa.png\" \/>\n\t<meta property=\"og:image:width\" content=\"1350\" \/>\n\t<meta property=\"og:image:height\" content=\"900\" \/>\n\t<meta property=\"og:image:type\" content=\"image\/png\" \/>\n<meta name=\"author\" content=\"Comunica\u00e7\u00e3o PSOL\" \/>\n<meta name=\"twitter:card\" content=\"summary_large_image\" \/>\n<meta name=\"twitter:creator\" content=\"@psol50\" \/>\n<meta name=\"twitter:site\" content=\"@psol50\" \/>\n<meta name=\"twitter:label1\" content=\"Escrito por\" \/>\n\t<meta name=\"twitter:data1\" content=\"Comunica\u00e7\u00e3o PSOL\" \/>\n\t<meta name=\"twitter:label2\" content=\"Est. tempo de leitura\" \/>\n\t<meta name=\"twitter:data2\" content=\"3 minutos\" \/>\n<script type=\"application\/ld+json\" class=\"yoast-schema-graph\">{\"@context\":\"https:\/\/schema.org\",\"@graph\":[{\"@type\":\"Article\",\"@id\":\"https:\/\/psol50.org.br\/bancada-do-psol-no-congresso-nacional-emite-nota-em-apoio-ao-prefeito-gelsimar-gonzaga\/#article\",\"isPartOf\":{\"@id\":\"https:\/\/psol50.org.br\/bancada-do-psol-no-congresso-nacional-emite-nota-em-apoio-ao-prefeito-gelsimar-gonzaga\/\"},\"author\":{\"name\":\"Comunica\u00e7\u00e3o PSOL\",\"@id\":\"https:\/\/psol50.org.br\/#\/schema\/person\/475dfa57d0b815993c714c2e96491fcd\"},\"headline\":\"Bancada do PSOL no Congresso Nacional emite nota em apoio ao prefeito Gelsimar Gonzaga\",\"datePublished\":\"2013-12-06T00:00:00+00:00\",\"mainEntityOfPage\":{\"@id\":\"https:\/\/psol50.org.br\/bancada-do-psol-no-congresso-nacional-emite-nota-em-apoio-ao-prefeito-gelsimar-gonzaga\/\"},\"wordCount\":572,\"commentCount\":0,\"publisher\":{\"@id\":\"https:\/\/psol50.org.br\/#organization\"},\"keywords\":[\"PSOL\"],\"articleSection\":[\"A\u00e7\u00e3o Parlamentar\",\"Arquivo\",\"Not\u00edcias\"],\"inLanguage\":\"pt-BR\",\"potentialAction\":[{\"@type\":\"CommentAction\",\"name\":\"Comment\",\"target\":[\"https:\/\/psol50.org.br\/bancada-do-psol-no-congresso-nacional-emite-nota-em-apoio-ao-prefeito-gelsimar-gonzaga\/#respond\"]}]},{\"@type\":\"WebPage\",\"@id\":\"https:\/\/psol50.org.br\/bancada-do-psol-no-congresso-nacional-emite-nota-em-apoio-ao-prefeito-gelsimar-gonzaga\/\",\"url\":\"https:\/\/psol50.org.br\/bancada-do-psol-no-congresso-nacional-emite-nota-em-apoio-ao-prefeito-gelsimar-gonzaga\/\",\"name\":\"Bancada do PSOL no Congresso Nacional emite nota em apoio ao prefeito Gelsimar Gonzaga - PSOL 50\",\"isPartOf\":{\"@id\":\"https:\/\/psol50.org.br\/#website\"},\"datePublished\":\"2013-12-06T00:00:00+00:00\",\"breadcrumb\":{\"@id\":\"https:\/\/psol50.org.br\/bancada-do-psol-no-congresso-nacional-emite-nota-em-apoio-ao-prefeito-gelsimar-gonzaga\/#breadcrumb\"},\"inLanguage\":\"pt-BR\",\"potentialAction\":[{\"@type\":\"ReadAction\",\"target\":[\"https:\/\/psol50.org.br\/bancada-do-psol-no-congresso-nacional-emite-nota-em-apoio-ao-prefeito-gelsimar-gonzaga\/\"]}]},{\"@type\":\"BreadcrumbList\",\"@id\":\"https:\/\/psol50.org.br\/bancada-do-psol-no-congresso-nacional-emite-nota-em-apoio-ao-prefeito-gelsimar-gonzaga\/#breadcrumb\",\"itemListElement\":[{\"@type\":\"ListItem\",\"position\":1,\"name\":\"In\u00edcio\",\"item\":\"https:\/\/psol50.org.br\/\"},{\"@type\":\"ListItem\",\"position\":2,\"name\":\"Bancada do PSOL no Congresso Nacional emite nota em apoio ao prefeito Gelsimar Gonzaga\"}]},{\"@type\":\"WebSite\",\"@id\":\"https:\/\/psol50.org.br\/#website\",\"url\":\"https:\/\/psol50.org.br\/\",\"name\":\"PSOL 50\",\"description\":\"Site oficial do Partido Socialismo e Liberdade\",\"publisher\":{\"@id\":\"https:\/\/psol50.org.br\/#organization\"},\"alternateName\":\"PSOL50\",\"potentialAction\":[{\"@type\":\"SearchAction\",\"target\":{\"@type\":\"EntryPoint\",\"urlTemplate\":\"https:\/\/psol50.org.br\/?s={search_term_string}\"},\"query-input\":{\"@type\":\"PropertyValueSpecification\",\"valueRequired\":true,\"valueName\":\"search_term_string\"}}],\"inLanguage\":\"pt-BR\"},{\"@type\":\"Organization\",\"@id\":\"https:\/\/psol50.org.br\/#organization\",\"name\":\"PSOL 50\",\"alternateName\":\"PSOL 50\",\"url\":\"https:\/\/psol50.org.br\/\",\"logo\":{\"@type\":\"ImageObject\",\"inLanguage\":\"pt-BR\",\"@id\":\"https:\/\/psol50.org.br\/#\/schema\/logo\/image\/\",\"url\":\"https:\/\/psol50.org.br\/inc\/uploads\/2018\/07\/capa.png\",\"contentUrl\":\"https:\/\/psol50.org.br\/inc\/uploads\/2018\/07\/capa.png\",\"width\":1350,\"height\":900,\"caption\":\"PSOL 50\"},\"image\":{\"@id\":\"https:\/\/psol50.org.br\/#\/schema\/logo\/image\/\"},\"sameAs\":[\"https:\/\/www.facebook.com\/psol50\",\"https:\/\/x.com\/psol50\",\"https:\/\/www.instagram.com\/psol50\/\",\"https:\/\/www.youtube.com\/channel\/UC7SnJS5o1os7a6CaiNabzcg\"]},{\"@type\":\"Person\",\"@id\":\"https:\/\/psol50.org.br\/#\/schema\/person\/475dfa57d0b815993c714c2e96491fcd\",\"name\":\"Comunica\u00e7\u00e3o PSOL\",\"image\":{\"@type\":\"ImageObject\",\"inLanguage\":\"pt-BR\",\"@id\":\"https:\/\/psol50.org.br\/#\/schema\/person\/image\/\",\"url\":\"https:\/\/secure.gravatar.com\/avatar\/b34fc4f4e468a4e51785917065a3db57b841f5c95dba6ad8c73aaf8f66f8f9bf?s=96&d=mm&r=g\",\"contentUrl\":\"https:\/\/secure.gravatar.com\/avatar\/b34fc4f4e468a4e51785917065a3db57b841f5c95dba6ad8c73aaf8f66f8f9bf?s=96&d=mm&r=g\",\"caption\":\"Comunica\u00e7\u00e3o PSOL\"}}]}<\/script>\n<!-- \/ Yoast SEO plugin. -->","yoast_head_json":{"title":"Bancada do PSOL no Congresso Nacional emite nota em apoio ao prefeito Gelsimar Gonzaga - PSOL 50","robots":{"index":"index","follow":"follow","max-snippet":"max-snippet:-1","max-image-preview":"max-image-preview:large","max-video-preview":"max-video-preview:-1"},"canonical":"https:\/\/psol50.org.br\/bancada-do-psol-no-congresso-nacional-emite-nota-em-apoio-ao-prefeito-gelsimar-gonzaga\/","og_locale":"pt_BR","og_type":"article","og_title":"Bancada do PSOL no Congresso Nacional emite nota em apoio ao prefeito Gelsimar Gonzaga - PSOL 50","og_description":"Nesta quinta-feira (05), os deputados Ivan Valente (SP), Chico Alencar (RJ) e Jean Wyllys (RJ) e o senador Randolfe Rodrigues (AP) emitiram uma nota em que apoiam o prefeito Gelsimar Gonzaga, da Itaocara, no estado do Rio de Janeiro. No texto, os parlamentares do PSOL se dirigem ao prefeito, que \u00e9 do partido, \u00e0 sua [&hellip;]","og_url":"https:\/\/psol50.org.br\/bancada-do-psol-no-congresso-nacional-emite-nota-em-apoio-ao-prefeito-gelsimar-gonzaga\/","og_site_name":"PSOL 50","article_publisher":"https:\/\/www.facebook.com\/psol50","article_published_time":"2013-12-06T00:00:00+00:00","og_image":[{"width":1350,"height":900,"url":"https:\/\/psol50.org.br\/inc\/uploads\/2018\/07\/capa.png","type":"image\/png"}],"author":"Comunica\u00e7\u00e3o PSOL","twitter_card":"summary_large_image","twitter_creator":"@psol50","twitter_site":"@psol50","twitter_misc":{"Escrito por":"Comunica\u00e7\u00e3o PSOL","Est. tempo de leitura":"3 minutos"},"schema":{"@context":"https:\/\/schema.org","@graph":[{"@type":"Article","@id":"https:\/\/psol50.org.br\/bancada-do-psol-no-congresso-nacional-emite-nota-em-apoio-ao-prefeito-gelsimar-gonzaga\/#article","isPartOf":{"@id":"https:\/\/psol50.org.br\/bancada-do-psol-no-congresso-nacional-emite-nota-em-apoio-ao-prefeito-gelsimar-gonzaga\/"},"author":{"name":"Comunica\u00e7\u00e3o PSOL","@id":"https:\/\/psol50.org.br\/#\/schema\/person\/475dfa57d0b815993c714c2e96491fcd"},"headline":"Bancada do PSOL no Congresso Nacional emite nota em apoio ao prefeito Gelsimar Gonzaga","datePublished":"2013-12-06T00:00:00+00:00","mainEntityOfPage":{"@id":"https:\/\/psol50.org.br\/bancada-do-psol-no-congresso-nacional-emite-nota-em-apoio-ao-prefeito-gelsimar-gonzaga\/"},"wordCount":572,"commentCount":0,"publisher":{"@id":"https:\/\/psol50.org.br\/#organization"},"keywords":["PSOL"],"articleSection":["A\u00e7\u00e3o Parlamentar","Arquivo","Not\u00edcias"],"inLanguage":"pt-BR","potentialAction":[{"@type":"CommentAction","name":"Comment","target":["https:\/\/psol50.org.br\/bancada-do-psol-no-congresso-nacional-emite-nota-em-apoio-ao-prefeito-gelsimar-gonzaga\/#respond"]}]},{"@type":"WebPage","@id":"https:\/\/psol50.org.br\/bancada-do-psol-no-congresso-nacional-emite-nota-em-apoio-ao-prefeito-gelsimar-gonzaga\/","url":"https:\/\/psol50.org.br\/bancada-do-psol-no-congresso-nacional-emite-nota-em-apoio-ao-prefeito-gelsimar-gonzaga\/","name":"Bancada do PSOL no Congresso Nacional emite nota em apoio ao prefeito Gelsimar Gonzaga - PSOL 50","isPartOf":{"@id":"https:\/\/psol50.org.br\/#website"},"datePublished":"2013-12-06T00:00:00+00:00","breadcrumb":{"@id":"https:\/\/psol50.org.br\/bancada-do-psol-no-congresso-nacional-emite-nota-em-apoio-ao-prefeito-gelsimar-gonzaga\/#breadcrumb"},"inLanguage":"pt-BR","potentialAction":[{"@type":"ReadAction","target":["https:\/\/psol50.org.br\/bancada-do-psol-no-congresso-nacional-emite-nota-em-apoio-ao-prefeito-gelsimar-gonzaga\/"]}]},{"@type":"BreadcrumbList","@id":"https:\/\/psol50.org.br\/bancada-do-psol-no-congresso-nacional-emite-nota-em-apoio-ao-prefeito-gelsimar-gonzaga\/#breadcrumb","itemListElement":[{"@type":"ListItem","position":1,"name":"In\u00edcio","item":"https:\/\/psol50.org.br\/"},{"@type":"ListItem","position":2,"name":"Bancada do PSOL no Congresso Nacional emite nota em apoio ao prefeito Gelsimar Gonzaga"}]},{"@type":"WebSite","@id":"https:\/\/psol50.org.br\/#website","url":"https:\/\/psol50.org.br\/","name":"PSOL 50","description":"Site oficial do Partido Socialismo e Liberdade","publisher":{"@id":"https:\/\/psol50.org.br\/#organization"},"alternateName":"PSOL50","potentialAction":[{"@type":"SearchAction","target":{"@type":"EntryPoint","urlTemplate":"https:\/\/psol50.org.br\/?s={search_term_string}"},"query-input":{"@type":"PropertyValueSpecification","valueRequired":true,"valueName":"search_term_string"}}],"inLanguage":"pt-BR"},{"@type":"Organization","@id":"https:\/\/psol50.org.br\/#organization","name":"PSOL 50","alternateName":"PSOL 50","url":"https:\/\/psol50.org.br\/","logo":{"@type":"ImageObject","inLanguage":"pt-BR","@id":"https:\/\/psol50.org.br\/#\/schema\/logo\/image\/","url":"https:\/\/psol50.org.br\/inc\/uploads\/2018\/07\/capa.png","contentUrl":"https:\/\/psol50.org.br\/inc\/uploads\/2018\/07\/capa.png","width":1350,"height":900,"caption":"PSOL 50"},"image":{"@id":"https:\/\/psol50.org.br\/#\/schema\/logo\/image\/"},"sameAs":["https:\/\/www.facebook.com\/psol50","https:\/\/x.com\/psol50","https:\/\/www.instagram.com\/psol50\/","https:\/\/www.youtube.com\/channel\/UC7SnJS5o1os7a6CaiNabzcg"]},{"@type":"Person","@id":"https:\/\/psol50.org.br\/#\/schema\/person\/475dfa57d0b815993c714c2e96491fcd","name":"Comunica\u00e7\u00e3o PSOL","image":{"@type":"ImageObject","inLanguage":"pt-BR","@id":"https:\/\/psol50.org.br\/#\/schema\/person\/image\/","url":"https:\/\/secure.gravatar.com\/avatar\/b34fc4f4e468a4e51785917065a3db57b841f5c95dba6ad8c73aaf8f66f8f9bf?s=96&d=mm&r=g","contentUrl":"https:\/\/secure.gravatar.com\/avatar\/b34fc4f4e468a4e51785917065a3db57b841f5c95dba6ad8c73aaf8f66f8f9bf?s=96&d=mm&r=g","caption":"Comunica\u00e7\u00e3o PSOL"}}]}},"_links":{"self":[{"href":"https:\/\/psol50.org.br\/rest\/wp\/v2\/posts\/2453","targetHints":{"allow":["GET"]}}],"collection":[{"href":"https:\/\/psol50.org.br\/rest\/wp\/v2\/posts"}],"about":[{"href":"https:\/\/psol50.org.br\/rest\/wp\/v2\/types\/post"}],"author":[{"embeddable":true,"href":"https:\/\/psol50.org.br\/rest\/wp\/v2\/users\/2"}],"replies":[{"embeddable":true,"href":"https:\/\/psol50.org.br\/rest\/wp\/v2\/comments?post=2453"}],"version-history":[{"count":0,"href":"https:\/\/psol50.org.br\/rest\/wp\/v2\/posts\/2453\/revisions"}],"wp:attachment":[{"href":"https:\/\/psol50.org.br\/rest\/wp\/v2\/media?parent=2453"}],"wp:term":[{"taxonomy":"category","embeddable":true,"href":"https:\/\/psol50.org.br\/rest\/wp\/v2\/categories?post=2453"},{"taxonomy":"post_tag","embeddable":true,"href":"https:\/\/psol50.org.br\/rest\/wp\/v2\/tags?post=2453"}],"curies":[{"name":"wp","href":"https:\/\/api.w.org\/{rel}","templated":true}]}}