{"id":2455,"date":"2013-12-06T00:00:00","date_gmt":"2013-12-06T00:00:00","guid":{"rendered":"http:\/\/psol50.org.br\/arquivo\/2013\/12\/06\/nelson-mandela-e-fidel-castro-revolucoes-distintas-admiracao-mutua\/"},"modified":"2013-12-06T00:00:00","modified_gmt":"2013-12-06T00:00:00","slug":"nelson-mandela-e-fidel-castro-revolucoes-distintas-admiracao-mutua","status":"publish","type":"post","link":"https:\/\/psol50.org.br\/nelson-mandela-e-fidel-castro-revolucoes-distintas-admiracao-mutua\/","title":{"rendered":"Nelson Mandela e Fidel Castro: revolu\u00e7\u00f5es distintas, admira\u00e7\u00e3o m\u00fatua"},"content":{"rendered":"<p style=\"text-align: justify;\">\n\t<em style=\"font-size: 12px;\">Dod\u00f4 Calixto, do Opera Mundi<\/em><\/p>\n<p>\t<em style=\"font-size: 12px;\">Em 2004, l\u00edder sul-africano agradeceu envio de m\u00e9dicos cubanos ao seu pa\u00eds<\/em><\/p>\n<p>\t<span style=\"font-size: 12px;\">Foram quase tr\u00eas d\u00e9cadas na pris\u00e3o. Quando Nelson Mandela, enfim, conseguiu sua liberdade, uma das prioridades foi visitar outro revolucion\u00e1rio, s\u00f3 que da Am\u00e9rica Latina: Fidel Castro. &nbsp;O encontro aconteceu em Havana, em 1991, quando o l\u00edder sul-africano fez quest\u00e3o de ressaltar sua admira\u00e7\u00e3o e respeito pelo cubano.<\/span><\/p>\n<p>\t<span style=\"font-size: 12px;\">\u201cVoc\u00ea ainda n\u00e3o veio para o nosso pa\u00eds. Quando vir\u00e1?\u201d, perguntou Madiba, em tom de brincadeira. Quando Mandela desembarcou em Cuba nessa ocasi\u00e3o, os cubanos sa\u00edram \u00e0s ruas, maci\u00e7amente, para receber o l\u00edder sul-africano. Al\u00edas, Madiba recebeu das m\u00e3os de Fidel o t\u00edtulo de honra do estado cubano, que \u00e9 considerada uma das maiores condecora\u00e7\u00f5es do pa\u00eds. &#8220;Se voc\u00ea perguntar para qualquer cubano quem Mandela \u00e9, ele provavelmente vai te colocar ele como um dos mais importantes homens da hist\u00f3ria da humanidade.&#8221;<\/span><\/p>\n<p>\t<span style=\"font-size: 12px;\">Em Cuba, se comemora no dia 18 de julho o &#8220;Dia Internacional de Nelson Mandela&#8221;. A revolu\u00e7\u00e3o cubana em 1959, dizem historiadores, foi inspira\u00e7\u00e3o para o jovem Mandela. Mais tarde, em 1970, quando o ex\u00e9rcito cubano treinou e deu suporte \u00e0s For\u00e7as Armadas Populares de Liberta\u00e7\u00e3o de Angola durante a guerra civil local, os revolucion\u00e1rios se aproximaram, estreitando la\u00e7os &#8211; de admira\u00e7\u00e3o sobretudo -, que at\u00e9 o \u00faltimo dia do l\u00edder africano permaneceram intactos.<\/span><\/p>\n<p>\t<span style=\"font-size: 12px;\">Em 1994, como primeiro presidente negro da hist\u00f3ria da \u00c1frica do Sul, Madiba recebeu Fidel e retribuiu as gentilezas dos anos anteriores. &#8220;O que Fidel Castro fez por n\u00f3s \u00e9 dif\u00edcil descrever em palavras&#8221;, disse Mandela na cerim\u00f4nia de posse. &#8220;Na luta contra o <\/span><em style=\"font-size: 12px;\">Apartheid<\/em><span style=\"font-size: 12px;\">, ele n\u00e3o hesitou em nos dar toda a ajuda necess\u00e1ria. Agora que estamos livres, temos muitos m\u00e9dicos cubanos trabalhando aqui no nosso pa\u00eds&#8221;, disse, agora emocionado pela ajuda cubana.<\/span><\/p>\n<p>\t<span style=\"font-size: 12px;\">Logo ap\u00f3s a posse de Mandela em 1994, Cuba e \u00c1frica do Sul assinaram o primeiro tratado entre os pa\u00edses, estabelecendo formais rela\u00e7\u00f5es diplom\u00e1ticas.&nbsp;<\/span><\/p>\n","protected":false},"excerpt":{"rendered":"<p>Dod\u00f4 Calixto, do Opera Mundi Em 2004, l\u00edder sul-africano agradeceu envio de m\u00e9dicos cubanos ao seu pa\u00eds Foram quase tr\u00eas d\u00e9cadas na pris\u00e3o. Quando Nelson Mandela, enfim, conseguiu sua liberdade, uma das prioridades foi visitar outro revolucion\u00e1rio, s\u00f3 que da Am\u00e9rica Latina: Fidel Castro. &nbsp;O encontro aconteceu em Havana, em 1991, quando o l\u00edder sul-africano [&hellip;]<\/p>\n","protected":false},"author":2,"featured_media":0,"comment_status":"open","ping_status":"open","sticky":false,"template":"","format":"standard","meta":{"_acf_changed":false,"footnotes":""},"categories":[4766,6],"tags":[],"class_list":{"0":"post-2455","1":"post","2":"type-post","3":"status-publish","4":"format-standard","6":"category-arquivo","7":"category-noticias"},"acf":[],"yoast_head":"<!-- This site is optimized with the Yoast SEO plugin v26.5 - https:\/\/yoast.com\/wordpress\/plugins\/seo\/ -->\n<title>Nelson Mandela e Fidel Castro: revolu\u00e7\u00f5es distintas, admira\u00e7\u00e3o m\u00fatua - PSOL 50<\/title>\n<meta name=\"robots\" content=\"index, follow, max-snippet:-1, max-image-preview:large, max-video-preview:-1\" \/>\n<link rel=\"canonical\" href=\"https:\/\/psol50.org.br\/nelson-mandela-e-fidel-castro-revolucoes-distintas-admiracao-mutua\/\" \/>\n<meta property=\"og:locale\" content=\"pt_BR\" \/>\n<meta property=\"og:type\" content=\"article\" \/>\n<meta property=\"og:title\" content=\"Nelson Mandela e Fidel Castro: revolu\u00e7\u00f5es distintas, admira\u00e7\u00e3o m\u00fatua - PSOL 50\" \/>\n<meta property=\"og:description\" content=\"Dod\u00f4 Calixto, do Opera Mundi Em 2004, l\u00edder sul-africano agradeceu envio de m\u00e9dicos cubanos ao seu pa\u00eds Foram quase tr\u00eas d\u00e9cadas na pris\u00e3o. Quando Nelson Mandela, enfim, conseguiu sua liberdade, uma das prioridades foi visitar outro revolucion\u00e1rio, s\u00f3 que da Am\u00e9rica Latina: Fidel Castro. &nbsp;O encontro aconteceu em Havana, em 1991, quando o l\u00edder sul-africano [&hellip;]\" \/>\n<meta property=\"og:url\" content=\"https:\/\/psol50.org.br\/nelson-mandela-e-fidel-castro-revolucoes-distintas-admiracao-mutua\/\" \/>\n<meta property=\"og:site_name\" content=\"PSOL 50\" \/>\n<meta property=\"article:publisher\" content=\"https:\/\/www.facebook.com\/psol50\" \/>\n<meta property=\"article:published_time\" content=\"2013-12-06T00:00:00+00:00\" \/>\n<meta property=\"og:image\" content=\"https:\/\/psol50.org.br\/inc\/uploads\/2018\/07\/capa.png\" \/>\n\t<meta property=\"og:image:width\" content=\"1350\" \/>\n\t<meta property=\"og:image:height\" content=\"900\" \/>\n\t<meta property=\"og:image:type\" content=\"image\/png\" \/>\n<meta name=\"author\" content=\"Comunica\u00e7\u00e3o PSOL\" \/>\n<meta name=\"twitter:card\" content=\"summary_large_image\" \/>\n<meta name=\"twitter:creator\" content=\"@psol50\" \/>\n<meta name=\"twitter:site\" content=\"@psol50\" \/>\n<meta name=\"twitter:label1\" content=\"Escrito por\" \/>\n\t<meta name=\"twitter:data1\" content=\"Comunica\u00e7\u00e3o PSOL\" \/>\n\t<meta name=\"twitter:label2\" content=\"Est. tempo de leitura\" \/>\n\t<meta name=\"twitter:data2\" content=\"2 minutos\" \/>\n<script type=\"application\/ld+json\" class=\"yoast-schema-graph\">{\"@context\":\"https:\/\/schema.org\",\"@graph\":[{\"@type\":\"Article\",\"@id\":\"https:\/\/psol50.org.br\/nelson-mandela-e-fidel-castro-revolucoes-distintas-admiracao-mutua\/#article\",\"isPartOf\":{\"@id\":\"https:\/\/psol50.org.br\/nelson-mandela-e-fidel-castro-revolucoes-distintas-admiracao-mutua\/\"},\"author\":{\"name\":\"Comunica\u00e7\u00e3o PSOL\",\"@id\":\"https:\/\/psol50.org.br\/#\/schema\/person\/475dfa57d0b815993c714c2e96491fcd\"},\"headline\":\"Nelson Mandela e Fidel Castro: revolu\u00e7\u00f5es distintas, admira\u00e7\u00e3o m\u00fatua\",\"datePublished\":\"2013-12-06T00:00:00+00:00\",\"mainEntityOfPage\":{\"@id\":\"https:\/\/psol50.org.br\/nelson-mandela-e-fidel-castro-revolucoes-distintas-admiracao-mutua\/\"},\"wordCount\":367,\"commentCount\":0,\"publisher\":{\"@id\":\"https:\/\/psol50.org.br\/#organization\"},\"articleSection\":[\"Arquivo\",\"Not\u00edcias\"],\"inLanguage\":\"pt-BR\",\"potentialAction\":[{\"@type\":\"CommentAction\",\"name\":\"Comment\",\"target\":[\"https:\/\/psol50.org.br\/nelson-mandela-e-fidel-castro-revolucoes-distintas-admiracao-mutua\/#respond\"]}]},{\"@type\":\"WebPage\",\"@id\":\"https:\/\/psol50.org.br\/nelson-mandela-e-fidel-castro-revolucoes-distintas-admiracao-mutua\/\",\"url\":\"https:\/\/psol50.org.br\/nelson-mandela-e-fidel-castro-revolucoes-distintas-admiracao-mutua\/\",\"name\":\"Nelson Mandela e Fidel Castro: revolu\u00e7\u00f5es distintas, admira\u00e7\u00e3o m\u00fatua - PSOL 50\",\"isPartOf\":{\"@id\":\"https:\/\/psol50.org.br\/#website\"},\"datePublished\":\"2013-12-06T00:00:00+00:00\",\"breadcrumb\":{\"@id\":\"https:\/\/psol50.org.br\/nelson-mandela-e-fidel-castro-revolucoes-distintas-admiracao-mutua\/#breadcrumb\"},\"inLanguage\":\"pt-BR\",\"potentialAction\":[{\"@type\":\"ReadAction\",\"target\":[\"https:\/\/psol50.org.br\/nelson-mandela-e-fidel-castro-revolucoes-distintas-admiracao-mutua\/\"]}]},{\"@type\":\"BreadcrumbList\",\"@id\":\"https:\/\/psol50.org.br\/nelson-mandela-e-fidel-castro-revolucoes-distintas-admiracao-mutua\/#breadcrumb\",\"itemListElement\":[{\"@type\":\"ListItem\",\"position\":1,\"name\":\"In\u00edcio\",\"item\":\"https:\/\/psol50.org.br\/\"},{\"@type\":\"ListItem\",\"position\":2,\"name\":\"Nelson Mandela e Fidel Castro: revolu\u00e7\u00f5es distintas, admira\u00e7\u00e3o m\u00fatua\"}]},{\"@type\":\"WebSite\",\"@id\":\"https:\/\/psol50.org.br\/#website\",\"url\":\"https:\/\/psol50.org.br\/\",\"name\":\"PSOL 50\",\"description\":\"Site oficial do Partido Socialismo e Liberdade\",\"publisher\":{\"@id\":\"https:\/\/psol50.org.br\/#organization\"},\"alternateName\":\"PSOL50\",\"potentialAction\":[{\"@type\":\"SearchAction\",\"target\":{\"@type\":\"EntryPoint\",\"urlTemplate\":\"https:\/\/psol50.org.br\/?s={search_term_string}\"},\"query-input\":{\"@type\":\"PropertyValueSpecification\",\"valueRequired\":true,\"valueName\":\"search_term_string\"}}],\"inLanguage\":\"pt-BR\"},{\"@type\":\"Organization\",\"@id\":\"https:\/\/psol50.org.br\/#organization\",\"name\":\"PSOL 50\",\"alternateName\":\"PSOL 50\",\"url\":\"https:\/\/psol50.org.br\/\",\"logo\":{\"@type\":\"ImageObject\",\"inLanguage\":\"pt-BR\",\"@id\":\"https:\/\/psol50.org.br\/#\/schema\/logo\/image\/\",\"url\":\"https:\/\/psol50.org.br\/inc\/uploads\/2018\/07\/capa.png\",\"contentUrl\":\"https:\/\/psol50.org.br\/inc\/uploads\/2018\/07\/capa.png\",\"width\":1350,\"height\":900,\"caption\":\"PSOL 50\"},\"image\":{\"@id\":\"https:\/\/psol50.org.br\/#\/schema\/logo\/image\/\"},\"sameAs\":[\"https:\/\/www.facebook.com\/psol50\",\"https:\/\/x.com\/psol50\",\"https:\/\/www.instagram.com\/psol50\/\",\"https:\/\/www.youtube.com\/channel\/UC7SnJS5o1os7a6CaiNabzcg\"]},{\"@type\":\"Person\",\"@id\":\"https:\/\/psol50.org.br\/#\/schema\/person\/475dfa57d0b815993c714c2e96491fcd\",\"name\":\"Comunica\u00e7\u00e3o PSOL\",\"image\":{\"@type\":\"ImageObject\",\"inLanguage\":\"pt-BR\",\"@id\":\"https:\/\/psol50.org.br\/#\/schema\/person\/image\/\",\"url\":\"https:\/\/secure.gravatar.com\/avatar\/b34fc4f4e468a4e51785917065a3db57b841f5c95dba6ad8c73aaf8f66f8f9bf?s=96&d=mm&r=g\",\"contentUrl\":\"https:\/\/secure.gravatar.com\/avatar\/b34fc4f4e468a4e51785917065a3db57b841f5c95dba6ad8c73aaf8f66f8f9bf?s=96&d=mm&r=g\",\"caption\":\"Comunica\u00e7\u00e3o PSOL\"}}]}<\/script>\n<!-- \/ Yoast SEO plugin. -->","yoast_head_json":{"title":"Nelson Mandela e Fidel Castro: revolu\u00e7\u00f5es distintas, admira\u00e7\u00e3o m\u00fatua - PSOL 50","robots":{"index":"index","follow":"follow","max-snippet":"max-snippet:-1","max-image-preview":"max-image-preview:large","max-video-preview":"max-video-preview:-1"},"canonical":"https:\/\/psol50.org.br\/nelson-mandela-e-fidel-castro-revolucoes-distintas-admiracao-mutua\/","og_locale":"pt_BR","og_type":"article","og_title":"Nelson Mandela e Fidel Castro: revolu\u00e7\u00f5es distintas, admira\u00e7\u00e3o m\u00fatua - PSOL 50","og_description":"Dod\u00f4 Calixto, do Opera Mundi Em 2004, l\u00edder sul-africano agradeceu envio de m\u00e9dicos cubanos ao seu pa\u00eds Foram quase tr\u00eas d\u00e9cadas na pris\u00e3o. Quando Nelson Mandela, enfim, conseguiu sua liberdade, uma das prioridades foi visitar outro revolucion\u00e1rio, s\u00f3 que da Am\u00e9rica Latina: Fidel Castro. &nbsp;O encontro aconteceu em Havana, em 1991, quando o l\u00edder sul-africano [&hellip;]","og_url":"https:\/\/psol50.org.br\/nelson-mandela-e-fidel-castro-revolucoes-distintas-admiracao-mutua\/","og_site_name":"PSOL 50","article_publisher":"https:\/\/www.facebook.com\/psol50","article_published_time":"2013-12-06T00:00:00+00:00","og_image":[{"width":1350,"height":900,"url":"https:\/\/psol50.org.br\/inc\/uploads\/2018\/07\/capa.png","type":"image\/png"}],"author":"Comunica\u00e7\u00e3o PSOL","twitter_card":"summary_large_image","twitter_creator":"@psol50","twitter_site":"@psol50","twitter_misc":{"Escrito por":"Comunica\u00e7\u00e3o PSOL","Est. tempo de leitura":"2 minutos"},"schema":{"@context":"https:\/\/schema.org","@graph":[{"@type":"Article","@id":"https:\/\/psol50.org.br\/nelson-mandela-e-fidel-castro-revolucoes-distintas-admiracao-mutua\/#article","isPartOf":{"@id":"https:\/\/psol50.org.br\/nelson-mandela-e-fidel-castro-revolucoes-distintas-admiracao-mutua\/"},"author":{"name":"Comunica\u00e7\u00e3o PSOL","@id":"https:\/\/psol50.org.br\/#\/schema\/person\/475dfa57d0b815993c714c2e96491fcd"},"headline":"Nelson Mandela e Fidel Castro: revolu\u00e7\u00f5es distintas, admira\u00e7\u00e3o m\u00fatua","datePublished":"2013-12-06T00:00:00+00:00","mainEntityOfPage":{"@id":"https:\/\/psol50.org.br\/nelson-mandela-e-fidel-castro-revolucoes-distintas-admiracao-mutua\/"},"wordCount":367,"commentCount":0,"publisher":{"@id":"https:\/\/psol50.org.br\/#organization"},"articleSection":["Arquivo","Not\u00edcias"],"inLanguage":"pt-BR","potentialAction":[{"@type":"CommentAction","name":"Comment","target":["https:\/\/psol50.org.br\/nelson-mandela-e-fidel-castro-revolucoes-distintas-admiracao-mutua\/#respond"]}]},{"@type":"WebPage","@id":"https:\/\/psol50.org.br\/nelson-mandela-e-fidel-castro-revolucoes-distintas-admiracao-mutua\/","url":"https:\/\/psol50.org.br\/nelson-mandela-e-fidel-castro-revolucoes-distintas-admiracao-mutua\/","name":"Nelson Mandela e Fidel Castro: revolu\u00e7\u00f5es distintas, admira\u00e7\u00e3o m\u00fatua - PSOL 50","isPartOf":{"@id":"https:\/\/psol50.org.br\/#website"},"datePublished":"2013-12-06T00:00:00+00:00","breadcrumb":{"@id":"https:\/\/psol50.org.br\/nelson-mandela-e-fidel-castro-revolucoes-distintas-admiracao-mutua\/#breadcrumb"},"inLanguage":"pt-BR","potentialAction":[{"@type":"ReadAction","target":["https:\/\/psol50.org.br\/nelson-mandela-e-fidel-castro-revolucoes-distintas-admiracao-mutua\/"]}]},{"@type":"BreadcrumbList","@id":"https:\/\/psol50.org.br\/nelson-mandela-e-fidel-castro-revolucoes-distintas-admiracao-mutua\/#breadcrumb","itemListElement":[{"@type":"ListItem","position":1,"name":"In\u00edcio","item":"https:\/\/psol50.org.br\/"},{"@type":"ListItem","position":2,"name":"Nelson Mandela e Fidel Castro: revolu\u00e7\u00f5es distintas, admira\u00e7\u00e3o m\u00fatua"}]},{"@type":"WebSite","@id":"https:\/\/psol50.org.br\/#website","url":"https:\/\/psol50.org.br\/","name":"PSOL 50","description":"Site oficial do Partido Socialismo e Liberdade","publisher":{"@id":"https:\/\/psol50.org.br\/#organization"},"alternateName":"PSOL50","potentialAction":[{"@type":"SearchAction","target":{"@type":"EntryPoint","urlTemplate":"https:\/\/psol50.org.br\/?s={search_term_string}"},"query-input":{"@type":"PropertyValueSpecification","valueRequired":true,"valueName":"search_term_string"}}],"inLanguage":"pt-BR"},{"@type":"Organization","@id":"https:\/\/psol50.org.br\/#organization","name":"PSOL 50","alternateName":"PSOL 50","url":"https:\/\/psol50.org.br\/","logo":{"@type":"ImageObject","inLanguage":"pt-BR","@id":"https:\/\/psol50.org.br\/#\/schema\/logo\/image\/","url":"https:\/\/psol50.org.br\/inc\/uploads\/2018\/07\/capa.png","contentUrl":"https:\/\/psol50.org.br\/inc\/uploads\/2018\/07\/capa.png","width":1350,"height":900,"caption":"PSOL 50"},"image":{"@id":"https:\/\/psol50.org.br\/#\/schema\/logo\/image\/"},"sameAs":["https:\/\/www.facebook.com\/psol50","https:\/\/x.com\/psol50","https:\/\/www.instagram.com\/psol50\/","https:\/\/www.youtube.com\/channel\/UC7SnJS5o1os7a6CaiNabzcg"]},{"@type":"Person","@id":"https:\/\/psol50.org.br\/#\/schema\/person\/475dfa57d0b815993c714c2e96491fcd","name":"Comunica\u00e7\u00e3o PSOL","image":{"@type":"ImageObject","inLanguage":"pt-BR","@id":"https:\/\/psol50.org.br\/#\/schema\/person\/image\/","url":"https:\/\/secure.gravatar.com\/avatar\/b34fc4f4e468a4e51785917065a3db57b841f5c95dba6ad8c73aaf8f66f8f9bf?s=96&d=mm&r=g","contentUrl":"https:\/\/secure.gravatar.com\/avatar\/b34fc4f4e468a4e51785917065a3db57b841f5c95dba6ad8c73aaf8f66f8f9bf?s=96&d=mm&r=g","caption":"Comunica\u00e7\u00e3o PSOL"}}]}},"_links":{"self":[{"href":"https:\/\/psol50.org.br\/rest\/wp\/v2\/posts\/2455","targetHints":{"allow":["GET"]}}],"collection":[{"href":"https:\/\/psol50.org.br\/rest\/wp\/v2\/posts"}],"about":[{"href":"https:\/\/psol50.org.br\/rest\/wp\/v2\/types\/post"}],"author":[{"embeddable":true,"href":"https:\/\/psol50.org.br\/rest\/wp\/v2\/users\/2"}],"replies":[{"embeddable":true,"href":"https:\/\/psol50.org.br\/rest\/wp\/v2\/comments?post=2455"}],"version-history":[{"count":0,"href":"https:\/\/psol50.org.br\/rest\/wp\/v2\/posts\/2455\/revisions"}],"wp:attachment":[{"href":"https:\/\/psol50.org.br\/rest\/wp\/v2\/media?parent=2455"}],"wp:term":[{"taxonomy":"category","embeddable":true,"href":"https:\/\/psol50.org.br\/rest\/wp\/v2\/categories?post=2455"},{"taxonomy":"post_tag","embeddable":true,"href":"https:\/\/psol50.org.br\/rest\/wp\/v2\/tags?post=2455"}],"curies":[{"name":"wp","href":"https:\/\/api.w.org\/{rel}","templated":true}]}}