{"id":24553,"date":"2019-03-22T11:47:35","date_gmt":"2019-03-22T14:47:35","guid":{"rendered":"http:\/\/psol50.org.br\/?p=24553"},"modified":"2019-03-22T11:47:35","modified_gmt":"2019-03-22T14:47:35","slug":"yankees-acima-de-tudo-sobre-a-visita-de-bolsonaro-a-trump","status":"publish","type":"post","link":"https:\/\/psol50.org.br\/yankees-acima-de-tudo-sobre-a-visita-de-bolsonaro-a-trump\/","title":{"rendered":"Israel Dutra | \u201cYankees acima de tudo\u201d &#8211; Sobre a visita de Bolsonaro a Trump"},"content":{"rendered":"\n<p><em>Israel Dutra, Secret\u00e1rio de Rela\u00e7\u00f5es Internacionais do PSOL<\/em><\/p>\n\n\n\n<p>A visita de Bolsonaro aos Estados Unidos entrou no rol das humilha\u00e7\u00f5es nacionais. Conseguiu superar as fat\u00eddicas cenas de Celso Lafer, que retirou seus sapatos para ser inspecionado antes de entrar em territ\u00f3rio estadunidense.<\/p>\n\n\n\n<p>Os tr\u00eas dias que Bolsonaro e sua comitiva passaram nas terras americanas foram suficientes para quebrar acordos hist\u00f3ricos, como a quest\u00e3o dos vistos, baseados no princ\u00edpio da \u201creciprocidade\u201d.<\/p>\n\n\n\n<p>&nbsp;A comitiva chefiada por Bolsonaro, seu filho, Eduardo, e Paulo Guedes, contou com a presen\u00e7a do ministro Ernesto Ara\u00fajo, al\u00e9m do General Augusto Heleno, Sergio Moro, o assessor especial Filipe Martins, Tereza Cristina, titular da pasta de Agricultura e o Ministro da Ci\u00eancia e Tecnologia, Marcos Pontes.<\/p>\n\n\n\n<p>Depois de afirmar a \u201cemo\u00e7\u00e3o\u201d de pisar em terras americanas, a comitiva louvou a \u201ccoca-cola, Jeans e Disney\u201d, nas palavras de Guedes. A imprensa teve que noticiar, ainda, as manifesta\u00e7\u00f5es de brasileiros, em v\u00e1rias cidades dos Estados Unidos, contra Bolsonaro e a extrema-direita. Virou not\u00edcia a incomoda pergunta na FOX sobre os v\u00ednculos de Bolsonaro com as mil\u00edcias investigadas na morte de Marielle Franco.<\/p>\n\n\n\n<p>Ao contr\u00e1rio do efeito esperado, Bolsonaro n\u00e3o saiu fortalecido de seu giro americano. Em meio a muitas contradi\u00e7\u00f5es e dificuldades em seu governo, as d\u00favidas sobre seu desempenho pairam por todo lado, mesmo em analistas que n\u00e3o s\u00e3o de esquerda ou cr\u00edticos. Para piorar sua situa\u00e7\u00e3o, a semana terminou com a pesquisa de opini\u00e3o que lhe aponta uma queda de 15 pontos nos \u00edndices positivos de avalia\u00e7\u00e3o do governo. A isso se soma a pris\u00e3o do ex-presidente Temer, o conflito entre poderes e atores como o legislativo e judici\u00e1rio, a inseguran\u00e7a quanto \u00e0 aprova\u00e7\u00e3o da reforma previdenci\u00e1ria, agregando crises na situa\u00e7\u00e3o pol\u00edtica. A ida para os Estados Unidos demonstrou a face mais vis\u00edvel de seu governo: despreparo e submiss\u00e3o aos interesses dos grandes e poderosos do mundo.<\/p>\n\n\n\n<p><strong>A desconstru\u00e7\u00e3o da na\u00e7\u00e3o<\/strong><\/p>\n\n\n\n<p>Bolsonaro afirmou que diante da dificuldade em construir realiza\u00e7\u00f5es, sua tarefa seria priorizar a \u201cdesconstru\u00e7\u00e3o\u201d. Sem travas na l\u00edngua, afirmou que iria modificar o quadro que recebeu dos governos anteriores. Cr\u00edtico a toda forma de \u201ccomunismo\u201d, se alinhou a Trump e seu entorno como um f\u00e3 encontra seu \u00eddolo maior. Mesmo com as in\u00fameras contradi\u00e7\u00f5es, como os desmentidos que a ala militar tratou de fazer quando do retorno da comitiva, por exemplo, no caso da Venezuela, Bolsonaro avan\u00e7ou com seu plano de desconstru\u00e7\u00e3o da na\u00e7\u00e3o. O desmonte est\u00e1 em curso.<\/p>\n\n\n\n<p>O principal acordo selado diz respeito \u00e0 entrega da Base Espacial de Alc\u00e2ntara, no Maranh\u00e3o. Quase vinte anos depois da press\u00e3o popular rejeitar a proposta durante os anos FHC, Bolsonaro d\u00e1 um salto de qualidade na entrega da riqueza e do patrim\u00f4nio nacional. Polo da tecnologia espacial, o Centro de Lan\u00e7amento de Foguetes ficaria sob responsabilidade direta da NASA e do governo americano, que controlaria, inclusive, a entrada e sa\u00edda de materiais.<\/p>\n\n\n\n<p>A destrui\u00e7\u00e3o da soberania veio a galope na visita \u00e0 CIA. A primeira visita oficial de um chefe de Estado brasileiro \u00e0 ag\u00eancia mais importante de espionagem e inger\u00eancia pol\u00edtica do mundo contraria todos os preceitos da nossa diplomacia. Respons\u00e1vel pela organiza\u00e7\u00e3o de golpes de estado e implanta\u00e7\u00e3o de ditaduras na Am\u00e9rica do Sul e Central, a pr\u00f3pria CIA levou a uma crise diplom\u00e1tica durante o governo Dilma, quando vieram a p\u00fablico as atividades de espionagem contra empresas brasileiras.<\/p>\n\n\n\n<p>O discurso do presidente Bolsonaro se choca contra qualquer tipo de nacionalismo ou patriotismo de sua base eleitoral e social. O slogan \u201cBrasil acima de tudo\u201d foi deixado de lado, antes de completar cem dias de governo, durante a tour dos Estados Unidos.&nbsp;<\/p>\n\n\n\n<p>Quanto \u00e0s empresas estatais, estrat\u00e9gicas ou n\u00e3o, o plano do governo, com ministro Guedes na vanguarda, \u00e9 o desmonte e a liquida\u00e7\u00e3o. A venda dos aeroportos foi o passo inicial da verdadeira \u201cfeira de privatiza\u00e7\u00f5es\u201d, voltada para a internacionaliza\u00e7\u00e3o do controle das nossas \u00e1reas estrat\u00e9gicas, da entrega da totalidade do patrim\u00f4nio estatal.<\/p>\n\n\n\n<p><strong>Olavo redobrou a aposta<\/strong><\/p>\n\n\n\n<p>A janta com Olavo de Carvalho teve um sentido mais geral. Se fortaleceram os setores ligados \u00e0 extrema-direita ideol\u00f3gica, com um maior protagonismo de Eduardo Bolsonaro, o 03 do cl\u00e3, que assume o controle da comiss\u00e3o de Rela\u00e7\u00f5es Exteriores na C\u00e2mara dos Deputados. Um dos momentos de constrangimento na visita a CIA foi o fato do ministro Ernesto Araujo ter ficado de fora para que apenas Eduardo e seu pai entrassem. Eduardo \u00e9 o respons\u00e1vel direto por articular com Olavo e Bannon &nbsp;os espa\u00e7os do f\u00f3rum do Foz do Igua\u00e7u, a nova internacional que a extrema-direita est\u00e1 gestando em n\u00edvel mundial.<\/p>\n\n\n\n<p>Sentado \u00e0 esquerda de Bolsonaro, no jantar oferecido a Olavo, Steve Bannon sorriu e confraternizou na presen\u00e7a de representantes da extrema-direita e grupos conservadores alinhados com Trump.<\/p>\n\n\n\n<p>Mesmo diante das turbul\u00eancias, o cl\u00e3 Bolsonaro deixou exposta sua predile\u00e7\u00e3o, entre as diferentes alas do governo, por Olavo e seus disc\u00edpulos. E o astr\u00f3logo\/fil\u00f3sofo n\u00e3o deixou por menos: atacou ao vice, Mour\u00e3o, chamando de idiota e fez previs\u00f5es catastr\u00f3ficas, caso Bolsonaro n\u00e3o retifique seu rumo. Chegou a afirmar que o governo n\u00e3o duraria seis meses do \u201cjeito que est\u00e1\u201d. O presidente retribuiu renovando os votos de apoio ao ministro Velez, atravessado por crescentes rumores de demiss\u00e3o.&nbsp;<br>Contudo, o n\u00facleo \u201cideol\u00f3gico\u201d come\u00e7a ter suas pr\u00f3prias fissuras. Silas Malafaia ficou furioso com a pol\u00edtica de libera\u00e7\u00e3o dos vistos e declara\u00e7\u00f5es contra os brasileiros em situa\u00e7\u00e3o irregular no estrangeiro. A pugna dentro do minist\u00e9rio da educa\u00e7\u00e3o obedece \u00e0 l\u00f3gica de disputa entre evang\u00e9licos e olavistas.<\/p>\n\n\n\n<p>H\u00e1 uma grande preocupa\u00e7\u00e3o nos outros setores do governo que as movimenta\u00e7\u00f5es do n\u00facleo ideol\u00f3gico possam trazer grandes problemas para o com\u00e9rcio exterior. A tens\u00e3o permanente com as medidas que amea\u00e7am o fluxo comercial tanto com a China, nosso principal comprador, quanto com os pa\u00edses da Liga \u00c1rabe, por conta da ventilada mudan\u00e7a da embaixada para Jerusal\u00e9m, gera instabilidade e divis\u00e3o nas fileiras do pr\u00f3prio governo.<\/p>\n\n\n\n<p><strong>Grandes entregas, pequenas promessas<\/strong><\/p>\n\n\n\n<p>Quando se afirma que o Brasil deixou para tr\u00e1s qualquer crit\u00e9rio de reciprocidade, n\u00e3o \u00e9 apenas for\u00e7a de express\u00e3o. Um olhar mais detido sobre a rela\u00e7\u00e3o de troca entre os Estados Unidos e o Brasil, no \u00e2mbito dos neg\u00f3cios e acordos firmados, deixa desnudado o tamanho da submiss\u00e3o. Entregamos muito em troca de apenas algumas promessas vagas.<\/p>\n\n\n\n<p>Um dos principais pontos do acordo, anunciado na coletiva entre Donald Trump e Jair Bolsonaro, foi a libera\u00e7\u00e3o da isen\u00e7\u00e3o das tarifas de importa\u00e7\u00e3o do trigo americano. Assim, os Estados Unidos poderiam exportar 750 mil toneladas do cereal ao ano ao Brasil sem pagar a tarifa de 10% estabelecida para compras do produto fora do Mercosul. A contrapartida foi a promessa de reconsidera\u00e7\u00e3o sobre o consumo de carne brasileira nos Estados Unidos, que despencou ap\u00f3s os resultados da Opera\u00e7\u00e3o Carne Fraca. O problema da isen\u00e7\u00e3o das tarifas conflita diretamente com a Argentina, principal parceiro do Brasil na compra e venda do produto. Parte da pol\u00edtica de liquidar o Mercosul, Bolsonaro abriu o mercado de trigo, n\u00e3o se preocupando com retalia\u00e7\u00f5es ou desencontros com os vizinhos sul-americanos.<\/p>\n\n\n\n<p>A segunda grande entrega foi o abandono da condi\u00e7\u00e3o alcan\u00e7ada na &nbsp;Organiza\u00e7\u00e3o Mundial de Com\u00e9rcio (OMC), justamente num per\u00edodo de guerras tarif\u00e1rias e comerciais, por toda parte. Abandonar a condi\u00e7\u00e3o especial adquirida nos \u00faltimos anos sob a promessa vaga de ingresso na Organiza\u00e7\u00e3o para a Coopera\u00e7\u00e3o e Desenvolvimento Econ\u00f3mico (OCDE) \u00e9 um neg\u00f3cio, no m\u00ednimo, duvidoso. O enfraquecimento do Brasil na queda de bra\u00e7o das exporta\u00e7\u00f5es e com\u00e9rcio exterior pode gerar a uma exposi\u00e7\u00e3o ainda maior da ind\u00fastria nacional aos conflitos entre as grandes pot\u00eancias. Assim como a popularidade do presidente, o com\u00e9rcio exterior pode estar come\u00e7ando a descer ladeira abaixo.<\/p>\n\n\n\n<p>Como j\u00e1 citado, a participa\u00e7\u00e3o da reuni\u00e3o de portas fechadas com a CIA, sem qualquer protocolo de seguran\u00e7a nacional, gerou insatisfa\u00e7\u00e3o nos pr\u00f3prios c\u00edrculos do Itamaraty.<\/p>\n\n\n\n<p>Adepto da pol\u00edtica linha dura contra os imigrantes, Bolsonaro elogiou Trump, descartou os tratados de reciprocidade e acabou com qualquer exig\u00eancia de vistos para norte-americanos entrarem no Brasil. N\u00e3o bastasse tal medida unilateral, Eduardo Bolsonaro ainda disse que os brasileiros ilegais eram uma \u201cvergonha\u201d. A rebeli\u00e3o que causou na pr\u00f3pria base governista pode levar at\u00e9 a derrubada da medida no parlamento, visto que setores como Rodrigo Maia j\u00e1 anunciaram a contrariedade \u00e0 medida. Bolsonaro aplaudiu e apoiou Trump na sua persegui\u00e7\u00e3o contra imigrantes latino-americanos e a constru\u00e7\u00e3o do muro na fronteira com o M\u00e9xico.<\/p>\n\n\n\n<p>Os riscos maiores, contudo, dizem respeito \u00e0s rela\u00e7\u00f5es comerciais com a China e a ades\u00e3o ao discurso belicista contra a Venezuela. Apesar de n\u00e3o ter aparecido como um entrave ao com\u00e9rcio com os chineses, a linha dos bastidores foi a preocupa\u00e7\u00e3o com implanta\u00e7\u00e3o no Brasil da tecnologia de celulares do sistema 5G, tendo \u00e0 frente a temida transnacional chinesa Huawey. A aparente calma no assunto das rela\u00e7\u00f5es comerciais pode mudar a qualquer momento, diante da luta, ora aberta ora velada, de interesses entre Trump e a China. O indicativo de que lado Bolsonaro ficar\u00e1 n\u00e3o pode ser mais evidente.<\/p>\n\n\n\n<p>E no tema Venezuela, a declara\u00e7\u00e3o brasileira foi de apoio ao cerco dos Estados Unidos, onde Trump chegou a dizer que n\u00e3o descartava nenhuma op\u00e7\u00e3o. Bolsonaro sabe que qualquer a\u00e7\u00e3o abrupta na fronteira colocaria o pa\u00eds numa verdadeira aventura militar. O fracasso da primeira investida da oposi\u00e7\u00e3o encabe\u00e7ada por Guaid\u00f3, envolvendo as regi\u00f5es de fronteira foi um rev\u00e9s para o chamado \u201cGrupo de Lima\u201d. As seguintes declara\u00e7\u00f5es do porta-voz, de Mour\u00e3o e do comando das for\u00e7as militares primaram pela cautela, antes que qualquer outra coisa.<\/p>\n\n\n\n<p><strong>Regress\u00e3o neocolonial ou segunda independ\u00eancia<\/strong><\/p>\n\n\n\n<p>O n\u00edvel de submiss\u00e3o na rela\u00e7\u00e3o com os americanos \u00e9 muito superior ao dos acordos anteriores como o do MEC\/USAID ou outras experi\u00eancias. Coloca um problema muito perigoso: Bolsonaro anuncia que h\u00e1 um novo lugar para o Brasil no sistema internacional de pa\u00edses.<\/p>\n\n\n\n<p>O desmonte do Mercosul est\u00e1 em r\u00e1pido desenvolvimento. A visita ao Chile vai dar asas ao novo projeto, conhecido como \u201cProsur\u201d para contemplar a direita regional, em parceria com Pi\u00f1era.<\/p>\n\n\n\n<p>O pacote de medidas inclui ataques ao corpo t\u00e9cnico do Itamaraty como j\u00e1 ocorre nos primeiros meses de governo, com persegui\u00e7\u00e3o e demiss\u00e3o de embaixadores e especialistas. A hegemonia das rela\u00e7\u00f5es internacionais, dentro do governo, precisa ser mantida com os setores olavistas. Esse \u00e9 o plano para regress\u00e3o colonial acelerada, tanto no \u00e2mbito pol\u00edtico quanto no estrat\u00e9gico e econ\u00f4mico. Ao gosto da banca, a desnacionaliza\u00e7\u00e3o dos setores estrat\u00e9gicos para a log\u00edstica, a produ\u00e7\u00e3o e o controle dos principais servi\u00e7os, \u00e9 feita de forma veloz e agressiva.<\/p>\n\n\n\n<p>A gravidade do alinhamento a um modelo de governo desp\u00f3tico como Trump e seus aliados Orban, Salvini, entre v\u00e1rios, imp\u00f5e mais viol\u00eancia nas rela\u00e7\u00f5es diplom\u00e1ticas. Trump assiste a um crescente questionamento nos Estados Unidos, enfrentando o vigor de setores organizados da sociedade que n\u00e3o aceitam seu programa. A extrema-direita pode e deve ser isolada e derrotada. Trump precisa atacar o \u201cfantasma do socialismo\u201d para polarizar e coesionar for\u00e7as em busca da reelei\u00e7\u00e3o em 2020. No Brasil, a onda da extrema-direita tem caracter\u00edsticas pr\u00f3prias. O come\u00e7o do governo, com sua popularidade em queda antes de completar cem dias, indica os limites da aceita\u00e7\u00e3o popular da tentativa de um modelo de \u201ctrumpismo dos tr\u00f3picos\u201d.<\/p>\n\n\n\n<p>O problema da soberania nacional est\u00e1 recolocado para toda uma gera\u00e7\u00e3o. Os anos de governo Lula e Dilma retiraram da agenda a luta por soberania nacional, uma pauta cara para a esquerda socialista. Retomar com for\u00e7a essa bandeira, come\u00e7ando por organizar a luta com o tema de Alc\u00e2ntara, envolvendo comunidades quilombolas locais, representa\u00e7\u00f5es institucionais do estado do Maranh\u00e3o e setores de ponta da ci\u00eancia e tecnologia para levar a luta para o seio do povo. Discutir o problema da soberania nacional no terreno econ\u00f4mico, contrapondo o ultraliberalismo do modelo de Guedes, forjado pela Escola de Chicago e inspirado no Chile de Pinochet. As tarefas nacionais s\u00f3 podem ser agarradas de forma consequentes pelos socialistas. As tarefas de independ\u00eancia nunca foram plenamente realizadas pelos representantes da burguesia e os setores m\u00e9dios. O endividamento externo, com o saque que o FMI historicamente faz com os pa\u00edses atrasados, volta a ser um tema central na Argentina. Associar a luta por uma verdadeira segunda independ\u00eancia nacional com a luta por direitos \u00e9 o papel da esquerda e do PSOL. No terreno da luta de classes e no parlamento, onde temos uma posi\u00e7\u00e3o privilegiada como bancada na Comiss\u00e3o de Rela\u00e7\u00f5es Exteriores e Defesa Nacional.<\/p>\n\n\n\n<p>Por agora, ganhar a consci\u00eancia popular para as tarefas de independ\u00eancia e defesa da soberania, passa por desmascarar o falso nacionalismo da direita brasileira. E evidenciar uma atitude ativa nas quest\u00f5es como a da defesa do espa\u00e7o territorial de Alc\u00e2ntara, um recha\u00e7o a inger\u00eancia dos Estados Unidos e da CIA na vida pol\u00edtica nacional, a defesa intransigente do princ\u00edpio da n\u00e3o interven\u00e7\u00e3o no caso da vizinha Venezuela. Tais temas devem se transformar em campanhas massivas para organizar a luta do povo, n\u00e3o apenas contra Bolsonaro, mas a defesa dos interesses da ampla maioria de trabalhadores do Brasil.<\/p>\n\n\n\n<p>Novas contradi\u00e7\u00f5es no terreno da geopol\u00edtica mundial se avizinham. Defender as tarefas democr\u00e1ticas e de soberania nacional s\u00e3o chave para os socialistas ganharem a maioria do povo para uma consci\u00eancia anti-imperialista.<\/p>\n","protected":false},"excerpt":{"rendered":"<p>Israel Dutra, Secret\u00e1rio de Rela\u00e7\u00f5es Internacionais do PSOL A visita de Bolsonaro aos Estados Unidos entrou no rol das humilha\u00e7\u00f5es nacionais. Conseguiu superar as fat\u00eddicas cenas de Celso Lafer, que retirou seus sapatos para ser inspecionado antes de entrar em territ\u00f3rio estadunidense. Os tr\u00eas dias que Bolsonaro e sua comitiva passaram nas terras americanas foram [&hellip;]<\/p>\n","protected":false},"author":2,"featured_media":24557,"comment_status":"closed","ping_status":"open","sticky":false,"template":"","format":"standard","meta":{"_acf_changed":false,"footnotes":""},"categories":[3,836,6,707],"tags":[56,1244,16,1414],"class_list":{"0":"post-24553","1":"post","2":"type-post","3":"status-publish","4":"format-standard","5":"has-post-thumbnail","7":"category-artigos-e-entrevistas","8":"category-internacional","9":"category-noticias","10":"category-secr-ri","11":"tag-bolsonaro","12":"tag-donald-trump","13":"tag-eua","14":"tag-soberania-nacional"},"acf":[],"yoast_head":"<!-- This site is optimized with the Yoast SEO plugin v26.5 - https:\/\/yoast.com\/wordpress\/plugins\/seo\/ -->\n<title>Israel Dutra | \u201cYankees acima de tudo\u201d - Sobre a visita de Bolsonaro a Trump - PSOL 50<\/title>\n<meta name=\"robots\" content=\"index, follow, max-snippet:-1, max-image-preview:large, max-video-preview:-1\" \/>\n<link rel=\"canonical\" href=\"https:\/\/psol50.org.br\/yankees-acima-de-tudo-sobre-a-visita-de-bolsonaro-a-trump\/\" \/>\n<meta property=\"og:locale\" content=\"pt_BR\" \/>\n<meta property=\"og:type\" content=\"article\" \/>\n<meta property=\"og:title\" content=\"\u201cYankees acima de tudo\u201d - Sobre a visita de Bolsonaro a Trump\" \/>\n<meta property=\"og:description\" content=\"Leio o artigo de Israel Dutra.\" \/>\n<meta property=\"og:url\" content=\"https:\/\/psol50.org.br\/yankees-acima-de-tudo-sobre-a-visita-de-bolsonaro-a-trump\/\" \/>\n<meta property=\"og:site_name\" content=\"PSOL 50\" \/>\n<meta property=\"article:publisher\" content=\"https:\/\/www.facebook.com\/psol50\" \/>\n<meta property=\"article:published_time\" content=\"2019-03-22T14:47:35+00:00\" \/>\n<meta property=\"og:image\" content=\"https:\/\/psol50.org.br\/inc\/uploads\/2019\/03\/trump.jpg\" \/>\n\t<meta property=\"og:image:width\" content=\"900\" \/>\n\t<meta property=\"og:image:height\" content=\"500\" \/>\n\t<meta property=\"og:image:type\" content=\"image\/jpeg\" \/>\n<meta name=\"author\" content=\"Comunica\u00e7\u00e3o PSOL\" \/>\n<meta name=\"twitter:card\" content=\"summary_large_image\" \/>\n<meta name=\"twitter:title\" content=\"\u201cYankees acima de tudo\u201d - Sobre a visita de Bolsonaro a Trump\" \/>\n<meta name=\"twitter:description\" content=\"Leio o artigo de Israel Dutra.\" \/>\n<meta name=\"twitter:image\" content=\"https:\/\/psol50.org.br\/inc\/uploads\/2019\/03\/trump.jpg\" \/>\n<meta name=\"twitter:creator\" content=\"@psol50\" \/>\n<meta name=\"twitter:site\" content=\"@psol50\" \/>\n<meta name=\"twitter:label1\" content=\"Escrito por\" \/>\n\t<meta name=\"twitter:data1\" content=\"Comunica\u00e7\u00e3o PSOL\" \/>\n\t<meta name=\"twitter:label2\" content=\"Est. tempo de leitura\" \/>\n\t<meta name=\"twitter:data2\" content=\"12 minutos\" \/>\n<script type=\"application\/ld+json\" class=\"yoast-schema-graph\">{\"@context\":\"https:\/\/schema.org\",\"@graph\":[{\"@type\":\"Article\",\"@id\":\"https:\/\/psol50.org.br\/yankees-acima-de-tudo-sobre-a-visita-de-bolsonaro-a-trump\/#article\",\"isPartOf\":{\"@id\":\"https:\/\/psol50.org.br\/yankees-acima-de-tudo-sobre-a-visita-de-bolsonaro-a-trump\/\"},\"author\":{\"name\":\"Comunica\u00e7\u00e3o PSOL\",\"@id\":\"https:\/\/psol50.org.br\/#\/schema\/person\/475dfa57d0b815993c714c2e96491fcd\"},\"headline\":\"Israel Dutra | \u201cYankees acima de tudo\u201d &#8211; Sobre a visita de Bolsonaro a Trump\",\"datePublished\":\"2019-03-22T14:47:35+00:00\",\"mainEntityOfPage\":{\"@id\":\"https:\/\/psol50.org.br\/yankees-acima-de-tudo-sobre-a-visita-de-bolsonaro-a-trump\/\"},\"wordCount\":2422,\"publisher\":{\"@id\":\"https:\/\/psol50.org.br\/#organization\"},\"image\":{\"@id\":\"https:\/\/psol50.org.br\/yankees-acima-de-tudo-sobre-a-visita-de-bolsonaro-a-trump\/#primaryimage\"},\"thumbnailUrl\":\"https:\/\/psol50.org.br\/inc\/uploads\/2019\/03\/trump.jpg\",\"keywords\":[\"Bolsonaro\",\"Donald Trump\",\"EUA\",\"soberania nacional\"],\"articleSection\":[\"Artigos\",\"Internacional\",\"Not\u00edcias\",\"Secr. de RI\"],\"inLanguage\":\"pt-BR\"},{\"@type\":\"WebPage\",\"@id\":\"https:\/\/psol50.org.br\/yankees-acima-de-tudo-sobre-a-visita-de-bolsonaro-a-trump\/\",\"url\":\"https:\/\/psol50.org.br\/yankees-acima-de-tudo-sobre-a-visita-de-bolsonaro-a-trump\/\",\"name\":\"Israel Dutra | \u201cYankees acima de tudo\u201d - Sobre a visita de Bolsonaro a Trump - PSOL 50\",\"isPartOf\":{\"@id\":\"https:\/\/psol50.org.br\/#website\"},\"primaryImageOfPage\":{\"@id\":\"https:\/\/psol50.org.br\/yankees-acima-de-tudo-sobre-a-visita-de-bolsonaro-a-trump\/#primaryimage\"},\"image\":{\"@id\":\"https:\/\/psol50.org.br\/yankees-acima-de-tudo-sobre-a-visita-de-bolsonaro-a-trump\/#primaryimage\"},\"thumbnailUrl\":\"https:\/\/psol50.org.br\/inc\/uploads\/2019\/03\/trump.jpg\",\"datePublished\":\"2019-03-22T14:47:35+00:00\",\"breadcrumb\":{\"@id\":\"https:\/\/psol50.org.br\/yankees-acima-de-tudo-sobre-a-visita-de-bolsonaro-a-trump\/#breadcrumb\"},\"inLanguage\":\"pt-BR\",\"potentialAction\":[{\"@type\":\"ReadAction\",\"target\":[\"https:\/\/psol50.org.br\/yankees-acima-de-tudo-sobre-a-visita-de-bolsonaro-a-trump\/\"]}]},{\"@type\":\"ImageObject\",\"inLanguage\":\"pt-BR\",\"@id\":\"https:\/\/psol50.org.br\/yankees-acima-de-tudo-sobre-a-visita-de-bolsonaro-a-trump\/#primaryimage\",\"url\":\"https:\/\/psol50.org.br\/inc\/uploads\/2019\/03\/trump.jpg\",\"contentUrl\":\"https:\/\/psol50.org.br\/inc\/uploads\/2019\/03\/trump.jpg\",\"width\":900,\"height\":500,\"caption\":\"\"},{\"@type\":\"BreadcrumbList\",\"@id\":\"https:\/\/psol50.org.br\/yankees-acima-de-tudo-sobre-a-visita-de-bolsonaro-a-trump\/#breadcrumb\",\"itemListElement\":[{\"@type\":\"ListItem\",\"position\":1,\"name\":\"In\u00edcio\",\"item\":\"https:\/\/psol50.org.br\/\"},{\"@type\":\"ListItem\",\"position\":2,\"name\":\"Israel Dutra | \u201cYankees acima de tudo\u201d &#8211; Sobre a visita de Bolsonaro a Trump\"}]},{\"@type\":\"WebSite\",\"@id\":\"https:\/\/psol50.org.br\/#website\",\"url\":\"https:\/\/psol50.org.br\/\",\"name\":\"PSOL 50\",\"description\":\"Site oficial do Partido Socialismo e Liberdade\",\"publisher\":{\"@id\":\"https:\/\/psol50.org.br\/#organization\"},\"alternateName\":\"PSOL50\",\"potentialAction\":[{\"@type\":\"SearchAction\",\"target\":{\"@type\":\"EntryPoint\",\"urlTemplate\":\"https:\/\/psol50.org.br\/?s={search_term_string}\"},\"query-input\":{\"@type\":\"PropertyValueSpecification\",\"valueRequired\":true,\"valueName\":\"search_term_string\"}}],\"inLanguage\":\"pt-BR\"},{\"@type\":\"Organization\",\"@id\":\"https:\/\/psol50.org.br\/#organization\",\"name\":\"PSOL 50\",\"alternateName\":\"PSOL 50\",\"url\":\"https:\/\/psol50.org.br\/\",\"logo\":{\"@type\":\"ImageObject\",\"inLanguage\":\"pt-BR\",\"@id\":\"https:\/\/psol50.org.br\/#\/schema\/logo\/image\/\",\"url\":\"https:\/\/psol50.org.br\/inc\/uploads\/2018\/07\/capa.png\",\"contentUrl\":\"https:\/\/psol50.org.br\/inc\/uploads\/2018\/07\/capa.png\",\"width\":1350,\"height\":900,\"caption\":\"PSOL 50\"},\"image\":{\"@id\":\"https:\/\/psol50.org.br\/#\/schema\/logo\/image\/\"},\"sameAs\":[\"https:\/\/www.facebook.com\/psol50\",\"https:\/\/x.com\/psol50\",\"https:\/\/www.instagram.com\/psol50\/\",\"https:\/\/www.youtube.com\/channel\/UC7SnJS5o1os7a6CaiNabzcg\"]},{\"@type\":\"Person\",\"@id\":\"https:\/\/psol50.org.br\/#\/schema\/person\/475dfa57d0b815993c714c2e96491fcd\",\"name\":\"Comunica\u00e7\u00e3o PSOL\",\"image\":{\"@type\":\"ImageObject\",\"inLanguage\":\"pt-BR\",\"@id\":\"https:\/\/psol50.org.br\/#\/schema\/person\/image\/\",\"url\":\"https:\/\/secure.gravatar.com\/avatar\/b34fc4f4e468a4e51785917065a3db57b841f5c95dba6ad8c73aaf8f66f8f9bf?s=96&d=mm&r=g\",\"contentUrl\":\"https:\/\/secure.gravatar.com\/avatar\/b34fc4f4e468a4e51785917065a3db57b841f5c95dba6ad8c73aaf8f66f8f9bf?s=96&d=mm&r=g\",\"caption\":\"Comunica\u00e7\u00e3o PSOL\"}}]}<\/script>\n<!-- \/ Yoast SEO plugin. -->","yoast_head_json":{"title":"Israel Dutra | \u201cYankees acima de tudo\u201d - Sobre a visita de Bolsonaro a Trump - PSOL 50","robots":{"index":"index","follow":"follow","max-snippet":"max-snippet:-1","max-image-preview":"max-image-preview:large","max-video-preview":"max-video-preview:-1"},"canonical":"https:\/\/psol50.org.br\/yankees-acima-de-tudo-sobre-a-visita-de-bolsonaro-a-trump\/","og_locale":"pt_BR","og_type":"article","og_title":"\u201cYankees acima de tudo\u201d - Sobre a visita de Bolsonaro a Trump","og_description":"Leio o artigo de Israel Dutra.","og_url":"https:\/\/psol50.org.br\/yankees-acima-de-tudo-sobre-a-visita-de-bolsonaro-a-trump\/","og_site_name":"PSOL 50","article_publisher":"https:\/\/www.facebook.com\/psol50","article_published_time":"2019-03-22T14:47:35+00:00","og_image":[{"width":900,"height":500,"url":"https:\/\/psol50.org.br\/inc\/uploads\/2019\/03\/trump.jpg","type":"image\/jpeg"}],"author":"Comunica\u00e7\u00e3o PSOL","twitter_card":"summary_large_image","twitter_title":"\u201cYankees acima de tudo\u201d - Sobre a visita de Bolsonaro a Trump","twitter_description":"Leio o artigo de Israel Dutra.","twitter_image":"https:\/\/psol50.org.br\/inc\/uploads\/2019\/03\/trump.jpg","twitter_creator":"@psol50","twitter_site":"@psol50","twitter_misc":{"Escrito por":"Comunica\u00e7\u00e3o PSOL","Est. tempo de leitura":"12 minutos"},"schema":{"@context":"https:\/\/schema.org","@graph":[{"@type":"Article","@id":"https:\/\/psol50.org.br\/yankees-acima-de-tudo-sobre-a-visita-de-bolsonaro-a-trump\/#article","isPartOf":{"@id":"https:\/\/psol50.org.br\/yankees-acima-de-tudo-sobre-a-visita-de-bolsonaro-a-trump\/"},"author":{"name":"Comunica\u00e7\u00e3o PSOL","@id":"https:\/\/psol50.org.br\/#\/schema\/person\/475dfa57d0b815993c714c2e96491fcd"},"headline":"Israel Dutra | \u201cYankees acima de tudo\u201d &#8211; Sobre a visita de Bolsonaro a Trump","datePublished":"2019-03-22T14:47:35+00:00","mainEntityOfPage":{"@id":"https:\/\/psol50.org.br\/yankees-acima-de-tudo-sobre-a-visita-de-bolsonaro-a-trump\/"},"wordCount":2422,"publisher":{"@id":"https:\/\/psol50.org.br\/#organization"},"image":{"@id":"https:\/\/psol50.org.br\/yankees-acima-de-tudo-sobre-a-visita-de-bolsonaro-a-trump\/#primaryimage"},"thumbnailUrl":"https:\/\/psol50.org.br\/inc\/uploads\/2019\/03\/trump.jpg","keywords":["Bolsonaro","Donald Trump","EUA","soberania nacional"],"articleSection":["Artigos","Internacional","Not\u00edcias","Secr. de RI"],"inLanguage":"pt-BR"},{"@type":"WebPage","@id":"https:\/\/psol50.org.br\/yankees-acima-de-tudo-sobre-a-visita-de-bolsonaro-a-trump\/","url":"https:\/\/psol50.org.br\/yankees-acima-de-tudo-sobre-a-visita-de-bolsonaro-a-trump\/","name":"Israel Dutra | \u201cYankees acima de tudo\u201d - Sobre a visita de Bolsonaro a Trump - PSOL 50","isPartOf":{"@id":"https:\/\/psol50.org.br\/#website"},"primaryImageOfPage":{"@id":"https:\/\/psol50.org.br\/yankees-acima-de-tudo-sobre-a-visita-de-bolsonaro-a-trump\/#primaryimage"},"image":{"@id":"https:\/\/psol50.org.br\/yankees-acima-de-tudo-sobre-a-visita-de-bolsonaro-a-trump\/#primaryimage"},"thumbnailUrl":"https:\/\/psol50.org.br\/inc\/uploads\/2019\/03\/trump.jpg","datePublished":"2019-03-22T14:47:35+00:00","breadcrumb":{"@id":"https:\/\/psol50.org.br\/yankees-acima-de-tudo-sobre-a-visita-de-bolsonaro-a-trump\/#breadcrumb"},"inLanguage":"pt-BR","potentialAction":[{"@type":"ReadAction","target":["https:\/\/psol50.org.br\/yankees-acima-de-tudo-sobre-a-visita-de-bolsonaro-a-trump\/"]}]},{"@type":"ImageObject","inLanguage":"pt-BR","@id":"https:\/\/psol50.org.br\/yankees-acima-de-tudo-sobre-a-visita-de-bolsonaro-a-trump\/#primaryimage","url":"https:\/\/psol50.org.br\/inc\/uploads\/2019\/03\/trump.jpg","contentUrl":"https:\/\/psol50.org.br\/inc\/uploads\/2019\/03\/trump.jpg","width":900,"height":500,"caption":""},{"@type":"BreadcrumbList","@id":"https:\/\/psol50.org.br\/yankees-acima-de-tudo-sobre-a-visita-de-bolsonaro-a-trump\/#breadcrumb","itemListElement":[{"@type":"ListItem","position":1,"name":"In\u00edcio","item":"https:\/\/psol50.org.br\/"},{"@type":"ListItem","position":2,"name":"Israel Dutra | \u201cYankees acima de tudo\u201d &#8211; Sobre a visita de Bolsonaro a Trump"}]},{"@type":"WebSite","@id":"https:\/\/psol50.org.br\/#website","url":"https:\/\/psol50.org.br\/","name":"PSOL 50","description":"Site oficial do Partido Socialismo e Liberdade","publisher":{"@id":"https:\/\/psol50.org.br\/#organization"},"alternateName":"PSOL50","potentialAction":[{"@type":"SearchAction","target":{"@type":"EntryPoint","urlTemplate":"https:\/\/psol50.org.br\/?s={search_term_string}"},"query-input":{"@type":"PropertyValueSpecification","valueRequired":true,"valueName":"search_term_string"}}],"inLanguage":"pt-BR"},{"@type":"Organization","@id":"https:\/\/psol50.org.br\/#organization","name":"PSOL 50","alternateName":"PSOL 50","url":"https:\/\/psol50.org.br\/","logo":{"@type":"ImageObject","inLanguage":"pt-BR","@id":"https:\/\/psol50.org.br\/#\/schema\/logo\/image\/","url":"https:\/\/psol50.org.br\/inc\/uploads\/2018\/07\/capa.png","contentUrl":"https:\/\/psol50.org.br\/inc\/uploads\/2018\/07\/capa.png","width":1350,"height":900,"caption":"PSOL 50"},"image":{"@id":"https:\/\/psol50.org.br\/#\/schema\/logo\/image\/"},"sameAs":["https:\/\/www.facebook.com\/psol50","https:\/\/x.com\/psol50","https:\/\/www.instagram.com\/psol50\/","https:\/\/www.youtube.com\/channel\/UC7SnJS5o1os7a6CaiNabzcg"]},{"@type":"Person","@id":"https:\/\/psol50.org.br\/#\/schema\/person\/475dfa57d0b815993c714c2e96491fcd","name":"Comunica\u00e7\u00e3o PSOL","image":{"@type":"ImageObject","inLanguage":"pt-BR","@id":"https:\/\/psol50.org.br\/#\/schema\/person\/image\/","url":"https:\/\/secure.gravatar.com\/avatar\/b34fc4f4e468a4e51785917065a3db57b841f5c95dba6ad8c73aaf8f66f8f9bf?s=96&d=mm&r=g","contentUrl":"https:\/\/secure.gravatar.com\/avatar\/b34fc4f4e468a4e51785917065a3db57b841f5c95dba6ad8c73aaf8f66f8f9bf?s=96&d=mm&r=g","caption":"Comunica\u00e7\u00e3o PSOL"}}]}},"_links":{"self":[{"href":"https:\/\/psol50.org.br\/rest\/wp\/v2\/posts\/24553","targetHints":{"allow":["GET"]}}],"collection":[{"href":"https:\/\/psol50.org.br\/rest\/wp\/v2\/posts"}],"about":[{"href":"https:\/\/psol50.org.br\/rest\/wp\/v2\/types\/post"}],"author":[{"embeddable":true,"href":"https:\/\/psol50.org.br\/rest\/wp\/v2\/users\/2"}],"replies":[{"embeddable":true,"href":"https:\/\/psol50.org.br\/rest\/wp\/v2\/comments?post=24553"}],"version-history":[{"count":0,"href":"https:\/\/psol50.org.br\/rest\/wp\/v2\/posts\/24553\/revisions"}],"wp:featuredmedia":[{"embeddable":true,"href":"https:\/\/psol50.org.br\/rest\/wp\/v2\/media\/24557"}],"wp:attachment":[{"href":"https:\/\/psol50.org.br\/rest\/wp\/v2\/media?parent=24553"}],"wp:term":[{"taxonomy":"category","embeddable":true,"href":"https:\/\/psol50.org.br\/rest\/wp\/v2\/categories?post=24553"},{"taxonomy":"post_tag","embeddable":true,"href":"https:\/\/psol50.org.br\/rest\/wp\/v2\/tags?post=24553"}],"curies":[{"name":"wp","href":"https:\/\/api.w.org\/{rel}","templated":true}]}}