{"id":2456,"date":"2013-12-06T00:00:00","date_gmt":"2013-12-06T00:00:00","guid":{"rendered":"http:\/\/psol50.org.br\/arquivo\/2013\/12\/06\/em-entrevista-a-revista-carta-capital-novo-presidente-do-psol-afirma-que-candidatura-de-randolfe-sera-competitiva\/"},"modified":"2013-12-06T00:00:00","modified_gmt":"2013-12-06T00:00:00","slug":"em-entrevista-a-revista-carta-capital-novo-presidente-do-psol-afirma-que-candidatura-de-randolfe-sera-competitiva","status":"publish","type":"post","link":"https:\/\/psol50.org.br\/em-entrevista-a-revista-carta-capital-novo-presidente-do-psol-afirma-que-candidatura-de-randolfe-sera-competitiva\/","title":{"rendered":"Em entrevista \u00e0 revista Carta Capital, novo presidente do PSOL afirma que \u201ccandidatura de Randolfe ser\u00e1 competitiva\u201d"},"content":{"rendered":"<div style=\"text-align: justify;\">\n\t<em>O ex-deputado estadual do Par\u00e1 Luiz Ara\u00fajo afirma que manifesta\u00e7\u00f5es de junho abrem espa\u00e7o para alternativa mais \u00e0 esquerda nas pr\u00f3ximas elei\u00e7\u00f5es<\/em><br \/>\n\t&nbsp;<br \/>\n\t<em>Por&nbsp;<\/em><a href=\"http:\/\/www.cartacapital.com.br\/autores\/piero\" target=\"_blank\" rel=\"noopener\"><em>Piero Locatelli<\/em><\/a><em>, da Carta Capital&nbsp;<\/em><br \/>\n\t&nbsp;<br \/>\n\tO presidente eleito do PSOL, Luiz Ara\u00fajo, diz que a candidatura do senador Randolfe Rodrigues (PSOL-AP) \u00e0 Presid\u00eancia da Rep\u00fablica em 2014 ser\u00e1 competitiva. \u201cN\u00f3s apresentamos uma candidatura que tenta conquistar esse eleitorado que deseja mudan\u00e7a, a partir do pressuposto que as tr\u00eas principais candidaturas s\u00e3o mais do mesmo.\u201d<br \/>\n\t&nbsp;<br \/>\n\tAra\u00fajo foi eleito presidente do partido no 4\u00ba Congresso Nacional do PSOL, realizado no \u00faltimo final de semana. Ele foi deputado estadual no Par\u00e1, presidente do Inep (Instituto Nacional de Estudos e Pesquisas Educacionais) no primeiro mandato do ex-presidente Lula e secret\u00e1rio municipal de Educa\u00e7\u00e3o em Bel\u00e9m quando Edmilson Rodrigues (ex-PT, atualmente no PSOL) era prefeito da cidade. Hoje, Ara\u00fajo trabalha como assessor parlamentar no gabinete de Randolfe. Ele ir\u00e1 substituir o deputado federal Ivan Valente (PSOL-SP) na presid\u00eancia da legenda e comandar\u00e1 o partido no processo eleitoral do pr\u00f3ximo ano.<br \/>\n\t&nbsp;<br \/>\n\tEm entrevista \u00e0&nbsp;<em>CartaCapital<\/em>, Ara\u00fajo comenta as chances do PSOL em diversos estados e a vis\u00e3o da legenda sobre as manifesta\u00e7\u00f5es de junho em todo o pa\u00eds. Leia abaixo:<br \/>\n\t&nbsp;<br \/>\n\t<strong><em>CartaCapital:<\/em><\/strong><em>&nbsp;Qual a expectativa de vota\u00e7\u00e3o de Randolfe na pr\u00f3xima elei\u00e7\u00e3o? Ele pode ser um candidato competitivo? Ou sua candidatura serviria somente para ajudar o partido no Legislativo?<\/em><br \/>\n\t<strong><em>Luiz Ara\u00fajo:<\/em><\/strong>&nbsp;\u00c9 competitivo, porque existe um espa\u00e7o bastante grande para uma candidatura \u00e0 esquerda. H\u00e1 uma contradi\u00e7\u00e3o mal resolvida: as pesquisas mostram uma alta defini\u00e7\u00e3o de votos. Mas 60 por cento do eleitorado diz querer mudan\u00e7as. N\u00f3s apresentamos uma candidatura que tenta conquistar esse eleitorado que deseja mudan\u00e7a, a partir do pressuposto de que as tr\u00eas principais candidaturas s\u00e3o mais do mesmo. Ap\u00f3s as jornadas de junho, h\u00e1 uma insatisfa\u00e7\u00e3o que abre espa\u00e7o para uma candidatura nova.<br \/>\n\t&nbsp;<br \/>\n\t<strong>CC:&nbsp;<\/strong><em>Randolfe disse que vai buscar alian\u00e7a de partidos como PCB e PSTU. Outros partidos est\u00e3o descartados?<\/em><br \/>\n\t<strong>LA:<\/strong>&nbsp;O leque de alian\u00e7as deve ser prioritariamente com PCB e PSTU. Se depender da gente, n\u00f3s vamos fazer todo o esfor\u00e7o para recompor a frente de esquerda. Mas n\u00e3o vai haver negocia\u00e7\u00f5es com outros partidos, evidentemente, porque nossa candidatura chega para romper uma polariza\u00e7\u00e3o que j\u00e1 existe. N\u00e3o estamos muito preocupados em negociar com partidos. As manifesta\u00e7\u00f5es de junho mostraram que \u00e9 necess\u00e1rio ampliar a alian\u00e7a para movimentos sociais insatisfeitos com o governo, e podem vir a ser conquistados por um programa elaborado com eles.<br \/>\n\t&nbsp;<br \/>\n\tTemos capacidade de dialogar com esses segmentos que seriam tradicionalmente eleitores de partidos de esquerda em torno da Dilma. Por exemplo, existe uma mobiliza\u00e7\u00e3o contra os gastos da Copa do Mundo. N\u00f3s fomos o \u00fanico partido que votou contra a lei geral da Copa.<br \/>\n\t&nbsp;<br \/>\n\t<strong>CC:&nbsp;<\/strong><em>Mas o pr\u00f3prio PSOL sofreu hostilidade nas ruas durante os protestos, a exemplo de outros partidos. Como o PSOL pode dialogar com essas pessoas que repudiam os partidos?<\/em><br \/>\n\t<strong><em>LA:<\/em><\/strong>&nbsp;\u00c9 um problema que ter\u00e1 de ser enfrentado em dois caminhos. O primeiro \u00e9 program\u00e1tico: precisamos apresentar um programa que dialogue com as reivindica\u00e7\u00f5es das ruas e apresente uma alternativa ao que eles estavam rejeitando, ou seja, \u00e0 forma como a pol\u00edtica tem acontecido no Brasil. N\u00f3s vamos disputar esse sentimento de mudan\u00e7a presente no eleitorado, que \u00e9 um sentimento confuso em termos program\u00e1ticos, mas \u00e9 muito direcionado a uma presen\u00e7a maior do estado nas presta\u00e7\u00f5es de servi\u00e7o.<br \/>\n\t&nbsp;<br \/>\n\tO outro lado \u00e9 um desafio sobre como a gente reinventa um partido de esquerda, para que ele n\u00e3o sofra como os partidos sofreram nas manifesta\u00e7\u00f5es. Alguma coisa os partidos de esquerda n\u00e3o fizeram certo , isso fez essa juventude que foi para as ruas n\u00e3o conseguir distingui-los.<br \/>\n\t&nbsp;<br \/>\n\t<strong><em>CC<\/em><\/strong><em>: O que os partidos de esquerda fizeram de errado para que fossem hostilizados?<\/em><br \/>\n\t<strong><em>LA:<\/em><\/strong>&nbsp;O que mais me preocupou n\u00e3o foi nem tanto a rea\u00e7\u00e3o aos partidos, mas as rea\u00e7\u00f5es \u00e0s entidades e movimentos sociais ligados aos partidos. Houve uma rea\u00e7\u00e3o contra a UNE, as centrais sindicais e os diret\u00f3rios acad\u00eamicos. Ela n\u00e3o aconteceu porque as pessoas n\u00e3o reconhecessem a sua import\u00e2ncia, a rea\u00e7\u00e3o ocorreu porque enxergavam neles um bra\u00e7o dos partidos. E essa partidariza\u00e7\u00e3o das entidades, que passam a representar apenas um segmento daquele conjunto de pessoas daquela \u00e1rea, de um curso, duma f\u00e1brica, o que seja, significa que a nossa pr\u00e1tica n\u00e3o est\u00e1 conseguindo manter nossas entidades representativas de todos. Isso deveria fazer toda a esquerda repensar a forma como se relaciona com os estudantes, qual o papel que essas entidades t\u00eam, e qual \u00e9 o papel da politiza\u00e7\u00e3o necess\u00e1ria nelas. Mas tamb\u00e9m deve tentar uma separa\u00e7\u00e3o com a vida partid\u00e1ria, que \u00e0s vezes se confunde com a dessas entidades.<br \/>\n\t&nbsp;<br \/>\n\t<strong><em>CC:<\/em><\/strong><em>&nbsp;Mas as pessoas querem ser representadas por essas entidades? O problema n\u00e3o \u00e9 a pr\u00f3pria ideia de representa\u00e7\u00e3o nelas?<\/em><br \/>\n\t<strong><em>LA:<\/em><\/strong>&nbsp;Vamos precisar&nbsp;criar formas alternativas de consulta direta \u00e0 popula\u00e7\u00e3o. N\u00f3s somos um partido que defende a radicaliza\u00e7\u00e3o dos processos de consultas plebiscit\u00e1rias. Um caminho seria fazer, nos pr\u00f3ximos anos, formas diretas de consultas sobre as grandes decis\u00f5es nacionais, fazer consultas mais r\u00e1pidas sobre temas estrat\u00e9gicos. Fazer isso na vida partid\u00e1ria, no governo e nas entidades.<br \/>\n\t&nbsp;<br \/>\n\tHoje voc\u00ea elege um diret\u00f3rio e depois as decis\u00f5es s\u00e3o tomadas por 30, 40 estudantes que aparecem nas assembleias. Isso vale tamb\u00e9m para os sindicatos. As pessoas se cansaram de ir porque n\u00e3o viam um espa\u00e7o muito democr\u00e1tico, mas n\u00e3o foram criadas formas mais democr\u00e1ticas para que as pessoas fossem ouvidas. \u00c9 um n\u00f3 que precisamos desatar. Voc\u00ea precisa ter formas mais r\u00e1pidas de decis\u00e3o no partido.<br \/>\n\t&nbsp;<br \/>\n\t<strong><em>CC:<\/em><\/strong>&nbsp;<em>O PSOL \u00e9 um partido formado por diversas tend\u00eancias, e suas diverg\u00eancias internas ficam mais aparentes que nos outros partidos. A vota\u00e7\u00e3o da escolha de Randolfe, por exemplo, aconteceu de forma apertada. Essas diverg\u00eancias prejudicam as a\u00e7\u00f5es do partido?<\/em><br \/>\n\t<strong><em>LA:<\/em><\/strong> O PSOL \u00e9 um partido em constru\u00e7\u00e3o. \u00c9 normal que voc\u00ea tenha, digamos assim, uma federa\u00e7\u00e3o de grupos existindo e falando publicamente. Mas quanto mais o partido se fortalece, e se fortalece programaticamente, mais isso vai se consolidando como uma cara pr\u00f3pria de partido. A nossa gest\u00e3o vai trabalhar muito para que se supere essa vis\u00e3o e seja um partido com mais musculatura interna, mas vamos continuar tendo as diferen\u00e7as internas, que s\u00e3o importantes.<br \/>\n\t&nbsp;<br \/>\n\t<em>CC:<\/em>&nbsp;<em>O senhor falou em \u201celeger uma forte bancada de deputados federais nos principais estados onde o partido tem uma forte inser\u00e7\u00e3o\u201d. Que estados seriam esses?<\/em><br \/>\n\t<strong><em>LA:<\/em><\/strong>&nbsp;O PSOL \u00e9 um partido que tem n\u00edveis de penetra\u00e7\u00e3o diferentes no pa\u00eds. N\u00f3s temos um potencial de crescer a bancada no Rio de Janeiro e em S\u00e3o Paulo. E, tendo uma candidatura majorit\u00e1ria competitiva, isso ajuda muito, como ajudou na \u00e9poca da Heloisa Helena (<em>candidata \u00e0 presid\u00eancia em 2006<\/em>).<br \/>\n\tTemos chance no Par\u00e1, com o Edmilson Rodrigues. Ele foi o segundo colocado na elei\u00e7\u00e3o para prefeito, foi o deputado estadual mais votado, e vai puxar nossa chapa de deputados federais. Com a candidatura do Randolfe e com o governo em Macap\u00e1, n\u00f3s temos uma chance maior de eleger gente l\u00e1. E temos uma chance de eleger algu\u00e9m no Cear\u00e1, j\u00e1 que n\u00e3o elegemos na \u00faltima vez por causa do coeficiente. E, a depender da configura\u00e7\u00e3o, talvez possamos ter chance em Bras\u00edlia. Infelizmente a Luciana Genro n\u00e3o pode sair no Rio Grande do Sul. Porque n\u00f3s ter\u00edamos chance de fazer uma boa chapa para eleg\u00ea-la l\u00e1. (<em>Luciana \u00e9 filha de Tarso Genro, governador do Estado, e por isso n\u00e3o pode concorrer<\/em>).<br \/>\n\t&nbsp;<br \/>\n\tE tudo vai depender de como a candidatura do Randolfe crescer. Pode acontecer o fen\u00f4meno que aconteceu com o crescimento da candidatura do Marcelo Freixo (<em>segundo colocado \u00e0 prefeitura do Rio em 2012<\/em>), quando conseguimos eleger uma boa bancada de vereadores.<br \/>\n\t&nbsp;<br \/>\n\t<strong><em>CC:&nbsp;<\/em><\/strong><em>O programa do PSOL defende a anula\u00e7\u00e3o da d\u00edvida p\u00fablica com os bancos e o financiamento p\u00fablico de campanha.&nbsp;Na \u00faltima elei\u00e7\u00e3o, por\u00e9m, candidatos competitivos como Edmilson Rodrigues acabaram defendendo o pagamento da d\u00edvida e recebendo majoritariamente doa\u00e7\u00f5es de empresas. O partido deve receber doa\u00e7\u00f5es da iniciativa privada na pr\u00f3xima elei\u00e7\u00e3o?<\/em><br \/>\n\t<strong><em>LA:<\/em><\/strong>&nbsp;O pr\u00f3prio Randolfe j\u00e1 declarou que n\u00e3o aceitar\u00e1 doa\u00e7\u00e3o daqueles que mandam hoje no governo: banqueiros, empreiteiras, agroneg\u00f3cio, que s\u00e3o proibidas explicitamente pelo estatuto do partido.<br \/>\n\t&nbsp;<br \/>\n\tMas h\u00e1 uma pol\u00eamica interna, se o partido deve manter um procedimento igual em todos os locais, se aceita doa\u00e7\u00e3o de pessoa jur\u00eddica ou n\u00e3o. No momento, a gente n\u00e3o tem uma posi\u00e7\u00e3o sobre isso.<br \/>\n\t&nbsp;<br \/>\n\tA priori, os grandes empres\u00e1rios, em especial as empreiteiras, n\u00e3o ser\u00e3o aceitas na campanha. Obviamente nem estar\u00e3o no leque daqueles que v\u00e3o nos ajudar, n\u00e3o \u00e9 muito dif\u00edcil cumprir essa resolu\u00e7\u00e3o. A pol\u00eamica \u00e9 se um pequeno ou m\u00e9dio empres\u00e1rio quiser doar. Vamos amadurecer e estabelecer limites.<\/div>\n<p>&nbsp;<br \/>\n&nbsp;<\/p>\n","protected":false},"excerpt":{"rendered":"<p>O ex-deputado estadual do Par\u00e1 Luiz Ara\u00fajo afirma que manifesta\u00e7\u00f5es de junho abrem espa\u00e7o para alternativa mais \u00e0 esquerda nas pr\u00f3ximas elei\u00e7\u00f5es &nbsp; Por&nbsp;Piero Locatelli, da Carta Capital&nbsp; &nbsp; O presidente eleito do PSOL, Luiz Ara\u00fajo, diz que a candidatura do senador Randolfe Rodrigues (PSOL-AP) \u00e0 Presid\u00eancia da Rep\u00fablica em 2014 ser\u00e1 competitiva. \u201cN\u00f3s apresentamos [&hellip;]<\/p>\n","protected":false},"author":2,"featured_media":0,"comment_status":"open","ping_status":"open","sticky":false,"template":"","format":"standard","meta":{"_acf_changed":false,"footnotes":""},"categories":[4766,6],"tags":[22],"class_list":{"0":"post-2456","1":"post","2":"type-post","3":"status-publish","4":"format-standard","6":"category-arquivo","7":"category-noticias","8":"tag-psol"},"acf":[],"yoast_head":"<!-- This site is optimized with the Yoast SEO plugin v26.5 - https:\/\/yoast.com\/wordpress\/plugins\/seo\/ -->\n<title>Em entrevista \u00e0 revista Carta Capital, novo presidente do PSOL afirma que \u201ccandidatura de Randolfe ser\u00e1 competitiva\u201d - PSOL 50<\/title>\n<meta name=\"robots\" content=\"index, follow, max-snippet:-1, max-image-preview:large, max-video-preview:-1\" \/>\n<link rel=\"canonical\" href=\"https:\/\/psol50.org.br\/em-entrevista-a-revista-carta-capital-novo-presidente-do-psol-afirma-que-candidatura-de-randolfe-sera-competitiva\/\" \/>\n<meta property=\"og:locale\" content=\"pt_BR\" \/>\n<meta property=\"og:type\" content=\"article\" \/>\n<meta property=\"og:title\" content=\"Em entrevista \u00e0 revista Carta Capital, novo presidente do PSOL afirma que \u201ccandidatura de Randolfe ser\u00e1 competitiva\u201d - PSOL 50\" \/>\n<meta property=\"og:description\" content=\"O ex-deputado estadual do Par\u00e1 Luiz Ara\u00fajo afirma que manifesta\u00e7\u00f5es de junho abrem espa\u00e7o para alternativa mais \u00e0 esquerda nas pr\u00f3ximas elei\u00e7\u00f5es &nbsp; Por&nbsp;Piero Locatelli, da Carta Capital&nbsp; &nbsp; O presidente eleito do PSOL, Luiz Ara\u00fajo, diz que a candidatura do senador Randolfe Rodrigues (PSOL-AP) \u00e0 Presid\u00eancia da Rep\u00fablica em 2014 ser\u00e1 competitiva. \u201cN\u00f3s apresentamos [&hellip;]\" \/>\n<meta property=\"og:url\" content=\"https:\/\/psol50.org.br\/em-entrevista-a-revista-carta-capital-novo-presidente-do-psol-afirma-que-candidatura-de-randolfe-sera-competitiva\/\" \/>\n<meta property=\"og:site_name\" content=\"PSOL 50\" \/>\n<meta property=\"article:publisher\" content=\"https:\/\/www.facebook.com\/psol50\" \/>\n<meta property=\"article:published_time\" content=\"2013-12-06T00:00:00+00:00\" \/>\n<meta property=\"og:image\" content=\"https:\/\/psol50.org.br\/inc\/uploads\/2018\/07\/capa.png\" \/>\n\t<meta property=\"og:image:width\" content=\"1350\" \/>\n\t<meta property=\"og:image:height\" content=\"900\" \/>\n\t<meta property=\"og:image:type\" content=\"image\/png\" \/>\n<meta name=\"author\" content=\"Comunica\u00e7\u00e3o PSOL\" \/>\n<meta name=\"twitter:card\" content=\"summary_large_image\" \/>\n<meta name=\"twitter:creator\" content=\"@psol50\" \/>\n<meta name=\"twitter:site\" content=\"@psol50\" \/>\n<meta name=\"twitter:label1\" content=\"Escrito por\" \/>\n\t<meta name=\"twitter:data1\" content=\"Comunica\u00e7\u00e3o PSOL\" \/>\n\t<meta name=\"twitter:label2\" content=\"Est. tempo de leitura\" \/>\n\t<meta name=\"twitter:data2\" content=\"8 minutos\" \/>\n<script type=\"application\/ld+json\" class=\"yoast-schema-graph\">{\"@context\":\"https:\/\/schema.org\",\"@graph\":[{\"@type\":\"Article\",\"@id\":\"https:\/\/psol50.org.br\/em-entrevista-a-revista-carta-capital-novo-presidente-do-psol-afirma-que-candidatura-de-randolfe-sera-competitiva\/#article\",\"isPartOf\":{\"@id\":\"https:\/\/psol50.org.br\/em-entrevista-a-revista-carta-capital-novo-presidente-do-psol-afirma-que-candidatura-de-randolfe-sera-competitiva\/\"},\"author\":{\"name\":\"Comunica\u00e7\u00e3o PSOL\",\"@id\":\"https:\/\/psol50.org.br\/#\/schema\/person\/475dfa57d0b815993c714c2e96491fcd\"},\"headline\":\"Em entrevista \u00e0 revista Carta Capital, novo presidente do PSOL afirma que \u201ccandidatura de Randolfe ser\u00e1 competitiva\u201d\",\"datePublished\":\"2013-12-06T00:00:00+00:00\",\"mainEntityOfPage\":{\"@id\":\"https:\/\/psol50.org.br\/em-entrevista-a-revista-carta-capital-novo-presidente-do-psol-afirma-que-candidatura-de-randolfe-sera-competitiva\/\"},\"wordCount\":1625,\"commentCount\":0,\"publisher\":{\"@id\":\"https:\/\/psol50.org.br\/#organization\"},\"keywords\":[\"PSOL\"],\"articleSection\":[\"Arquivo\",\"Not\u00edcias\"],\"inLanguage\":\"pt-BR\",\"potentialAction\":[{\"@type\":\"CommentAction\",\"name\":\"Comment\",\"target\":[\"https:\/\/psol50.org.br\/em-entrevista-a-revista-carta-capital-novo-presidente-do-psol-afirma-que-candidatura-de-randolfe-sera-competitiva\/#respond\"]}]},{\"@type\":\"WebPage\",\"@id\":\"https:\/\/psol50.org.br\/em-entrevista-a-revista-carta-capital-novo-presidente-do-psol-afirma-que-candidatura-de-randolfe-sera-competitiva\/\",\"url\":\"https:\/\/psol50.org.br\/em-entrevista-a-revista-carta-capital-novo-presidente-do-psol-afirma-que-candidatura-de-randolfe-sera-competitiva\/\",\"name\":\"Em entrevista \u00e0 revista Carta Capital, novo presidente do PSOL afirma que \u201ccandidatura de Randolfe ser\u00e1 competitiva\u201d - PSOL 50\",\"isPartOf\":{\"@id\":\"https:\/\/psol50.org.br\/#website\"},\"datePublished\":\"2013-12-06T00:00:00+00:00\",\"breadcrumb\":{\"@id\":\"https:\/\/psol50.org.br\/em-entrevista-a-revista-carta-capital-novo-presidente-do-psol-afirma-que-candidatura-de-randolfe-sera-competitiva\/#breadcrumb\"},\"inLanguage\":\"pt-BR\",\"potentialAction\":[{\"@type\":\"ReadAction\",\"target\":[\"https:\/\/psol50.org.br\/em-entrevista-a-revista-carta-capital-novo-presidente-do-psol-afirma-que-candidatura-de-randolfe-sera-competitiva\/\"]}]},{\"@type\":\"BreadcrumbList\",\"@id\":\"https:\/\/psol50.org.br\/em-entrevista-a-revista-carta-capital-novo-presidente-do-psol-afirma-que-candidatura-de-randolfe-sera-competitiva\/#breadcrumb\",\"itemListElement\":[{\"@type\":\"ListItem\",\"position\":1,\"name\":\"In\u00edcio\",\"item\":\"https:\/\/psol50.org.br\/\"},{\"@type\":\"ListItem\",\"position\":2,\"name\":\"Em entrevista \u00e0 revista Carta Capital, novo presidente do PSOL afirma que \u201ccandidatura de Randolfe ser\u00e1 competitiva\u201d\"}]},{\"@type\":\"WebSite\",\"@id\":\"https:\/\/psol50.org.br\/#website\",\"url\":\"https:\/\/psol50.org.br\/\",\"name\":\"PSOL 50\",\"description\":\"Site oficial do Partido Socialismo e Liberdade\",\"publisher\":{\"@id\":\"https:\/\/psol50.org.br\/#organization\"},\"alternateName\":\"PSOL50\",\"potentialAction\":[{\"@type\":\"SearchAction\",\"target\":{\"@type\":\"EntryPoint\",\"urlTemplate\":\"https:\/\/psol50.org.br\/?s={search_term_string}\"},\"query-input\":{\"@type\":\"PropertyValueSpecification\",\"valueRequired\":true,\"valueName\":\"search_term_string\"}}],\"inLanguage\":\"pt-BR\"},{\"@type\":\"Organization\",\"@id\":\"https:\/\/psol50.org.br\/#organization\",\"name\":\"PSOL 50\",\"alternateName\":\"PSOL 50\",\"url\":\"https:\/\/psol50.org.br\/\",\"logo\":{\"@type\":\"ImageObject\",\"inLanguage\":\"pt-BR\",\"@id\":\"https:\/\/psol50.org.br\/#\/schema\/logo\/image\/\",\"url\":\"https:\/\/psol50.org.br\/inc\/uploads\/2018\/07\/capa.png\",\"contentUrl\":\"https:\/\/psol50.org.br\/inc\/uploads\/2018\/07\/capa.png\",\"width\":1350,\"height\":900,\"caption\":\"PSOL 50\"},\"image\":{\"@id\":\"https:\/\/psol50.org.br\/#\/schema\/logo\/image\/\"},\"sameAs\":[\"https:\/\/www.facebook.com\/psol50\",\"https:\/\/x.com\/psol50\",\"https:\/\/www.instagram.com\/psol50\/\",\"https:\/\/www.youtube.com\/channel\/UC7SnJS5o1os7a6CaiNabzcg\"]},{\"@type\":\"Person\",\"@id\":\"https:\/\/psol50.org.br\/#\/schema\/person\/475dfa57d0b815993c714c2e96491fcd\",\"name\":\"Comunica\u00e7\u00e3o PSOL\",\"image\":{\"@type\":\"ImageObject\",\"inLanguage\":\"pt-BR\",\"@id\":\"https:\/\/psol50.org.br\/#\/schema\/person\/image\/\",\"url\":\"https:\/\/secure.gravatar.com\/avatar\/b34fc4f4e468a4e51785917065a3db57b841f5c95dba6ad8c73aaf8f66f8f9bf?s=96&d=mm&r=g\",\"contentUrl\":\"https:\/\/secure.gravatar.com\/avatar\/b34fc4f4e468a4e51785917065a3db57b841f5c95dba6ad8c73aaf8f66f8f9bf?s=96&d=mm&r=g\",\"caption\":\"Comunica\u00e7\u00e3o PSOL\"}}]}<\/script>\n<!-- \/ Yoast SEO plugin. -->","yoast_head_json":{"title":"Em entrevista \u00e0 revista Carta Capital, novo presidente do PSOL afirma que \u201ccandidatura de Randolfe ser\u00e1 competitiva\u201d - PSOL 50","robots":{"index":"index","follow":"follow","max-snippet":"max-snippet:-1","max-image-preview":"max-image-preview:large","max-video-preview":"max-video-preview:-1"},"canonical":"https:\/\/psol50.org.br\/em-entrevista-a-revista-carta-capital-novo-presidente-do-psol-afirma-que-candidatura-de-randolfe-sera-competitiva\/","og_locale":"pt_BR","og_type":"article","og_title":"Em entrevista \u00e0 revista Carta Capital, novo presidente do PSOL afirma que \u201ccandidatura de Randolfe ser\u00e1 competitiva\u201d - PSOL 50","og_description":"O ex-deputado estadual do Par\u00e1 Luiz Ara\u00fajo afirma que manifesta\u00e7\u00f5es de junho abrem espa\u00e7o para alternativa mais \u00e0 esquerda nas pr\u00f3ximas elei\u00e7\u00f5es &nbsp; Por&nbsp;Piero Locatelli, da Carta Capital&nbsp; &nbsp; O presidente eleito do PSOL, Luiz Ara\u00fajo, diz que a candidatura do senador Randolfe Rodrigues (PSOL-AP) \u00e0 Presid\u00eancia da Rep\u00fablica em 2014 ser\u00e1 competitiva. \u201cN\u00f3s apresentamos [&hellip;]","og_url":"https:\/\/psol50.org.br\/em-entrevista-a-revista-carta-capital-novo-presidente-do-psol-afirma-que-candidatura-de-randolfe-sera-competitiva\/","og_site_name":"PSOL 50","article_publisher":"https:\/\/www.facebook.com\/psol50","article_published_time":"2013-12-06T00:00:00+00:00","og_image":[{"width":1350,"height":900,"url":"https:\/\/psol50.org.br\/inc\/uploads\/2018\/07\/capa.png","type":"image\/png"}],"author":"Comunica\u00e7\u00e3o PSOL","twitter_card":"summary_large_image","twitter_creator":"@psol50","twitter_site":"@psol50","twitter_misc":{"Escrito por":"Comunica\u00e7\u00e3o PSOL","Est. tempo de leitura":"8 minutos"},"schema":{"@context":"https:\/\/schema.org","@graph":[{"@type":"Article","@id":"https:\/\/psol50.org.br\/em-entrevista-a-revista-carta-capital-novo-presidente-do-psol-afirma-que-candidatura-de-randolfe-sera-competitiva\/#article","isPartOf":{"@id":"https:\/\/psol50.org.br\/em-entrevista-a-revista-carta-capital-novo-presidente-do-psol-afirma-que-candidatura-de-randolfe-sera-competitiva\/"},"author":{"name":"Comunica\u00e7\u00e3o PSOL","@id":"https:\/\/psol50.org.br\/#\/schema\/person\/475dfa57d0b815993c714c2e96491fcd"},"headline":"Em entrevista \u00e0 revista Carta Capital, novo presidente do PSOL afirma que \u201ccandidatura de Randolfe ser\u00e1 competitiva\u201d","datePublished":"2013-12-06T00:00:00+00:00","mainEntityOfPage":{"@id":"https:\/\/psol50.org.br\/em-entrevista-a-revista-carta-capital-novo-presidente-do-psol-afirma-que-candidatura-de-randolfe-sera-competitiva\/"},"wordCount":1625,"commentCount":0,"publisher":{"@id":"https:\/\/psol50.org.br\/#organization"},"keywords":["PSOL"],"articleSection":["Arquivo","Not\u00edcias"],"inLanguage":"pt-BR","potentialAction":[{"@type":"CommentAction","name":"Comment","target":["https:\/\/psol50.org.br\/em-entrevista-a-revista-carta-capital-novo-presidente-do-psol-afirma-que-candidatura-de-randolfe-sera-competitiva\/#respond"]}]},{"@type":"WebPage","@id":"https:\/\/psol50.org.br\/em-entrevista-a-revista-carta-capital-novo-presidente-do-psol-afirma-que-candidatura-de-randolfe-sera-competitiva\/","url":"https:\/\/psol50.org.br\/em-entrevista-a-revista-carta-capital-novo-presidente-do-psol-afirma-que-candidatura-de-randolfe-sera-competitiva\/","name":"Em entrevista \u00e0 revista Carta Capital, novo presidente do PSOL afirma que \u201ccandidatura de Randolfe ser\u00e1 competitiva\u201d - PSOL 50","isPartOf":{"@id":"https:\/\/psol50.org.br\/#website"},"datePublished":"2013-12-06T00:00:00+00:00","breadcrumb":{"@id":"https:\/\/psol50.org.br\/em-entrevista-a-revista-carta-capital-novo-presidente-do-psol-afirma-que-candidatura-de-randolfe-sera-competitiva\/#breadcrumb"},"inLanguage":"pt-BR","potentialAction":[{"@type":"ReadAction","target":["https:\/\/psol50.org.br\/em-entrevista-a-revista-carta-capital-novo-presidente-do-psol-afirma-que-candidatura-de-randolfe-sera-competitiva\/"]}]},{"@type":"BreadcrumbList","@id":"https:\/\/psol50.org.br\/em-entrevista-a-revista-carta-capital-novo-presidente-do-psol-afirma-que-candidatura-de-randolfe-sera-competitiva\/#breadcrumb","itemListElement":[{"@type":"ListItem","position":1,"name":"In\u00edcio","item":"https:\/\/psol50.org.br\/"},{"@type":"ListItem","position":2,"name":"Em entrevista \u00e0 revista Carta Capital, novo presidente do PSOL afirma que \u201ccandidatura de Randolfe ser\u00e1 competitiva\u201d"}]},{"@type":"WebSite","@id":"https:\/\/psol50.org.br\/#website","url":"https:\/\/psol50.org.br\/","name":"PSOL 50","description":"Site oficial do Partido Socialismo e Liberdade","publisher":{"@id":"https:\/\/psol50.org.br\/#organization"},"alternateName":"PSOL50","potentialAction":[{"@type":"SearchAction","target":{"@type":"EntryPoint","urlTemplate":"https:\/\/psol50.org.br\/?s={search_term_string}"},"query-input":{"@type":"PropertyValueSpecification","valueRequired":true,"valueName":"search_term_string"}}],"inLanguage":"pt-BR"},{"@type":"Organization","@id":"https:\/\/psol50.org.br\/#organization","name":"PSOL 50","alternateName":"PSOL 50","url":"https:\/\/psol50.org.br\/","logo":{"@type":"ImageObject","inLanguage":"pt-BR","@id":"https:\/\/psol50.org.br\/#\/schema\/logo\/image\/","url":"https:\/\/psol50.org.br\/inc\/uploads\/2018\/07\/capa.png","contentUrl":"https:\/\/psol50.org.br\/inc\/uploads\/2018\/07\/capa.png","width":1350,"height":900,"caption":"PSOL 50"},"image":{"@id":"https:\/\/psol50.org.br\/#\/schema\/logo\/image\/"},"sameAs":["https:\/\/www.facebook.com\/psol50","https:\/\/x.com\/psol50","https:\/\/www.instagram.com\/psol50\/","https:\/\/www.youtube.com\/channel\/UC7SnJS5o1os7a6CaiNabzcg"]},{"@type":"Person","@id":"https:\/\/psol50.org.br\/#\/schema\/person\/475dfa57d0b815993c714c2e96491fcd","name":"Comunica\u00e7\u00e3o PSOL","image":{"@type":"ImageObject","inLanguage":"pt-BR","@id":"https:\/\/psol50.org.br\/#\/schema\/person\/image\/","url":"https:\/\/secure.gravatar.com\/avatar\/b34fc4f4e468a4e51785917065a3db57b841f5c95dba6ad8c73aaf8f66f8f9bf?s=96&d=mm&r=g","contentUrl":"https:\/\/secure.gravatar.com\/avatar\/b34fc4f4e468a4e51785917065a3db57b841f5c95dba6ad8c73aaf8f66f8f9bf?s=96&d=mm&r=g","caption":"Comunica\u00e7\u00e3o PSOL"}}]}},"_links":{"self":[{"href":"https:\/\/psol50.org.br\/rest\/wp\/v2\/posts\/2456","targetHints":{"allow":["GET"]}}],"collection":[{"href":"https:\/\/psol50.org.br\/rest\/wp\/v2\/posts"}],"about":[{"href":"https:\/\/psol50.org.br\/rest\/wp\/v2\/types\/post"}],"author":[{"embeddable":true,"href":"https:\/\/psol50.org.br\/rest\/wp\/v2\/users\/2"}],"replies":[{"embeddable":true,"href":"https:\/\/psol50.org.br\/rest\/wp\/v2\/comments?post=2456"}],"version-history":[{"count":0,"href":"https:\/\/psol50.org.br\/rest\/wp\/v2\/posts\/2456\/revisions"}],"wp:attachment":[{"href":"https:\/\/psol50.org.br\/rest\/wp\/v2\/media?parent=2456"}],"wp:term":[{"taxonomy":"category","embeddable":true,"href":"https:\/\/psol50.org.br\/rest\/wp\/v2\/categories?post=2456"},{"taxonomy":"post_tag","embeddable":true,"href":"https:\/\/psol50.org.br\/rest\/wp\/v2\/tags?post=2456"}],"curies":[{"name":"wp","href":"https:\/\/api.w.org\/{rel}","templated":true}]}}