{"id":24568,"date":"2019-03-22T14:01:14","date_gmt":"2019-03-22T17:01:14","guid":{"rendered":"http:\/\/psol50.org.br\/?p=24568"},"modified":"2019-03-22T14:01:14","modified_gmt":"2019-03-22T17:01:14","slug":"cid-benjamin-coisas-da-politica","status":"publish","type":"post","link":"https:\/\/psol50.org.br\/cid-benjamin-coisas-da-politica\/","title":{"rendered":"Cid Benjamin | Coisas da Pol\u00edtica"},"content":{"rendered":"\n\t\t\t\t\n<p><em><a rel=\"noreferrer noopener\" aria-label=\"Publicado originalmente no Jornal do Brasil. (abre numa nova aba)\" href=\"https:\/\/www.jb.com.br\/colunistas\/coisas_da_politica\/2019\/03\/990482-afinal--onde-estao-os-militares.html\" target=\"_blank\">Publicado originalmente no Jornal do Brasil.<\/a><\/em><\/p>\n\n\n\n<p>Meu pai era oficial do Ex\u00e9rcito e eu pr\u00f3prio, na inf\u00e2ncia, pensei em seguir carreira militar. Convivi com filhos de outros oficiais e quase fui matriculado no Col\u00e9gio Militar. Se isso acontecesse, talvez tivesse cursado as Agulhas Negras.<\/p>\n\n\n\n<p>Embora progressista, meu pai guardava marcas do ambiente em que viveu at\u00e9 passar para a reserva. Assim, meu contato com a cultura e com o pensamento dos militares foi maior do que o da maioria das pessoas. <\/p>\n\n\n\n<p>Devo dizer que tenho a melhor lembran\u00e7a do meu pai, tendo a certeza que seu exemplo (sem d\u00favida, tamb\u00e9m influenciado pela caserna) foi important\u00edssimo para moldar minha personalidade. <\/p>\n\n\n\n<p>Fui, depois, preso pol\u00edtico, n\u00e3o tendo sido bem tratado em quart\u00e9is do Ex\u00e9rcito. Mas n\u00e3o guardo ressentimentos. Ali\u00e1s, gosto de uma frase de Conf\u00facio: \u201cGuardar rancor \u00e9 como ficar com um carv\u00e3o em brasa nas m\u00e3os para jog\u00e1-lo em algu\u00e9m: voc\u00ea \u00e9 que acaba queimado\u201d.<\/p>\n\n\n\n<p>N\u00e3o subestimo a import\u00e2ncia das For\u00e7as Armadas para o pa\u00eds. Elas s\u00e3o uma institui\u00e7\u00e3o permanente e necess\u00e1ria. N\u00e3o interessa a ningu\u00e9m v\u00ea-las achincalhadas. Talvez s\u00f3 aos que querem v\u00ea-las diminu\u00eddas em sua miss\u00e3o constitucional e transformadas numa esp\u00e9cie de pol\u00edcia. \u00c9 o que desejam, por exemplo, os Estados Unidos. <\/p>\n\n\n\n<p>Talvez os mais jovens n\u00e3o saibam, mas as For\u00e7as Armadas brasileiras j\u00e1 tiveram em seu interior uma expressiva corrente democr\u00e1tica e nacionalista. Essa corrente, ali\u00e1s, foi decisiva para a cria\u00e7\u00e3o da Petrobr\u00e1s.<\/p>\n\n\n\n<p>Com o golpe de 64, elas sofreram um expurgo. Mas, se foram cassados todos os militares de esquerda ou com posi\u00e7\u00f5es radicalmente democr\u00e1ticas, o entreguismo n\u00e3o era bem visto por todos nas For\u00e7as Armadas, embora estivesse presente nos primeiros tempos da ditadura. <br> Sempre ficou a impress\u00e3o de que subsistia alguma corrente ou pelo menos um sentimento nacionalista, ainda que minorit\u00e1ria e dando pouca import\u00e2ncia \u00e0 democracia. <\/p>\n\n\n\n<p>O pr\u00f3prio general Ernesto Geisel esbo\u00e7ou um projeto nacional para o pa\u00eds, ainda que com limita\u00e7\u00f5es. Redirecionou a pol\u00edtica externa e tratou de fazer ajustes na economia, diminuindo a subordina\u00e7\u00e3o ao imperialismo. Enfim, sua pol\u00edtica foi diferente da dos tempos de Castelo Branco, quando o embaixador Juracy Magalh\u00e3es chegou a afirmar: \u201cO que \u00e9 bom para os Estados Unidos \u00e9 bom para o Brasil\u201d. <\/p>\n\n\n\n<p>Pois agora \u00e9 o caso de se perguntar se essa frase vergonhosa \u00e9 a b\u00fassola do governo Bolsonaro na pol\u00edtica externa. Ele \u00e9, disparado, o mais entreguista da hist\u00f3ria. Com sua pol\u00edtica vai na linha do que disse Juracy Magalh\u00e3es. Promove, com gosto, a liquida\u00e7\u00e3o de qualquer estrutura do Estado capaz de formular e conduzir uma pol\u00edtica pr\u00f3pria, de acordo com os interesses do pa\u00eds. Permitiu a entrega da Embraer e j\u00e1 fala em \u201cprivatizar tudo\u201d, at\u00e9 a Petrobr\u00e1s.<\/p>\n\n\n\n<p>Para desgosto dos caipiras deslumbrados, por\u00e9m, todas essas demonstra\u00e7\u00f5es de amor incondicional foram solenemente ignoradas pela imprensa americana. Nenhum grande jornal deu aten\u00e7\u00e3o \u00e0 visita de Bolsonaro ou \u00e0 agenda que ele cumpriu nos Estados Unidos.<\/p>\n\n\n\n<p>Ali\u00e1s, nesta viagem Bolsonaro mais pareceu um cachorrinho abanando o rabo para ganhar um agrado do dono. Portou-se como um caipira deslumbrado ao chegar \u00e0 cidade grande. Sem que fosse perguntado a respeito, defendeu o muro na fronteira com o M\u00e9xico e previu a reelei\u00e7\u00e3o de Trump. Ofereceu de bandeja, sem pedir nada em troca, a base de Alc\u00e2ntara. E abriu m\u00e3o da exig\u00eancia de vistos para a entrada de americanos no Brasil, tamb\u00e9m sem qualquer contrapartida.<\/p>\n\n\n\n<p>Enquanto isso o ministro Paulo Guedes, representante do capital internacional designado para comandar a \u00e1rea econ\u00f4mica do governo, seguia no mesmo tom, afirmando em discurso que ele e Bolsonaro \u201camam os americanos\u201d. Lembrou o ex-presidente argentino Menem, que disse que seu pa\u00eds e os Estados Unidos tinham uma \u201crela\u00e7\u00e3o carnal\u201d. Uma vergonha.<\/p>\n\n\n\n<p>Cada declara\u00e7\u00e3o de Bolsonaro foi cuidadosamente pensada para bajular Trump. Ele chegou a declarar, em mais uma demonstra\u00e7\u00e3o de puxa-saquismo, que conta com \u201ca capacidade b\u00e9lica dos Estados Unidos para libertar a Venezuela\u201d. Valeu mesmo tudo para agradar os americanos.<\/p>\n\n\n\n<p>Se fosse feito um document\u00e1rio sobre essa viagem, eu recomendaria como trilha sonora a m\u00fasica \u201cO cord\u00e3o dos puxa-sacos\u201d, uma marchinha de autoria de Roberto Martins que fez sucesso do carnaval de 1945. <\/p>\n\n\n\n<p>E tudo isso transcorre sob os aplausos ou, pelo menos, sob o sil\u00eancio c\u00famplice das For\u00e7as Armadas.<\/p>\n\n\n\n<p>N\u00e3o se veja no que direi a seguir qualquer exorta\u00e7\u00e3o a um golpe de estado. Deixo bem claro: sou contr\u00e1rio a golpes de estado. Mas, j\u00e1 que os militares s\u00e3o t\u00e3o influentes no governo Bolsonaro, poderiam se preocupar com os mais altos interesses do pa\u00eds e deixar um pouco de lado suas reivindica\u00e7\u00f5es corporativas na reforma que acaba com a Previd\u00eancia p\u00fablica e esmaga os trabalhadores. <\/p>\n\n\n\n<p>Ou j\u00e1 n\u00e3o teremos mais qualquer vest\u00edgio de nacionalismo e patriotismo nas For\u00e7as Armadas brasileiras? Se for isso mesmo, at\u00e9 agrade\u00e7o o fato de meu finado pai, o coronel Ney Benjamin, j\u00e1 n\u00e3o estar entre n\u00f3s. Ele n\u00e3o merecia ver esse quadro. Morreria de desgosto.<\/p>\n\n\n\n<p>Como se v\u00ea, tem sentido a pergunta que d\u00e1 o t\u00edtulo deste artigo: \u201cAfinal, onde est\u00e3o os militares?\u201d<\/p>\n\t\t","protected":false},"excerpt":{"rendered":"<p>Publicado originalmente no Jornal do Brasil. Meu pai era oficial do Ex\u00e9rcito e eu pr\u00f3prio, na inf\u00e2ncia, pensei em seguir carreira militar. Convivi com filhos de outros oficiais e quase fui matriculado no Col\u00e9gio Militar. Se isso acontecesse, talvez tivesse cursado as Agulhas Negras. Embora progressista, meu pai guardava marcas do ambiente em que viveu [&hellip;]<\/p>\n","protected":false},"author":2,"featured_media":24569,"comment_status":"closed","ping_status":"open","sticky":false,"template":"","format":"standard","meta":{"_acf_changed":false,"footnotes":""},"categories":[3],"tags":[1750,198],"class_list":{"0":"post-24568","1":"post","2":"type-post","3":"status-publish","4":"format-standard","5":"has-post-thumbnail","7":"category-artigos-e-entrevistas","8":"tag-cid-benjamin","9":"tag-militares"},"acf":[],"yoast_head":"<!-- This site is optimized with the Yoast SEO plugin v26.5 - https:\/\/yoast.com\/wordpress\/plugins\/seo\/ -->\n<title>Cid Benjamin | Coisas da Pol\u00edtica - PSOL 50<\/title>\n<meta name=\"robots\" content=\"index, follow, max-snippet:-1, max-image-preview:large, max-video-preview:-1\" \/>\n<link rel=\"canonical\" href=\"https:\/\/psol50.org.br\/cid-benjamin-coisas-da-politica\/\" \/>\n<meta property=\"og:locale\" content=\"pt_BR\" \/>\n<meta property=\"og:type\" content=\"article\" \/>\n<meta property=\"og:title\" content=\"Coisas da Pol\u00edtica\" \/>\n<meta property=\"og:description\" content=\"Leia o artigo de Cid Benjamin.\" \/>\n<meta property=\"og:url\" content=\"https:\/\/psol50.org.br\/cid-benjamin-coisas-da-politica\/\" \/>\n<meta property=\"og:site_name\" content=\"PSOL 50\" \/>\n<meta property=\"article:publisher\" content=\"https:\/\/www.facebook.com\/psol50\" \/>\n<meta property=\"article:published_time\" content=\"2019-03-22T17:01:14+00:00\" \/>\n<meta property=\"og:image\" content=\"https:\/\/psol50.org.br\/inc\/uploads\/2019\/03\/1_cidbenjamin-146420.jpg\" \/>\n\t<meta property=\"og:image:width\" content=\"1000\" \/>\n\t<meta property=\"og:image:height\" content=\"530\" \/>\n\t<meta property=\"og:image:type\" content=\"image\/jpeg\" \/>\n<meta name=\"author\" content=\"Comunica\u00e7\u00e3o PSOL\" \/>\n<meta name=\"twitter:card\" content=\"summary_large_image\" \/>\n<meta name=\"twitter:title\" content=\"Coisas da Pol\u00edtica\" \/>\n<meta name=\"twitter:description\" content=\"Leia o artigo de Cid Benjamin.\" \/>\n<meta name=\"twitter:image\" content=\"https:\/\/psol50.org.br\/inc\/uploads\/2019\/03\/1_cidbenjamin-146420.jpg\" \/>\n<meta name=\"twitter:creator\" content=\"@psol50\" \/>\n<meta name=\"twitter:site\" content=\"@psol50\" \/>\n<meta name=\"twitter:label1\" content=\"Escrito por\" \/>\n\t<meta name=\"twitter:data1\" content=\"Comunica\u00e7\u00e3o PSOL\" \/>\n\t<meta name=\"twitter:label2\" content=\"Est. tempo de leitura\" \/>\n\t<meta name=\"twitter:data2\" content=\"5 minutos\" \/>\n<script type=\"application\/ld+json\" class=\"yoast-schema-graph\">{\"@context\":\"https:\/\/schema.org\",\"@graph\":[{\"@type\":\"Article\",\"@id\":\"https:\/\/psol50.org.br\/cid-benjamin-coisas-da-politica\/#article\",\"isPartOf\":{\"@id\":\"https:\/\/psol50.org.br\/cid-benjamin-coisas-da-politica\/\"},\"author\":{\"name\":\"Comunica\u00e7\u00e3o PSOL\",\"@id\":\"https:\/\/psol50.org.br\/#\/schema\/person\/475dfa57d0b815993c714c2e96491fcd\"},\"headline\":\"Cid Benjamin | Coisas da Pol\u00edtica\",\"datePublished\":\"2019-03-22T17:01:14+00:00\",\"mainEntityOfPage\":{\"@id\":\"https:\/\/psol50.org.br\/cid-benjamin-coisas-da-politica\/\"},\"wordCount\":925,\"publisher\":{\"@id\":\"https:\/\/psol50.org.br\/#organization\"},\"image\":{\"@id\":\"https:\/\/psol50.org.br\/cid-benjamin-coisas-da-politica\/#primaryimage\"},\"thumbnailUrl\":\"https:\/\/psol50.org.br\/inc\/uploads\/2019\/03\/1_cidbenjamin-146420.jpg\",\"keywords\":[\"Cid Benjamin\",\"militares\"],\"articleSection\":[\"Artigos\"],\"inLanguage\":\"pt-BR\"},{\"@type\":\"WebPage\",\"@id\":\"https:\/\/psol50.org.br\/cid-benjamin-coisas-da-politica\/\",\"url\":\"https:\/\/psol50.org.br\/cid-benjamin-coisas-da-politica\/\",\"name\":\"Cid Benjamin | Coisas da Pol\u00edtica - PSOL 50\",\"isPartOf\":{\"@id\":\"https:\/\/psol50.org.br\/#website\"},\"primaryImageOfPage\":{\"@id\":\"https:\/\/psol50.org.br\/cid-benjamin-coisas-da-politica\/#primaryimage\"},\"image\":{\"@id\":\"https:\/\/psol50.org.br\/cid-benjamin-coisas-da-politica\/#primaryimage\"},\"thumbnailUrl\":\"https:\/\/psol50.org.br\/inc\/uploads\/2019\/03\/1_cidbenjamin-146420.jpg\",\"datePublished\":\"2019-03-22T17:01:14+00:00\",\"breadcrumb\":{\"@id\":\"https:\/\/psol50.org.br\/cid-benjamin-coisas-da-politica\/#breadcrumb\"},\"inLanguage\":\"pt-BR\",\"potentialAction\":[{\"@type\":\"ReadAction\",\"target\":[\"https:\/\/psol50.org.br\/cid-benjamin-coisas-da-politica\/\"]}]},{\"@type\":\"ImageObject\",\"inLanguage\":\"pt-BR\",\"@id\":\"https:\/\/psol50.org.br\/cid-benjamin-coisas-da-politica\/#primaryimage\",\"url\":\"https:\/\/psol50.org.br\/inc\/uploads\/2019\/03\/1_cidbenjamin-146420.jpg\",\"contentUrl\":\"https:\/\/psol50.org.br\/inc\/uploads\/2019\/03\/1_cidbenjamin-146420.jpg\",\"width\":1000,\"height\":530,\"caption\":\"\"},{\"@type\":\"BreadcrumbList\",\"@id\":\"https:\/\/psol50.org.br\/cid-benjamin-coisas-da-politica\/#breadcrumb\",\"itemListElement\":[{\"@type\":\"ListItem\",\"position\":1,\"name\":\"In\u00edcio\",\"item\":\"https:\/\/psol50.org.br\/\"},{\"@type\":\"ListItem\",\"position\":2,\"name\":\"Cid Benjamin | Coisas da Pol\u00edtica\"}]},{\"@type\":\"WebSite\",\"@id\":\"https:\/\/psol50.org.br\/#website\",\"url\":\"https:\/\/psol50.org.br\/\",\"name\":\"PSOL 50\",\"description\":\"Site oficial do Partido Socialismo e Liberdade\",\"publisher\":{\"@id\":\"https:\/\/psol50.org.br\/#organization\"},\"alternateName\":\"PSOL50\",\"potentialAction\":[{\"@type\":\"SearchAction\",\"target\":{\"@type\":\"EntryPoint\",\"urlTemplate\":\"https:\/\/psol50.org.br\/?s={search_term_string}\"},\"query-input\":{\"@type\":\"PropertyValueSpecification\",\"valueRequired\":true,\"valueName\":\"search_term_string\"}}],\"inLanguage\":\"pt-BR\"},{\"@type\":\"Organization\",\"@id\":\"https:\/\/psol50.org.br\/#organization\",\"name\":\"PSOL 50\",\"alternateName\":\"PSOL 50\",\"url\":\"https:\/\/psol50.org.br\/\",\"logo\":{\"@type\":\"ImageObject\",\"inLanguage\":\"pt-BR\",\"@id\":\"https:\/\/psol50.org.br\/#\/schema\/logo\/image\/\",\"url\":\"https:\/\/psol50.org.br\/inc\/uploads\/2018\/07\/capa.png\",\"contentUrl\":\"https:\/\/psol50.org.br\/inc\/uploads\/2018\/07\/capa.png\",\"width\":1350,\"height\":900,\"caption\":\"PSOL 50\"},\"image\":{\"@id\":\"https:\/\/psol50.org.br\/#\/schema\/logo\/image\/\"},\"sameAs\":[\"https:\/\/www.facebook.com\/psol50\",\"https:\/\/x.com\/psol50\",\"https:\/\/www.instagram.com\/psol50\/\",\"https:\/\/www.youtube.com\/channel\/UC7SnJS5o1os7a6CaiNabzcg\"]},{\"@type\":\"Person\",\"@id\":\"https:\/\/psol50.org.br\/#\/schema\/person\/475dfa57d0b815993c714c2e96491fcd\",\"name\":\"Comunica\u00e7\u00e3o PSOL\",\"image\":{\"@type\":\"ImageObject\",\"inLanguage\":\"pt-BR\",\"@id\":\"https:\/\/psol50.org.br\/#\/schema\/person\/image\/\",\"url\":\"https:\/\/secure.gravatar.com\/avatar\/b34fc4f4e468a4e51785917065a3db57b841f5c95dba6ad8c73aaf8f66f8f9bf?s=96&d=mm&r=g\",\"contentUrl\":\"https:\/\/secure.gravatar.com\/avatar\/b34fc4f4e468a4e51785917065a3db57b841f5c95dba6ad8c73aaf8f66f8f9bf?s=96&d=mm&r=g\",\"caption\":\"Comunica\u00e7\u00e3o PSOL\"}}]}<\/script>\n<!-- \/ Yoast SEO plugin. -->","yoast_head_json":{"title":"Cid Benjamin | Coisas da Pol\u00edtica - PSOL 50","robots":{"index":"index","follow":"follow","max-snippet":"max-snippet:-1","max-image-preview":"max-image-preview:large","max-video-preview":"max-video-preview:-1"},"canonical":"https:\/\/psol50.org.br\/cid-benjamin-coisas-da-politica\/","og_locale":"pt_BR","og_type":"article","og_title":"Coisas da Pol\u00edtica","og_description":"Leia o artigo de Cid Benjamin.","og_url":"https:\/\/psol50.org.br\/cid-benjamin-coisas-da-politica\/","og_site_name":"PSOL 50","article_publisher":"https:\/\/www.facebook.com\/psol50","article_published_time":"2019-03-22T17:01:14+00:00","og_image":[{"width":1000,"height":530,"url":"https:\/\/psol50.org.br\/inc\/uploads\/2019\/03\/1_cidbenjamin-146420.jpg","type":"image\/jpeg"}],"author":"Comunica\u00e7\u00e3o PSOL","twitter_card":"summary_large_image","twitter_title":"Coisas da Pol\u00edtica","twitter_description":"Leia o artigo de Cid Benjamin.","twitter_image":"https:\/\/psol50.org.br\/inc\/uploads\/2019\/03\/1_cidbenjamin-146420.jpg","twitter_creator":"@psol50","twitter_site":"@psol50","twitter_misc":{"Escrito por":"Comunica\u00e7\u00e3o PSOL","Est. tempo de leitura":"5 minutos"},"schema":{"@context":"https:\/\/schema.org","@graph":[{"@type":"Article","@id":"https:\/\/psol50.org.br\/cid-benjamin-coisas-da-politica\/#article","isPartOf":{"@id":"https:\/\/psol50.org.br\/cid-benjamin-coisas-da-politica\/"},"author":{"name":"Comunica\u00e7\u00e3o PSOL","@id":"https:\/\/psol50.org.br\/#\/schema\/person\/475dfa57d0b815993c714c2e96491fcd"},"headline":"Cid Benjamin | Coisas da Pol\u00edtica","datePublished":"2019-03-22T17:01:14+00:00","mainEntityOfPage":{"@id":"https:\/\/psol50.org.br\/cid-benjamin-coisas-da-politica\/"},"wordCount":925,"publisher":{"@id":"https:\/\/psol50.org.br\/#organization"},"image":{"@id":"https:\/\/psol50.org.br\/cid-benjamin-coisas-da-politica\/#primaryimage"},"thumbnailUrl":"https:\/\/psol50.org.br\/inc\/uploads\/2019\/03\/1_cidbenjamin-146420.jpg","keywords":["Cid Benjamin","militares"],"articleSection":["Artigos"],"inLanguage":"pt-BR"},{"@type":"WebPage","@id":"https:\/\/psol50.org.br\/cid-benjamin-coisas-da-politica\/","url":"https:\/\/psol50.org.br\/cid-benjamin-coisas-da-politica\/","name":"Cid Benjamin | Coisas da Pol\u00edtica - PSOL 50","isPartOf":{"@id":"https:\/\/psol50.org.br\/#website"},"primaryImageOfPage":{"@id":"https:\/\/psol50.org.br\/cid-benjamin-coisas-da-politica\/#primaryimage"},"image":{"@id":"https:\/\/psol50.org.br\/cid-benjamin-coisas-da-politica\/#primaryimage"},"thumbnailUrl":"https:\/\/psol50.org.br\/inc\/uploads\/2019\/03\/1_cidbenjamin-146420.jpg","datePublished":"2019-03-22T17:01:14+00:00","breadcrumb":{"@id":"https:\/\/psol50.org.br\/cid-benjamin-coisas-da-politica\/#breadcrumb"},"inLanguage":"pt-BR","potentialAction":[{"@type":"ReadAction","target":["https:\/\/psol50.org.br\/cid-benjamin-coisas-da-politica\/"]}]},{"@type":"ImageObject","inLanguage":"pt-BR","@id":"https:\/\/psol50.org.br\/cid-benjamin-coisas-da-politica\/#primaryimage","url":"https:\/\/psol50.org.br\/inc\/uploads\/2019\/03\/1_cidbenjamin-146420.jpg","contentUrl":"https:\/\/psol50.org.br\/inc\/uploads\/2019\/03\/1_cidbenjamin-146420.jpg","width":1000,"height":530,"caption":""},{"@type":"BreadcrumbList","@id":"https:\/\/psol50.org.br\/cid-benjamin-coisas-da-politica\/#breadcrumb","itemListElement":[{"@type":"ListItem","position":1,"name":"In\u00edcio","item":"https:\/\/psol50.org.br\/"},{"@type":"ListItem","position":2,"name":"Cid Benjamin | Coisas da Pol\u00edtica"}]},{"@type":"WebSite","@id":"https:\/\/psol50.org.br\/#website","url":"https:\/\/psol50.org.br\/","name":"PSOL 50","description":"Site oficial do Partido Socialismo e Liberdade","publisher":{"@id":"https:\/\/psol50.org.br\/#organization"},"alternateName":"PSOL50","potentialAction":[{"@type":"SearchAction","target":{"@type":"EntryPoint","urlTemplate":"https:\/\/psol50.org.br\/?s={search_term_string}"},"query-input":{"@type":"PropertyValueSpecification","valueRequired":true,"valueName":"search_term_string"}}],"inLanguage":"pt-BR"},{"@type":"Organization","@id":"https:\/\/psol50.org.br\/#organization","name":"PSOL 50","alternateName":"PSOL 50","url":"https:\/\/psol50.org.br\/","logo":{"@type":"ImageObject","inLanguage":"pt-BR","@id":"https:\/\/psol50.org.br\/#\/schema\/logo\/image\/","url":"https:\/\/psol50.org.br\/inc\/uploads\/2018\/07\/capa.png","contentUrl":"https:\/\/psol50.org.br\/inc\/uploads\/2018\/07\/capa.png","width":1350,"height":900,"caption":"PSOL 50"},"image":{"@id":"https:\/\/psol50.org.br\/#\/schema\/logo\/image\/"},"sameAs":["https:\/\/www.facebook.com\/psol50","https:\/\/x.com\/psol50","https:\/\/www.instagram.com\/psol50\/","https:\/\/www.youtube.com\/channel\/UC7SnJS5o1os7a6CaiNabzcg"]},{"@type":"Person","@id":"https:\/\/psol50.org.br\/#\/schema\/person\/475dfa57d0b815993c714c2e96491fcd","name":"Comunica\u00e7\u00e3o PSOL","image":{"@type":"ImageObject","inLanguage":"pt-BR","@id":"https:\/\/psol50.org.br\/#\/schema\/person\/image\/","url":"https:\/\/secure.gravatar.com\/avatar\/b34fc4f4e468a4e51785917065a3db57b841f5c95dba6ad8c73aaf8f66f8f9bf?s=96&d=mm&r=g","contentUrl":"https:\/\/secure.gravatar.com\/avatar\/b34fc4f4e468a4e51785917065a3db57b841f5c95dba6ad8c73aaf8f66f8f9bf?s=96&d=mm&r=g","caption":"Comunica\u00e7\u00e3o PSOL"}}]}},"_links":{"self":[{"href":"https:\/\/psol50.org.br\/rest\/wp\/v2\/posts\/24568","targetHints":{"allow":["GET"]}}],"collection":[{"href":"https:\/\/psol50.org.br\/rest\/wp\/v2\/posts"}],"about":[{"href":"https:\/\/psol50.org.br\/rest\/wp\/v2\/types\/post"}],"author":[{"embeddable":true,"href":"https:\/\/psol50.org.br\/rest\/wp\/v2\/users\/2"}],"replies":[{"embeddable":true,"href":"https:\/\/psol50.org.br\/rest\/wp\/v2\/comments?post=24568"}],"version-history":[{"count":0,"href":"https:\/\/psol50.org.br\/rest\/wp\/v2\/posts\/24568\/revisions"}],"wp:featuredmedia":[{"embeddable":true,"href":"https:\/\/psol50.org.br\/rest\/wp\/v2\/media\/24569"}],"wp:attachment":[{"href":"https:\/\/psol50.org.br\/rest\/wp\/v2\/media?parent=24568"}],"wp:term":[{"taxonomy":"category","embeddable":true,"href":"https:\/\/psol50.org.br\/rest\/wp\/v2\/categories?post=24568"},{"taxonomy":"post_tag","embeddable":true,"href":"https:\/\/psol50.org.br\/rest\/wp\/v2\/tags?post=24568"}],"curies":[{"name":"wp","href":"https:\/\/api.w.org\/{rel}","templated":true}]}}