{"id":246,"date":"2012-08-10T00:00:00","date_gmt":"2012-08-10T00:00:00","guid":{"rendered":"http:\/\/psol50.org.br\/arquivo\/2012\/08\/10\/ivan-valente-faz-campanha-no-para-ao-lado-de-jose-nery-edmilson-e-marinor\/"},"modified":"2012-08-10T00:00:00","modified_gmt":"2012-08-10T00:00:00","slug":"ivan-valente-faz-campanha-no-para-ao-lado-de-jose-nery-edmilson-e-marinor","status":"publish","type":"post","link":"https:\/\/psol50.org.br\/ivan-valente-faz-campanha-no-para-ao-lado-de-jose-nery-edmilson-e-marinor\/","title":{"rendered":"Ivan Valente faz campanha no Par\u00e1 ao lado de Jos\u00e9 Nery, Edmilson e Marinor"},"content":{"rendered":"<p>Depois de participar de uma caminhada ontem (9)em S\u00e3o Luis, ao lado do candidato a prefeito da capital do Maranh\u00e3o, Haroldo Saboia, o presidente nacional do PSOL, Ivan Valente, cumpre hoje uma s\u00e9rie de atividades de companha programadas em Bel\u00e9m-PA e regi\u00e3o metropolitana. Logo pela manh\u00e3, Ivan Valente engrossou a campanha do candidato a prefeito de Abaetetuba pelo PSOL, o ex-senador Jos\u00e9 Nery Azevedo. Localizado na regi\u00e3o nordeste do Par\u00e1, o munic\u00edpio tem 141 mil habitantes.<\/p>\n<p>O Partido Socialismo e Liberdade no Par\u00e1 hoje tem uma grande aceita\u00e7\u00e3o da popula\u00e7\u00e3o no estado. \u201cEstamos muito felizes com o crescimento do PSOL em Bel\u00e9m do Par\u00e1 e em todo o Brasil\u201d, afirma a presidente municipal do partido, Araceli Lemos. \u201c\u00c9 um reconhecimento \u00e0 qualidade das propostas e \u00e0 coer\u00eancia do PSOL, um partido que est\u00e1 crescendo sem abrir m\u00e3o de sua identidade\u201d.<\/p>\n<p>Al\u00e9m de dirigente, Araceli \u00e9 coordenadora da campanha de Edmilson Rodrigues, candidato do PSOL a prefeito da capital paraense pela coliga\u00e7\u00e3o \u201cBel\u00e9m nas m\u00e3os do povo (PSOL-PCdoB-PSTU)\u201d. Edmilson, deputado estadual e ex-prefeito de Bel\u00e9m, tem mais de 47% da prefer\u00eancia do eleitorado belenense, de acordo com pesquisa encomendada pelos partidos (Doxa Comunica\u00e7\u00e3o Integrada Ltda, registro no TSE n\u00ba PA-00029).<\/p>\n<p>\u00c0 tarde o presidente nacional do PSOL se reuniu com l\u00edderes dos servidores federais no estado, que registra paralisa\u00e7\u00f5es em diversos setores do governo federal.<\/p>\n<p>Hoje \u00e0 noite o PSOL promove um grande com\u00edcio em Bel\u00e9m para o lan\u00e7amento oficial das campanhas do partido no estado. \u201cEstamos muito confiantes e vamos fazer uma grande festa, prestigiada pela presen\u00e7a do presidente nacional do PSOL, Ivan Valente\u201d, disse Araceli Lemos, informando que somente na capital, a coliga\u00e7\u00e3o tem 120 candidatos a vereador. \u201cVamos eleger uma base expressiva\u201d.<\/p>\n<p>A confian\u00e7a da dirigente estadual est\u00e1 respaldada n\u00e3o s\u00f3 nos resultados de pesquisas, mas na receptividade que o partido e a coliga\u00e7\u00e3o t\u00eam recebido nas ruas e nos locais de encontros. \u201cSem contar que temos na figura de Marinor Brito, candidata a vereadora, uma grande puxadora de votos em Bel\u00e9m\u201d, completou Araceli.<\/p>\n","protected":false},"excerpt":{"rendered":"<p>Depois de participar de uma caminhada ontem (9)em S\u00e3o Luis, ao lado do candidato a prefeito da capital do Maranh\u00e3o, Haroldo Saboia, o presidente nacional do PSOL, Ivan Valente, cumpre hoje uma s\u00e9rie de atividades de companha programadas em Bel\u00e9m-PA e regi\u00e3o metropolitana. Logo pela manh\u00e3, Ivan Valente engrossou a campanha do candidato a prefeito [&hellip;]<\/p>\n","protected":false},"author":2,"featured_media":0,"comment_status":"open","ping_status":"open","sticky":false,"template":"","format":"standard","meta":{"_acf_changed":false,"footnotes":""},"categories":[10,4766],"tags":[973],"class_list":{"0":"post-246","1":"post","2":"type-post","3":"status-publish","4":"format-standard","6":"category-acao-parlamentares","7":"category-arquivo","8":"tag-edmilson-rodrigues"},"acf":[],"yoast_head":"<!-- This site is optimized with the Yoast SEO plugin v26.5 - https:\/\/yoast.com\/wordpress\/plugins\/seo\/ -->\n<title>Ivan Valente faz campanha no Par\u00e1 ao lado de Jos\u00e9 Nery, Edmilson e Marinor - PSOL 50<\/title>\n<meta name=\"robots\" content=\"index, follow, max-snippet:-1, max-image-preview:large, max-video-preview:-1\" \/>\n<link rel=\"canonical\" href=\"https:\/\/psol50.org.br\/ivan-valente-faz-campanha-no-para-ao-lado-de-jose-nery-edmilson-e-marinor\/\" \/>\n<meta property=\"og:locale\" content=\"pt_BR\" \/>\n<meta property=\"og:type\" content=\"article\" \/>\n<meta property=\"og:title\" content=\"Ivan Valente faz campanha no Par\u00e1 ao lado de Jos\u00e9 Nery, Edmilson e Marinor - PSOL 50\" \/>\n<meta property=\"og:description\" content=\"Depois de participar de uma caminhada ontem (9)em S\u00e3o Luis, ao lado do candidato a prefeito da capital do Maranh\u00e3o, Haroldo Saboia, o presidente nacional do PSOL, Ivan Valente, cumpre hoje uma s\u00e9rie de atividades de companha programadas em Bel\u00e9m-PA e regi\u00e3o metropolitana. Logo pela manh\u00e3, Ivan Valente engrossou a campanha do candidato a prefeito [&hellip;]\" \/>\n<meta property=\"og:url\" content=\"https:\/\/psol50.org.br\/ivan-valente-faz-campanha-no-para-ao-lado-de-jose-nery-edmilson-e-marinor\/\" \/>\n<meta property=\"og:site_name\" content=\"PSOL 50\" \/>\n<meta property=\"article:publisher\" content=\"https:\/\/www.facebook.com\/psol50\" \/>\n<meta property=\"article:published_time\" content=\"2012-08-10T00:00:00+00:00\" \/>\n<meta property=\"og:image\" content=\"https:\/\/psol50.org.br\/inc\/uploads\/2018\/07\/capa.png\" \/>\n\t<meta property=\"og:image:width\" content=\"1350\" \/>\n\t<meta property=\"og:image:height\" content=\"900\" \/>\n\t<meta property=\"og:image:type\" content=\"image\/png\" \/>\n<meta name=\"author\" content=\"Comunica\u00e7\u00e3o PSOL\" \/>\n<meta name=\"twitter:card\" content=\"summary_large_image\" \/>\n<meta name=\"twitter:creator\" content=\"@psol50\" \/>\n<meta name=\"twitter:site\" content=\"@psol50\" \/>\n<meta name=\"twitter:label1\" content=\"Escrito por\" \/>\n\t<meta name=\"twitter:data1\" content=\"Comunica\u00e7\u00e3o PSOL\" \/>\n\t<meta name=\"twitter:label2\" content=\"Est. tempo de leitura\" \/>\n\t<meta name=\"twitter:data2\" content=\"2 minutos\" \/>\n<script type=\"application\/ld+json\" class=\"yoast-schema-graph\">{\"@context\":\"https:\/\/schema.org\",\"@graph\":[{\"@type\":\"Article\",\"@id\":\"https:\/\/psol50.org.br\/ivan-valente-faz-campanha-no-para-ao-lado-de-jose-nery-edmilson-e-marinor\/#article\",\"isPartOf\":{\"@id\":\"https:\/\/psol50.org.br\/ivan-valente-faz-campanha-no-para-ao-lado-de-jose-nery-edmilson-e-marinor\/\"},\"author\":{\"name\":\"Comunica\u00e7\u00e3o PSOL\",\"@id\":\"https:\/\/psol50.org.br\/#\/schema\/person\/475dfa57d0b815993c714c2e96491fcd\"},\"headline\":\"Ivan Valente faz campanha no Par\u00e1 ao lado de Jos\u00e9 Nery, Edmilson e Marinor\",\"datePublished\":\"2012-08-10T00:00:00+00:00\",\"mainEntityOfPage\":{\"@id\":\"https:\/\/psol50.org.br\/ivan-valente-faz-campanha-no-para-ao-lado-de-jose-nery-edmilson-e-marinor\/\"},\"wordCount\":372,\"commentCount\":0,\"publisher\":{\"@id\":\"https:\/\/psol50.org.br\/#organization\"},\"keywords\":[\"Edmilson Rodrigues\"],\"articleSection\":[\"A\u00e7\u00e3o Parlamentar\",\"Arquivo\"],\"inLanguage\":\"pt-BR\",\"potentialAction\":[{\"@type\":\"CommentAction\",\"name\":\"Comment\",\"target\":[\"https:\/\/psol50.org.br\/ivan-valente-faz-campanha-no-para-ao-lado-de-jose-nery-edmilson-e-marinor\/#respond\"]}]},{\"@type\":\"WebPage\",\"@id\":\"https:\/\/psol50.org.br\/ivan-valente-faz-campanha-no-para-ao-lado-de-jose-nery-edmilson-e-marinor\/\",\"url\":\"https:\/\/psol50.org.br\/ivan-valente-faz-campanha-no-para-ao-lado-de-jose-nery-edmilson-e-marinor\/\",\"name\":\"Ivan Valente faz campanha no Par\u00e1 ao lado de Jos\u00e9 Nery, Edmilson e Marinor - PSOL 50\",\"isPartOf\":{\"@id\":\"https:\/\/psol50.org.br\/#website\"},\"datePublished\":\"2012-08-10T00:00:00+00:00\",\"breadcrumb\":{\"@id\":\"https:\/\/psol50.org.br\/ivan-valente-faz-campanha-no-para-ao-lado-de-jose-nery-edmilson-e-marinor\/#breadcrumb\"},\"inLanguage\":\"pt-BR\",\"potentialAction\":[{\"@type\":\"ReadAction\",\"target\":[\"https:\/\/psol50.org.br\/ivan-valente-faz-campanha-no-para-ao-lado-de-jose-nery-edmilson-e-marinor\/\"]}]},{\"@type\":\"BreadcrumbList\",\"@id\":\"https:\/\/psol50.org.br\/ivan-valente-faz-campanha-no-para-ao-lado-de-jose-nery-edmilson-e-marinor\/#breadcrumb\",\"itemListElement\":[{\"@type\":\"ListItem\",\"position\":1,\"name\":\"In\u00edcio\",\"item\":\"https:\/\/psol50.org.br\/\"},{\"@type\":\"ListItem\",\"position\":2,\"name\":\"Ivan Valente faz campanha no Par\u00e1 ao lado de Jos\u00e9 Nery, Edmilson e Marinor\"}]},{\"@type\":\"WebSite\",\"@id\":\"https:\/\/psol50.org.br\/#website\",\"url\":\"https:\/\/psol50.org.br\/\",\"name\":\"PSOL 50\",\"description\":\"Site oficial do Partido Socialismo e Liberdade\",\"publisher\":{\"@id\":\"https:\/\/psol50.org.br\/#organization\"},\"alternateName\":\"PSOL50\",\"potentialAction\":[{\"@type\":\"SearchAction\",\"target\":{\"@type\":\"EntryPoint\",\"urlTemplate\":\"https:\/\/psol50.org.br\/?s={search_term_string}\"},\"query-input\":{\"@type\":\"PropertyValueSpecification\",\"valueRequired\":true,\"valueName\":\"search_term_string\"}}],\"inLanguage\":\"pt-BR\"},{\"@type\":\"Organization\",\"@id\":\"https:\/\/psol50.org.br\/#organization\",\"name\":\"PSOL 50\",\"alternateName\":\"PSOL 50\",\"url\":\"https:\/\/psol50.org.br\/\",\"logo\":{\"@type\":\"ImageObject\",\"inLanguage\":\"pt-BR\",\"@id\":\"https:\/\/psol50.org.br\/#\/schema\/logo\/image\/\",\"url\":\"https:\/\/psol50.org.br\/inc\/uploads\/2018\/07\/capa.png\",\"contentUrl\":\"https:\/\/psol50.org.br\/inc\/uploads\/2018\/07\/capa.png\",\"width\":1350,\"height\":900,\"caption\":\"PSOL 50\"},\"image\":{\"@id\":\"https:\/\/psol50.org.br\/#\/schema\/logo\/image\/\"},\"sameAs\":[\"https:\/\/www.facebook.com\/psol50\",\"https:\/\/x.com\/psol50\",\"https:\/\/www.instagram.com\/psol50\/\",\"https:\/\/www.youtube.com\/channel\/UC7SnJS5o1os7a6CaiNabzcg\"]},{\"@type\":\"Person\",\"@id\":\"https:\/\/psol50.org.br\/#\/schema\/person\/475dfa57d0b815993c714c2e96491fcd\",\"name\":\"Comunica\u00e7\u00e3o PSOL\",\"image\":{\"@type\":\"ImageObject\",\"inLanguage\":\"pt-BR\",\"@id\":\"https:\/\/psol50.org.br\/#\/schema\/person\/image\/\",\"url\":\"https:\/\/secure.gravatar.com\/avatar\/b34fc4f4e468a4e51785917065a3db57b841f5c95dba6ad8c73aaf8f66f8f9bf?s=96&d=mm&r=g\",\"contentUrl\":\"https:\/\/secure.gravatar.com\/avatar\/b34fc4f4e468a4e51785917065a3db57b841f5c95dba6ad8c73aaf8f66f8f9bf?s=96&d=mm&r=g\",\"caption\":\"Comunica\u00e7\u00e3o PSOL\"}}]}<\/script>\n<!-- \/ Yoast SEO plugin. -->","yoast_head_json":{"title":"Ivan Valente faz campanha no Par\u00e1 ao lado de Jos\u00e9 Nery, Edmilson e Marinor - PSOL 50","robots":{"index":"index","follow":"follow","max-snippet":"max-snippet:-1","max-image-preview":"max-image-preview:large","max-video-preview":"max-video-preview:-1"},"canonical":"https:\/\/psol50.org.br\/ivan-valente-faz-campanha-no-para-ao-lado-de-jose-nery-edmilson-e-marinor\/","og_locale":"pt_BR","og_type":"article","og_title":"Ivan Valente faz campanha no Par\u00e1 ao lado de Jos\u00e9 Nery, Edmilson e Marinor - PSOL 50","og_description":"Depois de participar de uma caminhada ontem (9)em S\u00e3o Luis, ao lado do candidato a prefeito da capital do Maranh\u00e3o, Haroldo Saboia, o presidente nacional do PSOL, Ivan Valente, cumpre hoje uma s\u00e9rie de atividades de companha programadas em Bel\u00e9m-PA e regi\u00e3o metropolitana. Logo pela manh\u00e3, Ivan Valente engrossou a campanha do candidato a prefeito [&hellip;]","og_url":"https:\/\/psol50.org.br\/ivan-valente-faz-campanha-no-para-ao-lado-de-jose-nery-edmilson-e-marinor\/","og_site_name":"PSOL 50","article_publisher":"https:\/\/www.facebook.com\/psol50","article_published_time":"2012-08-10T00:00:00+00:00","og_image":[{"width":1350,"height":900,"url":"https:\/\/psol50.org.br\/inc\/uploads\/2018\/07\/capa.png","type":"image\/png"}],"author":"Comunica\u00e7\u00e3o PSOL","twitter_card":"summary_large_image","twitter_creator":"@psol50","twitter_site":"@psol50","twitter_misc":{"Escrito por":"Comunica\u00e7\u00e3o PSOL","Est. tempo de leitura":"2 minutos"},"schema":{"@context":"https:\/\/schema.org","@graph":[{"@type":"Article","@id":"https:\/\/psol50.org.br\/ivan-valente-faz-campanha-no-para-ao-lado-de-jose-nery-edmilson-e-marinor\/#article","isPartOf":{"@id":"https:\/\/psol50.org.br\/ivan-valente-faz-campanha-no-para-ao-lado-de-jose-nery-edmilson-e-marinor\/"},"author":{"name":"Comunica\u00e7\u00e3o PSOL","@id":"https:\/\/psol50.org.br\/#\/schema\/person\/475dfa57d0b815993c714c2e96491fcd"},"headline":"Ivan Valente faz campanha no Par\u00e1 ao lado de Jos\u00e9 Nery, Edmilson e Marinor","datePublished":"2012-08-10T00:00:00+00:00","mainEntityOfPage":{"@id":"https:\/\/psol50.org.br\/ivan-valente-faz-campanha-no-para-ao-lado-de-jose-nery-edmilson-e-marinor\/"},"wordCount":372,"commentCount":0,"publisher":{"@id":"https:\/\/psol50.org.br\/#organization"},"keywords":["Edmilson Rodrigues"],"articleSection":["A\u00e7\u00e3o Parlamentar","Arquivo"],"inLanguage":"pt-BR","potentialAction":[{"@type":"CommentAction","name":"Comment","target":["https:\/\/psol50.org.br\/ivan-valente-faz-campanha-no-para-ao-lado-de-jose-nery-edmilson-e-marinor\/#respond"]}]},{"@type":"WebPage","@id":"https:\/\/psol50.org.br\/ivan-valente-faz-campanha-no-para-ao-lado-de-jose-nery-edmilson-e-marinor\/","url":"https:\/\/psol50.org.br\/ivan-valente-faz-campanha-no-para-ao-lado-de-jose-nery-edmilson-e-marinor\/","name":"Ivan Valente faz campanha no Par\u00e1 ao lado de Jos\u00e9 Nery, Edmilson e Marinor - PSOL 50","isPartOf":{"@id":"https:\/\/psol50.org.br\/#website"},"datePublished":"2012-08-10T00:00:00+00:00","breadcrumb":{"@id":"https:\/\/psol50.org.br\/ivan-valente-faz-campanha-no-para-ao-lado-de-jose-nery-edmilson-e-marinor\/#breadcrumb"},"inLanguage":"pt-BR","potentialAction":[{"@type":"ReadAction","target":["https:\/\/psol50.org.br\/ivan-valente-faz-campanha-no-para-ao-lado-de-jose-nery-edmilson-e-marinor\/"]}]},{"@type":"BreadcrumbList","@id":"https:\/\/psol50.org.br\/ivan-valente-faz-campanha-no-para-ao-lado-de-jose-nery-edmilson-e-marinor\/#breadcrumb","itemListElement":[{"@type":"ListItem","position":1,"name":"In\u00edcio","item":"https:\/\/psol50.org.br\/"},{"@type":"ListItem","position":2,"name":"Ivan Valente faz campanha no Par\u00e1 ao lado de Jos\u00e9 Nery, Edmilson e Marinor"}]},{"@type":"WebSite","@id":"https:\/\/psol50.org.br\/#website","url":"https:\/\/psol50.org.br\/","name":"PSOL 50","description":"Site oficial do Partido Socialismo e Liberdade","publisher":{"@id":"https:\/\/psol50.org.br\/#organization"},"alternateName":"PSOL50","potentialAction":[{"@type":"SearchAction","target":{"@type":"EntryPoint","urlTemplate":"https:\/\/psol50.org.br\/?s={search_term_string}"},"query-input":{"@type":"PropertyValueSpecification","valueRequired":true,"valueName":"search_term_string"}}],"inLanguage":"pt-BR"},{"@type":"Organization","@id":"https:\/\/psol50.org.br\/#organization","name":"PSOL 50","alternateName":"PSOL 50","url":"https:\/\/psol50.org.br\/","logo":{"@type":"ImageObject","inLanguage":"pt-BR","@id":"https:\/\/psol50.org.br\/#\/schema\/logo\/image\/","url":"https:\/\/psol50.org.br\/inc\/uploads\/2018\/07\/capa.png","contentUrl":"https:\/\/psol50.org.br\/inc\/uploads\/2018\/07\/capa.png","width":1350,"height":900,"caption":"PSOL 50"},"image":{"@id":"https:\/\/psol50.org.br\/#\/schema\/logo\/image\/"},"sameAs":["https:\/\/www.facebook.com\/psol50","https:\/\/x.com\/psol50","https:\/\/www.instagram.com\/psol50\/","https:\/\/www.youtube.com\/channel\/UC7SnJS5o1os7a6CaiNabzcg"]},{"@type":"Person","@id":"https:\/\/psol50.org.br\/#\/schema\/person\/475dfa57d0b815993c714c2e96491fcd","name":"Comunica\u00e7\u00e3o PSOL","image":{"@type":"ImageObject","inLanguage":"pt-BR","@id":"https:\/\/psol50.org.br\/#\/schema\/person\/image\/","url":"https:\/\/secure.gravatar.com\/avatar\/b34fc4f4e468a4e51785917065a3db57b841f5c95dba6ad8c73aaf8f66f8f9bf?s=96&d=mm&r=g","contentUrl":"https:\/\/secure.gravatar.com\/avatar\/b34fc4f4e468a4e51785917065a3db57b841f5c95dba6ad8c73aaf8f66f8f9bf?s=96&d=mm&r=g","caption":"Comunica\u00e7\u00e3o PSOL"}}]}},"_links":{"self":[{"href":"https:\/\/psol50.org.br\/rest\/wp\/v2\/posts\/246","targetHints":{"allow":["GET"]}}],"collection":[{"href":"https:\/\/psol50.org.br\/rest\/wp\/v2\/posts"}],"about":[{"href":"https:\/\/psol50.org.br\/rest\/wp\/v2\/types\/post"}],"author":[{"embeddable":true,"href":"https:\/\/psol50.org.br\/rest\/wp\/v2\/users\/2"}],"replies":[{"embeddable":true,"href":"https:\/\/psol50.org.br\/rest\/wp\/v2\/comments?post=246"}],"version-history":[{"count":0,"href":"https:\/\/psol50.org.br\/rest\/wp\/v2\/posts\/246\/revisions"}],"wp:attachment":[{"href":"https:\/\/psol50.org.br\/rest\/wp\/v2\/media?parent=246"}],"wp:term":[{"taxonomy":"category","embeddable":true,"href":"https:\/\/psol50.org.br\/rest\/wp\/v2\/categories?post=246"},{"taxonomy":"post_tag","embeddable":true,"href":"https:\/\/psol50.org.br\/rest\/wp\/v2\/tags?post=246"}],"curies":[{"name":"wp","href":"https:\/\/api.w.org\/{rel}","templated":true}]}}