{"id":2461,"date":"2013-12-10T00:00:00","date_gmt":"2013-12-10T00:00:00","guid":{"rendered":"http:\/\/psol50.org.br\/arquivo\/2013\/12\/10\/dirigente-do-psol-pb-repudia-declaracao-do-governador-que-disse-dar-uma-surra-de-vara-nos-opositores\/"},"modified":"2013-12-10T00:00:00","modified_gmt":"2013-12-10T00:00:00","slug":"dirigente-do-psol-pb-repudia-declaracao-do-governador-que-disse-dar-uma-surra-de-vara-nos-opositores","status":"publish","type":"post","link":"https:\/\/psol50.org.br\/dirigente-do-psol-pb-repudia-declaracao-do-governador-que-disse-dar-uma-surra-de-vara-nos-opositores\/","title":{"rendered":"Dirigente do PSOL-PB repudia declara\u00e7\u00e3o do governador, que disse dar uma \u201csurra de vara\u201d nos opositores"},"content":{"rendered":"<p style=\"text-align: justify;\">\n\tNo \u00faltimo domingo (08), o dirigente do PSOL da Para\u00edba T\u00e1rcio Teixeira emitiu uma nota repudiando a atitude do governador Ricardo Coutinho, que amea\u00e7ou dar uma \u201csurra de vara\u201d na oposi\u00e7\u00e3o.<br \/>\n\t&nbsp;<br \/>\n\tPara o militante, o governador seria mesmo capaz de cumprir a promessa, e isso seria uma demonstra\u00e7\u00e3o de uma atitude coronelista. \u201cUm governador que tem destru\u00eddo a seguran\u00e7a na Para\u00edba, e tratado com descaso servidores\/as e toda popula\u00e7\u00e3o, pode muito bem usar da for\u00e7a contra o povo, ou melhor, j\u00e1 vem usando sua for\u00e7a e provocando muita viol\u00eancia f\u00edsica\u201d, traz a nota.<br \/>\n\t&nbsp;<br \/>\n\tLei abaixo nota na \u00edntegra:<br \/>\n\t&nbsp;<br \/>\n\tH\u00e1 algumas semanas, ou meses se n\u00e3o estamos enganados, o governador Ricardo Coutinho disse que daria uma pisa de cip\u00f3 em alguns deputados estaduais que divergiam de suas posi\u00e7\u00f5es. Na \u00faltima semana de novembro o governador ampliou sua amea\u00e7a e escancarou de vez o coronelismo que guia suas posi\u00e7\u00f5es ao dizer publicamente, e sem rodeios, que dar\u00e1 \u201cuma surra de vara\u201d na oposi\u00e7\u00e3o. Acreditamos que o governador seja capaz de cumprir sua amea\u00e7a, temos motivos para isso.<br \/>\n\t&nbsp;<br \/>\n\tUm governador que tem destru\u00eddo a seguran\u00e7a na Para\u00edba e tratado com descaso servidores\/as e toda popula\u00e7\u00e3o pode muito bem usar da for\u00e7a contra o povo, ou melhor, j\u00e1 vem usando sua for\u00e7a e provocando muita viol\u00eancia f\u00edsica. Estamos falando aqui de algumas quest\u00f5es espec\u00edficas e bem objetivas. Vejamos:<\/p>\n<p>\t1. O n\u00e3o funcionamento da Ouvidoria de Pol\u00edcia da Para\u00edba vem causando in\u00e9rcia na investiga\u00e7\u00e3o da den\u00fancia de tortura contra participantes dos atos organizados pelo movimento passe livre em junho desse ano e impedindo o in\u00edcio das investiga\u00e7\u00f5es relativas \u00e0 extrema viol\u00eancia utilizada pela Pol\u00edcia Militar durante protesto da popula\u00e7\u00e3o de Santa Rita, juntamente com o MPL da cidade, contra a morte de pessoas devido ao descaso com o transporte p\u00fablico em nossa Para\u00edba, para citar apenas dois fatos de conhecimento p\u00fablico;<\/p>\n<p>\t2. O fechamento delegacias e o n\u00e3o funcionamento do atendimento noturno favorecem a viol\u00eancia contra a mulher, os crimes homof\u00f3bicos e o crime organizado;<\/p>\n<p>\t3. O fim da Opera\u00e7\u00e3o Manzu\u00e1 e a n\u00e3o cria\u00e7\u00e3o de alguma pol\u00edtica em substitui\u00e7\u00e3o deixam nossas fronteiras abertas e favorecem o tr\u00e1fico de drogas, de pessoas e de animais;<\/p>\n<p>\t4. A presen\u00e7a massiva de Policiais Militares nos atos organizados pelos sindicatos e movimentos sociais \u00e9 uma das formas como o governador Ricardo Coutinho vem utilizando a PM como a extens\u00e3o de sua \u201cvara\u201d e do seu \u201ccip\u00f3\u201d.<\/p>\n<p>\tN\u00e3o vamos aqui entrar em aspectos relacionados \u00e0 falta de estrutura de trabalho para os policiais militares e civis, nem entrar em viol\u00eancias como fechamento de escolas, privatiza\u00e7\u00e3o do patrim\u00f4nio p\u00fablico ou das dezenas de medidas violentas do governador contra a popula\u00e7\u00e3o da Para\u00edba. Os quatro t\u00f3picos anteriores deixam claro que Ricardo tem utilizado de toda forma de viol\u00eancia, n\u00e3o apenas contra a oposi\u00e7\u00e3o, mas contra toda a Para\u00edba.<\/p>\n<p>\tLembremos ao governador que, ao tempo que ele utiliza de amea\u00e7as do coronelismo, a resposta dos\/as trabalhadores\/as e da juventude ser\u00e1 n\u00e3o apenas nas urnas, mas principalmente nas ruas!<br \/>\n\t&nbsp;<br \/>\n\tT\u00e1rcio Teixeira<br \/>\n\tMembro do Diret\u00f3rio Estadual do PSOL\/PB<br \/>\n\tPr\u00e9- candidato ao Governo da Para\u00edba pela PSOL<br \/>\n\tMembro do Diret\u00f3rio Municipal de Jo\u00e3o Pessoa<\/p>\n<p>&nbsp;<\/p>\n","protected":false},"excerpt":{"rendered":"<p>No \u00faltimo domingo (08), o dirigente do PSOL da Para\u00edba T\u00e1rcio Teixeira emitiu uma nota repudiando a atitude do governador Ricardo Coutinho, que amea\u00e7ou dar uma \u201csurra de vara\u201d na oposi\u00e7\u00e3o. &nbsp; Para o militante, o governador seria mesmo capaz de cumprir a promessa, e isso seria uma demonstra\u00e7\u00e3o de uma atitude coronelista. \u201cUm governador [&hellip;]<\/p>\n","protected":false},"author":2,"featured_media":0,"comment_status":"open","ping_status":"open","sticky":false,"template":"","format":"standard","meta":{"_acf_changed":false,"footnotes":""},"categories":[4766,654,6],"tags":[22],"class_list":{"0":"post-2461","1":"post","2":"type-post","3":"status-publish","4":"format-standard","6":"category-arquivo","7":"category-estados","8":"category-noticias","9":"tag-psol"},"acf":[],"yoast_head":"<!-- This site is optimized with the Yoast SEO plugin v26.5 - https:\/\/yoast.com\/wordpress\/plugins\/seo\/ -->\n<title>Dirigente do PSOL-PB repudia declara\u00e7\u00e3o do governador, que disse dar uma \u201csurra de vara\u201d nos opositores - PSOL 50<\/title>\n<meta name=\"robots\" content=\"index, follow, max-snippet:-1, max-image-preview:large, max-video-preview:-1\" \/>\n<link rel=\"canonical\" href=\"https:\/\/psol50.org.br\/dirigente-do-psol-pb-repudia-declaracao-do-governador-que-disse-dar-uma-surra-de-vara-nos-opositores\/\" \/>\n<meta property=\"og:locale\" content=\"pt_BR\" \/>\n<meta property=\"og:type\" content=\"article\" \/>\n<meta property=\"og:title\" content=\"Dirigente do PSOL-PB repudia declara\u00e7\u00e3o do governador, que disse dar uma \u201csurra de vara\u201d nos opositores - PSOL 50\" \/>\n<meta property=\"og:description\" content=\"No \u00faltimo domingo (08), o dirigente do PSOL da Para\u00edba T\u00e1rcio Teixeira emitiu uma nota repudiando a atitude do governador Ricardo Coutinho, que amea\u00e7ou dar uma \u201csurra de vara\u201d na oposi\u00e7\u00e3o. &nbsp; Para o militante, o governador seria mesmo capaz de cumprir a promessa, e isso seria uma demonstra\u00e7\u00e3o de uma atitude coronelista. \u201cUm governador [&hellip;]\" \/>\n<meta property=\"og:url\" content=\"https:\/\/psol50.org.br\/dirigente-do-psol-pb-repudia-declaracao-do-governador-que-disse-dar-uma-surra-de-vara-nos-opositores\/\" \/>\n<meta property=\"og:site_name\" content=\"PSOL 50\" \/>\n<meta property=\"article:publisher\" content=\"https:\/\/www.facebook.com\/psol50\" \/>\n<meta property=\"article:published_time\" content=\"2013-12-10T00:00:00+00:00\" \/>\n<meta property=\"og:image\" content=\"https:\/\/psol50.org.br\/inc\/uploads\/2018\/07\/capa.png\" \/>\n\t<meta property=\"og:image:width\" content=\"1350\" \/>\n\t<meta property=\"og:image:height\" content=\"900\" \/>\n\t<meta property=\"og:image:type\" content=\"image\/png\" \/>\n<meta name=\"author\" content=\"Comunica\u00e7\u00e3o PSOL\" \/>\n<meta name=\"twitter:card\" content=\"summary_large_image\" \/>\n<meta name=\"twitter:creator\" content=\"@psol50\" \/>\n<meta name=\"twitter:site\" content=\"@psol50\" \/>\n<meta name=\"twitter:label1\" content=\"Escrito por\" \/>\n\t<meta name=\"twitter:data1\" content=\"Comunica\u00e7\u00e3o PSOL\" \/>\n\t<meta name=\"twitter:label2\" content=\"Est. tempo de leitura\" \/>\n\t<meta name=\"twitter:data2\" content=\"3 minutos\" \/>\n<script type=\"application\/ld+json\" class=\"yoast-schema-graph\">{\"@context\":\"https:\/\/schema.org\",\"@graph\":[{\"@type\":\"Article\",\"@id\":\"https:\/\/psol50.org.br\/dirigente-do-psol-pb-repudia-declaracao-do-governador-que-disse-dar-uma-surra-de-vara-nos-opositores\/#article\",\"isPartOf\":{\"@id\":\"https:\/\/psol50.org.br\/dirigente-do-psol-pb-repudia-declaracao-do-governador-que-disse-dar-uma-surra-de-vara-nos-opositores\/\"},\"author\":{\"name\":\"Comunica\u00e7\u00e3o PSOL\",\"@id\":\"https:\/\/psol50.org.br\/#\/schema\/person\/475dfa57d0b815993c714c2e96491fcd\"},\"headline\":\"Dirigente do PSOL-PB repudia declara\u00e7\u00e3o do governador, que disse dar uma \u201csurra de vara\u201d nos opositores\",\"datePublished\":\"2013-12-10T00:00:00+00:00\",\"mainEntityOfPage\":{\"@id\":\"https:\/\/psol50.org.br\/dirigente-do-psol-pb-repudia-declaracao-do-governador-que-disse-dar-uma-surra-de-vara-nos-opositores\/\"},\"wordCount\":613,\"commentCount\":0,\"publisher\":{\"@id\":\"https:\/\/psol50.org.br\/#organization\"},\"keywords\":[\"PSOL\"],\"articleSection\":[\"Arquivo\",\"Estados\",\"Not\u00edcias\"],\"inLanguage\":\"pt-BR\",\"potentialAction\":[{\"@type\":\"CommentAction\",\"name\":\"Comment\",\"target\":[\"https:\/\/psol50.org.br\/dirigente-do-psol-pb-repudia-declaracao-do-governador-que-disse-dar-uma-surra-de-vara-nos-opositores\/#respond\"]}]},{\"@type\":\"WebPage\",\"@id\":\"https:\/\/psol50.org.br\/dirigente-do-psol-pb-repudia-declaracao-do-governador-que-disse-dar-uma-surra-de-vara-nos-opositores\/\",\"url\":\"https:\/\/psol50.org.br\/dirigente-do-psol-pb-repudia-declaracao-do-governador-que-disse-dar-uma-surra-de-vara-nos-opositores\/\",\"name\":\"Dirigente do PSOL-PB repudia declara\u00e7\u00e3o do governador, que disse dar uma \u201csurra de vara\u201d nos opositores - PSOL 50\",\"isPartOf\":{\"@id\":\"https:\/\/psol50.org.br\/#website\"},\"datePublished\":\"2013-12-10T00:00:00+00:00\",\"breadcrumb\":{\"@id\":\"https:\/\/psol50.org.br\/dirigente-do-psol-pb-repudia-declaracao-do-governador-que-disse-dar-uma-surra-de-vara-nos-opositores\/#breadcrumb\"},\"inLanguage\":\"pt-BR\",\"potentialAction\":[{\"@type\":\"ReadAction\",\"target\":[\"https:\/\/psol50.org.br\/dirigente-do-psol-pb-repudia-declaracao-do-governador-que-disse-dar-uma-surra-de-vara-nos-opositores\/\"]}]},{\"@type\":\"BreadcrumbList\",\"@id\":\"https:\/\/psol50.org.br\/dirigente-do-psol-pb-repudia-declaracao-do-governador-que-disse-dar-uma-surra-de-vara-nos-opositores\/#breadcrumb\",\"itemListElement\":[{\"@type\":\"ListItem\",\"position\":1,\"name\":\"In\u00edcio\",\"item\":\"https:\/\/psol50.org.br\/\"},{\"@type\":\"ListItem\",\"position\":2,\"name\":\"Dirigente do PSOL-PB repudia declara\u00e7\u00e3o do governador, que disse dar uma \u201csurra de vara\u201d nos opositores\"}]},{\"@type\":\"WebSite\",\"@id\":\"https:\/\/psol50.org.br\/#website\",\"url\":\"https:\/\/psol50.org.br\/\",\"name\":\"PSOL 50\",\"description\":\"Site oficial do Partido Socialismo e Liberdade\",\"publisher\":{\"@id\":\"https:\/\/psol50.org.br\/#organization\"},\"alternateName\":\"PSOL50\",\"potentialAction\":[{\"@type\":\"SearchAction\",\"target\":{\"@type\":\"EntryPoint\",\"urlTemplate\":\"https:\/\/psol50.org.br\/?s={search_term_string}\"},\"query-input\":{\"@type\":\"PropertyValueSpecification\",\"valueRequired\":true,\"valueName\":\"search_term_string\"}}],\"inLanguage\":\"pt-BR\"},{\"@type\":\"Organization\",\"@id\":\"https:\/\/psol50.org.br\/#organization\",\"name\":\"PSOL 50\",\"alternateName\":\"PSOL 50\",\"url\":\"https:\/\/psol50.org.br\/\",\"logo\":{\"@type\":\"ImageObject\",\"inLanguage\":\"pt-BR\",\"@id\":\"https:\/\/psol50.org.br\/#\/schema\/logo\/image\/\",\"url\":\"https:\/\/psol50.org.br\/inc\/uploads\/2018\/07\/capa.png\",\"contentUrl\":\"https:\/\/psol50.org.br\/inc\/uploads\/2018\/07\/capa.png\",\"width\":1350,\"height\":900,\"caption\":\"PSOL 50\"},\"image\":{\"@id\":\"https:\/\/psol50.org.br\/#\/schema\/logo\/image\/\"},\"sameAs\":[\"https:\/\/www.facebook.com\/psol50\",\"https:\/\/x.com\/psol50\",\"https:\/\/www.instagram.com\/psol50\/\",\"https:\/\/www.youtube.com\/channel\/UC7SnJS5o1os7a6CaiNabzcg\"]},{\"@type\":\"Person\",\"@id\":\"https:\/\/psol50.org.br\/#\/schema\/person\/475dfa57d0b815993c714c2e96491fcd\",\"name\":\"Comunica\u00e7\u00e3o PSOL\",\"image\":{\"@type\":\"ImageObject\",\"inLanguage\":\"pt-BR\",\"@id\":\"https:\/\/psol50.org.br\/#\/schema\/person\/image\/\",\"url\":\"https:\/\/secure.gravatar.com\/avatar\/b34fc4f4e468a4e51785917065a3db57b841f5c95dba6ad8c73aaf8f66f8f9bf?s=96&d=mm&r=g\",\"contentUrl\":\"https:\/\/secure.gravatar.com\/avatar\/b34fc4f4e468a4e51785917065a3db57b841f5c95dba6ad8c73aaf8f66f8f9bf?s=96&d=mm&r=g\",\"caption\":\"Comunica\u00e7\u00e3o PSOL\"}}]}<\/script>\n<!-- \/ Yoast SEO plugin. -->","yoast_head_json":{"title":"Dirigente do PSOL-PB repudia declara\u00e7\u00e3o do governador, que disse dar uma \u201csurra de vara\u201d nos opositores - PSOL 50","robots":{"index":"index","follow":"follow","max-snippet":"max-snippet:-1","max-image-preview":"max-image-preview:large","max-video-preview":"max-video-preview:-1"},"canonical":"https:\/\/psol50.org.br\/dirigente-do-psol-pb-repudia-declaracao-do-governador-que-disse-dar-uma-surra-de-vara-nos-opositores\/","og_locale":"pt_BR","og_type":"article","og_title":"Dirigente do PSOL-PB repudia declara\u00e7\u00e3o do governador, que disse dar uma \u201csurra de vara\u201d nos opositores - PSOL 50","og_description":"No \u00faltimo domingo (08), o dirigente do PSOL da Para\u00edba T\u00e1rcio Teixeira emitiu uma nota repudiando a atitude do governador Ricardo Coutinho, que amea\u00e7ou dar uma \u201csurra de vara\u201d na oposi\u00e7\u00e3o. &nbsp; Para o militante, o governador seria mesmo capaz de cumprir a promessa, e isso seria uma demonstra\u00e7\u00e3o de uma atitude coronelista. \u201cUm governador [&hellip;]","og_url":"https:\/\/psol50.org.br\/dirigente-do-psol-pb-repudia-declaracao-do-governador-que-disse-dar-uma-surra-de-vara-nos-opositores\/","og_site_name":"PSOL 50","article_publisher":"https:\/\/www.facebook.com\/psol50","article_published_time":"2013-12-10T00:00:00+00:00","og_image":[{"width":1350,"height":900,"url":"https:\/\/psol50.org.br\/inc\/uploads\/2018\/07\/capa.png","type":"image\/png"}],"author":"Comunica\u00e7\u00e3o PSOL","twitter_card":"summary_large_image","twitter_creator":"@psol50","twitter_site":"@psol50","twitter_misc":{"Escrito por":"Comunica\u00e7\u00e3o PSOL","Est. tempo de leitura":"3 minutos"},"schema":{"@context":"https:\/\/schema.org","@graph":[{"@type":"Article","@id":"https:\/\/psol50.org.br\/dirigente-do-psol-pb-repudia-declaracao-do-governador-que-disse-dar-uma-surra-de-vara-nos-opositores\/#article","isPartOf":{"@id":"https:\/\/psol50.org.br\/dirigente-do-psol-pb-repudia-declaracao-do-governador-que-disse-dar-uma-surra-de-vara-nos-opositores\/"},"author":{"name":"Comunica\u00e7\u00e3o PSOL","@id":"https:\/\/psol50.org.br\/#\/schema\/person\/475dfa57d0b815993c714c2e96491fcd"},"headline":"Dirigente do PSOL-PB repudia declara\u00e7\u00e3o do governador, que disse dar uma \u201csurra de vara\u201d nos opositores","datePublished":"2013-12-10T00:00:00+00:00","mainEntityOfPage":{"@id":"https:\/\/psol50.org.br\/dirigente-do-psol-pb-repudia-declaracao-do-governador-que-disse-dar-uma-surra-de-vara-nos-opositores\/"},"wordCount":613,"commentCount":0,"publisher":{"@id":"https:\/\/psol50.org.br\/#organization"},"keywords":["PSOL"],"articleSection":["Arquivo","Estados","Not\u00edcias"],"inLanguage":"pt-BR","potentialAction":[{"@type":"CommentAction","name":"Comment","target":["https:\/\/psol50.org.br\/dirigente-do-psol-pb-repudia-declaracao-do-governador-que-disse-dar-uma-surra-de-vara-nos-opositores\/#respond"]}]},{"@type":"WebPage","@id":"https:\/\/psol50.org.br\/dirigente-do-psol-pb-repudia-declaracao-do-governador-que-disse-dar-uma-surra-de-vara-nos-opositores\/","url":"https:\/\/psol50.org.br\/dirigente-do-psol-pb-repudia-declaracao-do-governador-que-disse-dar-uma-surra-de-vara-nos-opositores\/","name":"Dirigente do PSOL-PB repudia declara\u00e7\u00e3o do governador, que disse dar uma \u201csurra de vara\u201d nos opositores - PSOL 50","isPartOf":{"@id":"https:\/\/psol50.org.br\/#website"},"datePublished":"2013-12-10T00:00:00+00:00","breadcrumb":{"@id":"https:\/\/psol50.org.br\/dirigente-do-psol-pb-repudia-declaracao-do-governador-que-disse-dar-uma-surra-de-vara-nos-opositores\/#breadcrumb"},"inLanguage":"pt-BR","potentialAction":[{"@type":"ReadAction","target":["https:\/\/psol50.org.br\/dirigente-do-psol-pb-repudia-declaracao-do-governador-que-disse-dar-uma-surra-de-vara-nos-opositores\/"]}]},{"@type":"BreadcrumbList","@id":"https:\/\/psol50.org.br\/dirigente-do-psol-pb-repudia-declaracao-do-governador-que-disse-dar-uma-surra-de-vara-nos-opositores\/#breadcrumb","itemListElement":[{"@type":"ListItem","position":1,"name":"In\u00edcio","item":"https:\/\/psol50.org.br\/"},{"@type":"ListItem","position":2,"name":"Dirigente do PSOL-PB repudia declara\u00e7\u00e3o do governador, que disse dar uma \u201csurra de vara\u201d nos opositores"}]},{"@type":"WebSite","@id":"https:\/\/psol50.org.br\/#website","url":"https:\/\/psol50.org.br\/","name":"PSOL 50","description":"Site oficial do Partido Socialismo e Liberdade","publisher":{"@id":"https:\/\/psol50.org.br\/#organization"},"alternateName":"PSOL50","potentialAction":[{"@type":"SearchAction","target":{"@type":"EntryPoint","urlTemplate":"https:\/\/psol50.org.br\/?s={search_term_string}"},"query-input":{"@type":"PropertyValueSpecification","valueRequired":true,"valueName":"search_term_string"}}],"inLanguage":"pt-BR"},{"@type":"Organization","@id":"https:\/\/psol50.org.br\/#organization","name":"PSOL 50","alternateName":"PSOL 50","url":"https:\/\/psol50.org.br\/","logo":{"@type":"ImageObject","inLanguage":"pt-BR","@id":"https:\/\/psol50.org.br\/#\/schema\/logo\/image\/","url":"https:\/\/psol50.org.br\/inc\/uploads\/2018\/07\/capa.png","contentUrl":"https:\/\/psol50.org.br\/inc\/uploads\/2018\/07\/capa.png","width":1350,"height":900,"caption":"PSOL 50"},"image":{"@id":"https:\/\/psol50.org.br\/#\/schema\/logo\/image\/"},"sameAs":["https:\/\/www.facebook.com\/psol50","https:\/\/x.com\/psol50","https:\/\/www.instagram.com\/psol50\/","https:\/\/www.youtube.com\/channel\/UC7SnJS5o1os7a6CaiNabzcg"]},{"@type":"Person","@id":"https:\/\/psol50.org.br\/#\/schema\/person\/475dfa57d0b815993c714c2e96491fcd","name":"Comunica\u00e7\u00e3o PSOL","image":{"@type":"ImageObject","inLanguage":"pt-BR","@id":"https:\/\/psol50.org.br\/#\/schema\/person\/image\/","url":"https:\/\/secure.gravatar.com\/avatar\/b34fc4f4e468a4e51785917065a3db57b841f5c95dba6ad8c73aaf8f66f8f9bf?s=96&d=mm&r=g","contentUrl":"https:\/\/secure.gravatar.com\/avatar\/b34fc4f4e468a4e51785917065a3db57b841f5c95dba6ad8c73aaf8f66f8f9bf?s=96&d=mm&r=g","caption":"Comunica\u00e7\u00e3o PSOL"}}]}},"_links":{"self":[{"href":"https:\/\/psol50.org.br\/rest\/wp\/v2\/posts\/2461","targetHints":{"allow":["GET"]}}],"collection":[{"href":"https:\/\/psol50.org.br\/rest\/wp\/v2\/posts"}],"about":[{"href":"https:\/\/psol50.org.br\/rest\/wp\/v2\/types\/post"}],"author":[{"embeddable":true,"href":"https:\/\/psol50.org.br\/rest\/wp\/v2\/users\/2"}],"replies":[{"embeddable":true,"href":"https:\/\/psol50.org.br\/rest\/wp\/v2\/comments?post=2461"}],"version-history":[{"count":0,"href":"https:\/\/psol50.org.br\/rest\/wp\/v2\/posts\/2461\/revisions"}],"wp:attachment":[{"href":"https:\/\/psol50.org.br\/rest\/wp\/v2\/media?parent=2461"}],"wp:term":[{"taxonomy":"category","embeddable":true,"href":"https:\/\/psol50.org.br\/rest\/wp\/v2\/categories?post=2461"},{"taxonomy":"post_tag","embeddable":true,"href":"https:\/\/psol50.org.br\/rest\/wp\/v2\/tags?post=2461"}],"curies":[{"name":"wp","href":"https:\/\/api.w.org\/{rel}","templated":true}]}}