{"id":24658,"date":"2019-03-25T20:38:00","date_gmt":"2019-03-25T23:38:00","guid":{"rendered":"http:\/\/psol50.org.br\/?p=24658"},"modified":"2019-03-25T20:38:00","modified_gmt":"2019-03-25T23:38:00","slug":"nota-de-solidariedade-do-psol-as-vitimas-do-ciclone-idai","status":"publish","type":"post","link":"https:\/\/psol50.org.br\/nota-de-solidariedade-do-psol-as-vitimas-do-ciclone-idai\/","title":{"rendered":"Nota de solidariedade do PSOL \u00e0s v\u00edtimas do ciclone Idai"},"content":{"rendered":"\n<p>A Executiva Nacional do PSOL acompanhou consternada e se solidariza com o povo de Mo\u00e7ambique, Malau\u00ed e Zimb\u00e1bue, v\u00edtimas do ciclone Idai, que causou danos materiais e mortes irrepar\u00e1veis. A trag\u00e9dia deixou mais de 700 mortos, afetou 770 mil pessoas e h\u00e1 risco de epidemias nas \u00e1reas afetadas. Em Mo\u00e7ambique, epicentro do Idai, 3.100 escolas foram destru\u00eddas, 33.500 im\u00f3veis foram destru\u00eddos ou parcialmente destro\u00e7ados e 500 mil hectares de planta\u00e7\u00f5es se perderam completamente, afetando diretamente a economia do pa\u00eds.<\/p>\n\n\n\n<p>N\u00e3o bastasse os anos de escravid\u00e3o e colonialismo que at\u00e9 hoje deixam marcas naquele continente, a comunidade internacional e o governo brasileiro acompanham com dist\u00e2ncia o drama vivido por nossos irm\u00e3os em \u00c1frica. Os esfor\u00e7os para reparar a devasta\u00e7\u00e3o, principalmente em Mo\u00e7ambique, partem das pr\u00f3prias autoridades locais, de organiza\u00e7\u00f5es da sociedade civil e da popula\u00e7\u00e3o. A aus\u00eancia de como\u00e7\u00e3o internacional equivalentes a trag\u00e9dia escancara como funciona o racismo quando as v\u00edtimas se tratam de pessoas pobres, negras e africanas. <\/p>\n\n\n\n<p>\u00c9 importante ressaltar que essa trag\u00e9dia ambiental n\u00e3o aconteceu aleatoriamente, pois deriva das mudan\u00e7as clim\u00e1ticas e do aquecimento global. E o mais triste e grave disso tudo \u00e9 que a popula\u00e7\u00e3o de Mo\u00e7ambique, Zimb\u00e1bue e Malau\u00ed est\u00e3o entre as que menos emitem gases de efeito estufa causadores de cat\u00e1strofes como essa. S\u00e3o os pa\u00edses da periferia do sistema capitalista os que mais s\u00e3o impactados pelas consequ\u00eancias do modelo predat\u00f3rio de desenvolvimento.<\/p>\n\n\n\n<p>A Executiva Nacional do PSOL orienta seus diret\u00f3rios e milit\u00e2ncia a se integrar as iniciativas de solidariedade \u00e0 Mo\u00e7ambique, Malau\u00ed e Zimb\u00e1bue, inclusive construir pontes com organiza\u00e7\u00f5es que atuam naquela regi\u00e3o, assim como, atrav\u00e9s de sua bancada federal e nos estados cobrar\u00e1 que o governo brasileiro tome provid\u00eancias concretas ao aux\u00edlio e assist\u00eancia \u00e0s v\u00edtimas desta trag\u00e9dia e que as grandes pot\u00eancias emissoras de CO2 respondam por mais esse crime. <\/p>\n\n\n\n<p> Toda solidariedade \u00e0s v\u00edtimas!<br> Somos todos Mo\u00e7ambique!<br> Somos todos Zimb\u00e1bue!<br> Somos todos Malau\u00ed!<br> Somos todos \u00c1frica! <br> Ax\u00e9!<\/p>\n","protected":false},"excerpt":{"rendered":"<p>A Executiva Nacional do PSOL acompanhou consternada e se solidariza com o povo de Mo\u00e7ambique, Malau\u00ed e Zimb\u00e1bue, v\u00edtimas do ciclone Idai, que causou danos materiais e mortes irrepar\u00e1veis. A trag\u00e9dia deixou mais de 700 mortos, afetou 770 mil pessoas e h\u00e1 risco de epidemias nas \u00e1reas afetadas. Em Mo\u00e7ambique, epicentro do Idai, 3.100 escolas [&hellip;]<\/p>\n","protected":false},"author":2,"featured_media":24659,"comment_status":"closed","ping_status":"open","sticky":false,"template":"","format":"standard","meta":{"_acf_changed":false,"footnotes":""},"categories":[836,20,72],"tags":[1755,1756,19,1757,1758],"class_list":{"0":"post-24658","1":"post","2":"type-post","3":"status-publish","4":"format-standard","5":"has-post-thumbnail","7":"category-internacional","8":"category-notas","9":"category-resolucoes","10":"tag-ciclone-idai","11":"tag-mocambique","12":"tag-nota","13":"tag-nota-de-solidariedade","14":"tag-zimbabue"},"acf":[],"yoast_head":"<!-- This site is optimized with the Yoast SEO plugin v26.5 - https:\/\/yoast.com\/wordpress\/plugins\/seo\/ -->\n<title>Nota de solidariedade do PSOL \u00e0s v\u00edtimas do ciclone Idai - PSOL 50<\/title>\n<meta name=\"robots\" content=\"index, follow, max-snippet:-1, max-image-preview:large, max-video-preview:-1\" \/>\n<link rel=\"canonical\" href=\"https:\/\/psol50.org.br\/nota-de-solidariedade-do-psol-as-vitimas-do-ciclone-idai\/\" \/>\n<meta property=\"og:locale\" content=\"pt_BR\" \/>\n<meta property=\"og:type\" content=\"article\" \/>\n<meta property=\"og:title\" content=\"Nota de solidariedade do PSOL \u00e0s v\u00edtimas do ciclone Idai\" \/>\n<meta property=\"og:description\" content=\"Leia a orienta\u00e7\u00e3o da Executiva Nacional do PSOL a diret\u00f3rios e milit\u00e2ncia.\" \/>\n<meta property=\"og:url\" content=\"https:\/\/psol50.org.br\/nota-de-solidariedade-do-psol-as-vitimas-do-ciclone-idai\/\" \/>\n<meta property=\"og:site_name\" content=\"PSOL 50\" \/>\n<meta property=\"article:publisher\" content=\"https:\/\/www.facebook.com\/psol50\" \/>\n<meta property=\"article:published_time\" content=\"2019-03-25T23:38:00+00:00\" \/>\n<meta property=\"og:image\" content=\"https:\/\/psol50.org.br\/inc\/uploads\/2019\/03\/W232-0079-001-850x566-1.jpg\" \/>\n\t<meta property=\"og:image:width\" content=\"850\" \/>\n\t<meta property=\"og:image:height\" content=\"566\" \/>\n\t<meta property=\"og:image:type\" content=\"image\/jpeg\" \/>\n<meta name=\"author\" content=\"Comunica\u00e7\u00e3o PSOL\" \/>\n<meta name=\"twitter:card\" content=\"summary_large_image\" \/>\n<meta name=\"twitter:title\" content=\"Nota de solidariedade do PSOL \u00e0s v\u00edtimas do ciclone Idai\" \/>\n<meta name=\"twitter:description\" content=\"Leia a orienta\u00e7\u00e3o da Executiva Nacional do PSOL a diret\u00f3rios e milit\u00e2ncia.\" \/>\n<meta name=\"twitter:image\" content=\"https:\/\/psol50.org.br\/inc\/uploads\/2019\/03\/W232-0079-001-850x566-1.jpg\" \/>\n<meta name=\"twitter:creator\" content=\"@psol50\" \/>\n<meta name=\"twitter:site\" content=\"@psol50\" \/>\n<meta name=\"twitter:label1\" content=\"Escrito por\" \/>\n\t<meta name=\"twitter:data1\" content=\"Comunica\u00e7\u00e3o PSOL\" \/>\n\t<meta name=\"twitter:label2\" content=\"Est. tempo de leitura\" \/>\n\t<meta name=\"twitter:data2\" content=\"2 minutos\" \/>\n<script type=\"application\/ld+json\" class=\"yoast-schema-graph\">{\"@context\":\"https:\/\/schema.org\",\"@graph\":[{\"@type\":\"Article\",\"@id\":\"https:\/\/psol50.org.br\/nota-de-solidariedade-do-psol-as-vitimas-do-ciclone-idai\/#article\",\"isPartOf\":{\"@id\":\"https:\/\/psol50.org.br\/nota-de-solidariedade-do-psol-as-vitimas-do-ciclone-idai\/\"},\"author\":{\"name\":\"Comunica\u00e7\u00e3o PSOL\",\"@id\":\"https:\/\/psol50.org.br\/#\/schema\/person\/475dfa57d0b815993c714c2e96491fcd\"},\"headline\":\"Nota de solidariedade do PSOL \u00e0s v\u00edtimas do ciclone Idai\",\"datePublished\":\"2019-03-25T23:38:00+00:00\",\"mainEntityOfPage\":{\"@id\":\"https:\/\/psol50.org.br\/nota-de-solidariedade-do-psol-as-vitimas-do-ciclone-idai\/\"},\"wordCount\":375,\"publisher\":{\"@id\":\"https:\/\/psol50.org.br\/#organization\"},\"image\":{\"@id\":\"https:\/\/psol50.org.br\/nota-de-solidariedade-do-psol-as-vitimas-do-ciclone-idai\/#primaryimage\"},\"thumbnailUrl\":\"https:\/\/psol50.org.br\/inc\/uploads\/2019\/03\/W232-0079-001-850x566-1.jpg\",\"keywords\":[\"Ciclone Idai\",\"Mo\u00e7ambique\",\"nota\",\"nota de solidariedade\",\"Zimb\u00e1bue\"],\"articleSection\":[\"Internacional\",\"Notas\",\"Resolu\u00e7\u00f5es\"],\"inLanguage\":\"pt-BR\"},{\"@type\":\"WebPage\",\"@id\":\"https:\/\/psol50.org.br\/nota-de-solidariedade-do-psol-as-vitimas-do-ciclone-idai\/\",\"url\":\"https:\/\/psol50.org.br\/nota-de-solidariedade-do-psol-as-vitimas-do-ciclone-idai\/\",\"name\":\"Nota de solidariedade do PSOL \u00e0s v\u00edtimas do ciclone Idai - PSOL 50\",\"isPartOf\":{\"@id\":\"https:\/\/psol50.org.br\/#website\"},\"primaryImageOfPage\":{\"@id\":\"https:\/\/psol50.org.br\/nota-de-solidariedade-do-psol-as-vitimas-do-ciclone-idai\/#primaryimage\"},\"image\":{\"@id\":\"https:\/\/psol50.org.br\/nota-de-solidariedade-do-psol-as-vitimas-do-ciclone-idai\/#primaryimage\"},\"thumbnailUrl\":\"https:\/\/psol50.org.br\/inc\/uploads\/2019\/03\/W232-0079-001-850x566-1.jpg\",\"datePublished\":\"2019-03-25T23:38:00+00:00\",\"breadcrumb\":{\"@id\":\"https:\/\/psol50.org.br\/nota-de-solidariedade-do-psol-as-vitimas-do-ciclone-idai\/#breadcrumb\"},\"inLanguage\":\"pt-BR\",\"potentialAction\":[{\"@type\":\"ReadAction\",\"target\":[\"https:\/\/psol50.org.br\/nota-de-solidariedade-do-psol-as-vitimas-do-ciclone-idai\/\"]}]},{\"@type\":\"ImageObject\",\"inLanguage\":\"pt-BR\",\"@id\":\"https:\/\/psol50.org.br\/nota-de-solidariedade-do-psol-as-vitimas-do-ciclone-idai\/#primaryimage\",\"url\":\"https:\/\/psol50.org.br\/inc\/uploads\/2019\/03\/W232-0079-001-850x566-1.jpg\",\"contentUrl\":\"https:\/\/psol50.org.br\/inc\/uploads\/2019\/03\/W232-0079-001-850x566-1.jpg\",\"width\":850,\"height\":566},{\"@type\":\"BreadcrumbList\",\"@id\":\"https:\/\/psol50.org.br\/nota-de-solidariedade-do-psol-as-vitimas-do-ciclone-idai\/#breadcrumb\",\"itemListElement\":[{\"@type\":\"ListItem\",\"position\":1,\"name\":\"In\u00edcio\",\"item\":\"https:\/\/psol50.org.br\/\"},{\"@type\":\"ListItem\",\"position\":2,\"name\":\"Nota de solidariedade do PSOL \u00e0s v\u00edtimas do ciclone Idai\"}]},{\"@type\":\"WebSite\",\"@id\":\"https:\/\/psol50.org.br\/#website\",\"url\":\"https:\/\/psol50.org.br\/\",\"name\":\"PSOL 50\",\"description\":\"Site oficial do Partido Socialismo e Liberdade\",\"publisher\":{\"@id\":\"https:\/\/psol50.org.br\/#organization\"},\"alternateName\":\"PSOL50\",\"potentialAction\":[{\"@type\":\"SearchAction\",\"target\":{\"@type\":\"EntryPoint\",\"urlTemplate\":\"https:\/\/psol50.org.br\/?s={search_term_string}\"},\"query-input\":{\"@type\":\"PropertyValueSpecification\",\"valueRequired\":true,\"valueName\":\"search_term_string\"}}],\"inLanguage\":\"pt-BR\"},{\"@type\":\"Organization\",\"@id\":\"https:\/\/psol50.org.br\/#organization\",\"name\":\"PSOL 50\",\"alternateName\":\"PSOL 50\",\"url\":\"https:\/\/psol50.org.br\/\",\"logo\":{\"@type\":\"ImageObject\",\"inLanguage\":\"pt-BR\",\"@id\":\"https:\/\/psol50.org.br\/#\/schema\/logo\/image\/\",\"url\":\"https:\/\/psol50.org.br\/inc\/uploads\/2018\/07\/capa.png\",\"contentUrl\":\"https:\/\/psol50.org.br\/inc\/uploads\/2018\/07\/capa.png\",\"width\":1350,\"height\":900,\"caption\":\"PSOL 50\"},\"image\":{\"@id\":\"https:\/\/psol50.org.br\/#\/schema\/logo\/image\/\"},\"sameAs\":[\"https:\/\/www.facebook.com\/psol50\",\"https:\/\/x.com\/psol50\",\"https:\/\/www.instagram.com\/psol50\/\",\"https:\/\/www.youtube.com\/channel\/UC7SnJS5o1os7a6CaiNabzcg\"]},{\"@type\":\"Person\",\"@id\":\"https:\/\/psol50.org.br\/#\/schema\/person\/475dfa57d0b815993c714c2e96491fcd\",\"name\":\"Comunica\u00e7\u00e3o PSOL\",\"image\":{\"@type\":\"ImageObject\",\"inLanguage\":\"pt-BR\",\"@id\":\"https:\/\/psol50.org.br\/#\/schema\/person\/image\/\",\"url\":\"https:\/\/secure.gravatar.com\/avatar\/b34fc4f4e468a4e51785917065a3db57b841f5c95dba6ad8c73aaf8f66f8f9bf?s=96&d=mm&r=g\",\"contentUrl\":\"https:\/\/secure.gravatar.com\/avatar\/b34fc4f4e468a4e51785917065a3db57b841f5c95dba6ad8c73aaf8f66f8f9bf?s=96&d=mm&r=g\",\"caption\":\"Comunica\u00e7\u00e3o PSOL\"}}]}<\/script>\n<!-- \/ Yoast SEO plugin. -->","yoast_head_json":{"title":"Nota de solidariedade do PSOL \u00e0s v\u00edtimas do ciclone Idai - PSOL 50","robots":{"index":"index","follow":"follow","max-snippet":"max-snippet:-1","max-image-preview":"max-image-preview:large","max-video-preview":"max-video-preview:-1"},"canonical":"https:\/\/psol50.org.br\/nota-de-solidariedade-do-psol-as-vitimas-do-ciclone-idai\/","og_locale":"pt_BR","og_type":"article","og_title":"Nota de solidariedade do PSOL \u00e0s v\u00edtimas do ciclone Idai","og_description":"Leia a orienta\u00e7\u00e3o da Executiva Nacional do PSOL a diret\u00f3rios e milit\u00e2ncia.","og_url":"https:\/\/psol50.org.br\/nota-de-solidariedade-do-psol-as-vitimas-do-ciclone-idai\/","og_site_name":"PSOL 50","article_publisher":"https:\/\/www.facebook.com\/psol50","article_published_time":"2019-03-25T23:38:00+00:00","og_image":[{"width":850,"height":566,"url":"https:\/\/psol50.org.br\/inc\/uploads\/2019\/03\/W232-0079-001-850x566-1.jpg","type":"image\/jpeg"}],"author":"Comunica\u00e7\u00e3o PSOL","twitter_card":"summary_large_image","twitter_title":"Nota de solidariedade do PSOL \u00e0s v\u00edtimas do ciclone Idai","twitter_description":"Leia a orienta\u00e7\u00e3o da Executiva Nacional do PSOL a diret\u00f3rios e milit\u00e2ncia.","twitter_image":"https:\/\/psol50.org.br\/inc\/uploads\/2019\/03\/W232-0079-001-850x566-1.jpg","twitter_creator":"@psol50","twitter_site":"@psol50","twitter_misc":{"Escrito por":"Comunica\u00e7\u00e3o PSOL","Est. tempo de leitura":"2 minutos"},"schema":{"@context":"https:\/\/schema.org","@graph":[{"@type":"Article","@id":"https:\/\/psol50.org.br\/nota-de-solidariedade-do-psol-as-vitimas-do-ciclone-idai\/#article","isPartOf":{"@id":"https:\/\/psol50.org.br\/nota-de-solidariedade-do-psol-as-vitimas-do-ciclone-idai\/"},"author":{"name":"Comunica\u00e7\u00e3o PSOL","@id":"https:\/\/psol50.org.br\/#\/schema\/person\/475dfa57d0b815993c714c2e96491fcd"},"headline":"Nota de solidariedade do PSOL \u00e0s v\u00edtimas do ciclone Idai","datePublished":"2019-03-25T23:38:00+00:00","mainEntityOfPage":{"@id":"https:\/\/psol50.org.br\/nota-de-solidariedade-do-psol-as-vitimas-do-ciclone-idai\/"},"wordCount":375,"publisher":{"@id":"https:\/\/psol50.org.br\/#organization"},"image":{"@id":"https:\/\/psol50.org.br\/nota-de-solidariedade-do-psol-as-vitimas-do-ciclone-idai\/#primaryimage"},"thumbnailUrl":"https:\/\/psol50.org.br\/inc\/uploads\/2019\/03\/W232-0079-001-850x566-1.jpg","keywords":["Ciclone Idai","Mo\u00e7ambique","nota","nota de solidariedade","Zimb\u00e1bue"],"articleSection":["Internacional","Notas","Resolu\u00e7\u00f5es"],"inLanguage":"pt-BR"},{"@type":"WebPage","@id":"https:\/\/psol50.org.br\/nota-de-solidariedade-do-psol-as-vitimas-do-ciclone-idai\/","url":"https:\/\/psol50.org.br\/nota-de-solidariedade-do-psol-as-vitimas-do-ciclone-idai\/","name":"Nota de solidariedade do PSOL \u00e0s v\u00edtimas do ciclone Idai - PSOL 50","isPartOf":{"@id":"https:\/\/psol50.org.br\/#website"},"primaryImageOfPage":{"@id":"https:\/\/psol50.org.br\/nota-de-solidariedade-do-psol-as-vitimas-do-ciclone-idai\/#primaryimage"},"image":{"@id":"https:\/\/psol50.org.br\/nota-de-solidariedade-do-psol-as-vitimas-do-ciclone-idai\/#primaryimage"},"thumbnailUrl":"https:\/\/psol50.org.br\/inc\/uploads\/2019\/03\/W232-0079-001-850x566-1.jpg","datePublished":"2019-03-25T23:38:00+00:00","breadcrumb":{"@id":"https:\/\/psol50.org.br\/nota-de-solidariedade-do-psol-as-vitimas-do-ciclone-idai\/#breadcrumb"},"inLanguage":"pt-BR","potentialAction":[{"@type":"ReadAction","target":["https:\/\/psol50.org.br\/nota-de-solidariedade-do-psol-as-vitimas-do-ciclone-idai\/"]}]},{"@type":"ImageObject","inLanguage":"pt-BR","@id":"https:\/\/psol50.org.br\/nota-de-solidariedade-do-psol-as-vitimas-do-ciclone-idai\/#primaryimage","url":"https:\/\/psol50.org.br\/inc\/uploads\/2019\/03\/W232-0079-001-850x566-1.jpg","contentUrl":"https:\/\/psol50.org.br\/inc\/uploads\/2019\/03\/W232-0079-001-850x566-1.jpg","width":850,"height":566},{"@type":"BreadcrumbList","@id":"https:\/\/psol50.org.br\/nota-de-solidariedade-do-psol-as-vitimas-do-ciclone-idai\/#breadcrumb","itemListElement":[{"@type":"ListItem","position":1,"name":"In\u00edcio","item":"https:\/\/psol50.org.br\/"},{"@type":"ListItem","position":2,"name":"Nota de solidariedade do PSOL \u00e0s v\u00edtimas do ciclone Idai"}]},{"@type":"WebSite","@id":"https:\/\/psol50.org.br\/#website","url":"https:\/\/psol50.org.br\/","name":"PSOL 50","description":"Site oficial do Partido Socialismo e Liberdade","publisher":{"@id":"https:\/\/psol50.org.br\/#organization"},"alternateName":"PSOL50","potentialAction":[{"@type":"SearchAction","target":{"@type":"EntryPoint","urlTemplate":"https:\/\/psol50.org.br\/?s={search_term_string}"},"query-input":{"@type":"PropertyValueSpecification","valueRequired":true,"valueName":"search_term_string"}}],"inLanguage":"pt-BR"},{"@type":"Organization","@id":"https:\/\/psol50.org.br\/#organization","name":"PSOL 50","alternateName":"PSOL 50","url":"https:\/\/psol50.org.br\/","logo":{"@type":"ImageObject","inLanguage":"pt-BR","@id":"https:\/\/psol50.org.br\/#\/schema\/logo\/image\/","url":"https:\/\/psol50.org.br\/inc\/uploads\/2018\/07\/capa.png","contentUrl":"https:\/\/psol50.org.br\/inc\/uploads\/2018\/07\/capa.png","width":1350,"height":900,"caption":"PSOL 50"},"image":{"@id":"https:\/\/psol50.org.br\/#\/schema\/logo\/image\/"},"sameAs":["https:\/\/www.facebook.com\/psol50","https:\/\/x.com\/psol50","https:\/\/www.instagram.com\/psol50\/","https:\/\/www.youtube.com\/channel\/UC7SnJS5o1os7a6CaiNabzcg"]},{"@type":"Person","@id":"https:\/\/psol50.org.br\/#\/schema\/person\/475dfa57d0b815993c714c2e96491fcd","name":"Comunica\u00e7\u00e3o PSOL","image":{"@type":"ImageObject","inLanguage":"pt-BR","@id":"https:\/\/psol50.org.br\/#\/schema\/person\/image\/","url":"https:\/\/secure.gravatar.com\/avatar\/b34fc4f4e468a4e51785917065a3db57b841f5c95dba6ad8c73aaf8f66f8f9bf?s=96&d=mm&r=g","contentUrl":"https:\/\/secure.gravatar.com\/avatar\/b34fc4f4e468a4e51785917065a3db57b841f5c95dba6ad8c73aaf8f66f8f9bf?s=96&d=mm&r=g","caption":"Comunica\u00e7\u00e3o PSOL"}}]}},"_links":{"self":[{"href":"https:\/\/psol50.org.br\/rest\/wp\/v2\/posts\/24658","targetHints":{"allow":["GET"]}}],"collection":[{"href":"https:\/\/psol50.org.br\/rest\/wp\/v2\/posts"}],"about":[{"href":"https:\/\/psol50.org.br\/rest\/wp\/v2\/types\/post"}],"author":[{"embeddable":true,"href":"https:\/\/psol50.org.br\/rest\/wp\/v2\/users\/2"}],"replies":[{"embeddable":true,"href":"https:\/\/psol50.org.br\/rest\/wp\/v2\/comments?post=24658"}],"version-history":[{"count":0,"href":"https:\/\/psol50.org.br\/rest\/wp\/v2\/posts\/24658\/revisions"}],"wp:featuredmedia":[{"embeddable":true,"href":"https:\/\/psol50.org.br\/rest\/wp\/v2\/media\/24659"}],"wp:attachment":[{"href":"https:\/\/psol50.org.br\/rest\/wp\/v2\/media?parent=24658"}],"wp:term":[{"taxonomy":"category","embeddable":true,"href":"https:\/\/psol50.org.br\/rest\/wp\/v2\/categories?post=24658"},{"taxonomy":"post_tag","embeddable":true,"href":"https:\/\/psol50.org.br\/rest\/wp\/v2\/tags?post=24658"}],"curies":[{"name":"wp","href":"https:\/\/api.w.org\/{rel}","templated":true}]}}