{"id":24724,"date":"2019-03-28T11:53:47","date_gmt":"2019-03-28T14:53:47","guid":{"rendered":"http:\/\/psol50.org.br\/?p=24724"},"modified":"2019-03-28T11:53:47","modified_gmt":"2019-03-28T14:53:47","slug":"projeto-de-lei-proibe-comemoracoes-do-golpe-militar-de-1964","status":"publish","type":"post","link":"https:\/\/psol50.org.br\/projeto-de-lei-proibe-comemoracoes-do-golpe-militar-de-1964\/","title":{"rendered":"Projeto de lei pro\u00edbe comemora\u00e7\u00f5es do golpe militar de 1964"},"content":{"rendered":"\n<p>Nesta quinta-feira (28), Edmilson Rodrigues protocolou na C\u00e2mara dos Deputados o Projeto de Lei 1835\/2019, que impede a Administra\u00e7\u00e3o P\u00fablica Federal de realizar comemora\u00e7\u00f5es, diretas ou indiretas, do golpe militar deflagrado em 31 de mar\u00e7o de 1964.<\/p>\n\n\n\n<p>&#8220;Estamos construindo nossa democracia. Em um pa\u00eds onde tantos alunos n\u00e3o t\u00eam escolas decentes, professores n\u00e3o recebem sal\u00e1rio, ind\u00edgenas n\u00e3o t\u00eam acesso \u00e0 assist\u00eancia m\u00e9dica, n\u00e3o podemos permitir que qualquer \u00f3rg\u00e3o do Estado gaste recursos p\u00fablicos para comemorar o golpe militar que deu in\u00edcio a uma ditadura respons\u00e1vel por matar e torturar milhares de estudantes, camponeses, trabalhadores e ind\u00edgenas, por cometer atos de crueldade extrema com mulheres e crian\u00e7as&#8221;, justificou o deputado.<\/p>\n\n\n\n<p>O PL tem por objetivo reunir dispositivos constitucionais e infraconstitucionais para que a proibi\u00e7\u00e3o seja completa em todos os \u00f3rg\u00e3os p\u00fablicos federais, servindo assim de mecanismo para barrar manifesta\u00e7\u00f5es de apoio tanto ao golpe, que completa 55 anos neste domingo(31), quanto aos crimes cometidos durante o per\u00edodo da ditadura.<\/p>\n","protected":false},"excerpt":{"rendered":"<p>Nesta quinta-feira (28), Edmilson Rodrigues protocolou na C\u00e2mara dos Deputados o Projeto de Lei 1835\/2019, que impede a Administra\u00e7\u00e3o P\u00fablica Federal de realizar comemora\u00e7\u00f5es, diretas ou indiretas, do golpe militar deflagrado em 31 de mar\u00e7o de 1964. &#8220;Estamos construindo nossa democracia. Em um pa\u00eds onde tantos alunos n\u00e3o t\u00eam escolas decentes, professores n\u00e3o recebem sal\u00e1rio, [&hellip;]<\/p>\n","protected":false},"author":2,"featured_media":24730,"comment_status":"closed","ping_status":"open","sticky":false,"template":"","format":"standard","meta":{"_acf_changed":false,"footnotes":""},"categories":[6],"tags":[973],"class_list":{"0":"post-24724","1":"post","2":"type-post","3":"status-publish","4":"format-standard","5":"has-post-thumbnail","7":"category-noticias","8":"tag-edmilson-rodrigues"},"acf":[],"yoast_head":"<!-- This site is optimized with the Yoast SEO plugin v26.5 - https:\/\/yoast.com\/wordpress\/plugins\/seo\/ -->\n<title>Projeto de lei pro\u00edbe comemora\u00e7\u00f5es do golpe militar de 1964 - PSOL 50<\/title>\n<meta name=\"robots\" content=\"index, follow, max-snippet:-1, max-image-preview:large, max-video-preview:-1\" \/>\n<link rel=\"canonical\" href=\"https:\/\/psol50.org.br\/projeto-de-lei-proibe-comemoracoes-do-golpe-militar-de-1964\/\" \/>\n<meta property=\"og:locale\" content=\"pt_BR\" \/>\n<meta property=\"og:type\" content=\"article\" \/>\n<meta property=\"og:title\" content=\"Projeto de lei pro\u00edbe comemora\u00e7\u00f5es do golpe militar de 1964\" \/>\n<meta property=\"og:description\" content=\"Edmilson Rodrigues protocolou o projeto nesta quinta-feira (28).\" \/>\n<meta property=\"og:url\" content=\"https:\/\/psol50.org.br\/projeto-de-lei-proibe-comemoracoes-do-golpe-militar-de-1964\/\" \/>\n<meta property=\"og:site_name\" content=\"PSOL 50\" \/>\n<meta property=\"article:publisher\" content=\"https:\/\/www.facebook.com\/psol50\" \/>\n<meta property=\"article:published_time\" content=\"2019-03-28T14:53:47+00:00\" \/>\n<meta property=\"og:image\" content=\"https:\/\/psol50.org.br\/inc\/uploads\/2019\/03\/img20181128122157390.jpg\" \/>\n\t<meta property=\"og:image:width\" content=\"1832\" \/>\n\t<meta property=\"og:image:height\" content=\"1200\" \/>\n\t<meta property=\"og:image:type\" content=\"image\/jpeg\" \/>\n<meta name=\"author\" content=\"Comunica\u00e7\u00e3o PSOL\" \/>\n<meta name=\"twitter:card\" content=\"summary_large_image\" \/>\n<meta name=\"twitter:title\" content=\"Projeto de lei pro\u00edbe comemora\u00e7\u00f5es do golpe militar de 1964\" \/>\n<meta name=\"twitter:description\" content=\"Edmilson Rodrigues protocolou o projeto nesta quinta-feira (28).\" \/>\n<meta name=\"twitter:image\" content=\"https:\/\/psol50.org.br\/inc\/uploads\/2019\/03\/img20181128122157390.jpg\" \/>\n<meta name=\"twitter:creator\" content=\"@psol50\" \/>\n<meta name=\"twitter:site\" content=\"@psol50\" \/>\n<meta name=\"twitter:label1\" content=\"Escrito por\" \/>\n\t<meta name=\"twitter:data1\" content=\"Comunica\u00e7\u00e3o PSOL\" \/>\n\t<meta name=\"twitter:label2\" content=\"Est. tempo de leitura\" \/>\n\t<meta name=\"twitter:data2\" content=\"1 minuto\" \/>\n<script type=\"application\/ld+json\" class=\"yoast-schema-graph\">{\"@context\":\"https:\/\/schema.org\",\"@graph\":[{\"@type\":\"Article\",\"@id\":\"https:\/\/psol50.org.br\/projeto-de-lei-proibe-comemoracoes-do-golpe-militar-de-1964\/#article\",\"isPartOf\":{\"@id\":\"https:\/\/psol50.org.br\/projeto-de-lei-proibe-comemoracoes-do-golpe-militar-de-1964\/\"},\"author\":{\"name\":\"Comunica\u00e7\u00e3o PSOL\",\"@id\":\"https:\/\/psol50.org.br\/#\/schema\/person\/475dfa57d0b815993c714c2e96491fcd\"},\"headline\":\"Projeto de lei pro\u00edbe comemora\u00e7\u00f5es do golpe militar de 1964\",\"datePublished\":\"2019-03-28T14:53:47+00:00\",\"mainEntityOfPage\":{\"@id\":\"https:\/\/psol50.org.br\/projeto-de-lei-proibe-comemoracoes-do-golpe-militar-de-1964\/\"},\"wordCount\":190,\"publisher\":{\"@id\":\"https:\/\/psol50.org.br\/#organization\"},\"image\":{\"@id\":\"https:\/\/psol50.org.br\/projeto-de-lei-proibe-comemoracoes-do-golpe-militar-de-1964\/#primaryimage\"},\"thumbnailUrl\":\"https:\/\/psol50.org.br\/inc\/uploads\/2019\/03\/img20181128122157390-1630x860-1.jpg\",\"keywords\":[\"Edmilson Rodrigues\"],\"articleSection\":[\"Not\u00edcias\"],\"inLanguage\":\"pt-BR\"},{\"@type\":\"WebPage\",\"@id\":\"https:\/\/psol50.org.br\/projeto-de-lei-proibe-comemoracoes-do-golpe-militar-de-1964\/\",\"url\":\"https:\/\/psol50.org.br\/projeto-de-lei-proibe-comemoracoes-do-golpe-militar-de-1964\/\",\"name\":\"Projeto de lei pro\u00edbe comemora\u00e7\u00f5es do golpe militar de 1964 - PSOL 50\",\"isPartOf\":{\"@id\":\"https:\/\/psol50.org.br\/#website\"},\"primaryImageOfPage\":{\"@id\":\"https:\/\/psol50.org.br\/projeto-de-lei-proibe-comemoracoes-do-golpe-militar-de-1964\/#primaryimage\"},\"image\":{\"@id\":\"https:\/\/psol50.org.br\/projeto-de-lei-proibe-comemoracoes-do-golpe-militar-de-1964\/#primaryimage\"},\"thumbnailUrl\":\"https:\/\/psol50.org.br\/inc\/uploads\/2019\/03\/img20181128122157390-1630x860-1.jpg\",\"datePublished\":\"2019-03-28T14:53:47+00:00\",\"breadcrumb\":{\"@id\":\"https:\/\/psol50.org.br\/projeto-de-lei-proibe-comemoracoes-do-golpe-militar-de-1964\/#breadcrumb\"},\"inLanguage\":\"pt-BR\",\"potentialAction\":[{\"@type\":\"ReadAction\",\"target\":[\"https:\/\/psol50.org.br\/projeto-de-lei-proibe-comemoracoes-do-golpe-militar-de-1964\/\"]}]},{\"@type\":\"ImageObject\",\"inLanguage\":\"pt-BR\",\"@id\":\"https:\/\/psol50.org.br\/projeto-de-lei-proibe-comemoracoes-do-golpe-militar-de-1964\/#primaryimage\",\"url\":\"https:\/\/psol50.org.br\/inc\/uploads\/2019\/03\/img20181128122157390-1630x860-1.jpg\",\"contentUrl\":\"https:\/\/psol50.org.br\/inc\/uploads\/2019\/03\/img20181128122157390-1630x860-1.jpg\",\"width\":1630,\"height\":860,\"caption\":\"Pablo Valadares\/C\u00e2mara dos Deputados\"},{\"@type\":\"BreadcrumbList\",\"@id\":\"https:\/\/psol50.org.br\/projeto-de-lei-proibe-comemoracoes-do-golpe-militar-de-1964\/#breadcrumb\",\"itemListElement\":[{\"@type\":\"ListItem\",\"position\":1,\"name\":\"In\u00edcio\",\"item\":\"https:\/\/psol50.org.br\/\"},{\"@type\":\"ListItem\",\"position\":2,\"name\":\"Projeto de lei pro\u00edbe comemora\u00e7\u00f5es do golpe militar de 1964\"}]},{\"@type\":\"WebSite\",\"@id\":\"https:\/\/psol50.org.br\/#website\",\"url\":\"https:\/\/psol50.org.br\/\",\"name\":\"PSOL 50\",\"description\":\"Site oficial do Partido Socialismo e Liberdade\",\"publisher\":{\"@id\":\"https:\/\/psol50.org.br\/#organization\"},\"alternateName\":\"PSOL50\",\"potentialAction\":[{\"@type\":\"SearchAction\",\"target\":{\"@type\":\"EntryPoint\",\"urlTemplate\":\"https:\/\/psol50.org.br\/?s={search_term_string}\"},\"query-input\":{\"@type\":\"PropertyValueSpecification\",\"valueRequired\":true,\"valueName\":\"search_term_string\"}}],\"inLanguage\":\"pt-BR\"},{\"@type\":\"Organization\",\"@id\":\"https:\/\/psol50.org.br\/#organization\",\"name\":\"PSOL 50\",\"alternateName\":\"PSOL 50\",\"url\":\"https:\/\/psol50.org.br\/\",\"logo\":{\"@type\":\"ImageObject\",\"inLanguage\":\"pt-BR\",\"@id\":\"https:\/\/psol50.org.br\/#\/schema\/logo\/image\/\",\"url\":\"https:\/\/psol50.org.br\/inc\/uploads\/2018\/07\/capa.png\",\"contentUrl\":\"https:\/\/psol50.org.br\/inc\/uploads\/2018\/07\/capa.png\",\"width\":1350,\"height\":900,\"caption\":\"PSOL 50\"},\"image\":{\"@id\":\"https:\/\/psol50.org.br\/#\/schema\/logo\/image\/\"},\"sameAs\":[\"https:\/\/www.facebook.com\/psol50\",\"https:\/\/x.com\/psol50\",\"https:\/\/www.instagram.com\/psol50\/\",\"https:\/\/www.youtube.com\/channel\/UC7SnJS5o1os7a6CaiNabzcg\"]},{\"@type\":\"Person\",\"@id\":\"https:\/\/psol50.org.br\/#\/schema\/person\/475dfa57d0b815993c714c2e96491fcd\",\"name\":\"Comunica\u00e7\u00e3o PSOL\",\"image\":{\"@type\":\"ImageObject\",\"inLanguage\":\"pt-BR\",\"@id\":\"https:\/\/psol50.org.br\/#\/schema\/person\/image\/\",\"url\":\"https:\/\/secure.gravatar.com\/avatar\/b34fc4f4e468a4e51785917065a3db57b841f5c95dba6ad8c73aaf8f66f8f9bf?s=96&d=mm&r=g\",\"contentUrl\":\"https:\/\/secure.gravatar.com\/avatar\/b34fc4f4e468a4e51785917065a3db57b841f5c95dba6ad8c73aaf8f66f8f9bf?s=96&d=mm&r=g\",\"caption\":\"Comunica\u00e7\u00e3o PSOL\"}}]}<\/script>\n<!-- \/ Yoast SEO plugin. -->","yoast_head_json":{"title":"Projeto de lei pro\u00edbe comemora\u00e7\u00f5es do golpe militar de 1964 - PSOL 50","robots":{"index":"index","follow":"follow","max-snippet":"max-snippet:-1","max-image-preview":"max-image-preview:large","max-video-preview":"max-video-preview:-1"},"canonical":"https:\/\/psol50.org.br\/projeto-de-lei-proibe-comemoracoes-do-golpe-militar-de-1964\/","og_locale":"pt_BR","og_type":"article","og_title":"Projeto de lei pro\u00edbe comemora\u00e7\u00f5es do golpe militar de 1964","og_description":"Edmilson Rodrigues protocolou o projeto nesta quinta-feira (28).","og_url":"https:\/\/psol50.org.br\/projeto-de-lei-proibe-comemoracoes-do-golpe-militar-de-1964\/","og_site_name":"PSOL 50","article_publisher":"https:\/\/www.facebook.com\/psol50","article_published_time":"2019-03-28T14:53:47+00:00","og_image":[{"width":1832,"height":1200,"url":"https:\/\/psol50.org.br\/inc\/uploads\/2019\/03\/img20181128122157390.jpg","type":"image\/jpeg"}],"author":"Comunica\u00e7\u00e3o PSOL","twitter_card":"summary_large_image","twitter_title":"Projeto de lei pro\u00edbe comemora\u00e7\u00f5es do golpe militar de 1964","twitter_description":"Edmilson Rodrigues protocolou o projeto nesta quinta-feira (28).","twitter_image":"https:\/\/psol50.org.br\/inc\/uploads\/2019\/03\/img20181128122157390.jpg","twitter_creator":"@psol50","twitter_site":"@psol50","twitter_misc":{"Escrito por":"Comunica\u00e7\u00e3o PSOL","Est. tempo de leitura":"1 minuto"},"schema":{"@context":"https:\/\/schema.org","@graph":[{"@type":"Article","@id":"https:\/\/psol50.org.br\/projeto-de-lei-proibe-comemoracoes-do-golpe-militar-de-1964\/#article","isPartOf":{"@id":"https:\/\/psol50.org.br\/projeto-de-lei-proibe-comemoracoes-do-golpe-militar-de-1964\/"},"author":{"name":"Comunica\u00e7\u00e3o PSOL","@id":"https:\/\/psol50.org.br\/#\/schema\/person\/475dfa57d0b815993c714c2e96491fcd"},"headline":"Projeto de lei pro\u00edbe comemora\u00e7\u00f5es do golpe militar de 1964","datePublished":"2019-03-28T14:53:47+00:00","mainEntityOfPage":{"@id":"https:\/\/psol50.org.br\/projeto-de-lei-proibe-comemoracoes-do-golpe-militar-de-1964\/"},"wordCount":190,"publisher":{"@id":"https:\/\/psol50.org.br\/#organization"},"image":{"@id":"https:\/\/psol50.org.br\/projeto-de-lei-proibe-comemoracoes-do-golpe-militar-de-1964\/#primaryimage"},"thumbnailUrl":"https:\/\/psol50.org.br\/inc\/uploads\/2019\/03\/img20181128122157390-1630x860-1.jpg","keywords":["Edmilson Rodrigues"],"articleSection":["Not\u00edcias"],"inLanguage":"pt-BR"},{"@type":"WebPage","@id":"https:\/\/psol50.org.br\/projeto-de-lei-proibe-comemoracoes-do-golpe-militar-de-1964\/","url":"https:\/\/psol50.org.br\/projeto-de-lei-proibe-comemoracoes-do-golpe-militar-de-1964\/","name":"Projeto de lei pro\u00edbe comemora\u00e7\u00f5es do golpe militar de 1964 - PSOL 50","isPartOf":{"@id":"https:\/\/psol50.org.br\/#website"},"primaryImageOfPage":{"@id":"https:\/\/psol50.org.br\/projeto-de-lei-proibe-comemoracoes-do-golpe-militar-de-1964\/#primaryimage"},"image":{"@id":"https:\/\/psol50.org.br\/projeto-de-lei-proibe-comemoracoes-do-golpe-militar-de-1964\/#primaryimage"},"thumbnailUrl":"https:\/\/psol50.org.br\/inc\/uploads\/2019\/03\/img20181128122157390-1630x860-1.jpg","datePublished":"2019-03-28T14:53:47+00:00","breadcrumb":{"@id":"https:\/\/psol50.org.br\/projeto-de-lei-proibe-comemoracoes-do-golpe-militar-de-1964\/#breadcrumb"},"inLanguage":"pt-BR","potentialAction":[{"@type":"ReadAction","target":["https:\/\/psol50.org.br\/projeto-de-lei-proibe-comemoracoes-do-golpe-militar-de-1964\/"]}]},{"@type":"ImageObject","inLanguage":"pt-BR","@id":"https:\/\/psol50.org.br\/projeto-de-lei-proibe-comemoracoes-do-golpe-militar-de-1964\/#primaryimage","url":"https:\/\/psol50.org.br\/inc\/uploads\/2019\/03\/img20181128122157390-1630x860-1.jpg","contentUrl":"https:\/\/psol50.org.br\/inc\/uploads\/2019\/03\/img20181128122157390-1630x860-1.jpg","width":1630,"height":860,"caption":"Pablo Valadares\/C\u00e2mara dos Deputados"},{"@type":"BreadcrumbList","@id":"https:\/\/psol50.org.br\/projeto-de-lei-proibe-comemoracoes-do-golpe-militar-de-1964\/#breadcrumb","itemListElement":[{"@type":"ListItem","position":1,"name":"In\u00edcio","item":"https:\/\/psol50.org.br\/"},{"@type":"ListItem","position":2,"name":"Projeto de lei pro\u00edbe comemora\u00e7\u00f5es do golpe militar de 1964"}]},{"@type":"WebSite","@id":"https:\/\/psol50.org.br\/#website","url":"https:\/\/psol50.org.br\/","name":"PSOL 50","description":"Site oficial do Partido Socialismo e Liberdade","publisher":{"@id":"https:\/\/psol50.org.br\/#organization"},"alternateName":"PSOL50","potentialAction":[{"@type":"SearchAction","target":{"@type":"EntryPoint","urlTemplate":"https:\/\/psol50.org.br\/?s={search_term_string}"},"query-input":{"@type":"PropertyValueSpecification","valueRequired":true,"valueName":"search_term_string"}}],"inLanguage":"pt-BR"},{"@type":"Organization","@id":"https:\/\/psol50.org.br\/#organization","name":"PSOL 50","alternateName":"PSOL 50","url":"https:\/\/psol50.org.br\/","logo":{"@type":"ImageObject","inLanguage":"pt-BR","@id":"https:\/\/psol50.org.br\/#\/schema\/logo\/image\/","url":"https:\/\/psol50.org.br\/inc\/uploads\/2018\/07\/capa.png","contentUrl":"https:\/\/psol50.org.br\/inc\/uploads\/2018\/07\/capa.png","width":1350,"height":900,"caption":"PSOL 50"},"image":{"@id":"https:\/\/psol50.org.br\/#\/schema\/logo\/image\/"},"sameAs":["https:\/\/www.facebook.com\/psol50","https:\/\/x.com\/psol50","https:\/\/www.instagram.com\/psol50\/","https:\/\/www.youtube.com\/channel\/UC7SnJS5o1os7a6CaiNabzcg"]},{"@type":"Person","@id":"https:\/\/psol50.org.br\/#\/schema\/person\/475dfa57d0b815993c714c2e96491fcd","name":"Comunica\u00e7\u00e3o PSOL","image":{"@type":"ImageObject","inLanguage":"pt-BR","@id":"https:\/\/psol50.org.br\/#\/schema\/person\/image\/","url":"https:\/\/secure.gravatar.com\/avatar\/b34fc4f4e468a4e51785917065a3db57b841f5c95dba6ad8c73aaf8f66f8f9bf?s=96&d=mm&r=g","contentUrl":"https:\/\/secure.gravatar.com\/avatar\/b34fc4f4e468a4e51785917065a3db57b841f5c95dba6ad8c73aaf8f66f8f9bf?s=96&d=mm&r=g","caption":"Comunica\u00e7\u00e3o PSOL"}}]}},"_links":{"self":[{"href":"https:\/\/psol50.org.br\/rest\/wp\/v2\/posts\/24724","targetHints":{"allow":["GET"]}}],"collection":[{"href":"https:\/\/psol50.org.br\/rest\/wp\/v2\/posts"}],"about":[{"href":"https:\/\/psol50.org.br\/rest\/wp\/v2\/types\/post"}],"author":[{"embeddable":true,"href":"https:\/\/psol50.org.br\/rest\/wp\/v2\/users\/2"}],"replies":[{"embeddable":true,"href":"https:\/\/psol50.org.br\/rest\/wp\/v2\/comments?post=24724"}],"version-history":[{"count":0,"href":"https:\/\/psol50.org.br\/rest\/wp\/v2\/posts\/24724\/revisions"}],"wp:featuredmedia":[{"embeddable":true,"href":"https:\/\/psol50.org.br\/rest\/wp\/v2\/media\/24730"}],"wp:attachment":[{"href":"https:\/\/psol50.org.br\/rest\/wp\/v2\/media?parent=24724"}],"wp:term":[{"taxonomy":"category","embeddable":true,"href":"https:\/\/psol50.org.br\/rest\/wp\/v2\/categories?post=24724"},{"taxonomy":"post_tag","embeddable":true,"href":"https:\/\/psol50.org.br\/rest\/wp\/v2\/tags?post=24724"}],"curies":[{"name":"wp","href":"https:\/\/api.w.org\/{rel}","templated":true}]}}