{"id":2478,"date":"2013-12-16T00:00:00","date_gmt":"2013-12-16T00:00:00","guid":{"rendered":"http:\/\/psol50.org.br\/arquivo\/2013\/12\/16\/mp-vai-abrir-inquerito-sobre-servidor-fantasma-em-campinas\/"},"modified":"2013-12-16T00:00:00","modified_gmt":"2013-12-16T00:00:00","slug":"mp-vai-abrir-inquerito-sobre-servidor-fantasma-em-campinas","status":"publish","type":"post","link":"https:\/\/psol50.org.br\/mp-vai-abrir-inquerito-sobre-servidor-fantasma-em-campinas\/","title":{"rendered":"MP vai abrir inqu\u00e9rito sobre servidor fantasma em Campinas"},"content":{"rendered":"<div style=\"text-align: justify;\">\n\t<em>Promotora vai pedir mais informa\u00e7\u00f5es \u00e0 prefeitura sobre ind\u00edcios de um servidor p\u00fablico fantasma na Administra\u00e7\u00e3o, para instruir a abertura do inqu\u00e9rito. Den\u00fancia foi apresentada pelo vereador e presidente do PSOL-SP, Paulo Bufalo<\/em><br \/>\n\t&nbsp;<br \/>\n\tA promotora Dra. Cristiane Corr\u00eaa de Souza Hillal, do 24\u00ba Procuradoria da Justi\u00e7a, do Minist\u00e9rio P\u00fablico Estadual de S\u00e3o Paulo afirmou ao vereador ao PSOL em Campinas, Paulo Bufalo, em reuni\u00e3o na \u00faltima sexta-feira (13\/12), que ir\u00e1 pedir informa\u00e7\u00f5es complementares \u00e0 prefeitura de Campinas, sobre ind\u00edcios de um servidor p\u00fablico fantasma na Administra\u00e7\u00e3o, para instruir a abertura do inqu\u00e9rito.<br \/>\n\t&nbsp;<br \/>\n\tA den\u00fancia foi feita pelo vereador e presidente do PSOL-SP no \u00faltimo dia 10 de dezembro. A documenta\u00e7\u00e3o cont\u00e9m 110 p\u00e1ginas com informa\u00e7\u00f5es, todas p\u00fablicas, sobre a poss\u00edvel situa\u00e7\u00e3o irregular que ocorre desde 2002, de acordo com os documentos. Na quinta-feira (12), o servidor pediu exonera\u00e7\u00e3o conforme protocolo n\u00ba 2443.<br \/>\n\t&nbsp;<br \/>\n\tOutra irregularidade \u00e9 que o servidor \u00e9 s\u00f3cio-propriet\u00e1rio de uma institui\u00e7\u00e3o de ensino na cidade e firmou conv\u00eanios com a Administra\u00e7\u00e3o, o que \u00e9 proibido por lei. \u201cAs informa\u00e7\u00f5es est\u00e3o todas p\u00fablicas no Portal da transpar\u00eancia. Tudo isso ocorreu, aparentemente, sem qualquer rompimento do v\u00ednculo empregat\u00edcio\u201d, disse o vereador do PSOL.<br \/>\n\t&nbsp;<br \/>\n\tO servidor p\u00fablico registrado sob a matr\u00edcula n\u00ba 806722 trabalha na Secretaria de Sa\u00fade como dentista, conforme consta da Rela\u00e7\u00e3o de Servidores e Empregados P\u00fablicos, Decreto N\u00ba 16720 de 03\/08\/2009 e remunera\u00e7\u00e3o mensal de R$ 7.119,88 (novembro de 2013). Em 2002, o servidor foi convocado para justificar aus\u00eancia no trabalho, por mais de 30 dias. Por\u00e9m, nada ocorreu, j\u00e1 que em 2010 consta que fora chamado para exame peri\u00f3dico. A Secretaria de Recursos Humanos publicou no Di\u00e1rio Oficial do Munic\u00edpio, em novembro deste ano, avalia\u00e7\u00e3o do servidor com nota 96, de 2010 a 2012.<br \/>\n\t&nbsp;<br \/>\n\t\u201cEstou, mais uma vez, exercendo minhas atribui\u00e7\u00f5es fiscalizadoras, ap\u00f3s receber uma denuncia an\u00f4nima. Ao verificar as informa\u00e7\u00f5es, que s\u00e3o p\u00fablicas, constatei uma longevidade nessa pr\u00e1tica de aus\u00eancia, que atravessou diversos governos na cidade, passando inc\u00f3lume por diversas Administra\u00e7\u00f5es\u201d, explica Bufalo.<br \/>\n\t&nbsp;<br \/>\n\t<strong>CPI<\/strong><br \/>\n\tO vereador Paulo Bufalo pediu abertura de uma Comiss\u00e3o Parlamentar de Inqu\u00e9rito &#8211; CPI na C\u00e2mara Municipal de Campinas para apurar as poss\u00edveis irregularidades. O pedido foi feito durante pronunciamento na Sess\u00e3o do dia 9 de dezembro. O Requerimento segue com cinco assinaturas de parlamentares. Para a CPI ser instaurada s\u00e3o necess\u00e1rios 11 apoiadores. \u201cInsisto que a C\u00e2mara deve manter autonomia e investigar o caso, porque s\u00e3o provas contundentes\u201d, ressalta o vereador.<\/div>\n<p>&nbsp;<\/p>\n","protected":false},"excerpt":{"rendered":"<p>Promotora vai pedir mais informa\u00e7\u00f5es \u00e0 prefeitura sobre ind\u00edcios de um servidor p\u00fablico fantasma na Administra\u00e7\u00e3o, para instruir a abertura do inqu\u00e9rito. Den\u00fancia foi apresentada pelo vereador e presidente do PSOL-SP, Paulo Bufalo &nbsp; A promotora Dra. Cristiane Corr\u00eaa de Souza Hillal, do 24\u00ba Procuradoria da Justi\u00e7a, do Minist\u00e9rio P\u00fablico Estadual de S\u00e3o Paulo afirmou [&hellip;]<\/p>\n","protected":false},"author":2,"featured_media":0,"comment_status":"open","ping_status":"open","sticky":false,"template":"","format":"standard","meta":{"_acf_changed":false,"footnotes":""},"categories":[4766,6],"tags":[],"class_list":{"0":"post-2478","1":"post","2":"type-post","3":"status-publish","4":"format-standard","6":"category-arquivo","7":"category-noticias"},"acf":[],"yoast_head":"<!-- This site is optimized with the Yoast SEO plugin v26.5 - https:\/\/yoast.com\/wordpress\/plugins\/seo\/ -->\n<title>MP vai abrir inqu\u00e9rito sobre servidor fantasma em Campinas - PSOL 50<\/title>\n<meta name=\"robots\" content=\"index, follow, max-snippet:-1, max-image-preview:large, max-video-preview:-1\" \/>\n<link rel=\"canonical\" href=\"https:\/\/psol50.org.br\/mp-vai-abrir-inquerito-sobre-servidor-fantasma-em-campinas\/\" \/>\n<meta property=\"og:locale\" content=\"pt_BR\" \/>\n<meta property=\"og:type\" content=\"article\" \/>\n<meta property=\"og:title\" content=\"MP vai abrir inqu\u00e9rito sobre servidor fantasma em Campinas - PSOL 50\" \/>\n<meta property=\"og:description\" content=\"Promotora vai pedir mais informa\u00e7\u00f5es \u00e0 prefeitura sobre ind\u00edcios de um servidor p\u00fablico fantasma na Administra\u00e7\u00e3o, para instruir a abertura do inqu\u00e9rito. Den\u00fancia foi apresentada pelo vereador e presidente do PSOL-SP, Paulo Bufalo &nbsp; A promotora Dra. Cristiane Corr\u00eaa de Souza Hillal, do 24\u00ba Procuradoria da Justi\u00e7a, do Minist\u00e9rio P\u00fablico Estadual de S\u00e3o Paulo afirmou [&hellip;]\" \/>\n<meta property=\"og:url\" content=\"https:\/\/psol50.org.br\/mp-vai-abrir-inquerito-sobre-servidor-fantasma-em-campinas\/\" \/>\n<meta property=\"og:site_name\" content=\"PSOL 50\" \/>\n<meta property=\"article:publisher\" content=\"https:\/\/www.facebook.com\/psol50\" \/>\n<meta property=\"article:published_time\" content=\"2013-12-16T00:00:00+00:00\" \/>\n<meta property=\"og:image\" content=\"https:\/\/psol50.org.br\/inc\/uploads\/2018\/07\/capa.png\" \/>\n\t<meta property=\"og:image:width\" content=\"1350\" \/>\n\t<meta property=\"og:image:height\" content=\"900\" \/>\n\t<meta property=\"og:image:type\" content=\"image\/png\" \/>\n<meta name=\"author\" content=\"Comunica\u00e7\u00e3o PSOL\" \/>\n<meta name=\"twitter:card\" content=\"summary_large_image\" \/>\n<meta name=\"twitter:creator\" content=\"@psol50\" \/>\n<meta name=\"twitter:site\" content=\"@psol50\" \/>\n<meta name=\"twitter:label1\" content=\"Escrito por\" \/>\n\t<meta name=\"twitter:data1\" content=\"Comunica\u00e7\u00e3o PSOL\" \/>\n\t<meta name=\"twitter:label2\" content=\"Est. tempo de leitura\" \/>\n\t<meta name=\"twitter:data2\" content=\"2 minutos\" \/>\n<script type=\"application\/ld+json\" class=\"yoast-schema-graph\">{\"@context\":\"https:\/\/schema.org\",\"@graph\":[{\"@type\":\"Article\",\"@id\":\"https:\/\/psol50.org.br\/mp-vai-abrir-inquerito-sobre-servidor-fantasma-em-campinas\/#article\",\"isPartOf\":{\"@id\":\"https:\/\/psol50.org.br\/mp-vai-abrir-inquerito-sobre-servidor-fantasma-em-campinas\/\"},\"author\":{\"name\":\"Comunica\u00e7\u00e3o PSOL\",\"@id\":\"https:\/\/psol50.org.br\/#\/schema\/person\/475dfa57d0b815993c714c2e96491fcd\"},\"headline\":\"MP vai abrir inqu\u00e9rito sobre servidor fantasma em Campinas\",\"datePublished\":\"2013-12-16T00:00:00+00:00\",\"mainEntityOfPage\":{\"@id\":\"https:\/\/psol50.org.br\/mp-vai-abrir-inquerito-sobre-servidor-fantasma-em-campinas\/\"},\"wordCount\":460,\"commentCount\":0,\"publisher\":{\"@id\":\"https:\/\/psol50.org.br\/#organization\"},\"articleSection\":[\"Arquivo\",\"Not\u00edcias\"],\"inLanguage\":\"pt-BR\",\"potentialAction\":[{\"@type\":\"CommentAction\",\"name\":\"Comment\",\"target\":[\"https:\/\/psol50.org.br\/mp-vai-abrir-inquerito-sobre-servidor-fantasma-em-campinas\/#respond\"]}]},{\"@type\":\"WebPage\",\"@id\":\"https:\/\/psol50.org.br\/mp-vai-abrir-inquerito-sobre-servidor-fantasma-em-campinas\/\",\"url\":\"https:\/\/psol50.org.br\/mp-vai-abrir-inquerito-sobre-servidor-fantasma-em-campinas\/\",\"name\":\"MP vai abrir inqu\u00e9rito sobre servidor fantasma em Campinas - PSOL 50\",\"isPartOf\":{\"@id\":\"https:\/\/psol50.org.br\/#website\"},\"datePublished\":\"2013-12-16T00:00:00+00:00\",\"breadcrumb\":{\"@id\":\"https:\/\/psol50.org.br\/mp-vai-abrir-inquerito-sobre-servidor-fantasma-em-campinas\/#breadcrumb\"},\"inLanguage\":\"pt-BR\",\"potentialAction\":[{\"@type\":\"ReadAction\",\"target\":[\"https:\/\/psol50.org.br\/mp-vai-abrir-inquerito-sobre-servidor-fantasma-em-campinas\/\"]}]},{\"@type\":\"BreadcrumbList\",\"@id\":\"https:\/\/psol50.org.br\/mp-vai-abrir-inquerito-sobre-servidor-fantasma-em-campinas\/#breadcrumb\",\"itemListElement\":[{\"@type\":\"ListItem\",\"position\":1,\"name\":\"In\u00edcio\",\"item\":\"https:\/\/psol50.org.br\/\"},{\"@type\":\"ListItem\",\"position\":2,\"name\":\"MP vai abrir inqu\u00e9rito sobre servidor fantasma em Campinas\"}]},{\"@type\":\"WebSite\",\"@id\":\"https:\/\/psol50.org.br\/#website\",\"url\":\"https:\/\/psol50.org.br\/\",\"name\":\"PSOL 50\",\"description\":\"Site oficial do Partido Socialismo e Liberdade\",\"publisher\":{\"@id\":\"https:\/\/psol50.org.br\/#organization\"},\"alternateName\":\"PSOL50\",\"potentialAction\":[{\"@type\":\"SearchAction\",\"target\":{\"@type\":\"EntryPoint\",\"urlTemplate\":\"https:\/\/psol50.org.br\/?s={search_term_string}\"},\"query-input\":{\"@type\":\"PropertyValueSpecification\",\"valueRequired\":true,\"valueName\":\"search_term_string\"}}],\"inLanguage\":\"pt-BR\"},{\"@type\":\"Organization\",\"@id\":\"https:\/\/psol50.org.br\/#organization\",\"name\":\"PSOL 50\",\"alternateName\":\"PSOL 50\",\"url\":\"https:\/\/psol50.org.br\/\",\"logo\":{\"@type\":\"ImageObject\",\"inLanguage\":\"pt-BR\",\"@id\":\"https:\/\/psol50.org.br\/#\/schema\/logo\/image\/\",\"url\":\"https:\/\/psol50.org.br\/inc\/uploads\/2018\/07\/capa.png\",\"contentUrl\":\"https:\/\/psol50.org.br\/inc\/uploads\/2018\/07\/capa.png\",\"width\":1350,\"height\":900,\"caption\":\"PSOL 50\"},\"image\":{\"@id\":\"https:\/\/psol50.org.br\/#\/schema\/logo\/image\/\"},\"sameAs\":[\"https:\/\/www.facebook.com\/psol50\",\"https:\/\/x.com\/psol50\",\"https:\/\/www.instagram.com\/psol50\/\",\"https:\/\/www.youtube.com\/channel\/UC7SnJS5o1os7a6CaiNabzcg\"]},{\"@type\":\"Person\",\"@id\":\"https:\/\/psol50.org.br\/#\/schema\/person\/475dfa57d0b815993c714c2e96491fcd\",\"name\":\"Comunica\u00e7\u00e3o PSOL\",\"image\":{\"@type\":\"ImageObject\",\"inLanguage\":\"pt-BR\",\"@id\":\"https:\/\/psol50.org.br\/#\/schema\/person\/image\/\",\"url\":\"https:\/\/secure.gravatar.com\/avatar\/b34fc4f4e468a4e51785917065a3db57b841f5c95dba6ad8c73aaf8f66f8f9bf?s=96&d=mm&r=g\",\"contentUrl\":\"https:\/\/secure.gravatar.com\/avatar\/b34fc4f4e468a4e51785917065a3db57b841f5c95dba6ad8c73aaf8f66f8f9bf?s=96&d=mm&r=g\",\"caption\":\"Comunica\u00e7\u00e3o PSOL\"}}]}<\/script>\n<!-- \/ Yoast SEO plugin. -->","yoast_head_json":{"title":"MP vai abrir inqu\u00e9rito sobre servidor fantasma em Campinas - PSOL 50","robots":{"index":"index","follow":"follow","max-snippet":"max-snippet:-1","max-image-preview":"max-image-preview:large","max-video-preview":"max-video-preview:-1"},"canonical":"https:\/\/psol50.org.br\/mp-vai-abrir-inquerito-sobre-servidor-fantasma-em-campinas\/","og_locale":"pt_BR","og_type":"article","og_title":"MP vai abrir inqu\u00e9rito sobre servidor fantasma em Campinas - PSOL 50","og_description":"Promotora vai pedir mais informa\u00e7\u00f5es \u00e0 prefeitura sobre ind\u00edcios de um servidor p\u00fablico fantasma na Administra\u00e7\u00e3o, para instruir a abertura do inqu\u00e9rito. Den\u00fancia foi apresentada pelo vereador e presidente do PSOL-SP, Paulo Bufalo &nbsp; A promotora Dra. Cristiane Corr\u00eaa de Souza Hillal, do 24\u00ba Procuradoria da Justi\u00e7a, do Minist\u00e9rio P\u00fablico Estadual de S\u00e3o Paulo afirmou [&hellip;]","og_url":"https:\/\/psol50.org.br\/mp-vai-abrir-inquerito-sobre-servidor-fantasma-em-campinas\/","og_site_name":"PSOL 50","article_publisher":"https:\/\/www.facebook.com\/psol50","article_published_time":"2013-12-16T00:00:00+00:00","og_image":[{"width":1350,"height":900,"url":"https:\/\/psol50.org.br\/inc\/uploads\/2018\/07\/capa.png","type":"image\/png"}],"author":"Comunica\u00e7\u00e3o PSOL","twitter_card":"summary_large_image","twitter_creator":"@psol50","twitter_site":"@psol50","twitter_misc":{"Escrito por":"Comunica\u00e7\u00e3o PSOL","Est. tempo de leitura":"2 minutos"},"schema":{"@context":"https:\/\/schema.org","@graph":[{"@type":"Article","@id":"https:\/\/psol50.org.br\/mp-vai-abrir-inquerito-sobre-servidor-fantasma-em-campinas\/#article","isPartOf":{"@id":"https:\/\/psol50.org.br\/mp-vai-abrir-inquerito-sobre-servidor-fantasma-em-campinas\/"},"author":{"name":"Comunica\u00e7\u00e3o PSOL","@id":"https:\/\/psol50.org.br\/#\/schema\/person\/475dfa57d0b815993c714c2e96491fcd"},"headline":"MP vai abrir inqu\u00e9rito sobre servidor fantasma em Campinas","datePublished":"2013-12-16T00:00:00+00:00","mainEntityOfPage":{"@id":"https:\/\/psol50.org.br\/mp-vai-abrir-inquerito-sobre-servidor-fantasma-em-campinas\/"},"wordCount":460,"commentCount":0,"publisher":{"@id":"https:\/\/psol50.org.br\/#organization"},"articleSection":["Arquivo","Not\u00edcias"],"inLanguage":"pt-BR","potentialAction":[{"@type":"CommentAction","name":"Comment","target":["https:\/\/psol50.org.br\/mp-vai-abrir-inquerito-sobre-servidor-fantasma-em-campinas\/#respond"]}]},{"@type":"WebPage","@id":"https:\/\/psol50.org.br\/mp-vai-abrir-inquerito-sobre-servidor-fantasma-em-campinas\/","url":"https:\/\/psol50.org.br\/mp-vai-abrir-inquerito-sobre-servidor-fantasma-em-campinas\/","name":"MP vai abrir inqu\u00e9rito sobre servidor fantasma em Campinas - PSOL 50","isPartOf":{"@id":"https:\/\/psol50.org.br\/#website"},"datePublished":"2013-12-16T00:00:00+00:00","breadcrumb":{"@id":"https:\/\/psol50.org.br\/mp-vai-abrir-inquerito-sobre-servidor-fantasma-em-campinas\/#breadcrumb"},"inLanguage":"pt-BR","potentialAction":[{"@type":"ReadAction","target":["https:\/\/psol50.org.br\/mp-vai-abrir-inquerito-sobre-servidor-fantasma-em-campinas\/"]}]},{"@type":"BreadcrumbList","@id":"https:\/\/psol50.org.br\/mp-vai-abrir-inquerito-sobre-servidor-fantasma-em-campinas\/#breadcrumb","itemListElement":[{"@type":"ListItem","position":1,"name":"In\u00edcio","item":"https:\/\/psol50.org.br\/"},{"@type":"ListItem","position":2,"name":"MP vai abrir inqu\u00e9rito sobre servidor fantasma em Campinas"}]},{"@type":"WebSite","@id":"https:\/\/psol50.org.br\/#website","url":"https:\/\/psol50.org.br\/","name":"PSOL 50","description":"Site oficial do Partido Socialismo e Liberdade","publisher":{"@id":"https:\/\/psol50.org.br\/#organization"},"alternateName":"PSOL50","potentialAction":[{"@type":"SearchAction","target":{"@type":"EntryPoint","urlTemplate":"https:\/\/psol50.org.br\/?s={search_term_string}"},"query-input":{"@type":"PropertyValueSpecification","valueRequired":true,"valueName":"search_term_string"}}],"inLanguage":"pt-BR"},{"@type":"Organization","@id":"https:\/\/psol50.org.br\/#organization","name":"PSOL 50","alternateName":"PSOL 50","url":"https:\/\/psol50.org.br\/","logo":{"@type":"ImageObject","inLanguage":"pt-BR","@id":"https:\/\/psol50.org.br\/#\/schema\/logo\/image\/","url":"https:\/\/psol50.org.br\/inc\/uploads\/2018\/07\/capa.png","contentUrl":"https:\/\/psol50.org.br\/inc\/uploads\/2018\/07\/capa.png","width":1350,"height":900,"caption":"PSOL 50"},"image":{"@id":"https:\/\/psol50.org.br\/#\/schema\/logo\/image\/"},"sameAs":["https:\/\/www.facebook.com\/psol50","https:\/\/x.com\/psol50","https:\/\/www.instagram.com\/psol50\/","https:\/\/www.youtube.com\/channel\/UC7SnJS5o1os7a6CaiNabzcg"]},{"@type":"Person","@id":"https:\/\/psol50.org.br\/#\/schema\/person\/475dfa57d0b815993c714c2e96491fcd","name":"Comunica\u00e7\u00e3o PSOL","image":{"@type":"ImageObject","inLanguage":"pt-BR","@id":"https:\/\/psol50.org.br\/#\/schema\/person\/image\/","url":"https:\/\/secure.gravatar.com\/avatar\/b34fc4f4e468a4e51785917065a3db57b841f5c95dba6ad8c73aaf8f66f8f9bf?s=96&d=mm&r=g","contentUrl":"https:\/\/secure.gravatar.com\/avatar\/b34fc4f4e468a4e51785917065a3db57b841f5c95dba6ad8c73aaf8f66f8f9bf?s=96&d=mm&r=g","caption":"Comunica\u00e7\u00e3o PSOL"}}]}},"_links":{"self":[{"href":"https:\/\/psol50.org.br\/rest\/wp\/v2\/posts\/2478","targetHints":{"allow":["GET"]}}],"collection":[{"href":"https:\/\/psol50.org.br\/rest\/wp\/v2\/posts"}],"about":[{"href":"https:\/\/psol50.org.br\/rest\/wp\/v2\/types\/post"}],"author":[{"embeddable":true,"href":"https:\/\/psol50.org.br\/rest\/wp\/v2\/users\/2"}],"replies":[{"embeddable":true,"href":"https:\/\/psol50.org.br\/rest\/wp\/v2\/comments?post=2478"}],"version-history":[{"count":0,"href":"https:\/\/psol50.org.br\/rest\/wp\/v2\/posts\/2478\/revisions"}],"wp:attachment":[{"href":"https:\/\/psol50.org.br\/rest\/wp\/v2\/media?parent=2478"}],"wp:term":[{"taxonomy":"category","embeddable":true,"href":"https:\/\/psol50.org.br\/rest\/wp\/v2\/categories?post=2478"},{"taxonomy":"post_tag","embeddable":true,"href":"https:\/\/psol50.org.br\/rest\/wp\/v2\/tags?post=2478"}],"curies":[{"name":"wp","href":"https:\/\/api.w.org\/{rel}","templated":true}]}}