{"id":24798,"date":"2019-04-09T10:44:06","date_gmt":"2019-04-09T13:44:06","guid":{"rendered":"http:\/\/psol50.org.br\/?p=24798"},"modified":"2019-04-09T10:44:06","modified_gmt":"2019-04-09T13:44:06","slug":"juliano-medeiros-a-oposicao-nos-cem-primeiros-dias-de-bolsonaro","status":"publish","type":"post","link":"https:\/\/psol50.org.br\/juliano-medeiros-a-oposicao-nos-cem-primeiros-dias-de-bolsonaro\/","title":{"rendered":"Juliano Medeiros | A oposi\u00e7\u00e3o nos cem primeiros dias de Bolsonaro"},"content":{"rendered":"\n<p><em><a rel=\"noreferrer noopener\" aria-label=\"Originalmente publicada em Folha de S.Paulo. (abre numa nova aba)\" href=\"https:\/\/www1.folha.uol.com.br\/opiniao\/2019\/04\/a-oposicao-nos-cem-primeiros-dias-de-bolsonaro.shtml\" target=\"_blank\">Originalmente publicada em Folha de S.Paulo.<\/a><\/em><\/p>\n\n\n\n<p>Como j\u00e1 se tornou tradi\u00e7\u00e3o no mundo pol\u00edtico, os primeiros cem dias de um governo servem para promover um balan\u00e7o das a\u00e7\u00f5es da nova gest\u00e3o e avaliar a popularidade do presidente, governador ou prefeito.<\/p>\n\n\n\n<p>No caso de&nbsp;Jair Bolsonaro (PSL), a avalia\u00e7\u00e3o dos primeiros cem dias chega acompanhada da&nbsp;troca do ministro da Educa\u00e7\u00e3o, Ricardo V\u00e9lez Rodr\u00edguez, por Abraham&nbsp;Weintraub, e da nova&nbsp;pesquisa Datafolha<strong><em>,&nbsp;<\/em><\/strong>revelando que o governo \u00e9 o pior avaliado nos primeiros cem dias desde que a medi\u00e7\u00e3o come\u00e7ou a ser realizada, com Fernando Collor de Mello.<\/p>\n\n\n\n<p>Estamos diante de um governo acossado pelo esc\u00e2ndalo do&nbsp;\u201claranjal do PSL\u201d, agressivo com imprensa e opositores, carente de base de apoio no Congresso Nacional e perdido ante o desafio de administrar a complexa m\u00e1quina do Executivo Federal.<\/p>\n\n\n\n<p>As principais iniciativas do governo _o&nbsp;pacote do ministro S\u00e9rgio Moro&nbsp;e a&nbsp;reforma da&nbsp;Previd\u00eancia_ est\u00e3o longe de ser medidas populares e encontram-se praticamente paralisadas na C\u00e2mara dos Deputados. Os primeiros cem dias de Bolsonaro, portanto, s\u00e3o frustrantes para seus eleitores e mostram que o governo n\u00e3o tem rumo.<\/p>\n\n\n\n<p>Mas e a oposi\u00e7\u00e3o? Durante semanas a imprensa abordou o que se via como uma \u201cdivis\u00e3o das esquerdas\u201d. As diferentes t\u00e1ticas na disputa da presid\u00eancia da C\u00e2mara dos Deputados e as trocas de farpas p\u00fablicas entre lideran\u00e7as da oposi\u00e7\u00e3o refor\u00e7aram, certamente, a impress\u00e3o de divis\u00e3o. Mas bastou o governo Bolsonaro enviar suas primeiras medidas ao Congresso Nacional para que o senso de responsabilidade falasse mais alto.<\/p>\n\n\n\n<p>Em menos de uma semana tr\u00eas iniciativas mostraram a capacidade de articula\u00e7\u00e3o das legendas de oposi\u00e7\u00e3o. Uma reuni\u00e3o com os presidentes dos partidos sinalizou a disposi\u00e7\u00e3o de recompor a unidade, fragilizada ap\u00f3s a elei\u00e7\u00e3o para a presid\u00eancia da C\u00e2mara.<\/p>\n\n\n\n<p>Na semana seguinte, um encontro com as bancadas de diversos partidos fechou posi\u00e7\u00e3o sobre a reforma da Previd\u00eancia de Bolsonaro, alcan\u00e7ando mais de 140 votos contra a proposta.<\/p>\n\n\n\n<p>No dia seguinte, uma reuni\u00e3o entre lideran\u00e7as pol\u00edticas de diferentes partidos _Fernando Haddad (PT), Fl\u00e1vio Dino (PC do B), Ricardo Coutinho (PSB) e Guilherme Boulos e S\u00f4nia Guajajara (PSOL)_ divulgou uma declara\u00e7\u00e3o em defesa da democracia, dos direitos e contra a proposta do governo de reforma da Previd\u00eancia.<\/p>\n\n\n\n<p>No \u00faltimo dia 22 de mar\u00e7o, um primeiro dia de mobiliza\u00e7\u00f5es, demonstrou que a unidade pode ir muito al\u00e9m dos partidos e das bancadas parlamentares. Em centenas de cidades brasileiras os movimentos sociais e as centrais sindicais promoveram protestos contra a proposta de reforma da Previd\u00eancia de Bolsonaro.<\/p>\n\n\n\n<p>A data completou uma sequ\u00eancia de importantes mobiliza\u00e7\u00f5es, que come\u00e7ou com o Dia Internacional de Luta das Mulheres (8 de mar\u00e7o) e teve continuidade com as manifesta\u00e7\u00f5es pela passagem do primeiro ano do&nbsp;assassinato de Marielle Franco e Anderson Gomes&nbsp;(14 de mar\u00e7o).<\/p>\n\n\n\n<p>Nesses cem dias avan\u00e7amos na unidade da oposi\u00e7\u00e3o. Mas \u00e9 preciso ir al\u00e9m, garantindo espa\u00e7os permanentes de di\u00e1logo. Evidentemente, as diferen\u00e7as entre as esquerdas continuar\u00e3o existindo. E \u00e9 bom que assim seja.<\/p>\n\n\n\n<p>Mas \u00e9 preciso colocar em primeiro plano a necess\u00e1ria defesa dos direitos. Longe de antecipar o debate eleitoral de 2020, esse esfor\u00e7o \u00e9 fundamental para construir sa\u00eddas comuns, caso a crise do governo se aprofunde e sejamos convocados a apontar uma sa\u00edda para o Brasil.<\/p>\n","protected":false},"excerpt":{"rendered":"<p>Originalmente publicada em Folha de S.Paulo. Como j\u00e1 se tornou tradi\u00e7\u00e3o no mundo pol\u00edtico, os primeiros cem dias de um governo servem para promover um balan\u00e7o das a\u00e7\u00f5es da nova gest\u00e3o e avaliar a popularidade do presidente, governador ou prefeito. No caso de&nbsp;Jair Bolsonaro (PSL), a avalia\u00e7\u00e3o dos primeiros cem dias chega acompanhada da&nbsp;troca do [&hellip;]<\/p>\n","protected":false},"author":2,"featured_media":24800,"comment_status":"closed","ping_status":"open","sticky":false,"template":"","format":"standard","meta":{"_acf_changed":false,"footnotes":""},"categories":[6],"tags":[244,259,315],"class_list":{"0":"post-24798","1":"post","2":"type-post","3":"status-publish","4":"format-standard","5":"has-post-thumbnail","7":"category-noticias","8":"tag-jair-bolsonaro","9":"tag-juliano-medeiros","10":"tag-oposicao"},"acf":[],"yoast_head":"<!-- This site is optimized with the Yoast SEO plugin v26.5 - https:\/\/yoast.com\/wordpress\/plugins\/seo\/ -->\n<title>Juliano Medeiros | A oposi\u00e7\u00e3o nos cem primeiros dias de Bolsonaro<\/title>\n<meta name=\"description\" content=\"Leia o artigo de Juliano Medeiros, presidente nacional do PSOL.\" \/>\n<meta name=\"robots\" content=\"index, follow, max-snippet:-1, max-image-preview:large, max-video-preview:-1\" \/>\n<link rel=\"canonical\" href=\"https:\/\/psol50.org.br\/juliano-medeiros-a-oposicao-nos-cem-primeiros-dias-de-bolsonaro\/\" \/>\n<meta property=\"og:locale\" content=\"pt_BR\" \/>\n<meta property=\"og:type\" content=\"article\" \/>\n<meta property=\"og:title\" content=\"A oposi\u00e7\u00e3o nos cem primeiros dias de Bolsonaro\" \/>\n<meta property=\"og:description\" content=\"Leia o artigo de Juliano Medeiros, presidente nacional do PSOL.\" \/>\n<meta property=\"og:url\" content=\"https:\/\/psol50.org.br\/juliano-medeiros-a-oposicao-nos-cem-primeiros-dias-de-bolsonaro\/\" \/>\n<meta property=\"og:site_name\" content=\"PSOL 50\" \/>\n<meta property=\"article:publisher\" content=\"https:\/\/www.facebook.com\/psol50\" \/>\n<meta property=\"article:published_time\" content=\"2019-04-09T13:44:06+00:00\" \/>\n<meta property=\"og:image\" content=\"https:\/\/psol50.org.br\/inc\/uploads\/2019\/04\/bolsonaro-am-825x550-1.jpg\" \/>\n\t<meta property=\"og:image:width\" content=\"825\" \/>\n\t<meta property=\"og:image:height\" content=\"550\" \/>\n\t<meta property=\"og:image:type\" content=\"image\/jpeg\" \/>\n<meta name=\"author\" content=\"Comunica\u00e7\u00e3o PSOL\" \/>\n<meta name=\"twitter:card\" content=\"summary_large_image\" \/>\n<meta name=\"twitter:title\" content=\"A oposi\u00e7\u00e3o nos cem primeiros dias de Bolsonaro\" \/>\n<meta name=\"twitter:description\" content=\"Leia o artigo de Juliano Medeiros, presidente nacional do PSOL.\" \/>\n<meta name=\"twitter:image\" content=\"https:\/\/psol50.org.br\/inc\/uploads\/2019\/04\/bolsonaro-am-825x550-1.jpg\" \/>\n<meta name=\"twitter:creator\" content=\"@psol50\" \/>\n<meta name=\"twitter:site\" content=\"@psol50\" \/>\n<meta name=\"twitter:label1\" content=\"Escrito por\" \/>\n\t<meta name=\"twitter:data1\" content=\"Comunica\u00e7\u00e3o PSOL\" \/>\n\t<meta name=\"twitter:label2\" content=\"Est. tempo de leitura\" \/>\n\t<meta name=\"twitter:data2\" content=\"3 minutos\" \/>\n<script type=\"application\/ld+json\" class=\"yoast-schema-graph\">{\"@context\":\"https:\/\/schema.org\",\"@graph\":[{\"@type\":\"Article\",\"@id\":\"https:\/\/psol50.org.br\/juliano-medeiros-a-oposicao-nos-cem-primeiros-dias-de-bolsonaro\/#article\",\"isPartOf\":{\"@id\":\"https:\/\/psol50.org.br\/juliano-medeiros-a-oposicao-nos-cem-primeiros-dias-de-bolsonaro\/\"},\"author\":{\"name\":\"Comunica\u00e7\u00e3o PSOL\",\"@id\":\"https:\/\/psol50.org.br\/#\/schema\/person\/475dfa57d0b815993c714c2e96491fcd\"},\"headline\":\"Juliano Medeiros | A oposi\u00e7\u00e3o nos cem primeiros dias de Bolsonaro\",\"datePublished\":\"2019-04-09T13:44:06+00:00\",\"mainEntityOfPage\":{\"@id\":\"https:\/\/psol50.org.br\/juliano-medeiros-a-oposicao-nos-cem-primeiros-dias-de-bolsonaro\/\"},\"wordCount\":617,\"publisher\":{\"@id\":\"https:\/\/psol50.org.br\/#organization\"},\"image\":{\"@id\":\"https:\/\/psol50.org.br\/juliano-medeiros-a-oposicao-nos-cem-primeiros-dias-de-bolsonaro\/#primaryimage\"},\"thumbnailUrl\":\"https:\/\/psol50.org.br\/inc\/uploads\/2019\/04\/bolsonaro-am-825x550-1.jpg\",\"keywords\":[\"Jair Bolsonaro\",\"Juliano Medeiros\",\"Oposi\u00e7\u00e3o\"],\"articleSection\":[\"Not\u00edcias\"],\"inLanguage\":\"pt-BR\"},{\"@type\":\"WebPage\",\"@id\":\"https:\/\/psol50.org.br\/juliano-medeiros-a-oposicao-nos-cem-primeiros-dias-de-bolsonaro\/\",\"url\":\"https:\/\/psol50.org.br\/juliano-medeiros-a-oposicao-nos-cem-primeiros-dias-de-bolsonaro\/\",\"name\":\"Juliano Medeiros | A oposi\u00e7\u00e3o nos cem primeiros dias de Bolsonaro\",\"isPartOf\":{\"@id\":\"https:\/\/psol50.org.br\/#website\"},\"primaryImageOfPage\":{\"@id\":\"https:\/\/psol50.org.br\/juliano-medeiros-a-oposicao-nos-cem-primeiros-dias-de-bolsonaro\/#primaryimage\"},\"image\":{\"@id\":\"https:\/\/psol50.org.br\/juliano-medeiros-a-oposicao-nos-cem-primeiros-dias-de-bolsonaro\/#primaryimage\"},\"thumbnailUrl\":\"https:\/\/psol50.org.br\/inc\/uploads\/2019\/04\/bolsonaro-am-825x550-1.jpg\",\"datePublished\":\"2019-04-09T13:44:06+00:00\",\"description\":\"Leia o artigo de Juliano Medeiros, presidente nacional do PSOL.\",\"breadcrumb\":{\"@id\":\"https:\/\/psol50.org.br\/juliano-medeiros-a-oposicao-nos-cem-primeiros-dias-de-bolsonaro\/#breadcrumb\"},\"inLanguage\":\"pt-BR\",\"potentialAction\":[{\"@type\":\"ReadAction\",\"target\":[\"https:\/\/psol50.org.br\/juliano-medeiros-a-oposicao-nos-cem-primeiros-dias-de-bolsonaro\/\"]}]},{\"@type\":\"ImageObject\",\"inLanguage\":\"pt-BR\",\"@id\":\"https:\/\/psol50.org.br\/juliano-medeiros-a-oposicao-nos-cem-primeiros-dias-de-bolsonaro\/#primaryimage\",\"url\":\"https:\/\/psol50.org.br\/inc\/uploads\/2019\/04\/bolsonaro-am-825x550-1.jpg\",\"contentUrl\":\"https:\/\/psol50.org.br\/inc\/uploads\/2019\/04\/bolsonaro-am-825x550-1.jpg\",\"width\":825,\"height\":550,\"caption\":\"Foto: Ant\u00f4nio More\"},{\"@type\":\"BreadcrumbList\",\"@id\":\"https:\/\/psol50.org.br\/juliano-medeiros-a-oposicao-nos-cem-primeiros-dias-de-bolsonaro\/#breadcrumb\",\"itemListElement\":[{\"@type\":\"ListItem\",\"position\":1,\"name\":\"In\u00edcio\",\"item\":\"https:\/\/psol50.org.br\/\"},{\"@type\":\"ListItem\",\"position\":2,\"name\":\"Juliano Medeiros | A oposi\u00e7\u00e3o nos cem primeiros dias de Bolsonaro\"}]},{\"@type\":\"WebSite\",\"@id\":\"https:\/\/psol50.org.br\/#website\",\"url\":\"https:\/\/psol50.org.br\/\",\"name\":\"PSOL 50\",\"description\":\"Site oficial do Partido Socialismo e Liberdade\",\"publisher\":{\"@id\":\"https:\/\/psol50.org.br\/#organization\"},\"alternateName\":\"PSOL50\",\"potentialAction\":[{\"@type\":\"SearchAction\",\"target\":{\"@type\":\"EntryPoint\",\"urlTemplate\":\"https:\/\/psol50.org.br\/?s={search_term_string}\"},\"query-input\":{\"@type\":\"PropertyValueSpecification\",\"valueRequired\":true,\"valueName\":\"search_term_string\"}}],\"inLanguage\":\"pt-BR\"},{\"@type\":\"Organization\",\"@id\":\"https:\/\/psol50.org.br\/#organization\",\"name\":\"PSOL 50\",\"alternateName\":\"PSOL 50\",\"url\":\"https:\/\/psol50.org.br\/\",\"logo\":{\"@type\":\"ImageObject\",\"inLanguage\":\"pt-BR\",\"@id\":\"https:\/\/psol50.org.br\/#\/schema\/logo\/image\/\",\"url\":\"https:\/\/psol50.org.br\/inc\/uploads\/2018\/07\/capa.png\",\"contentUrl\":\"https:\/\/psol50.org.br\/inc\/uploads\/2018\/07\/capa.png\",\"width\":1350,\"height\":900,\"caption\":\"PSOL 50\"},\"image\":{\"@id\":\"https:\/\/psol50.org.br\/#\/schema\/logo\/image\/\"},\"sameAs\":[\"https:\/\/www.facebook.com\/psol50\",\"https:\/\/x.com\/psol50\",\"https:\/\/www.instagram.com\/psol50\/\",\"https:\/\/www.youtube.com\/channel\/UC7SnJS5o1os7a6CaiNabzcg\"]},{\"@type\":\"Person\",\"@id\":\"https:\/\/psol50.org.br\/#\/schema\/person\/475dfa57d0b815993c714c2e96491fcd\",\"name\":\"Comunica\u00e7\u00e3o PSOL\",\"image\":{\"@type\":\"ImageObject\",\"inLanguage\":\"pt-BR\",\"@id\":\"https:\/\/psol50.org.br\/#\/schema\/person\/image\/\",\"url\":\"https:\/\/secure.gravatar.com\/avatar\/b34fc4f4e468a4e51785917065a3db57b841f5c95dba6ad8c73aaf8f66f8f9bf?s=96&d=mm&r=g\",\"contentUrl\":\"https:\/\/secure.gravatar.com\/avatar\/b34fc4f4e468a4e51785917065a3db57b841f5c95dba6ad8c73aaf8f66f8f9bf?s=96&d=mm&r=g\",\"caption\":\"Comunica\u00e7\u00e3o PSOL\"}}]}<\/script>\n<!-- \/ Yoast SEO plugin. -->","yoast_head_json":{"title":"Juliano Medeiros | A oposi\u00e7\u00e3o nos cem primeiros dias de Bolsonaro","description":"Leia o artigo de Juliano Medeiros, presidente nacional do PSOL.","robots":{"index":"index","follow":"follow","max-snippet":"max-snippet:-1","max-image-preview":"max-image-preview:large","max-video-preview":"max-video-preview:-1"},"canonical":"https:\/\/psol50.org.br\/juliano-medeiros-a-oposicao-nos-cem-primeiros-dias-de-bolsonaro\/","og_locale":"pt_BR","og_type":"article","og_title":"A oposi\u00e7\u00e3o nos cem primeiros dias de Bolsonaro","og_description":"Leia o artigo de Juliano Medeiros, presidente nacional do PSOL.","og_url":"https:\/\/psol50.org.br\/juliano-medeiros-a-oposicao-nos-cem-primeiros-dias-de-bolsonaro\/","og_site_name":"PSOL 50","article_publisher":"https:\/\/www.facebook.com\/psol50","article_published_time":"2019-04-09T13:44:06+00:00","og_image":[{"width":825,"height":550,"url":"https:\/\/psol50.org.br\/inc\/uploads\/2019\/04\/bolsonaro-am-825x550-1.jpg","type":"image\/jpeg"}],"author":"Comunica\u00e7\u00e3o PSOL","twitter_card":"summary_large_image","twitter_title":"A oposi\u00e7\u00e3o nos cem primeiros dias de Bolsonaro","twitter_description":"Leia o artigo de Juliano Medeiros, presidente nacional do PSOL.","twitter_image":"https:\/\/psol50.org.br\/inc\/uploads\/2019\/04\/bolsonaro-am-825x550-1.jpg","twitter_creator":"@psol50","twitter_site":"@psol50","twitter_misc":{"Escrito por":"Comunica\u00e7\u00e3o PSOL","Est. tempo de leitura":"3 minutos"},"schema":{"@context":"https:\/\/schema.org","@graph":[{"@type":"Article","@id":"https:\/\/psol50.org.br\/juliano-medeiros-a-oposicao-nos-cem-primeiros-dias-de-bolsonaro\/#article","isPartOf":{"@id":"https:\/\/psol50.org.br\/juliano-medeiros-a-oposicao-nos-cem-primeiros-dias-de-bolsonaro\/"},"author":{"name":"Comunica\u00e7\u00e3o PSOL","@id":"https:\/\/psol50.org.br\/#\/schema\/person\/475dfa57d0b815993c714c2e96491fcd"},"headline":"Juliano Medeiros | A oposi\u00e7\u00e3o nos cem primeiros dias de Bolsonaro","datePublished":"2019-04-09T13:44:06+00:00","mainEntityOfPage":{"@id":"https:\/\/psol50.org.br\/juliano-medeiros-a-oposicao-nos-cem-primeiros-dias-de-bolsonaro\/"},"wordCount":617,"publisher":{"@id":"https:\/\/psol50.org.br\/#organization"},"image":{"@id":"https:\/\/psol50.org.br\/juliano-medeiros-a-oposicao-nos-cem-primeiros-dias-de-bolsonaro\/#primaryimage"},"thumbnailUrl":"https:\/\/psol50.org.br\/inc\/uploads\/2019\/04\/bolsonaro-am-825x550-1.jpg","keywords":["Jair Bolsonaro","Juliano Medeiros","Oposi\u00e7\u00e3o"],"articleSection":["Not\u00edcias"],"inLanguage":"pt-BR"},{"@type":"WebPage","@id":"https:\/\/psol50.org.br\/juliano-medeiros-a-oposicao-nos-cem-primeiros-dias-de-bolsonaro\/","url":"https:\/\/psol50.org.br\/juliano-medeiros-a-oposicao-nos-cem-primeiros-dias-de-bolsonaro\/","name":"Juliano Medeiros | A oposi\u00e7\u00e3o nos cem primeiros dias de Bolsonaro","isPartOf":{"@id":"https:\/\/psol50.org.br\/#website"},"primaryImageOfPage":{"@id":"https:\/\/psol50.org.br\/juliano-medeiros-a-oposicao-nos-cem-primeiros-dias-de-bolsonaro\/#primaryimage"},"image":{"@id":"https:\/\/psol50.org.br\/juliano-medeiros-a-oposicao-nos-cem-primeiros-dias-de-bolsonaro\/#primaryimage"},"thumbnailUrl":"https:\/\/psol50.org.br\/inc\/uploads\/2019\/04\/bolsonaro-am-825x550-1.jpg","datePublished":"2019-04-09T13:44:06+00:00","description":"Leia o artigo de Juliano Medeiros, presidente nacional do PSOL.","breadcrumb":{"@id":"https:\/\/psol50.org.br\/juliano-medeiros-a-oposicao-nos-cem-primeiros-dias-de-bolsonaro\/#breadcrumb"},"inLanguage":"pt-BR","potentialAction":[{"@type":"ReadAction","target":["https:\/\/psol50.org.br\/juliano-medeiros-a-oposicao-nos-cem-primeiros-dias-de-bolsonaro\/"]}]},{"@type":"ImageObject","inLanguage":"pt-BR","@id":"https:\/\/psol50.org.br\/juliano-medeiros-a-oposicao-nos-cem-primeiros-dias-de-bolsonaro\/#primaryimage","url":"https:\/\/psol50.org.br\/inc\/uploads\/2019\/04\/bolsonaro-am-825x550-1.jpg","contentUrl":"https:\/\/psol50.org.br\/inc\/uploads\/2019\/04\/bolsonaro-am-825x550-1.jpg","width":825,"height":550,"caption":"Foto: Ant\u00f4nio More"},{"@type":"BreadcrumbList","@id":"https:\/\/psol50.org.br\/juliano-medeiros-a-oposicao-nos-cem-primeiros-dias-de-bolsonaro\/#breadcrumb","itemListElement":[{"@type":"ListItem","position":1,"name":"In\u00edcio","item":"https:\/\/psol50.org.br\/"},{"@type":"ListItem","position":2,"name":"Juliano Medeiros | A oposi\u00e7\u00e3o nos cem primeiros dias de Bolsonaro"}]},{"@type":"WebSite","@id":"https:\/\/psol50.org.br\/#website","url":"https:\/\/psol50.org.br\/","name":"PSOL 50","description":"Site oficial do Partido Socialismo e Liberdade","publisher":{"@id":"https:\/\/psol50.org.br\/#organization"},"alternateName":"PSOL50","potentialAction":[{"@type":"SearchAction","target":{"@type":"EntryPoint","urlTemplate":"https:\/\/psol50.org.br\/?s={search_term_string}"},"query-input":{"@type":"PropertyValueSpecification","valueRequired":true,"valueName":"search_term_string"}}],"inLanguage":"pt-BR"},{"@type":"Organization","@id":"https:\/\/psol50.org.br\/#organization","name":"PSOL 50","alternateName":"PSOL 50","url":"https:\/\/psol50.org.br\/","logo":{"@type":"ImageObject","inLanguage":"pt-BR","@id":"https:\/\/psol50.org.br\/#\/schema\/logo\/image\/","url":"https:\/\/psol50.org.br\/inc\/uploads\/2018\/07\/capa.png","contentUrl":"https:\/\/psol50.org.br\/inc\/uploads\/2018\/07\/capa.png","width":1350,"height":900,"caption":"PSOL 50"},"image":{"@id":"https:\/\/psol50.org.br\/#\/schema\/logo\/image\/"},"sameAs":["https:\/\/www.facebook.com\/psol50","https:\/\/x.com\/psol50","https:\/\/www.instagram.com\/psol50\/","https:\/\/www.youtube.com\/channel\/UC7SnJS5o1os7a6CaiNabzcg"]},{"@type":"Person","@id":"https:\/\/psol50.org.br\/#\/schema\/person\/475dfa57d0b815993c714c2e96491fcd","name":"Comunica\u00e7\u00e3o PSOL","image":{"@type":"ImageObject","inLanguage":"pt-BR","@id":"https:\/\/psol50.org.br\/#\/schema\/person\/image\/","url":"https:\/\/secure.gravatar.com\/avatar\/b34fc4f4e468a4e51785917065a3db57b841f5c95dba6ad8c73aaf8f66f8f9bf?s=96&d=mm&r=g","contentUrl":"https:\/\/secure.gravatar.com\/avatar\/b34fc4f4e468a4e51785917065a3db57b841f5c95dba6ad8c73aaf8f66f8f9bf?s=96&d=mm&r=g","caption":"Comunica\u00e7\u00e3o PSOL"}}]}},"_links":{"self":[{"href":"https:\/\/psol50.org.br\/rest\/wp\/v2\/posts\/24798","targetHints":{"allow":["GET"]}}],"collection":[{"href":"https:\/\/psol50.org.br\/rest\/wp\/v2\/posts"}],"about":[{"href":"https:\/\/psol50.org.br\/rest\/wp\/v2\/types\/post"}],"author":[{"embeddable":true,"href":"https:\/\/psol50.org.br\/rest\/wp\/v2\/users\/2"}],"replies":[{"embeddable":true,"href":"https:\/\/psol50.org.br\/rest\/wp\/v2\/comments?post=24798"}],"version-history":[{"count":0,"href":"https:\/\/psol50.org.br\/rest\/wp\/v2\/posts\/24798\/revisions"}],"wp:featuredmedia":[{"embeddable":true,"href":"https:\/\/psol50.org.br\/rest\/wp\/v2\/media\/24800"}],"wp:attachment":[{"href":"https:\/\/psol50.org.br\/rest\/wp\/v2\/media?parent=24798"}],"wp:term":[{"taxonomy":"category","embeddable":true,"href":"https:\/\/psol50.org.br\/rest\/wp\/v2\/categories?post=24798"},{"taxonomy":"post_tag","embeddable":true,"href":"https:\/\/psol50.org.br\/rest\/wp\/v2\/tags?post=24798"}],"curies":[{"name":"wp","href":"https:\/\/api.w.org\/{rel}","templated":true}]}}