{"id":248,"date":"2012-08-12T00:00:00","date_gmt":"2012-08-12T00:00:00","guid":{"rendered":"http:\/\/psol50.org.br\/arquivo\/2012\/08\/12\/ibope-divulga-pesquisa-em-belem-e-confirma-lideranca-absoluta-de-edmilson\/"},"modified":"2012-08-12T00:00:00","modified_gmt":"2012-08-12T00:00:00","slug":"ibope-divulga-pesquisa-em-belem-e-confirma-lideranca-absoluta-de-edmilson","status":"publish","type":"post","link":"https:\/\/psol50.org.br\/ibope-divulga-pesquisa-em-belem-e-confirma-lideranca-absoluta-de-edmilson\/","title":{"rendered":"Ibope divulga pesquisa em Bel\u00e9m e confirma lideran\u00e7a absoluta de Edmilson"},"content":{"rendered":"<p>O Instituto Brasileiro de Opini\u00e3o P\u00fablica e Estat\u00edstica (Ibope) divulgou neste s\u00e1bado (11) a primeira pesquisa encomendada pela TV Liberal, afiliada da Rede Globo no Par\u00e1, com a inten\u00e7\u00e3o de votos para a prefeitura de Bel\u00e9m.<br \/>\nA pesquisa foi realizada nos dias 7 a 9 de agosto. Foram entrevistados 602 eleitores. A margem de erro \u00e9 de quatro pontos perceituais, para mais ou para menos.<\/p>\n<p>Veja os n\u00fameros do Ibope para a pesquisa estimulada:<br \/>\nEdmilson Rodrigues (PSOL) \u2013 42% das inten\u00e7\u00f5es de voto<br \/>\nJos\u00e9 Priante (PMDB) \u2013 22%<br \/>\nZenaldo Coutinho (PSDB) \u2013 12%<br \/>\nArnaldo Jordy (PPS) \u2013 7%<br \/>\nJefferson Lima (PP) \u2013 5%<br \/>\nAnivaldo Vale (PR) \u2013 2%<br \/>\nAlfredo Costa (PT) \u2013 1%<br \/>\nMarcos Rego (PRTB) \u2013 n\u00e3o alcan\u00e7ou 1%.<br \/>\nS\u00e9rgio Pimentel (PSL) e Leny Campelo (PPL) n\u00e3o foram citados.<br \/>\nBranco\/ nulo \u2013 5%<br \/>\nN\u00e3o sabe\/ n\u00e3o respondeu \u2013 3%<\/p>\n<p>Pesquisa tamb\u00e9m apontou em quem o eleitor n\u00e3o votaria<br \/>\nO Ibope tamb\u00e9m perguntou em quem o eleitor de Bel\u00e9m n\u00e3o votaria para prefeito. Para esta pergunta, os entrevistados poderiam citar mais de um candidato, por isso, a soma das respostas \u00e9 superior a 100%.<\/p>\n<p>Veja os n\u00fameros da rejei\u00e7\u00e3o dos candidatos:<br \/>\nArnaldo Jordy (PPS) \u2013 25%<br \/>\nJos\u00e9 Priante (PMDB) \u2013 24%<br \/>\nEdmilson Rodrigues (PSOL) \u2013 22%<br \/>\nAlfredo Costa (PT) \u2013 18%<br \/>\nJefferson Lima (PP) \u2013 18%<br \/>\nZenaldo Coutinho (PSDB) \u2013 17%<br \/>\nAnivaldo Vale (PR) \u2013 16%<br \/>\nLeny Campelo (PPL) \u2013 15%<br \/>\nS\u00e9rgio Pimentel (PSL) \u2013 13%<br \/>\nMarcos Rego (PRTB) \u2013 12%<br \/>\nPoderia votar em todos \u2013 9%<br \/>\nN\u00e3o sabem\/n\u00e3o responderam \u2013 11%<\/p>\n<p>Pesquisa tamb\u00e9m avaliou a administra\u00e7\u00e3o do atual prefeito<\/p>\n<p>A administra\u00e7\u00e3o do prefeito Duciomar Costa (PTB) tamb\u00e9m foi avaliada na pesquisa.<\/p>\n<p>Veja os n\u00fameros:<br \/>\n21% dos entrevistados consideram o desempenho do prefeito bom ou \u00f3timo.<br \/>\n40% dos entrevistados consideram regular<br \/>\n37% acham ruim ou p\u00e9ssimo<br \/>\n1% n\u00e3o sabe\/n\u00e3o respondeu<\/p>\n<p><em>Fonte: G1 PA<\/em><\/p>\n<p><em>Foto: Wilys Lins<\/em><\/p>\n","protected":false},"excerpt":{"rendered":"<p>O Instituto Brasileiro de Opini\u00e3o P\u00fablica e Estat\u00edstica (Ibope) divulgou neste s\u00e1bado (11) a primeira pesquisa encomendada pela TV Liberal, afiliada da Rede Globo no Par\u00e1, com a inten\u00e7\u00e3o de votos para a prefeitura de Bel\u00e9m. A pesquisa foi realizada nos dias 7 a 9 de agosto. Foram entrevistados 602 eleitores. A margem de erro [&hellip;]<\/p>\n","protected":false},"author":2,"featured_media":0,"comment_status":"open","ping_status":"open","sticky":false,"template":"","format":"standard","meta":{"_acf_changed":false,"footnotes":""},"categories":[4766],"tags":[],"class_list":{"0":"post-248","1":"post","2":"type-post","3":"status-publish","4":"format-standard","6":"category-arquivo"},"acf":[],"yoast_head":"<!-- This site is optimized with the Yoast SEO plugin v26.5 - https:\/\/yoast.com\/wordpress\/plugins\/seo\/ -->\n<title>Ibope divulga pesquisa em Bel\u00e9m e confirma lideran\u00e7a absoluta de Edmilson - PSOL 50<\/title>\n<meta name=\"robots\" content=\"index, follow, max-snippet:-1, max-image-preview:large, max-video-preview:-1\" \/>\n<link rel=\"canonical\" href=\"https:\/\/psol50.org.br\/ibope-divulga-pesquisa-em-belem-e-confirma-lideranca-absoluta-de-edmilson\/\" \/>\n<meta property=\"og:locale\" content=\"pt_BR\" \/>\n<meta property=\"og:type\" content=\"article\" \/>\n<meta property=\"og:title\" content=\"Ibope divulga pesquisa em Bel\u00e9m e confirma lideran\u00e7a absoluta de Edmilson - PSOL 50\" \/>\n<meta property=\"og:description\" content=\"O Instituto Brasileiro de Opini\u00e3o P\u00fablica e Estat\u00edstica (Ibope) divulgou neste s\u00e1bado (11) a primeira pesquisa encomendada pela TV Liberal, afiliada da Rede Globo no Par\u00e1, com a inten\u00e7\u00e3o de votos para a prefeitura de Bel\u00e9m. A pesquisa foi realizada nos dias 7 a 9 de agosto. Foram entrevistados 602 eleitores. A margem de erro [&hellip;]\" \/>\n<meta property=\"og:url\" content=\"https:\/\/psol50.org.br\/ibope-divulga-pesquisa-em-belem-e-confirma-lideranca-absoluta-de-edmilson\/\" \/>\n<meta property=\"og:site_name\" content=\"PSOL 50\" \/>\n<meta property=\"article:publisher\" content=\"https:\/\/www.facebook.com\/psol50\" \/>\n<meta property=\"article:published_time\" content=\"2012-08-12T00:00:00+00:00\" \/>\n<meta property=\"og:image\" content=\"https:\/\/psol50.org.br\/inc\/uploads\/2018\/07\/capa.png\" \/>\n\t<meta property=\"og:image:width\" content=\"1350\" \/>\n\t<meta property=\"og:image:height\" content=\"900\" \/>\n\t<meta property=\"og:image:type\" content=\"image\/png\" \/>\n<meta name=\"author\" content=\"Comunica\u00e7\u00e3o PSOL\" \/>\n<meta name=\"twitter:card\" content=\"summary_large_image\" \/>\n<meta name=\"twitter:creator\" content=\"@psol50\" \/>\n<meta name=\"twitter:site\" content=\"@psol50\" \/>\n<meta name=\"twitter:label1\" content=\"Escrito por\" \/>\n\t<meta name=\"twitter:data1\" content=\"Comunica\u00e7\u00e3o PSOL\" \/>\n\t<meta name=\"twitter:label2\" content=\"Est. tempo de leitura\" \/>\n\t<meta name=\"twitter:data2\" content=\"1 minuto\" \/>\n<script type=\"application\/ld+json\" class=\"yoast-schema-graph\">{\"@context\":\"https:\/\/schema.org\",\"@graph\":[{\"@type\":\"Article\",\"@id\":\"https:\/\/psol50.org.br\/ibope-divulga-pesquisa-em-belem-e-confirma-lideranca-absoluta-de-edmilson\/#article\",\"isPartOf\":{\"@id\":\"https:\/\/psol50.org.br\/ibope-divulga-pesquisa-em-belem-e-confirma-lideranca-absoluta-de-edmilson\/\"},\"author\":{\"name\":\"Comunica\u00e7\u00e3o PSOL\",\"@id\":\"https:\/\/psol50.org.br\/#\/schema\/person\/475dfa57d0b815993c714c2e96491fcd\"},\"headline\":\"Ibope divulga pesquisa em Bel\u00e9m e confirma lideran\u00e7a absoluta de Edmilson\",\"datePublished\":\"2012-08-12T00:00:00+00:00\",\"mainEntityOfPage\":{\"@id\":\"https:\/\/psol50.org.br\/ibope-divulga-pesquisa-em-belem-e-confirma-lideranca-absoluta-de-edmilson\/\"},\"wordCount\":298,\"commentCount\":0,\"publisher\":{\"@id\":\"https:\/\/psol50.org.br\/#organization\"},\"articleSection\":[\"Arquivo\"],\"inLanguage\":\"pt-BR\",\"potentialAction\":[{\"@type\":\"CommentAction\",\"name\":\"Comment\",\"target\":[\"https:\/\/psol50.org.br\/ibope-divulga-pesquisa-em-belem-e-confirma-lideranca-absoluta-de-edmilson\/#respond\"]}]},{\"@type\":\"WebPage\",\"@id\":\"https:\/\/psol50.org.br\/ibope-divulga-pesquisa-em-belem-e-confirma-lideranca-absoluta-de-edmilson\/\",\"url\":\"https:\/\/psol50.org.br\/ibope-divulga-pesquisa-em-belem-e-confirma-lideranca-absoluta-de-edmilson\/\",\"name\":\"Ibope divulga pesquisa em Bel\u00e9m e confirma lideran\u00e7a absoluta de Edmilson - PSOL 50\",\"isPartOf\":{\"@id\":\"https:\/\/psol50.org.br\/#website\"},\"datePublished\":\"2012-08-12T00:00:00+00:00\",\"breadcrumb\":{\"@id\":\"https:\/\/psol50.org.br\/ibope-divulga-pesquisa-em-belem-e-confirma-lideranca-absoluta-de-edmilson\/#breadcrumb\"},\"inLanguage\":\"pt-BR\",\"potentialAction\":[{\"@type\":\"ReadAction\",\"target\":[\"https:\/\/psol50.org.br\/ibope-divulga-pesquisa-em-belem-e-confirma-lideranca-absoluta-de-edmilson\/\"]}]},{\"@type\":\"BreadcrumbList\",\"@id\":\"https:\/\/psol50.org.br\/ibope-divulga-pesquisa-em-belem-e-confirma-lideranca-absoluta-de-edmilson\/#breadcrumb\",\"itemListElement\":[{\"@type\":\"ListItem\",\"position\":1,\"name\":\"In\u00edcio\",\"item\":\"https:\/\/psol50.org.br\/\"},{\"@type\":\"ListItem\",\"position\":2,\"name\":\"Ibope divulga pesquisa em Bel\u00e9m e confirma lideran\u00e7a absoluta de Edmilson\"}]},{\"@type\":\"WebSite\",\"@id\":\"https:\/\/psol50.org.br\/#website\",\"url\":\"https:\/\/psol50.org.br\/\",\"name\":\"PSOL 50\",\"description\":\"Site oficial do Partido Socialismo e Liberdade\",\"publisher\":{\"@id\":\"https:\/\/psol50.org.br\/#organization\"},\"alternateName\":\"PSOL50\",\"potentialAction\":[{\"@type\":\"SearchAction\",\"target\":{\"@type\":\"EntryPoint\",\"urlTemplate\":\"https:\/\/psol50.org.br\/?s={search_term_string}\"},\"query-input\":{\"@type\":\"PropertyValueSpecification\",\"valueRequired\":true,\"valueName\":\"search_term_string\"}}],\"inLanguage\":\"pt-BR\"},{\"@type\":\"Organization\",\"@id\":\"https:\/\/psol50.org.br\/#organization\",\"name\":\"PSOL 50\",\"alternateName\":\"PSOL 50\",\"url\":\"https:\/\/psol50.org.br\/\",\"logo\":{\"@type\":\"ImageObject\",\"inLanguage\":\"pt-BR\",\"@id\":\"https:\/\/psol50.org.br\/#\/schema\/logo\/image\/\",\"url\":\"https:\/\/psol50.org.br\/inc\/uploads\/2018\/07\/capa.png\",\"contentUrl\":\"https:\/\/psol50.org.br\/inc\/uploads\/2018\/07\/capa.png\",\"width\":1350,\"height\":900,\"caption\":\"PSOL 50\"},\"image\":{\"@id\":\"https:\/\/psol50.org.br\/#\/schema\/logo\/image\/\"},\"sameAs\":[\"https:\/\/www.facebook.com\/psol50\",\"https:\/\/x.com\/psol50\",\"https:\/\/www.instagram.com\/psol50\/\",\"https:\/\/www.youtube.com\/channel\/UC7SnJS5o1os7a6CaiNabzcg\"]},{\"@type\":\"Person\",\"@id\":\"https:\/\/psol50.org.br\/#\/schema\/person\/475dfa57d0b815993c714c2e96491fcd\",\"name\":\"Comunica\u00e7\u00e3o PSOL\",\"image\":{\"@type\":\"ImageObject\",\"inLanguage\":\"pt-BR\",\"@id\":\"https:\/\/psol50.org.br\/#\/schema\/person\/image\/\",\"url\":\"https:\/\/secure.gravatar.com\/avatar\/b34fc4f4e468a4e51785917065a3db57b841f5c95dba6ad8c73aaf8f66f8f9bf?s=96&d=mm&r=g\",\"contentUrl\":\"https:\/\/secure.gravatar.com\/avatar\/b34fc4f4e468a4e51785917065a3db57b841f5c95dba6ad8c73aaf8f66f8f9bf?s=96&d=mm&r=g\",\"caption\":\"Comunica\u00e7\u00e3o PSOL\"}}]}<\/script>\n<!-- \/ Yoast SEO plugin. -->","yoast_head_json":{"title":"Ibope divulga pesquisa em Bel\u00e9m e confirma lideran\u00e7a absoluta de Edmilson - PSOL 50","robots":{"index":"index","follow":"follow","max-snippet":"max-snippet:-1","max-image-preview":"max-image-preview:large","max-video-preview":"max-video-preview:-1"},"canonical":"https:\/\/psol50.org.br\/ibope-divulga-pesquisa-em-belem-e-confirma-lideranca-absoluta-de-edmilson\/","og_locale":"pt_BR","og_type":"article","og_title":"Ibope divulga pesquisa em Bel\u00e9m e confirma lideran\u00e7a absoluta de Edmilson - PSOL 50","og_description":"O Instituto Brasileiro de Opini\u00e3o P\u00fablica e Estat\u00edstica (Ibope) divulgou neste s\u00e1bado (11) a primeira pesquisa encomendada pela TV Liberal, afiliada da Rede Globo no Par\u00e1, com a inten\u00e7\u00e3o de votos para a prefeitura de Bel\u00e9m. A pesquisa foi realizada nos dias 7 a 9 de agosto. Foram entrevistados 602 eleitores. A margem de erro [&hellip;]","og_url":"https:\/\/psol50.org.br\/ibope-divulga-pesquisa-em-belem-e-confirma-lideranca-absoluta-de-edmilson\/","og_site_name":"PSOL 50","article_publisher":"https:\/\/www.facebook.com\/psol50","article_published_time":"2012-08-12T00:00:00+00:00","og_image":[{"width":1350,"height":900,"url":"https:\/\/psol50.org.br\/inc\/uploads\/2018\/07\/capa.png","type":"image\/png"}],"author":"Comunica\u00e7\u00e3o PSOL","twitter_card":"summary_large_image","twitter_creator":"@psol50","twitter_site":"@psol50","twitter_misc":{"Escrito por":"Comunica\u00e7\u00e3o PSOL","Est. tempo de leitura":"1 minuto"},"schema":{"@context":"https:\/\/schema.org","@graph":[{"@type":"Article","@id":"https:\/\/psol50.org.br\/ibope-divulga-pesquisa-em-belem-e-confirma-lideranca-absoluta-de-edmilson\/#article","isPartOf":{"@id":"https:\/\/psol50.org.br\/ibope-divulga-pesquisa-em-belem-e-confirma-lideranca-absoluta-de-edmilson\/"},"author":{"name":"Comunica\u00e7\u00e3o PSOL","@id":"https:\/\/psol50.org.br\/#\/schema\/person\/475dfa57d0b815993c714c2e96491fcd"},"headline":"Ibope divulga pesquisa em Bel\u00e9m e confirma lideran\u00e7a absoluta de Edmilson","datePublished":"2012-08-12T00:00:00+00:00","mainEntityOfPage":{"@id":"https:\/\/psol50.org.br\/ibope-divulga-pesquisa-em-belem-e-confirma-lideranca-absoluta-de-edmilson\/"},"wordCount":298,"commentCount":0,"publisher":{"@id":"https:\/\/psol50.org.br\/#organization"},"articleSection":["Arquivo"],"inLanguage":"pt-BR","potentialAction":[{"@type":"CommentAction","name":"Comment","target":["https:\/\/psol50.org.br\/ibope-divulga-pesquisa-em-belem-e-confirma-lideranca-absoluta-de-edmilson\/#respond"]}]},{"@type":"WebPage","@id":"https:\/\/psol50.org.br\/ibope-divulga-pesquisa-em-belem-e-confirma-lideranca-absoluta-de-edmilson\/","url":"https:\/\/psol50.org.br\/ibope-divulga-pesquisa-em-belem-e-confirma-lideranca-absoluta-de-edmilson\/","name":"Ibope divulga pesquisa em Bel\u00e9m e confirma lideran\u00e7a absoluta de Edmilson - PSOL 50","isPartOf":{"@id":"https:\/\/psol50.org.br\/#website"},"datePublished":"2012-08-12T00:00:00+00:00","breadcrumb":{"@id":"https:\/\/psol50.org.br\/ibope-divulga-pesquisa-em-belem-e-confirma-lideranca-absoluta-de-edmilson\/#breadcrumb"},"inLanguage":"pt-BR","potentialAction":[{"@type":"ReadAction","target":["https:\/\/psol50.org.br\/ibope-divulga-pesquisa-em-belem-e-confirma-lideranca-absoluta-de-edmilson\/"]}]},{"@type":"BreadcrumbList","@id":"https:\/\/psol50.org.br\/ibope-divulga-pesquisa-em-belem-e-confirma-lideranca-absoluta-de-edmilson\/#breadcrumb","itemListElement":[{"@type":"ListItem","position":1,"name":"In\u00edcio","item":"https:\/\/psol50.org.br\/"},{"@type":"ListItem","position":2,"name":"Ibope divulga pesquisa em Bel\u00e9m e confirma lideran\u00e7a absoluta de Edmilson"}]},{"@type":"WebSite","@id":"https:\/\/psol50.org.br\/#website","url":"https:\/\/psol50.org.br\/","name":"PSOL 50","description":"Site oficial do Partido Socialismo e Liberdade","publisher":{"@id":"https:\/\/psol50.org.br\/#organization"},"alternateName":"PSOL50","potentialAction":[{"@type":"SearchAction","target":{"@type":"EntryPoint","urlTemplate":"https:\/\/psol50.org.br\/?s={search_term_string}"},"query-input":{"@type":"PropertyValueSpecification","valueRequired":true,"valueName":"search_term_string"}}],"inLanguage":"pt-BR"},{"@type":"Organization","@id":"https:\/\/psol50.org.br\/#organization","name":"PSOL 50","alternateName":"PSOL 50","url":"https:\/\/psol50.org.br\/","logo":{"@type":"ImageObject","inLanguage":"pt-BR","@id":"https:\/\/psol50.org.br\/#\/schema\/logo\/image\/","url":"https:\/\/psol50.org.br\/inc\/uploads\/2018\/07\/capa.png","contentUrl":"https:\/\/psol50.org.br\/inc\/uploads\/2018\/07\/capa.png","width":1350,"height":900,"caption":"PSOL 50"},"image":{"@id":"https:\/\/psol50.org.br\/#\/schema\/logo\/image\/"},"sameAs":["https:\/\/www.facebook.com\/psol50","https:\/\/x.com\/psol50","https:\/\/www.instagram.com\/psol50\/","https:\/\/www.youtube.com\/channel\/UC7SnJS5o1os7a6CaiNabzcg"]},{"@type":"Person","@id":"https:\/\/psol50.org.br\/#\/schema\/person\/475dfa57d0b815993c714c2e96491fcd","name":"Comunica\u00e7\u00e3o PSOL","image":{"@type":"ImageObject","inLanguage":"pt-BR","@id":"https:\/\/psol50.org.br\/#\/schema\/person\/image\/","url":"https:\/\/secure.gravatar.com\/avatar\/b34fc4f4e468a4e51785917065a3db57b841f5c95dba6ad8c73aaf8f66f8f9bf?s=96&d=mm&r=g","contentUrl":"https:\/\/secure.gravatar.com\/avatar\/b34fc4f4e468a4e51785917065a3db57b841f5c95dba6ad8c73aaf8f66f8f9bf?s=96&d=mm&r=g","caption":"Comunica\u00e7\u00e3o PSOL"}}]}},"_links":{"self":[{"href":"https:\/\/psol50.org.br\/rest\/wp\/v2\/posts\/248","targetHints":{"allow":["GET"]}}],"collection":[{"href":"https:\/\/psol50.org.br\/rest\/wp\/v2\/posts"}],"about":[{"href":"https:\/\/psol50.org.br\/rest\/wp\/v2\/types\/post"}],"author":[{"embeddable":true,"href":"https:\/\/psol50.org.br\/rest\/wp\/v2\/users\/2"}],"replies":[{"embeddable":true,"href":"https:\/\/psol50.org.br\/rest\/wp\/v2\/comments?post=248"}],"version-history":[{"count":0,"href":"https:\/\/psol50.org.br\/rest\/wp\/v2\/posts\/248\/revisions"}],"wp:attachment":[{"href":"https:\/\/psol50.org.br\/rest\/wp\/v2\/media?parent=248"}],"wp:term":[{"taxonomy":"category","embeddable":true,"href":"https:\/\/psol50.org.br\/rest\/wp\/v2\/categories?post=248"},{"taxonomy":"post_tag","embeddable":true,"href":"https:\/\/psol50.org.br\/rest\/wp\/v2\/tags?post=248"}],"curies":[{"name":"wp","href":"https:\/\/api.w.org\/{rel}","templated":true}]}}