{"id":24808,"date":"2019-04-10T11:17:24","date_gmt":"2019-04-10T14:17:24","guid":{"rendered":"http:\/\/psol50.org.br\/?p=24808"},"modified":"2019-04-10T11:17:24","modified_gmt":"2019-04-10T14:17:24","slug":"nota-do-psol-sobre-o-fuzilamento-ocorrido-em-guadalupe","status":"publish","type":"post","link":"https:\/\/psol50.org.br\/nota-do-psol-sobre-o-fuzilamento-ocorrido-em-guadalupe\/","title":{"rendered":"Nota do PSOL sobre o fuzilamento ocorrido em Guadalupe"},"content":{"rendered":"\n<p>Na tarde do \u00faltimo domingo (7), na localidade de Guadalupe, Zona Norte do RJ, homens das For\u00e7as Armadas que patrulhavam a regi\u00e3o alvejaram com cerca de 80 tiros um ve\u00edculo que levava uma fam\u00edlia para um ch\u00e1 de beb\u00ea. Evaldo Santos Rosa (51), homem negro, m\u00fasico, e que dirigia o ve\u00edculo, morreu no local. A esposa de Evaldo, seu sogro (tamb\u00e9m atingido), uma amiga da fam\u00edlia e seu filho de 7 anos tamb\u00e9m estavam no ve\u00edculo. Os disparos continuaram mesmo ap\u00f3s o ve\u00edculo parar. O governador do RJ e o Ministro da Justi\u00e7a seguem em sil\u00eancio sobre o caso. <\/p>\n\n\n\n<p>Estamos vivenciando um verdadeiro ambiente de terror nas periferias no Brasil. O incentivo \u00e0 viol\u00eancia policial, a crescente militariza\u00e7\u00e3o da sociedade &#8211; em todas as esferas &#8211; e o incentivo ao discurso e \u00e0 mentalidade de que &#8220;bandido bom \u00e9 bandido morto&#8221;, propagado reiteradamente no \u00faltimo per\u00edodo eleitoral e que beneficiou aqueles que t\u00eam interesse na circula\u00e7\u00e3o de armas na sociedade (inclusive porque lucrar\u00e3o com a flexibiliza\u00e7\u00e3o do acesso \u00e0 elas), os quais se beneficiam diretamente com est\u00edmulo ao populismo penal, que cria este cen\u00e1rio desolador. Trata-se de discurso que produz a indiferen\u00e7a, a naturaliza\u00e7\u00e3o e a desumanidade em rela\u00e7\u00e3o \u00e0s mortes cada vez mais cotidianas nas periferias, geradas em nome do combate ao crime, em nome da guerra \u00e0s drogas. O assassinato de Evaldo, mais um corpo negro executado pelo Estado, \u00e9 mais um na conta de quem acredita que a pol\u00edcia e o ex\u00e9rcito t\u00eam licen\u00e7a para matar. \u201cLicen\u00e7a\u201d esta que o pacote anti-crime do ministro S\u00e9rgio Moro quer legalizar.<\/p>\n\n\n\n<p>Outro agravante \u00e9 que a investiga\u00e7\u00e3o sobre o crime ser\u00e1 feita pelo Ex\u00e9rcito, devido a uma lei sancionada pelo ent\u00e3o presidente Michel Temer em 2017. Mesmo descumprindo tratados internacionais sobre direitos humanos, uma vez sancionada, esta lei permitiu que crimes contra a vida cometidos por for\u00e7as militares passassem a ser investigados pelas For\u00e7as Armadas. Ali\u00e1s, qual o papel destes militares &#8211; que n\u00e3o s\u00e3o preparados para a seguran\u00e7a urbana &#8211; no patrulhamento dos territ\u00f3rios tendo em vista que a interven\u00e7\u00e3o militar (respons\u00e1vel pelo crescimento de 38% das mortes em a\u00e7\u00f5es policiais ao longo de 2018) no estado acabou? <\/p>\n\n\n\n<p>Quantas mortes ainda ter\u00e3o que acontecer para que essa guerra acabe? No Brasil, 63 jovens negros morrem por dia, um a cada 23 minutos. Mataram Amarildo, Cl\u00e1udia, Marielle, Evaldo e tantos outros. O fascismo autoriza e estimula o abuso da viol\u00eancia pelos agentes do Estado. Precisamos deter a pr\u00e1tica de a\u00e7\u00e3o de \u00f3dio nas for\u00e7as de seguran\u00e7a p\u00fablica no pa\u00eds!<\/p>\n\n\n\n<p>Toda solidariedade \u00e0 Evaldo Santos e sua fam\u00edlia!<\/p>\n\n\n\n<p>Basta de genoc\u00eddio do povo negro! <\/p>\n\n\n\n<p>Basta de viol\u00eancia e licen\u00e7a para matar!<\/p>\n\n\n\n<p><em>Executiva Nacional do PSOL<br> 09 de abril de 2019<\/em><\/p>\n","protected":false},"excerpt":{"rendered":"<p>Na tarde do \u00faltimo domingo (7), na localidade de Guadalupe, Zona Norte do RJ, homens das For\u00e7as Armadas que patrulhavam a regi\u00e3o alvejaram com cerca de 80 tiros um ve\u00edculo que levava uma fam\u00edlia para um ch\u00e1 de beb\u00ea. Evaldo Santos Rosa (51), homem negro, m\u00fasico, e que dirigia o ve\u00edculo, morreu no local. A [&hellip;]<\/p>\n","protected":false},"author":2,"featured_media":24774,"comment_status":"closed","ping_status":"open","sticky":false,"template":"","format":"standard","meta":{"_acf_changed":false,"footnotes":""},"categories":[6],"tags":[1766,1367,1767,19,22],"class_list":{"0":"post-24808","1":"post","2":"type-post","3":"status-publish","4":"format-standard","5":"has-post-thumbnail","7":"category-noticias","8":"tag-80-tiros","9":"tag-executiva-nacional","10":"tag-fuzilamento","11":"tag-nota","12":"tag-psol"},"acf":[],"yoast_head":"<!-- This site is optimized with the Yoast SEO plugin v26.5 - https:\/\/yoast.com\/wordpress\/plugins\/seo\/ -->\n<title>Nota do PSOL sobre o fuzilamento ocorrido em Guadalupe<\/title>\n<meta name=\"description\" content=\"Leia a nota da Executiva Nacional do PSOL.\" \/>\n<meta name=\"robots\" content=\"index, follow, max-snippet:-1, max-image-preview:large, max-video-preview:-1\" \/>\n<link rel=\"canonical\" href=\"https:\/\/psol50.org.br\/nota-do-psol-sobre-o-fuzilamento-ocorrido-em-guadalupe\/\" \/>\n<meta property=\"og:locale\" content=\"pt_BR\" \/>\n<meta property=\"og:type\" content=\"article\" \/>\n<meta property=\"og:title\" content=\"Nota do PSOL sobre o fuzilamento ocorrido em Guadalupe\" \/>\n<meta property=\"og:description\" content=\"Leia a nota da Executiva Nacional do PSOL.\" \/>\n<meta property=\"og:url\" content=\"https:\/\/psol50.org.br\/nota-do-psol-sobre-o-fuzilamento-ocorrido-em-guadalupe\/\" \/>\n<meta property=\"og:site_name\" content=\"PSOL 50\" \/>\n<meta property=\"article:publisher\" content=\"https:\/\/www.facebook.com\/psol50\" \/>\n<meta property=\"article:published_time\" content=\"2019-04-10T14:17:24+00:00\" \/>\n<meta property=\"og:image\" content=\"https:\/\/psol50.org.br\/inc\/uploads\/2019\/04\/capa-546x365-2.png\" \/>\n\t<meta property=\"og:image:width\" content=\"546\" \/>\n\t<meta property=\"og:image:height\" content=\"365\" \/>\n\t<meta property=\"og:image:type\" content=\"image\/png\" \/>\n<meta name=\"author\" content=\"Comunica\u00e7\u00e3o PSOL\" \/>\n<meta name=\"twitter:card\" content=\"summary_large_image\" \/>\n<meta name=\"twitter:title\" content=\"Nota do PSOL sobre o fuzilamento ocorrido em Guadalupe\" \/>\n<meta name=\"twitter:description\" content=\"Leia a nota da Executiva Nacional do PSOL.\" \/>\n<meta name=\"twitter:image\" content=\"https:\/\/psol50.org.br\/inc\/uploads\/2019\/04\/capa-546x365-2.png\" \/>\n<meta name=\"twitter:creator\" content=\"@psol50\" \/>\n<meta name=\"twitter:site\" content=\"@psol50\" \/>\n<meta name=\"twitter:label1\" content=\"Escrito por\" \/>\n\t<meta name=\"twitter:data1\" content=\"Comunica\u00e7\u00e3o PSOL\" \/>\n\t<meta name=\"twitter:label2\" content=\"Est. tempo de leitura\" \/>\n\t<meta name=\"twitter:data2\" content=\"2 minutos\" \/>\n<script type=\"application\/ld+json\" class=\"yoast-schema-graph\">{\"@context\":\"https:\/\/schema.org\",\"@graph\":[{\"@type\":\"Article\",\"@id\":\"https:\/\/psol50.org.br\/nota-do-psol-sobre-o-fuzilamento-ocorrido-em-guadalupe\/#article\",\"isPartOf\":{\"@id\":\"https:\/\/psol50.org.br\/nota-do-psol-sobre-o-fuzilamento-ocorrido-em-guadalupe\/\"},\"author\":{\"name\":\"Comunica\u00e7\u00e3o PSOL\",\"@id\":\"https:\/\/psol50.org.br\/#\/schema\/person\/475dfa57d0b815993c714c2e96491fcd\"},\"headline\":\"Nota do PSOL sobre o fuzilamento ocorrido em Guadalupe\",\"datePublished\":\"2019-04-10T14:17:24+00:00\",\"mainEntityOfPage\":{\"@id\":\"https:\/\/psol50.org.br\/nota-do-psol-sobre-o-fuzilamento-ocorrido-em-guadalupe\/\"},\"wordCount\":498,\"publisher\":{\"@id\":\"https:\/\/psol50.org.br\/#organization\"},\"image\":{\"@id\":\"https:\/\/psol50.org.br\/nota-do-psol-sobre-o-fuzilamento-ocorrido-em-guadalupe\/#primaryimage\"},\"thumbnailUrl\":\"https:\/\/psol50.org.br\/inc\/uploads\/2019\/04\/capa-546x365-2.png\",\"keywords\":[\"80 tiros\",\"Executiva Nacional\",\"Fuzilamento\",\"nota\",\"PSOL\"],\"articleSection\":[\"Not\u00edcias\"],\"inLanguage\":\"pt-BR\"},{\"@type\":\"WebPage\",\"@id\":\"https:\/\/psol50.org.br\/nota-do-psol-sobre-o-fuzilamento-ocorrido-em-guadalupe\/\",\"url\":\"https:\/\/psol50.org.br\/nota-do-psol-sobre-o-fuzilamento-ocorrido-em-guadalupe\/\",\"name\":\"Nota do PSOL sobre o fuzilamento ocorrido em Guadalupe\",\"isPartOf\":{\"@id\":\"https:\/\/psol50.org.br\/#website\"},\"primaryImageOfPage\":{\"@id\":\"https:\/\/psol50.org.br\/nota-do-psol-sobre-o-fuzilamento-ocorrido-em-guadalupe\/#primaryimage\"},\"image\":{\"@id\":\"https:\/\/psol50.org.br\/nota-do-psol-sobre-o-fuzilamento-ocorrido-em-guadalupe\/#primaryimage\"},\"thumbnailUrl\":\"https:\/\/psol50.org.br\/inc\/uploads\/2019\/04\/capa-546x365-2.png\",\"datePublished\":\"2019-04-10T14:17:24+00:00\",\"description\":\"Leia a nota da Executiva Nacional do PSOL.\",\"breadcrumb\":{\"@id\":\"https:\/\/psol50.org.br\/nota-do-psol-sobre-o-fuzilamento-ocorrido-em-guadalupe\/#breadcrumb\"},\"inLanguage\":\"pt-BR\",\"potentialAction\":[{\"@type\":\"ReadAction\",\"target\":[\"https:\/\/psol50.org.br\/nota-do-psol-sobre-o-fuzilamento-ocorrido-em-guadalupe\/\"]}]},{\"@type\":\"ImageObject\",\"inLanguage\":\"pt-BR\",\"@id\":\"https:\/\/psol50.org.br\/nota-do-psol-sobre-o-fuzilamento-ocorrido-em-guadalupe\/#primaryimage\",\"url\":\"https:\/\/psol50.org.br\/inc\/uploads\/2019\/04\/capa-546x365-2.png\",\"contentUrl\":\"https:\/\/psol50.org.br\/inc\/uploads\/2019\/04\/capa-546x365-2.png\",\"width\":546,\"height\":365},{\"@type\":\"BreadcrumbList\",\"@id\":\"https:\/\/psol50.org.br\/nota-do-psol-sobre-o-fuzilamento-ocorrido-em-guadalupe\/#breadcrumb\",\"itemListElement\":[{\"@type\":\"ListItem\",\"position\":1,\"name\":\"In\u00edcio\",\"item\":\"https:\/\/psol50.org.br\/\"},{\"@type\":\"ListItem\",\"position\":2,\"name\":\"Nota do PSOL sobre o fuzilamento ocorrido em Guadalupe\"}]},{\"@type\":\"WebSite\",\"@id\":\"https:\/\/psol50.org.br\/#website\",\"url\":\"https:\/\/psol50.org.br\/\",\"name\":\"PSOL 50\",\"description\":\"Site oficial do Partido Socialismo e Liberdade\",\"publisher\":{\"@id\":\"https:\/\/psol50.org.br\/#organization\"},\"alternateName\":\"PSOL50\",\"potentialAction\":[{\"@type\":\"SearchAction\",\"target\":{\"@type\":\"EntryPoint\",\"urlTemplate\":\"https:\/\/psol50.org.br\/?s={search_term_string}\"},\"query-input\":{\"@type\":\"PropertyValueSpecification\",\"valueRequired\":true,\"valueName\":\"search_term_string\"}}],\"inLanguage\":\"pt-BR\"},{\"@type\":\"Organization\",\"@id\":\"https:\/\/psol50.org.br\/#organization\",\"name\":\"PSOL 50\",\"alternateName\":\"PSOL 50\",\"url\":\"https:\/\/psol50.org.br\/\",\"logo\":{\"@type\":\"ImageObject\",\"inLanguage\":\"pt-BR\",\"@id\":\"https:\/\/psol50.org.br\/#\/schema\/logo\/image\/\",\"url\":\"https:\/\/psol50.org.br\/inc\/uploads\/2018\/07\/capa.png\",\"contentUrl\":\"https:\/\/psol50.org.br\/inc\/uploads\/2018\/07\/capa.png\",\"width\":1350,\"height\":900,\"caption\":\"PSOL 50\"},\"image\":{\"@id\":\"https:\/\/psol50.org.br\/#\/schema\/logo\/image\/\"},\"sameAs\":[\"https:\/\/www.facebook.com\/psol50\",\"https:\/\/x.com\/psol50\",\"https:\/\/www.instagram.com\/psol50\/\",\"https:\/\/www.youtube.com\/channel\/UC7SnJS5o1os7a6CaiNabzcg\"]},{\"@type\":\"Person\",\"@id\":\"https:\/\/psol50.org.br\/#\/schema\/person\/475dfa57d0b815993c714c2e96491fcd\",\"name\":\"Comunica\u00e7\u00e3o PSOL\",\"image\":{\"@type\":\"ImageObject\",\"inLanguage\":\"pt-BR\",\"@id\":\"https:\/\/psol50.org.br\/#\/schema\/person\/image\/\",\"url\":\"https:\/\/secure.gravatar.com\/avatar\/b34fc4f4e468a4e51785917065a3db57b841f5c95dba6ad8c73aaf8f66f8f9bf?s=96&d=mm&r=g\",\"contentUrl\":\"https:\/\/secure.gravatar.com\/avatar\/b34fc4f4e468a4e51785917065a3db57b841f5c95dba6ad8c73aaf8f66f8f9bf?s=96&d=mm&r=g\",\"caption\":\"Comunica\u00e7\u00e3o PSOL\"}}]}<\/script>\n<!-- \/ Yoast SEO plugin. -->","yoast_head_json":{"title":"Nota do PSOL sobre o fuzilamento ocorrido em Guadalupe","description":"Leia a nota da Executiva Nacional do PSOL.","robots":{"index":"index","follow":"follow","max-snippet":"max-snippet:-1","max-image-preview":"max-image-preview:large","max-video-preview":"max-video-preview:-1"},"canonical":"https:\/\/psol50.org.br\/nota-do-psol-sobre-o-fuzilamento-ocorrido-em-guadalupe\/","og_locale":"pt_BR","og_type":"article","og_title":"Nota do PSOL sobre o fuzilamento ocorrido em Guadalupe","og_description":"Leia a nota da Executiva Nacional do PSOL.","og_url":"https:\/\/psol50.org.br\/nota-do-psol-sobre-o-fuzilamento-ocorrido-em-guadalupe\/","og_site_name":"PSOL 50","article_publisher":"https:\/\/www.facebook.com\/psol50","article_published_time":"2019-04-10T14:17:24+00:00","og_image":[{"width":546,"height":365,"url":"https:\/\/psol50.org.br\/inc\/uploads\/2019\/04\/capa-546x365-2.png","type":"image\/png"}],"author":"Comunica\u00e7\u00e3o PSOL","twitter_card":"summary_large_image","twitter_title":"Nota do PSOL sobre o fuzilamento ocorrido em Guadalupe","twitter_description":"Leia a nota da Executiva Nacional do PSOL.","twitter_image":"https:\/\/psol50.org.br\/inc\/uploads\/2019\/04\/capa-546x365-2.png","twitter_creator":"@psol50","twitter_site":"@psol50","twitter_misc":{"Escrito por":"Comunica\u00e7\u00e3o PSOL","Est. tempo de leitura":"2 minutos"},"schema":{"@context":"https:\/\/schema.org","@graph":[{"@type":"Article","@id":"https:\/\/psol50.org.br\/nota-do-psol-sobre-o-fuzilamento-ocorrido-em-guadalupe\/#article","isPartOf":{"@id":"https:\/\/psol50.org.br\/nota-do-psol-sobre-o-fuzilamento-ocorrido-em-guadalupe\/"},"author":{"name":"Comunica\u00e7\u00e3o PSOL","@id":"https:\/\/psol50.org.br\/#\/schema\/person\/475dfa57d0b815993c714c2e96491fcd"},"headline":"Nota do PSOL sobre o fuzilamento ocorrido em Guadalupe","datePublished":"2019-04-10T14:17:24+00:00","mainEntityOfPage":{"@id":"https:\/\/psol50.org.br\/nota-do-psol-sobre-o-fuzilamento-ocorrido-em-guadalupe\/"},"wordCount":498,"publisher":{"@id":"https:\/\/psol50.org.br\/#organization"},"image":{"@id":"https:\/\/psol50.org.br\/nota-do-psol-sobre-o-fuzilamento-ocorrido-em-guadalupe\/#primaryimage"},"thumbnailUrl":"https:\/\/psol50.org.br\/inc\/uploads\/2019\/04\/capa-546x365-2.png","keywords":["80 tiros","Executiva Nacional","Fuzilamento","nota","PSOL"],"articleSection":["Not\u00edcias"],"inLanguage":"pt-BR"},{"@type":"WebPage","@id":"https:\/\/psol50.org.br\/nota-do-psol-sobre-o-fuzilamento-ocorrido-em-guadalupe\/","url":"https:\/\/psol50.org.br\/nota-do-psol-sobre-o-fuzilamento-ocorrido-em-guadalupe\/","name":"Nota do PSOL sobre o fuzilamento ocorrido em Guadalupe","isPartOf":{"@id":"https:\/\/psol50.org.br\/#website"},"primaryImageOfPage":{"@id":"https:\/\/psol50.org.br\/nota-do-psol-sobre-o-fuzilamento-ocorrido-em-guadalupe\/#primaryimage"},"image":{"@id":"https:\/\/psol50.org.br\/nota-do-psol-sobre-o-fuzilamento-ocorrido-em-guadalupe\/#primaryimage"},"thumbnailUrl":"https:\/\/psol50.org.br\/inc\/uploads\/2019\/04\/capa-546x365-2.png","datePublished":"2019-04-10T14:17:24+00:00","description":"Leia a nota da Executiva Nacional do PSOL.","breadcrumb":{"@id":"https:\/\/psol50.org.br\/nota-do-psol-sobre-o-fuzilamento-ocorrido-em-guadalupe\/#breadcrumb"},"inLanguage":"pt-BR","potentialAction":[{"@type":"ReadAction","target":["https:\/\/psol50.org.br\/nota-do-psol-sobre-o-fuzilamento-ocorrido-em-guadalupe\/"]}]},{"@type":"ImageObject","inLanguage":"pt-BR","@id":"https:\/\/psol50.org.br\/nota-do-psol-sobre-o-fuzilamento-ocorrido-em-guadalupe\/#primaryimage","url":"https:\/\/psol50.org.br\/inc\/uploads\/2019\/04\/capa-546x365-2.png","contentUrl":"https:\/\/psol50.org.br\/inc\/uploads\/2019\/04\/capa-546x365-2.png","width":546,"height":365},{"@type":"BreadcrumbList","@id":"https:\/\/psol50.org.br\/nota-do-psol-sobre-o-fuzilamento-ocorrido-em-guadalupe\/#breadcrumb","itemListElement":[{"@type":"ListItem","position":1,"name":"In\u00edcio","item":"https:\/\/psol50.org.br\/"},{"@type":"ListItem","position":2,"name":"Nota do PSOL sobre o fuzilamento ocorrido em Guadalupe"}]},{"@type":"WebSite","@id":"https:\/\/psol50.org.br\/#website","url":"https:\/\/psol50.org.br\/","name":"PSOL 50","description":"Site oficial do Partido Socialismo e Liberdade","publisher":{"@id":"https:\/\/psol50.org.br\/#organization"},"alternateName":"PSOL50","potentialAction":[{"@type":"SearchAction","target":{"@type":"EntryPoint","urlTemplate":"https:\/\/psol50.org.br\/?s={search_term_string}"},"query-input":{"@type":"PropertyValueSpecification","valueRequired":true,"valueName":"search_term_string"}}],"inLanguage":"pt-BR"},{"@type":"Organization","@id":"https:\/\/psol50.org.br\/#organization","name":"PSOL 50","alternateName":"PSOL 50","url":"https:\/\/psol50.org.br\/","logo":{"@type":"ImageObject","inLanguage":"pt-BR","@id":"https:\/\/psol50.org.br\/#\/schema\/logo\/image\/","url":"https:\/\/psol50.org.br\/inc\/uploads\/2018\/07\/capa.png","contentUrl":"https:\/\/psol50.org.br\/inc\/uploads\/2018\/07\/capa.png","width":1350,"height":900,"caption":"PSOL 50"},"image":{"@id":"https:\/\/psol50.org.br\/#\/schema\/logo\/image\/"},"sameAs":["https:\/\/www.facebook.com\/psol50","https:\/\/x.com\/psol50","https:\/\/www.instagram.com\/psol50\/","https:\/\/www.youtube.com\/channel\/UC7SnJS5o1os7a6CaiNabzcg"]},{"@type":"Person","@id":"https:\/\/psol50.org.br\/#\/schema\/person\/475dfa57d0b815993c714c2e96491fcd","name":"Comunica\u00e7\u00e3o PSOL","image":{"@type":"ImageObject","inLanguage":"pt-BR","@id":"https:\/\/psol50.org.br\/#\/schema\/person\/image\/","url":"https:\/\/secure.gravatar.com\/avatar\/b34fc4f4e468a4e51785917065a3db57b841f5c95dba6ad8c73aaf8f66f8f9bf?s=96&d=mm&r=g","contentUrl":"https:\/\/secure.gravatar.com\/avatar\/b34fc4f4e468a4e51785917065a3db57b841f5c95dba6ad8c73aaf8f66f8f9bf?s=96&d=mm&r=g","caption":"Comunica\u00e7\u00e3o PSOL"}}]}},"_links":{"self":[{"href":"https:\/\/psol50.org.br\/rest\/wp\/v2\/posts\/24808","targetHints":{"allow":["GET"]}}],"collection":[{"href":"https:\/\/psol50.org.br\/rest\/wp\/v2\/posts"}],"about":[{"href":"https:\/\/psol50.org.br\/rest\/wp\/v2\/types\/post"}],"author":[{"embeddable":true,"href":"https:\/\/psol50.org.br\/rest\/wp\/v2\/users\/2"}],"replies":[{"embeddable":true,"href":"https:\/\/psol50.org.br\/rest\/wp\/v2\/comments?post=24808"}],"version-history":[{"count":0,"href":"https:\/\/psol50.org.br\/rest\/wp\/v2\/posts\/24808\/revisions"}],"wp:featuredmedia":[{"embeddable":true,"href":"https:\/\/psol50.org.br\/rest\/wp\/v2\/media\/24774"}],"wp:attachment":[{"href":"https:\/\/psol50.org.br\/rest\/wp\/v2\/media?parent=24808"}],"wp:term":[{"taxonomy":"category","embeddable":true,"href":"https:\/\/psol50.org.br\/rest\/wp\/v2\/categories?post=24808"},{"taxonomy":"post_tag","embeddable":true,"href":"https:\/\/psol50.org.br\/rest\/wp\/v2\/tags?post=24808"}],"curies":[{"name":"wp","href":"https:\/\/api.w.org\/{rel}","templated":true}]}}