{"id":24810,"date":"2019-04-10T16:21:44","date_gmt":"2019-04-10T19:21:44","guid":{"rendered":"http:\/\/psol50.org.br\/?p=24810"},"modified":"2019-04-10T16:21:44","modified_gmt":"2019-04-10T19:21:44","slug":"0s-100-dias-do-governo-bolsonaro-do-mito-a-fraude-eleitoral","status":"publish","type":"post","link":"https:\/\/psol50.org.br\/0s-100-dias-do-governo-bolsonaro-do-mito-a-fraude-eleitoral\/","title":{"rendered":"0s 100 dias do governo Bolsonaro: do &#8220;mito&#8221; \u00e0 fraude eleitoral"},"content":{"rendered":"\n<p><em>A cada dia se desfaz o \u201cmito\u201d e se evidencia a fraude eleitoral.&nbsp;<\/em><em>Seguiremos na resist\u00eancia contra os ataques aos nossos direitos.&nbsp;<\/em><\/p>\n\n\n\n<p>A elei\u00e7\u00e3o de Jair Bolsonaro (PSL) representou um fato in\u00e9dito na hist\u00f3ria brasileira: um governo com expl\u00edcito discurso de extrema-direita foi eleito em sufr\u00e1gio universal. As mobiliza\u00e7\u00f5es de massa que ocorreram nas elei\u00e7\u00f5es, com destaque para o protagonismo das mulheres com o #EleN\u00e3o, e a frente que se formou entre setores democr\u00e1ticos, populares e socialistas n\u00e3o foram suficientes para derrot\u00e1-lo, mas nos indicou o caminho da resist\u00eancia: a mobiliza\u00e7\u00e3o de massas em defesa dos direitos sociais, civis e pol\u00edticos conquistados pelo nosso povo.<\/p>\n\n\n\n<p>Ap\u00f3s 100 dias de governo, o que vimos at\u00e9 agora foi um show de horrores. Um cl\u00e3 familiar que propaga um discurso antipopular, estimula a viol\u00eancia contra mulheres, negros, ind\u00edgenas, sem-terra, sem-teto, LGBTs; ministros que atuam para destruir o m\u00ednimo de conquistas do pa\u00eds nos direitos humanos; o est\u00edmulo \u00e0 persegui\u00e7\u00e3o pol\u00edtica a opositores, principalmente de esquerda; o recrudescimento da legisla\u00e7\u00e3o coercitiva contra pobres e negros atrav\u00e9s, dentre outras iniciativas, do pacote anticrime apresentado por S\u00e9rgio Moro; o cerco \u00e0 liberdade de imprensa e os ataques a jornalistas, dentre outras. O mais recente cap\u00edtulo \u00e9 o decreto para comemorar a Ditadura Militar, repudiado amplamente.&nbsp;<\/p>\n\n\n\n<p>A lista de barbaridades \u00e9 intermin\u00e1vel. Al\u00e9m das quest\u00f5es postas acima, o governo trope\u00e7a em suas pr\u00f3prias pernas para construir base de apoio institucional. A t\u00e1tica de compor base de sustenta\u00e7\u00e3o por \u201cbancadas tem\u00e1ticas\u201d n\u00e3o surtiu o efeito desejado e o governo ainda n\u00e3o conseguiu compor um campo de sustenta\u00e7\u00e3o s\u00f3lida no Congresso Nacional. O pr\u00f3prio partido do presidente, o PSL, \u00e9 inst\u00e1vel e vive expondo suas disputas intestinais ao p\u00fablico. Podemos afirmar que o governo se sagrou vitorioso na elei\u00e7\u00e3o da presid\u00eancia da C\u00e2mara e do Senado, mas em contrapartida, tornou-se mais dependente do DEM, que comanda as duas casas e \u00e9 o partido dirigente do \u201ccentr\u00e3o\u201d, \u00e1vido por fatias do or\u00e7amento federal para seus esquemas.<\/p>\n\n\n\n<p>A fam\u00edlia Bolsonaro e os seguidores do astr\u00f3logo Olavo de Carvalho colocam na ordem do dia uma guerra ideol\u00f3gica e promovem alinhamento subserviente aos expoentes da extrema-direita mundial. Os ultraneoliberais comandam a economia e, junto com os ruralistas, buscam entregar nossas riquezas \u00e0s pot\u00eancias estrangeiras, privatizam a pre\u00e7o de banana setores estrat\u00e9gicos da economia e priorizam retirar direitos e abrir mercado para os bancos. Os militares, diante da inoper\u00e2ncia governamental, cada dia ocupam posi\u00e7\u00f5es mais estrat\u00e9gicas. E, correndo por fora, o Ministro S\u00e9rgio Moro. Em que pese recentes derrotas, um grupo de procuradores e o ministro mostraram que podem usar o aparato judicial para confrontar advers\u00e1rios e para angariar posi\u00e7\u00f5es na disputa do Estado.<\/p>\n\n\n\n<p>O governo Bolsonaro, sem sombra de d\u00favidas, ainda \u00e9 inst\u00e1vel politicamente, queimando importante capital pol\u00edtico logo no seu in\u00edcio. Enquanto o cl\u00e3 Bolsonaro realiza seus jogos nas redes sociais, o povo sofre as consequ\u00eancias do desemprego, que aumentou no \u00faltimo trimestre, e da amplia\u00e7\u00e3o da pobreza e extrema-pobreza. As pesquisas publicadas neste in\u00edcio de governo mostram um crescente desgaste, ficando com aceita\u00e7\u00e3o abaixo a alcan\u00e7ada por outros presidentes no mesmo per\u00edodo.&nbsp;<\/p>\n\n\n\n<p>Tal queda pode ser atribu\u00edda a v\u00e1rios fatores, dentre os quais podemos destacar as den\u00fancias de corrup\u00e7\u00e3o e de envolvimento com milicianos do senador Fl\u00e1vio Bolsonaro, as den\u00fancias do Laranjal envolvendo o PSL e pelo menos dois ministros (Turismo e Secretaria da Presid\u00eancia), sendo que um teve que ser exonerado (Bebiano), a dificuldade de conquistar a m\u00eddia para a pauta conservadora do governo e para acobertar ou minimizar as trapalhadas governamentais, especialmente Globo, Estad\u00e3o e Folha e, principalmente, a falta de mudan\u00e7as concretas na vida das pessoas, permanecendo crescimento econ\u00f4mico p\u00edfio, eleva\u00e7\u00e3o do desemprego e crescente desconfian\u00e7a na capacidade do governo de fazer o pa\u00eds voltar a crescer.&nbsp;<\/p>\n\n\n\n<p>Na parte econ\u00f4mica tivemos como pontos fortes o enxugamento de minist\u00e9rios e concentra\u00e7\u00e3o de poder nas m\u00e3os de Paulo Guedes (atrav\u00e9s da Medida Provis\u00f3ria 870), a proposta de reforma da previd\u00eancia (para civis e militares). Al\u00e9m disso, as a\u00e7\u00f5es do minist\u00e9rio t\u00eam sido cheias de idas e vindas, principalmente pela press\u00e3o de setores econ\u00f4micos que apoiaram Bolsonaro em confronto com a pol\u00edtica liberalizante e de retirada de subs\u00eddios. A pr\u00f3pria Pol\u00edtica Externa do governo, a exemplo do alinhamento com Israel, entra em choque com interesses de fra\u00e7\u00f5es do capital no Brasil. Al\u00e9m disso, foram retomadas as privatiza\u00e7\u00f5es e a entrega de reservas petrol\u00edferas.<\/p>\n\n\n\n<p>As recentes viagens de Bolsonaro aos Estados Unidos e Israel e os acordos promovidos pelo presidente com os governos desses pa\u00edses mostram sua disposi\u00e7\u00e3o de franquear a soberania do Brasil em nome de alian\u00e7as com for\u00e7as pol\u00edticas de extrema-direita. A entrega da base militar de Alc\u00e2ntara, a supress\u00e3o da exig\u00eancia de visto para entrada de cidad\u00e3os dos EUA, sem contrapartida por parte do governo estadunidense, bem como a sinaliza\u00e7\u00e3o de transfer\u00eancia da embaixada brasileira em Israel para Jerusal\u00e9m, mostram uma diplomacia alinhada ao eixo mais reacion\u00e1rio da pol\u00edtica internacional.&nbsp;<\/p>\n\n\n\n<p>O governo decidiu atender aos interesses dos ruralistas e das mineradoras em v\u00e1rias frentes. Entregou as principais \u00e1reas do governo para seus representantes, retirou da FUNAI a compet\u00eancia de demarcar terras ind\u00edgenas e quilombolas, anuncia inten\u00e7\u00e3o de liberar minera\u00e7\u00e3o em terras ind\u00edgenas e orienta \u00f3rg\u00e3os ambientais a fazer vista grossa aos impactos ambientais dos empreendimentos e grandes obras. Caso n\u00e3o tivesse ocorrido o crime de Brumadinho, esta ofensiva estaria ainda mais acelerada.&nbsp;<\/p>\n\n\n\n<p>Mas, al\u00e9m de um governo ultraneoliberal e entreguista, estamos diante de um governo reacion\u00e1rio e que precisa alimentar sua base com a\u00e7\u00f5es de ataque aos direitos individuais e de aumento do estado penal em nosso pa\u00eds. O decreto que facilita a posse de armas foi uma resposta efetiva, que se liga de forma \u00edntima ao chamado pacote \u201canticrime\u201d apresentado por S\u00e9rgio Moro, que aumenta a viol\u00eancia das for\u00e7as de seguran\u00e7a contra os mais pobres e aos negros e as negras. Tamb\u00e9m desfecharam ataques via os dois olavistas da \u00e1rea, Velez (trocado recentemente) e Damares, seja desfazendo pol\u00edticas direcionadas \u00e0s mulheres e LGBTs, como refor\u00e7ando a l\u00f3gica da \u201cescola sem partido\u201d. Avan\u00e7aram na propaganda e iniciativas de militariza\u00e7\u00e3o das escolas.&nbsp;<\/p>\n\n\n\n<p>A instabilidade pol\u00edtica do governo e as incertezas sobre a sua viabilidade podem ajudar as for\u00e7as democr\u00e1ticas, populares e de esquerda a recuperar espa\u00e7o na sociedade brasileira, ampliando a base de massas das mobiliza\u00e7\u00f5es contra sua agenda pol\u00edtica e econ\u00f4mica. Mas, de outro lado, pode gerar alternativas ainda mais autorit\u00e1rias. Para o PSOL a \u00fanica maneira de evitar esse desenrolar da crise \u00e9 a esquerda e as organiza\u00e7\u00f5es populares ampliarem sua inser\u00e7\u00e3o no seio do povo, conscientizando e organizando suas lutas por demandas imediatas e futuras, mobilizando-o contra o governo e ampliando a frente parlamentar contra a retirada de direitos na C\u00e2mara dos Deputados.&nbsp;<\/p>\n\n\n\n<p>As for\u00e7as democr\u00e1ticas, populares e de esquerda n\u00e3o devem cair no impressionismo. Apesar da confus\u00e3o permanente no qual o governo est\u00e1 mergulhado, h\u00e1 uma clara agenda pol\u00edtica e econ\u00f4mica: reestruturar o Estado brasileiro desmontando a Constitui\u00e7\u00e3o de 88 e criando as condi\u00e7\u00f5es para a aplica\u00e7\u00e3o plena da EC 95, direcionando o or\u00e7amento p\u00fablico para os interesses fundamentais do grande capital nacional e internacional e a reprodu\u00e7\u00e3o do sistema da d\u00edvida p\u00fablica. Para tanto, parte para a ofensiva visando destro\u00e7ar o atual sistema de Seguridade Social, cuja destrui\u00e7\u00e3o da previd\u00eancia \u00e9 a principal medida, e coloca como objetivo a desvincula\u00e7\u00e3o total das receitas, procedimento que seria um golpe t\u00e3o forte quanto a aprova\u00e7\u00e3o da Emenda 95 por Temer.&nbsp;<\/p>\n\n\n\n<p>Dessa forma, as pol\u00edticas sociais de educa\u00e7\u00e3o e sa\u00fade, s\u00f3 para ficar nesses dois exemplos, podem sofrer um gigantesco retrocesso. Esse objetivo est\u00e1 associado a posturas mais autorit\u00e1rias do Estado, no executivo e judici\u00e1rio; ao est\u00edmulo e condescend\u00eancia \u00e0s a\u00e7\u00f5es violentas de mil\u00edcias rurais e urbanas; \u00e0s press\u00f5es sobre o Poder Judici\u00e1rio, como as recentes iniciativas contra o STF vindo de grupos civis de direita. A edi\u00e7\u00e3o da Medida Provis\u00f3ria 873, por exemplo, tem como objetivo proclamado o enfraquecimento dos sindicatos, poderosa arma de organiza\u00e7\u00e3o da classe trabalhadora contra a reforma da previd\u00eancia, e vistos como inimigos pelo governo.&nbsp;<\/p>\n\n\n\n<p>Essa agenda n\u00e3o ser\u00e1 realizada sem resist\u00eancia. As mobiliza\u00e7\u00f5es de fevereiro, contra a destrui\u00e7\u00e3o da previd\u00eancia, e mar\u00e7o, Dia Internacional das Mulheres, jornada de lutas por justi\u00e7a para Marielle e dia nacional de luta contra a reforma da previd\u00eancia, apontam que s\u00f3 com muita luta de massas ser\u00e1 poss\u00edvel resistir, conscientizar o povo dos ataques em curso e que est\u00e3o por vir e melhorar as condi\u00e7\u00f5es pol\u00edticas e organizativas para um novo ciclo hist\u00f3rico ofensivo da classe trabalhadora e setores oprimidos. A constru\u00e7\u00e3o e consolida\u00e7\u00e3o da resist\u00eancia democr\u00e1tica e popular deve ser nosso objetivo priorit\u00e1rio.<\/p>\n\n\n\n<p>Por isso, nossos esfor\u00e7os devem ser direcionados \u00e0 organiza\u00e7\u00e3o da ampla resist\u00eancia contra a agenda neoliberal, cuja materialidade atual \u00e9 a luta contra a destrui\u00e7\u00e3o da previd\u00eancia social e a luta contra a amplia\u00e7\u00e3o do Estado Penal m\u00e1ximo, atrav\u00e9s do \u201cpacote anticrime\u201d de Moro. Apesar das trapalhadas dos 100 primeiros dias, sinais concretos de que haver\u00e1 maior grau de unidade entre Governo, Congresso Nacional e a grande m\u00eddia oligopolista em torno da agenda neoliberal foram dados nas \u00faltimas semanas.<\/p>\n\n\n\n<p>O PSOL seguir\u00e1 engajado nas variadas iniciativas tomadas pelos movimentos sociais, sindicatos frentes e f\u00f3runs nos quais atua, como Frente Povo Sem Medo, APIB, Conlutas, Intersindical, distintos f\u00f3runs em defesa da educa\u00e7\u00e3o, entre outros. Tamb\u00e9m seguiremos dando o combate pela unidade das for\u00e7as democr\u00e1ticas em defesa dos direitos.<\/p>\n\n\n\n<p><em>10 de abril de 2019<\/em><br><em>Executiva Nacional do PSOL<\/em><br><em>Bancada do PSOL na C\u00e2mara dos Deputados<\/em><\/p>\n","protected":false},"excerpt":{"rendered":"<p>A cada dia se desfaz o \u201cmito\u201d e se evidencia a fraude eleitoral.&nbsp;Seguiremos na resist\u00eancia contra os ataques aos nossos direitos.&nbsp; A elei\u00e7\u00e3o de Jair Bolsonaro (PSL) representou um fato in\u00e9dito na hist\u00f3ria brasileira: um governo com expl\u00edcito discurso de extrema-direita foi eleito em sufr\u00e1gio universal. As mobiliza\u00e7\u00f5es de massa que ocorreram nas elei\u00e7\u00f5es, com [&hellip;]<\/p>\n","protected":false},"author":2,"featured_media":24815,"comment_status":"closed","ping_status":"open","sticky":false,"template":"","format":"standard","meta":{"_acf_changed":false,"footnotes":""},"categories":[6],"tags":[1768,56,773,387,22],"class_list":{"0":"post-24810","1":"post","2":"type-post","3":"status-publish","4":"format-standard","5":"has-post-thumbnail","7":"category-noticias","8":"tag-100-dias","9":"tag-bolsonaro","10":"tag-extrema-direita","11":"tag-governo","12":"tag-psol"},"acf":[],"yoast_head":"<!-- This site is optimized with the Yoast SEO plugin v26.5 - https:\/\/yoast.com\/wordpress\/plugins\/seo\/ -->\n<title>0s 100 dias do governo Bolsonaro: do &quot;mito&quot; \u00e0 fraude eleitoral<\/title>\n<meta name=\"description\" content=\"Leia a nota da Executiva Nacional do PSOL e da Bancada do PSOL na C\u00e2mara.\" \/>\n<meta name=\"robots\" content=\"index, follow, max-snippet:-1, max-image-preview:large, max-video-preview:-1\" \/>\n<link rel=\"canonical\" href=\"https:\/\/psol50.org.br\/0s-100-dias-do-governo-bolsonaro-do-mito-a-fraude-eleitoral\/\" \/>\n<meta property=\"og:locale\" content=\"pt_BR\" \/>\n<meta property=\"og:type\" content=\"article\" \/>\n<meta property=\"og:title\" content=\"0s 100 dias do governo Bolsonaro: do &quot;mito&quot; \u00e0 fraude eleitoral\" \/>\n<meta property=\"og:description\" content=\"Leia a nota da Executiva Nacional do PSOL e da bancada do PSOL na C\u00e2mara.\" \/>\n<meta property=\"og:url\" content=\"https:\/\/psol50.org.br\/0s-100-dias-do-governo-bolsonaro-do-mito-a-fraude-eleitoral\/\" \/>\n<meta property=\"og:site_name\" content=\"PSOL 50\" \/>\n<meta property=\"article:publisher\" content=\"https:\/\/www.facebook.com\/psol50\" \/>\n<meta property=\"article:published_time\" content=\"2019-04-10T19:21:44+00:00\" \/>\n<meta property=\"og:image\" content=\"https:\/\/psol50.org.br\/inc\/uploads\/2019\/04\/JairBolsonaro.ValterCampanato.Abr_.PB_.jpg\" \/>\n\t<meta property=\"og:image:width\" content=\"1140\" \/>\n\t<meta property=\"og:image:height\" content=\"760\" \/>\n\t<meta property=\"og:image:type\" content=\"image\/jpeg\" \/>\n<meta name=\"author\" content=\"Comunica\u00e7\u00e3o PSOL\" \/>\n<meta name=\"twitter:card\" content=\"summary_large_image\" \/>\n<meta name=\"twitter:title\" content=\"0s 100 dias do governo Bolsonaro: do &quot;mito&quot; \u00e0 fraude eleitoral\" \/>\n<meta name=\"twitter:description\" content=\"Leia a nota da Executiva Nacional do PSOL e da bancada do PSOL na C\u00e2mara.\" \/>\n<meta name=\"twitter:image\" content=\"https:\/\/psol50.org.br\/inc\/uploads\/2019\/04\/JairBolsonaro.ValterCampanato.Abr_.PB_.jpg\" \/>\n<meta name=\"twitter:creator\" content=\"@psol50\" \/>\n<meta name=\"twitter:site\" content=\"@psol50\" \/>\n<meta name=\"twitter:label1\" content=\"Escrito por\" \/>\n\t<meta name=\"twitter:data1\" content=\"Comunica\u00e7\u00e3o PSOL\" \/>\n\t<meta name=\"twitter:label2\" content=\"Est. tempo de leitura\" \/>\n\t<meta name=\"twitter:data2\" content=\"9 minutos\" \/>\n<script type=\"application\/ld+json\" class=\"yoast-schema-graph\">{\"@context\":\"https:\/\/schema.org\",\"@graph\":[{\"@type\":\"Article\",\"@id\":\"https:\/\/psol50.org.br\/0s-100-dias-do-governo-bolsonaro-do-mito-a-fraude-eleitoral\/#article\",\"isPartOf\":{\"@id\":\"https:\/\/psol50.org.br\/0s-100-dias-do-governo-bolsonaro-do-mito-a-fraude-eleitoral\/\"},\"author\":{\"name\":\"Comunica\u00e7\u00e3o PSOL\",\"@id\":\"https:\/\/psol50.org.br\/#\/schema\/person\/475dfa57d0b815993c714c2e96491fcd\"},\"headline\":\"0s 100 dias do governo Bolsonaro: do &#8220;mito&#8221; \u00e0 fraude eleitoral\",\"datePublished\":\"2019-04-10T19:21:44+00:00\",\"mainEntityOfPage\":{\"@id\":\"https:\/\/psol50.org.br\/0s-100-dias-do-governo-bolsonaro-do-mito-a-fraude-eleitoral\/\"},\"wordCount\":1781,\"publisher\":{\"@id\":\"https:\/\/psol50.org.br\/#organization\"},\"image\":{\"@id\":\"https:\/\/psol50.org.br\/0s-100-dias-do-governo-bolsonaro-do-mito-a-fraude-eleitoral\/#primaryimage\"},\"thumbnailUrl\":\"https:\/\/psol50.org.br\/inc\/uploads\/2019\/04\/JairBolsonaro.ValterCampanato.Abr_.PB_.jpg\",\"keywords\":[\"100 dias\",\"Bolsonaro\",\"extrema-direita\",\"governo\",\"PSOL\"],\"articleSection\":[\"Not\u00edcias\"],\"inLanguage\":\"pt-BR\"},{\"@type\":\"WebPage\",\"@id\":\"https:\/\/psol50.org.br\/0s-100-dias-do-governo-bolsonaro-do-mito-a-fraude-eleitoral\/\",\"url\":\"https:\/\/psol50.org.br\/0s-100-dias-do-governo-bolsonaro-do-mito-a-fraude-eleitoral\/\",\"name\":\"0s 100 dias do governo Bolsonaro: do \\\"mito\\\" \u00e0 fraude eleitoral\",\"isPartOf\":{\"@id\":\"https:\/\/psol50.org.br\/#website\"},\"primaryImageOfPage\":{\"@id\":\"https:\/\/psol50.org.br\/0s-100-dias-do-governo-bolsonaro-do-mito-a-fraude-eleitoral\/#primaryimage\"},\"image\":{\"@id\":\"https:\/\/psol50.org.br\/0s-100-dias-do-governo-bolsonaro-do-mito-a-fraude-eleitoral\/#primaryimage\"},\"thumbnailUrl\":\"https:\/\/psol50.org.br\/inc\/uploads\/2019\/04\/JairBolsonaro.ValterCampanato.Abr_.PB_.jpg\",\"datePublished\":\"2019-04-10T19:21:44+00:00\",\"description\":\"Leia a nota da Executiva Nacional do PSOL e da Bancada do PSOL na C\u00e2mara.\",\"breadcrumb\":{\"@id\":\"https:\/\/psol50.org.br\/0s-100-dias-do-governo-bolsonaro-do-mito-a-fraude-eleitoral\/#breadcrumb\"},\"inLanguage\":\"pt-BR\",\"potentialAction\":[{\"@type\":\"ReadAction\",\"target\":[\"https:\/\/psol50.org.br\/0s-100-dias-do-governo-bolsonaro-do-mito-a-fraude-eleitoral\/\"]}]},{\"@type\":\"ImageObject\",\"inLanguage\":\"pt-BR\",\"@id\":\"https:\/\/psol50.org.br\/0s-100-dias-do-governo-bolsonaro-do-mito-a-fraude-eleitoral\/#primaryimage\",\"url\":\"https:\/\/psol50.org.br\/inc\/uploads\/2019\/04\/JairBolsonaro.ValterCampanato.Abr_.PB_.jpg\",\"contentUrl\":\"https:\/\/psol50.org.br\/inc\/uploads\/2019\/04\/JairBolsonaro.ValterCampanato.Abr_.PB_.jpg\",\"width\":1140,\"height\":760,\"caption\":\"Valter Campanato \/ Ag\u00eancia Brasil\"},{\"@type\":\"BreadcrumbList\",\"@id\":\"https:\/\/psol50.org.br\/0s-100-dias-do-governo-bolsonaro-do-mito-a-fraude-eleitoral\/#breadcrumb\",\"itemListElement\":[{\"@type\":\"ListItem\",\"position\":1,\"name\":\"In\u00edcio\",\"item\":\"https:\/\/psol50.org.br\/\"},{\"@type\":\"ListItem\",\"position\":2,\"name\":\"0s 100 dias do governo Bolsonaro: do &#8220;mito&#8221; \u00e0 fraude eleitoral\"}]},{\"@type\":\"WebSite\",\"@id\":\"https:\/\/psol50.org.br\/#website\",\"url\":\"https:\/\/psol50.org.br\/\",\"name\":\"PSOL 50\",\"description\":\"Site oficial do Partido Socialismo e Liberdade\",\"publisher\":{\"@id\":\"https:\/\/psol50.org.br\/#organization\"},\"alternateName\":\"PSOL50\",\"potentialAction\":[{\"@type\":\"SearchAction\",\"target\":{\"@type\":\"EntryPoint\",\"urlTemplate\":\"https:\/\/psol50.org.br\/?s={search_term_string}\"},\"query-input\":{\"@type\":\"PropertyValueSpecification\",\"valueRequired\":true,\"valueName\":\"search_term_string\"}}],\"inLanguage\":\"pt-BR\"},{\"@type\":\"Organization\",\"@id\":\"https:\/\/psol50.org.br\/#organization\",\"name\":\"PSOL 50\",\"alternateName\":\"PSOL 50\",\"url\":\"https:\/\/psol50.org.br\/\",\"logo\":{\"@type\":\"ImageObject\",\"inLanguage\":\"pt-BR\",\"@id\":\"https:\/\/psol50.org.br\/#\/schema\/logo\/image\/\",\"url\":\"https:\/\/psol50.org.br\/inc\/uploads\/2018\/07\/capa.png\",\"contentUrl\":\"https:\/\/psol50.org.br\/inc\/uploads\/2018\/07\/capa.png\",\"width\":1350,\"height\":900,\"caption\":\"PSOL 50\"},\"image\":{\"@id\":\"https:\/\/psol50.org.br\/#\/schema\/logo\/image\/\"},\"sameAs\":[\"https:\/\/www.facebook.com\/psol50\",\"https:\/\/x.com\/psol50\",\"https:\/\/www.instagram.com\/psol50\/\",\"https:\/\/www.youtube.com\/channel\/UC7SnJS5o1os7a6CaiNabzcg\"]},{\"@type\":\"Person\",\"@id\":\"https:\/\/psol50.org.br\/#\/schema\/person\/475dfa57d0b815993c714c2e96491fcd\",\"name\":\"Comunica\u00e7\u00e3o PSOL\",\"image\":{\"@type\":\"ImageObject\",\"inLanguage\":\"pt-BR\",\"@id\":\"https:\/\/psol50.org.br\/#\/schema\/person\/image\/\",\"url\":\"https:\/\/secure.gravatar.com\/avatar\/b34fc4f4e468a4e51785917065a3db57b841f5c95dba6ad8c73aaf8f66f8f9bf?s=96&d=mm&r=g\",\"contentUrl\":\"https:\/\/secure.gravatar.com\/avatar\/b34fc4f4e468a4e51785917065a3db57b841f5c95dba6ad8c73aaf8f66f8f9bf?s=96&d=mm&r=g\",\"caption\":\"Comunica\u00e7\u00e3o PSOL\"}}]}<\/script>\n<!-- \/ Yoast SEO plugin. -->","yoast_head_json":{"title":"0s 100 dias do governo Bolsonaro: do \"mito\" \u00e0 fraude eleitoral","description":"Leia a nota da Executiva Nacional do PSOL e da Bancada do PSOL na C\u00e2mara.","robots":{"index":"index","follow":"follow","max-snippet":"max-snippet:-1","max-image-preview":"max-image-preview:large","max-video-preview":"max-video-preview:-1"},"canonical":"https:\/\/psol50.org.br\/0s-100-dias-do-governo-bolsonaro-do-mito-a-fraude-eleitoral\/","og_locale":"pt_BR","og_type":"article","og_title":"0s 100 dias do governo Bolsonaro: do \"mito\" \u00e0 fraude eleitoral","og_description":"Leia a nota da Executiva Nacional do PSOL e da bancada do PSOL na C\u00e2mara.","og_url":"https:\/\/psol50.org.br\/0s-100-dias-do-governo-bolsonaro-do-mito-a-fraude-eleitoral\/","og_site_name":"PSOL 50","article_publisher":"https:\/\/www.facebook.com\/psol50","article_published_time":"2019-04-10T19:21:44+00:00","og_image":[{"width":1140,"height":760,"url":"https:\/\/psol50.org.br\/inc\/uploads\/2019\/04\/JairBolsonaro.ValterCampanato.Abr_.PB_.jpg","type":"image\/jpeg"}],"author":"Comunica\u00e7\u00e3o PSOL","twitter_card":"summary_large_image","twitter_title":"0s 100 dias do governo Bolsonaro: do \"mito\" \u00e0 fraude eleitoral","twitter_description":"Leia a nota da Executiva Nacional do PSOL e da bancada do PSOL na C\u00e2mara.","twitter_image":"https:\/\/psol50.org.br\/inc\/uploads\/2019\/04\/JairBolsonaro.ValterCampanato.Abr_.PB_.jpg","twitter_creator":"@psol50","twitter_site":"@psol50","twitter_misc":{"Escrito por":"Comunica\u00e7\u00e3o PSOL","Est. tempo de leitura":"9 minutos"},"schema":{"@context":"https:\/\/schema.org","@graph":[{"@type":"Article","@id":"https:\/\/psol50.org.br\/0s-100-dias-do-governo-bolsonaro-do-mito-a-fraude-eleitoral\/#article","isPartOf":{"@id":"https:\/\/psol50.org.br\/0s-100-dias-do-governo-bolsonaro-do-mito-a-fraude-eleitoral\/"},"author":{"name":"Comunica\u00e7\u00e3o PSOL","@id":"https:\/\/psol50.org.br\/#\/schema\/person\/475dfa57d0b815993c714c2e96491fcd"},"headline":"0s 100 dias do governo Bolsonaro: do &#8220;mito&#8221; \u00e0 fraude eleitoral","datePublished":"2019-04-10T19:21:44+00:00","mainEntityOfPage":{"@id":"https:\/\/psol50.org.br\/0s-100-dias-do-governo-bolsonaro-do-mito-a-fraude-eleitoral\/"},"wordCount":1781,"publisher":{"@id":"https:\/\/psol50.org.br\/#organization"},"image":{"@id":"https:\/\/psol50.org.br\/0s-100-dias-do-governo-bolsonaro-do-mito-a-fraude-eleitoral\/#primaryimage"},"thumbnailUrl":"https:\/\/psol50.org.br\/inc\/uploads\/2019\/04\/JairBolsonaro.ValterCampanato.Abr_.PB_.jpg","keywords":["100 dias","Bolsonaro","extrema-direita","governo","PSOL"],"articleSection":["Not\u00edcias"],"inLanguage":"pt-BR"},{"@type":"WebPage","@id":"https:\/\/psol50.org.br\/0s-100-dias-do-governo-bolsonaro-do-mito-a-fraude-eleitoral\/","url":"https:\/\/psol50.org.br\/0s-100-dias-do-governo-bolsonaro-do-mito-a-fraude-eleitoral\/","name":"0s 100 dias do governo Bolsonaro: do \"mito\" \u00e0 fraude eleitoral","isPartOf":{"@id":"https:\/\/psol50.org.br\/#website"},"primaryImageOfPage":{"@id":"https:\/\/psol50.org.br\/0s-100-dias-do-governo-bolsonaro-do-mito-a-fraude-eleitoral\/#primaryimage"},"image":{"@id":"https:\/\/psol50.org.br\/0s-100-dias-do-governo-bolsonaro-do-mito-a-fraude-eleitoral\/#primaryimage"},"thumbnailUrl":"https:\/\/psol50.org.br\/inc\/uploads\/2019\/04\/JairBolsonaro.ValterCampanato.Abr_.PB_.jpg","datePublished":"2019-04-10T19:21:44+00:00","description":"Leia a nota da Executiva Nacional do PSOL e da Bancada do PSOL na C\u00e2mara.","breadcrumb":{"@id":"https:\/\/psol50.org.br\/0s-100-dias-do-governo-bolsonaro-do-mito-a-fraude-eleitoral\/#breadcrumb"},"inLanguage":"pt-BR","potentialAction":[{"@type":"ReadAction","target":["https:\/\/psol50.org.br\/0s-100-dias-do-governo-bolsonaro-do-mito-a-fraude-eleitoral\/"]}]},{"@type":"ImageObject","inLanguage":"pt-BR","@id":"https:\/\/psol50.org.br\/0s-100-dias-do-governo-bolsonaro-do-mito-a-fraude-eleitoral\/#primaryimage","url":"https:\/\/psol50.org.br\/inc\/uploads\/2019\/04\/JairBolsonaro.ValterCampanato.Abr_.PB_.jpg","contentUrl":"https:\/\/psol50.org.br\/inc\/uploads\/2019\/04\/JairBolsonaro.ValterCampanato.Abr_.PB_.jpg","width":1140,"height":760,"caption":"Valter Campanato \/ Ag\u00eancia Brasil"},{"@type":"BreadcrumbList","@id":"https:\/\/psol50.org.br\/0s-100-dias-do-governo-bolsonaro-do-mito-a-fraude-eleitoral\/#breadcrumb","itemListElement":[{"@type":"ListItem","position":1,"name":"In\u00edcio","item":"https:\/\/psol50.org.br\/"},{"@type":"ListItem","position":2,"name":"0s 100 dias do governo Bolsonaro: do &#8220;mito&#8221; \u00e0 fraude eleitoral"}]},{"@type":"WebSite","@id":"https:\/\/psol50.org.br\/#website","url":"https:\/\/psol50.org.br\/","name":"PSOL 50","description":"Site oficial do Partido Socialismo e Liberdade","publisher":{"@id":"https:\/\/psol50.org.br\/#organization"},"alternateName":"PSOL50","potentialAction":[{"@type":"SearchAction","target":{"@type":"EntryPoint","urlTemplate":"https:\/\/psol50.org.br\/?s={search_term_string}"},"query-input":{"@type":"PropertyValueSpecification","valueRequired":true,"valueName":"search_term_string"}}],"inLanguage":"pt-BR"},{"@type":"Organization","@id":"https:\/\/psol50.org.br\/#organization","name":"PSOL 50","alternateName":"PSOL 50","url":"https:\/\/psol50.org.br\/","logo":{"@type":"ImageObject","inLanguage":"pt-BR","@id":"https:\/\/psol50.org.br\/#\/schema\/logo\/image\/","url":"https:\/\/psol50.org.br\/inc\/uploads\/2018\/07\/capa.png","contentUrl":"https:\/\/psol50.org.br\/inc\/uploads\/2018\/07\/capa.png","width":1350,"height":900,"caption":"PSOL 50"},"image":{"@id":"https:\/\/psol50.org.br\/#\/schema\/logo\/image\/"},"sameAs":["https:\/\/www.facebook.com\/psol50","https:\/\/x.com\/psol50","https:\/\/www.instagram.com\/psol50\/","https:\/\/www.youtube.com\/channel\/UC7SnJS5o1os7a6CaiNabzcg"]},{"@type":"Person","@id":"https:\/\/psol50.org.br\/#\/schema\/person\/475dfa57d0b815993c714c2e96491fcd","name":"Comunica\u00e7\u00e3o PSOL","image":{"@type":"ImageObject","inLanguage":"pt-BR","@id":"https:\/\/psol50.org.br\/#\/schema\/person\/image\/","url":"https:\/\/secure.gravatar.com\/avatar\/b34fc4f4e468a4e51785917065a3db57b841f5c95dba6ad8c73aaf8f66f8f9bf?s=96&d=mm&r=g","contentUrl":"https:\/\/secure.gravatar.com\/avatar\/b34fc4f4e468a4e51785917065a3db57b841f5c95dba6ad8c73aaf8f66f8f9bf?s=96&d=mm&r=g","caption":"Comunica\u00e7\u00e3o PSOL"}}]}},"_links":{"self":[{"href":"https:\/\/psol50.org.br\/rest\/wp\/v2\/posts\/24810","targetHints":{"allow":["GET"]}}],"collection":[{"href":"https:\/\/psol50.org.br\/rest\/wp\/v2\/posts"}],"about":[{"href":"https:\/\/psol50.org.br\/rest\/wp\/v2\/types\/post"}],"author":[{"embeddable":true,"href":"https:\/\/psol50.org.br\/rest\/wp\/v2\/users\/2"}],"replies":[{"embeddable":true,"href":"https:\/\/psol50.org.br\/rest\/wp\/v2\/comments?post=24810"}],"version-history":[{"count":0,"href":"https:\/\/psol50.org.br\/rest\/wp\/v2\/posts\/24810\/revisions"}],"wp:featuredmedia":[{"embeddable":true,"href":"https:\/\/psol50.org.br\/rest\/wp\/v2\/media\/24815"}],"wp:attachment":[{"href":"https:\/\/psol50.org.br\/rest\/wp\/v2\/media?parent=24810"}],"wp:term":[{"taxonomy":"category","embeddable":true,"href":"https:\/\/psol50.org.br\/rest\/wp\/v2\/categories?post=24810"},{"taxonomy":"post_tag","embeddable":true,"href":"https:\/\/psol50.org.br\/rest\/wp\/v2\/tags?post=24810"}],"curies":[{"name":"wp","href":"https:\/\/api.w.org\/{rel}","templated":true}]}}