{"id":24845,"date":"2019-04-15T20:44:30","date_gmt":"2019-04-15T23:44:30","guid":{"rendered":"http:\/\/psol50.org.br\/?p=24845"},"modified":"2019-04-15T20:44:30","modified_gmt":"2019-04-15T23:44:30","slug":"psol-entra-com-acao-contra-extincao-de-conselhos-de-participacao","status":"publish","type":"post","link":"https:\/\/psol50.org.br\/psol-entra-com-acao-contra-extincao-de-conselhos-de-participacao\/","title":{"rendered":"PSOL entra com a\u00e7\u00e3o contra extin\u00e7\u00e3o de conselhos de participa\u00e7\u00e3o"},"content":{"rendered":"\n<p>Nesta segunda-feira (15), o PSOL entrou com uma a\u00e7\u00e3o popular na Justi\u00e7a Federal pedindo a anula\u00e7\u00e3o do decreto presidencial que extingue conselhos de participa\u00e7\u00e3o social no \u00e2mbito federal.<\/p>\n\n\n\n<p>A medida anunciada por Jair Bolsonaro na cerim\u00f4nia de 100 dias de governo viola o princ\u00edpio da legalidade, invadindo a compet\u00eancia do Congresso Nacional. Por isso, pode ser anulada por a\u00e7\u00e3o popular.<\/p>\n\n\n\n<p>Ao todo, foram 35 conselhos extintos pela a\u00e7\u00e3o de Bolsonaro, incluindo o Comit\u00ea Nacional de Educa\u00e7\u00e3o em Direitos Humanos, a Comiss\u00e3o Nacional para Erradica\u00e7\u00e3o do Trabalho Escravo, o Conselho da Transpar\u00eancia P\u00fablica e Combate \u00e0 Corrup\u00e7\u00e3o e o Comit\u00ea Gestor da Internet no Brasil (veja a lista completa no fim do texto).<\/p>\n\n\n\n<p>\u201cBolsonaro j\u00e1 deu reiteradas demonstra\u00e7\u00f5es de que despreza a democracia. Agora ele institucionaliza suas tend\u00eancias autorit\u00e1rias, extinguindo de uma s\u00f3 vez mais de 30 conselhos que asseguravam a participa\u00e7\u00e3o da sociedade civil no acompanhamento e na gest\u00e3o de pol\u00edticas p\u00fablicas, como o Conselho Nacional da Pessoa com Defici\u00eancia e o Conselho das Cidades. Um absurdo que precisa ser considerado ilegal pelo Judici\u00e1rio\u201d, protesta Juliano Medeiros, presidente nacional do PSOL, ao <em><strong><a rel=\"noreferrer noopener\" aria-label=\"Poder360 (abre numa nova aba)\" href=\"https:\/\/www.poder360.com.br\/governo\/psol-entrara-com-acao-contra-decreto-que-extingue-conselhos-de-participacao\/\" target=\"_blank\">Poder360<\/a><\/strong><\/em>.<\/p>\n\n\n\n<p>O Conselho Indigenista Mission\u00e1rio (Cimi) tamb\u00e9m criticou a medida em nota e prometeu levar o Conselho Nacional de Pol\u00edtica Indigenista e a Comiss\u00e3o Nacional de Educa\u00e7\u00e3o Escolar Ind\u00edgena \u00e0 extin\u00e7\u00e3o. A justificativa \u00e9 que a medida \u201caprofunda os ataques do governo Bolsonaro contra os povos ind\u00edgenas do Brasil\u201d.<\/p>\n\n\n\n<p><strong>Veja a lista completa dos 35 \u00f3rg\u00e3o colegiados extintos por Bolsonaro:<\/strong><\/p>\n\n\n\n<p>Comiss\u00e3o Nacional de Educa\u00e7\u00e3o Escolar Ind\u00edgena<\/p>\n\n\n\n<p>Comit\u00ea Nacional de Educa\u00e7\u00e3o em Direitos Humanos (CNEDH)<\/p>\n\n\n\n<p>Comit\u00ea Intersetorial de Acompanhamento e Monitoramento da Pol\u00edtica Nacional para a Popula\u00e7\u00e3o em Situa\u00e7\u00e3o de Rua<\/p>\n\n\n\n<p>Comiss\u00e3o Nacional de Alfabetiza\u00e7\u00e3o e Educa\u00e7\u00e3o de Jovens e Adultos (Cnaeja) <\/p>\n\n\n\n<p>Comiss\u00e3o Nacional de Florestas (Conaflor)<br><\/p>\n\n\n\n<p>Comiss\u00e3o Nacional para Erradica\u00e7\u00e3o do Trabalho Escravo (Conatrae) <\/p>\n\n\n\n<p>Conselho Nacional de Pol\u00edticas sobre Drogas (Conad)<\/p>\n\n\n\n<p>Conselho Superior do Cinema (CSC)<\/p>\n\n\n\n<p>Conselho Nacional dos Direitos do Idoso (CNDI)<\/p>\n\n\n\n<p>Conselho da Transpar\u00eancia P\u00fablica e Combate \u00e0 Corrup\u00e7\u00e3o (CTPCC)<\/p>\n\n\n\n<p>Conselho Nacional de Combate \u00e0 Discrimina\u00e7\u00e3o e Promo\u00e7\u00e3o dos Direitos de LGBT (CNCD\/LGBT)<\/p>\n\n\n\n<p>Conselho das Cidades (Concidades)<br><\/p>\n\n\n\n<p>Conselho Nacional dos Direitos da Pessoa com Defici\u00eancia (Conade)<\/p>\n\n\n\n<p>Conselho da Autoridade Central Administrativa Federal contra o Sequestro Inter- nacional de Crian\u00e7as<\/p>\n\n\n\n<p>Conselho Deliberativo da Pol\u00edtica do Caf\u00e9 (CDPC)<\/p>\n\n\n\n<p>Conselho Nacional de Desenvolvimento Rural Sustent\u00e1vel (Condraf) <\/p>\n\n\n\n<p>Conselho de Desenvolvimento do Agroneg\u00f3cio do Cacau (CDAC)<\/p>\n\n\n\n<p>Conselho Nacional de Combate \u00e0 Pirataria e Delitos contra a Propriedade Intelec- tual (CNCP)<\/p>\n\n\n\n<p>Conselho Nacional de Prote\u00e7\u00e3o e Defesa Civil (Conpdec) <\/p>\n\n\n\n<p>Conselho de Recursos da Previd\u00eancia Social (CRPS) <\/p>\n\n\n\n<p>Conselho Nacional de Seguran\u00e7a P\u00fablica (Conasp) <\/p>\n\n\n\n<p>Conselho de Rela\u00e7\u00f5es do Trabalho (CRT)<\/p>\n\n\n\n<p>Conselho de Rela\u00e7\u00f5es do Trabalho (CRT)<\/p>\n\n\n\n<p>Conselho de Representantes dos Brasileiros no Exterior (CRBE) <\/p>\n\n\n\n<p>Conselho Nacional de Integra\u00e7\u00e3o de Pol\u00edticas de Transporte (Conit) <\/p>\n\n\n\n<p>Comiss\u00e3o Especial de Recursos (CER)<br><\/p>\n\n\n\n<p>Comiss\u00e3o Nacional de Popula\u00e7\u00e3o e Desenvolvimento (CNPD) <\/p>\n\n\n\n<p>Comiss\u00e3o Nacional de Erradica\u00e7\u00e3o do Trabalho Infantil (Conaeti) <\/p>\n\n\n\n<p>Comiss\u00e3o Nacional da Biodiversidade (Conabio)<\/p>\n\n\n\n<p>Comiss\u00e3o Nacional de Desenvolvimento Sustent\u00e1vel dos Povos e Comunidades Tradicionais (CNPCT)<\/p>\n\n\n\n<p>Comiss\u00e3o T\u00e9cnica Nacional de Diversidade para Assuntos Relacionados \u00e0 Educa- \u00e7\u00e3o dos Afro-Brasileiros (Cadara)<\/p>\n\n\n\n<p>Comiss\u00e3o Nacional de Pol\u00edtica Indigenista (CNPI)<\/p>\n\n\n\n<p>Comiss\u00e3o de Coordena\u00e7\u00e3o das Atividades de Meteorologia, Climatologia e Hidro- logia (CMCH)<\/p>\n\n\n\n<p>Comiss\u00e3o Nacional de Agroecologia e Produ\u00e7\u00e3o Org\u00e2nica (CNAPO) <\/p>\n\n\n\n<p>Comiss\u00e3o Nacional dos Trabalhadores Rurais Empregados (Cnatre) <\/p>\n\n\n\n<p>Comit\u00ea Gestor da Internet no Brasil (CGI.br)<\/p>\n","protected":false},"excerpt":{"rendered":"<p>Nesta segunda-feira (15), o PSOL entrou com uma a\u00e7\u00e3o popular na Justi\u00e7a Federal pedindo a anula\u00e7\u00e3o do decreto presidencial que extingue conselhos de participa\u00e7\u00e3o social no \u00e2mbito federal. A medida anunciada por Jair Bolsonaro na cerim\u00f4nia de 100 dias de governo viola o princ\u00edpio da legalidade, invadindo a compet\u00eancia do Congresso Nacional. Por isso, pode [&hellip;]<\/p>\n","protected":false},"author":2,"featured_media":24876,"comment_status":"closed","ping_status":"open","sticky":false,"template":"","format":"standard","meta":{"_acf_changed":false,"footnotes":""},"categories":[6,14],"tags":[1772,1040,244,259,900],"class_list":{"0":"post-24845","1":"post","2":"type-post","3":"status-publish","4":"format-standard","5":"has-post-thumbnail","7":"category-noticias","8":"category-partido","9":"tag-conselhos","10":"tag-decreto","11":"tag-jair-bolsonaro","12":"tag-juliano-medeiros","13":"tag-justica-federal"},"acf":[],"yoast_head":"<!-- This site is optimized with the Yoast SEO plugin v26.5 - https:\/\/yoast.com\/wordpress\/plugins\/seo\/ -->\n<title>PSOL entra com a\u00e7\u00e3o contra extin\u00e7\u00e3o de conselhos de participa\u00e7\u00e3o<\/title>\n<meta name=\"robots\" content=\"index, follow, max-snippet:-1, max-image-preview:large, max-video-preview:-1\" \/>\n<link rel=\"canonical\" href=\"https:\/\/psol50.org.br\/psol-entra-com-acao-contra-extincao-de-conselhos-de-participacao\/\" \/>\n<meta property=\"og:locale\" content=\"pt_BR\" \/>\n<meta property=\"og:type\" content=\"article\" \/>\n<meta property=\"og:title\" content=\"PSOL entra com a\u00e7\u00e3o contra extin\u00e7\u00e3o de conselhos de participa\u00e7\u00e3o\" \/>\n<meta property=\"og:description\" content=\"Decreto de Bolsonaro viola princ\u00edpios o princ\u00edpio da legalidade.\" \/>\n<meta property=\"og:url\" content=\"https:\/\/psol50.org.br\/psol-entra-com-acao-contra-extincao-de-conselhos-de-participacao\/\" \/>\n<meta property=\"og:site_name\" content=\"PSOL 50\" \/>\n<meta property=\"article:publisher\" content=\"https:\/\/www.facebook.com\/psol50\" \/>\n<meta property=\"article:published_time\" content=\"2019-04-15T23:44:30+00:00\" \/>\n<meta property=\"og:image\" content=\"https:\/\/psol50.org.br\/inc\/uploads\/2019\/04\/Jair.Bolsonaro.AntonioCruz.Abr_.jpg\" \/>\n\t<meta property=\"og:image:width\" content=\"1140\" \/>\n\t<meta property=\"og:image:height\" content=\"760\" \/>\n\t<meta property=\"og:image:type\" content=\"image\/jpeg\" \/>\n<meta name=\"author\" content=\"Comunica\u00e7\u00e3o PSOL\" \/>\n<meta name=\"twitter:card\" content=\"summary_large_image\" \/>\n<meta name=\"twitter:title\" content=\"PSOL entra com a\u00e7\u00e3o contra extin\u00e7\u00e3o de conselhos de participa\u00e7\u00e3o\" \/>\n<meta name=\"twitter:description\" content=\"Decreto de Bolsonaro viola princ\u00edpios o princ\u00edpio da legalidade.\" \/>\n<meta name=\"twitter:image\" content=\"https:\/\/psol50.org.br\/inc\/uploads\/2019\/04\/Jair.Bolsonaro.AntonioCruz.Abr_.jpg\" \/>\n<meta name=\"twitter:creator\" content=\"@psol50\" \/>\n<meta name=\"twitter:site\" content=\"@psol50\" \/>\n<meta name=\"twitter:label1\" content=\"Escrito por\" \/>\n\t<meta name=\"twitter:data1\" content=\"Comunica\u00e7\u00e3o PSOL\" \/>\n\t<meta name=\"twitter:label2\" content=\"Est. tempo de leitura\" \/>\n\t<meta name=\"twitter:data2\" content=\"3 minutos\" \/>\n<script type=\"application\/ld+json\" class=\"yoast-schema-graph\">{\"@context\":\"https:\/\/schema.org\",\"@graph\":[{\"@type\":\"Article\",\"@id\":\"https:\/\/psol50.org.br\/psol-entra-com-acao-contra-extincao-de-conselhos-de-participacao\/#article\",\"isPartOf\":{\"@id\":\"https:\/\/psol50.org.br\/psol-entra-com-acao-contra-extincao-de-conselhos-de-participacao\/\"},\"author\":{\"name\":\"Comunica\u00e7\u00e3o PSOL\",\"@id\":\"https:\/\/psol50.org.br\/#\/schema\/person\/475dfa57d0b815993c714c2e96491fcd\"},\"headline\":\"PSOL entra com a\u00e7\u00e3o contra extin\u00e7\u00e3o de conselhos de participa\u00e7\u00e3o\",\"datePublished\":\"2019-04-15T23:44:30+00:00\",\"mainEntityOfPage\":{\"@id\":\"https:\/\/psol50.org.br\/psol-entra-com-acao-contra-extincao-de-conselhos-de-participacao\/\"},\"wordCount\":625,\"publisher\":{\"@id\":\"https:\/\/psol50.org.br\/#organization\"},\"image\":{\"@id\":\"https:\/\/psol50.org.br\/psol-entra-com-acao-contra-extincao-de-conselhos-de-participacao\/#primaryimage\"},\"thumbnailUrl\":\"https:\/\/psol50.org.br\/inc\/uploads\/2019\/04\/Jair.Bolsonaro.AntonioCruz.Abr_.jpg\",\"keywords\":[\"Conselhos\",\"decreto\",\"Jair Bolsonaro\",\"Juliano Medeiros\",\"Justi\u00e7a Federal\"],\"articleSection\":[\"Not\u00edcias\",\"Partido\"],\"inLanguage\":\"pt-BR\"},{\"@type\":\"WebPage\",\"@id\":\"https:\/\/psol50.org.br\/psol-entra-com-acao-contra-extincao-de-conselhos-de-participacao\/\",\"url\":\"https:\/\/psol50.org.br\/psol-entra-com-acao-contra-extincao-de-conselhos-de-participacao\/\",\"name\":\"PSOL entra com a\u00e7\u00e3o contra extin\u00e7\u00e3o de conselhos de participa\u00e7\u00e3o\",\"isPartOf\":{\"@id\":\"https:\/\/psol50.org.br\/#website\"},\"primaryImageOfPage\":{\"@id\":\"https:\/\/psol50.org.br\/psol-entra-com-acao-contra-extincao-de-conselhos-de-participacao\/#primaryimage\"},\"image\":{\"@id\":\"https:\/\/psol50.org.br\/psol-entra-com-acao-contra-extincao-de-conselhos-de-participacao\/#primaryimage\"},\"thumbnailUrl\":\"https:\/\/psol50.org.br\/inc\/uploads\/2019\/04\/Jair.Bolsonaro.AntonioCruz.Abr_.jpg\",\"datePublished\":\"2019-04-15T23:44:30+00:00\",\"breadcrumb\":{\"@id\":\"https:\/\/psol50.org.br\/psol-entra-com-acao-contra-extincao-de-conselhos-de-participacao\/#breadcrumb\"},\"inLanguage\":\"pt-BR\",\"potentialAction\":[{\"@type\":\"ReadAction\",\"target\":[\"https:\/\/psol50.org.br\/psol-entra-com-acao-contra-extincao-de-conselhos-de-participacao\/\"]}]},{\"@type\":\"ImageObject\",\"inLanguage\":\"pt-BR\",\"@id\":\"https:\/\/psol50.org.br\/psol-entra-com-acao-contra-extincao-de-conselhos-de-participacao\/#primaryimage\",\"url\":\"https:\/\/psol50.org.br\/inc\/uploads\/2019\/04\/Jair.Bolsonaro.AntonioCruz.Abr_.jpg\",\"contentUrl\":\"https:\/\/psol50.org.br\/inc\/uploads\/2019\/04\/Jair.Bolsonaro.AntonioCruz.Abr_.jpg\",\"width\":1140,\"height\":760,\"caption\":\"Antonio Cruz \/ Ag\u00eancia Brasil\"},{\"@type\":\"BreadcrumbList\",\"@id\":\"https:\/\/psol50.org.br\/psol-entra-com-acao-contra-extincao-de-conselhos-de-participacao\/#breadcrumb\",\"itemListElement\":[{\"@type\":\"ListItem\",\"position\":1,\"name\":\"In\u00edcio\",\"item\":\"https:\/\/psol50.org.br\/\"},{\"@type\":\"ListItem\",\"position\":2,\"name\":\"PSOL entra com a\u00e7\u00e3o contra extin\u00e7\u00e3o de conselhos de participa\u00e7\u00e3o\"}]},{\"@type\":\"WebSite\",\"@id\":\"https:\/\/psol50.org.br\/#website\",\"url\":\"https:\/\/psol50.org.br\/\",\"name\":\"PSOL 50\",\"description\":\"Site oficial do Partido Socialismo e Liberdade\",\"publisher\":{\"@id\":\"https:\/\/psol50.org.br\/#organization\"},\"alternateName\":\"PSOL50\",\"potentialAction\":[{\"@type\":\"SearchAction\",\"target\":{\"@type\":\"EntryPoint\",\"urlTemplate\":\"https:\/\/psol50.org.br\/?s={search_term_string}\"},\"query-input\":{\"@type\":\"PropertyValueSpecification\",\"valueRequired\":true,\"valueName\":\"search_term_string\"}}],\"inLanguage\":\"pt-BR\"},{\"@type\":\"Organization\",\"@id\":\"https:\/\/psol50.org.br\/#organization\",\"name\":\"PSOL 50\",\"alternateName\":\"PSOL 50\",\"url\":\"https:\/\/psol50.org.br\/\",\"logo\":{\"@type\":\"ImageObject\",\"inLanguage\":\"pt-BR\",\"@id\":\"https:\/\/psol50.org.br\/#\/schema\/logo\/image\/\",\"url\":\"https:\/\/psol50.org.br\/inc\/uploads\/2018\/07\/capa.png\",\"contentUrl\":\"https:\/\/psol50.org.br\/inc\/uploads\/2018\/07\/capa.png\",\"width\":1350,\"height\":900,\"caption\":\"PSOL 50\"},\"image\":{\"@id\":\"https:\/\/psol50.org.br\/#\/schema\/logo\/image\/\"},\"sameAs\":[\"https:\/\/www.facebook.com\/psol50\",\"https:\/\/x.com\/psol50\",\"https:\/\/www.instagram.com\/psol50\/\",\"https:\/\/www.youtube.com\/channel\/UC7SnJS5o1os7a6CaiNabzcg\"]},{\"@type\":\"Person\",\"@id\":\"https:\/\/psol50.org.br\/#\/schema\/person\/475dfa57d0b815993c714c2e96491fcd\",\"name\":\"Comunica\u00e7\u00e3o PSOL\",\"image\":{\"@type\":\"ImageObject\",\"inLanguage\":\"pt-BR\",\"@id\":\"https:\/\/psol50.org.br\/#\/schema\/person\/image\/\",\"url\":\"https:\/\/secure.gravatar.com\/avatar\/b34fc4f4e468a4e51785917065a3db57b841f5c95dba6ad8c73aaf8f66f8f9bf?s=96&d=mm&r=g\",\"contentUrl\":\"https:\/\/secure.gravatar.com\/avatar\/b34fc4f4e468a4e51785917065a3db57b841f5c95dba6ad8c73aaf8f66f8f9bf?s=96&d=mm&r=g\",\"caption\":\"Comunica\u00e7\u00e3o PSOL\"}}]}<\/script>\n<!-- \/ Yoast SEO plugin. -->","yoast_head_json":{"title":"PSOL entra com a\u00e7\u00e3o contra extin\u00e7\u00e3o de conselhos de participa\u00e7\u00e3o","robots":{"index":"index","follow":"follow","max-snippet":"max-snippet:-1","max-image-preview":"max-image-preview:large","max-video-preview":"max-video-preview:-1"},"canonical":"https:\/\/psol50.org.br\/psol-entra-com-acao-contra-extincao-de-conselhos-de-participacao\/","og_locale":"pt_BR","og_type":"article","og_title":"PSOL entra com a\u00e7\u00e3o contra extin\u00e7\u00e3o de conselhos de participa\u00e7\u00e3o","og_description":"Decreto de Bolsonaro viola princ\u00edpios o princ\u00edpio da legalidade.","og_url":"https:\/\/psol50.org.br\/psol-entra-com-acao-contra-extincao-de-conselhos-de-participacao\/","og_site_name":"PSOL 50","article_publisher":"https:\/\/www.facebook.com\/psol50","article_published_time":"2019-04-15T23:44:30+00:00","og_image":[{"width":1140,"height":760,"url":"https:\/\/psol50.org.br\/inc\/uploads\/2019\/04\/Jair.Bolsonaro.AntonioCruz.Abr_.jpg","type":"image\/jpeg"}],"author":"Comunica\u00e7\u00e3o PSOL","twitter_card":"summary_large_image","twitter_title":"PSOL entra com a\u00e7\u00e3o contra extin\u00e7\u00e3o de conselhos de participa\u00e7\u00e3o","twitter_description":"Decreto de Bolsonaro viola princ\u00edpios o princ\u00edpio da legalidade.","twitter_image":"https:\/\/psol50.org.br\/inc\/uploads\/2019\/04\/Jair.Bolsonaro.AntonioCruz.Abr_.jpg","twitter_creator":"@psol50","twitter_site":"@psol50","twitter_misc":{"Escrito por":"Comunica\u00e7\u00e3o PSOL","Est. tempo de leitura":"3 minutos"},"schema":{"@context":"https:\/\/schema.org","@graph":[{"@type":"Article","@id":"https:\/\/psol50.org.br\/psol-entra-com-acao-contra-extincao-de-conselhos-de-participacao\/#article","isPartOf":{"@id":"https:\/\/psol50.org.br\/psol-entra-com-acao-contra-extincao-de-conselhos-de-participacao\/"},"author":{"name":"Comunica\u00e7\u00e3o PSOL","@id":"https:\/\/psol50.org.br\/#\/schema\/person\/475dfa57d0b815993c714c2e96491fcd"},"headline":"PSOL entra com a\u00e7\u00e3o contra extin\u00e7\u00e3o de conselhos de participa\u00e7\u00e3o","datePublished":"2019-04-15T23:44:30+00:00","mainEntityOfPage":{"@id":"https:\/\/psol50.org.br\/psol-entra-com-acao-contra-extincao-de-conselhos-de-participacao\/"},"wordCount":625,"publisher":{"@id":"https:\/\/psol50.org.br\/#organization"},"image":{"@id":"https:\/\/psol50.org.br\/psol-entra-com-acao-contra-extincao-de-conselhos-de-participacao\/#primaryimage"},"thumbnailUrl":"https:\/\/psol50.org.br\/inc\/uploads\/2019\/04\/Jair.Bolsonaro.AntonioCruz.Abr_.jpg","keywords":["Conselhos","decreto","Jair Bolsonaro","Juliano Medeiros","Justi\u00e7a Federal"],"articleSection":["Not\u00edcias","Partido"],"inLanguage":"pt-BR"},{"@type":"WebPage","@id":"https:\/\/psol50.org.br\/psol-entra-com-acao-contra-extincao-de-conselhos-de-participacao\/","url":"https:\/\/psol50.org.br\/psol-entra-com-acao-contra-extincao-de-conselhos-de-participacao\/","name":"PSOL entra com a\u00e7\u00e3o contra extin\u00e7\u00e3o de conselhos de participa\u00e7\u00e3o","isPartOf":{"@id":"https:\/\/psol50.org.br\/#website"},"primaryImageOfPage":{"@id":"https:\/\/psol50.org.br\/psol-entra-com-acao-contra-extincao-de-conselhos-de-participacao\/#primaryimage"},"image":{"@id":"https:\/\/psol50.org.br\/psol-entra-com-acao-contra-extincao-de-conselhos-de-participacao\/#primaryimage"},"thumbnailUrl":"https:\/\/psol50.org.br\/inc\/uploads\/2019\/04\/Jair.Bolsonaro.AntonioCruz.Abr_.jpg","datePublished":"2019-04-15T23:44:30+00:00","breadcrumb":{"@id":"https:\/\/psol50.org.br\/psol-entra-com-acao-contra-extincao-de-conselhos-de-participacao\/#breadcrumb"},"inLanguage":"pt-BR","potentialAction":[{"@type":"ReadAction","target":["https:\/\/psol50.org.br\/psol-entra-com-acao-contra-extincao-de-conselhos-de-participacao\/"]}]},{"@type":"ImageObject","inLanguage":"pt-BR","@id":"https:\/\/psol50.org.br\/psol-entra-com-acao-contra-extincao-de-conselhos-de-participacao\/#primaryimage","url":"https:\/\/psol50.org.br\/inc\/uploads\/2019\/04\/Jair.Bolsonaro.AntonioCruz.Abr_.jpg","contentUrl":"https:\/\/psol50.org.br\/inc\/uploads\/2019\/04\/Jair.Bolsonaro.AntonioCruz.Abr_.jpg","width":1140,"height":760,"caption":"Antonio Cruz \/ Ag\u00eancia Brasil"},{"@type":"BreadcrumbList","@id":"https:\/\/psol50.org.br\/psol-entra-com-acao-contra-extincao-de-conselhos-de-participacao\/#breadcrumb","itemListElement":[{"@type":"ListItem","position":1,"name":"In\u00edcio","item":"https:\/\/psol50.org.br\/"},{"@type":"ListItem","position":2,"name":"PSOL entra com a\u00e7\u00e3o contra extin\u00e7\u00e3o de conselhos de participa\u00e7\u00e3o"}]},{"@type":"WebSite","@id":"https:\/\/psol50.org.br\/#website","url":"https:\/\/psol50.org.br\/","name":"PSOL 50","description":"Site oficial do Partido Socialismo e Liberdade","publisher":{"@id":"https:\/\/psol50.org.br\/#organization"},"alternateName":"PSOL50","potentialAction":[{"@type":"SearchAction","target":{"@type":"EntryPoint","urlTemplate":"https:\/\/psol50.org.br\/?s={search_term_string}"},"query-input":{"@type":"PropertyValueSpecification","valueRequired":true,"valueName":"search_term_string"}}],"inLanguage":"pt-BR"},{"@type":"Organization","@id":"https:\/\/psol50.org.br\/#organization","name":"PSOL 50","alternateName":"PSOL 50","url":"https:\/\/psol50.org.br\/","logo":{"@type":"ImageObject","inLanguage":"pt-BR","@id":"https:\/\/psol50.org.br\/#\/schema\/logo\/image\/","url":"https:\/\/psol50.org.br\/inc\/uploads\/2018\/07\/capa.png","contentUrl":"https:\/\/psol50.org.br\/inc\/uploads\/2018\/07\/capa.png","width":1350,"height":900,"caption":"PSOL 50"},"image":{"@id":"https:\/\/psol50.org.br\/#\/schema\/logo\/image\/"},"sameAs":["https:\/\/www.facebook.com\/psol50","https:\/\/x.com\/psol50","https:\/\/www.instagram.com\/psol50\/","https:\/\/www.youtube.com\/channel\/UC7SnJS5o1os7a6CaiNabzcg"]},{"@type":"Person","@id":"https:\/\/psol50.org.br\/#\/schema\/person\/475dfa57d0b815993c714c2e96491fcd","name":"Comunica\u00e7\u00e3o PSOL","image":{"@type":"ImageObject","inLanguage":"pt-BR","@id":"https:\/\/psol50.org.br\/#\/schema\/person\/image\/","url":"https:\/\/secure.gravatar.com\/avatar\/b34fc4f4e468a4e51785917065a3db57b841f5c95dba6ad8c73aaf8f66f8f9bf?s=96&d=mm&r=g","contentUrl":"https:\/\/secure.gravatar.com\/avatar\/b34fc4f4e468a4e51785917065a3db57b841f5c95dba6ad8c73aaf8f66f8f9bf?s=96&d=mm&r=g","caption":"Comunica\u00e7\u00e3o PSOL"}}]}},"_links":{"self":[{"href":"https:\/\/psol50.org.br\/rest\/wp\/v2\/posts\/24845","targetHints":{"allow":["GET"]}}],"collection":[{"href":"https:\/\/psol50.org.br\/rest\/wp\/v2\/posts"}],"about":[{"href":"https:\/\/psol50.org.br\/rest\/wp\/v2\/types\/post"}],"author":[{"embeddable":true,"href":"https:\/\/psol50.org.br\/rest\/wp\/v2\/users\/2"}],"replies":[{"embeddable":true,"href":"https:\/\/psol50.org.br\/rest\/wp\/v2\/comments?post=24845"}],"version-history":[{"count":0,"href":"https:\/\/psol50.org.br\/rest\/wp\/v2\/posts\/24845\/revisions"}],"wp:featuredmedia":[{"embeddable":true,"href":"https:\/\/psol50.org.br\/rest\/wp\/v2\/media\/24876"}],"wp:attachment":[{"href":"https:\/\/psol50.org.br\/rest\/wp\/v2\/media?parent=24845"}],"wp:term":[{"taxonomy":"category","embeddable":true,"href":"https:\/\/psol50.org.br\/rest\/wp\/v2\/categories?post=24845"},{"taxonomy":"post_tag","embeddable":true,"href":"https:\/\/psol50.org.br\/rest\/wp\/v2\/tags?post=24845"}],"curies":[{"name":"wp","href":"https:\/\/api.w.org\/{rel}","templated":true}]}}